{"id":5639,"date":"2019-01-04T09:42:31","date_gmt":"2019-01-04T08:42:31","guid":{"rendered":"http:\/\/www.flora-pharm.de\/blog\/?p=5639"},"modified":"2019-01-04T09:42:37","modified_gmt":"2019-01-04T08:42:37","slug":"hier-lauern-die-meisten-krankheitskeime","status":"publish","type":"post","link":"https:\/\/www.flora-pharm.de\/blog\/hier-lauern-die-meisten-krankheitskeime\/","title":{"rendered":"Hier lauern die meisten Krankheitskeime"},"content":{"rendered":"<p>Viele Gegenst\u00e4nde, auf denen sich Krankheitskeime ansammeln, lassen sich im Alltag gar nicht vermeiden. T\u00fcrklinken, Handl\u00e4ufe an Geb\u00e4uden oder Haltegriffe in \u00f6ffentlichen Verkehrsmitteln sind typische Infektionsquellen f\u00fcr Bakterien und Viren aller Art. Weniger bekannt ist, dass sich auch auf dem eigenen Smartphone jede Menge Krankheitserreger ansammeln k\u00f6nnen. Bis zu 90- mal am Tag greifen Smartphone-Nutzer zu ihrem liebsten Alltagsbegleiter. Beim Wischen \u00fcber das Display \u00fcbertr\u00e4gt sich dann die Keimbelastung der H\u00e4nde auf das Ger\u00e4t. Regelm\u00e4\u00dfiges Reinigen des Displays mit einem alkoholfreien Hygienespray aus der Apotheke und eine Displayfolie helfen, die Keimbelastung des Ger\u00e4ts in Grenzen zu halten.<\/p>\n<p>Lesen Sie auch: <a href=\"https:\/\/www.flora-pharm.de\/blog\/husten-schnupfen-heiserkeit-und-grippe-sowie-der-unterschied-zwischen-viren-und-bakterien-erkaeltungsgeister-genau-durchleuchtet\/\">Husten, Schnupfen, Heiserkeit und Grippe sowie der Unterschied zwischen Viren und Bakterien \u2013 Erk\u00e4ltungsgeister genau durchleuchtet<\/a>.<\/p>\n<p><\/p>\n<p><\/p>\n<p><em>Ein Artikel von Karsten Kulms<\/em><\/p>\n<p><\/p>\n<h2>Drau\u00dfen wie drinnen<\/h2>\n<p>Nicht nur auf der Fahrt zur Arbeit und im Job, auch zu Hause lauern in vielen Alltagsgegenst\u00e4nden Krankheitserreger. Die unangefochtene Nummer eins der h\u00e4uslichen Keimschleudern ist der K\u00fcchenschwamm. Wissenschaftlichen Untersuchungen zufolge leben in einem Kubikzentimeter des weichen Materials bis zu 54 Milliarden Bakterien. Zum Vergleich: Seit der Mensch vor 200.000 Jahren die Erde eroberte, haben auf ihr bis heute rund 100 Milliarden Menschen gelebt. Auf zwei Kubikzentimetern K\u00fcchenschwamm befinden sich also mehr Bakterien, als jemals Menschen auf der Erde gelebt haben! Auch verborgene Schimmelstellen an der Wand, die Einstreu von Haustieren, feuchte Handt\u00fccher im Badezimmer oder die eigene Zahnb\u00fcrste sind f\u00fcr Krankheitserreger wahre Paradiese.<\/p>\n<p><\/p>\n<h2>Keimschleuder Hei\u00dflufttrockner<\/h2>\n<p>Die Vorbeugung vor einem Infekt beinhaltet in der kalten Jahreszeit nicht nur h\u00e4ufigeres Waschen der H\u00e4nde, sondern auch gr\u00fcndliches Abtrocknen. Denn auf feuchter Haut k\u00f6nnen sich die verbliebenen Keime rasch wieder vermehren. Die weitverbreiteten kontaktlosen Hei\u00dflufttrockner sind dabei nur scheinbar die bessere L\u00f6sung. Denn Wissenschaftler haben bei Studien in England, Frankreich und Italien ermittelt, dass in Waschr\u00e4umen mit Hei\u00dfluftger\u00e4ten die Keimbelastung zehn- bis 30-fach h\u00f6her war als in R\u00e4umen, in denen sich Papiertrockner befanden.<\/p>\n<p><\/p>\n<p><\/p>\n<p>Sprechen Sie uns bei Fragen unverbindlich an, wir beraten Sie gern.<\/p>\n<p><\/p>\n<p><\/p>\n\n\n<div class=\"wp-block-image\"><figure class=\"alignleft\"><img loading=\"lazy\" decoding=\"async\" width=\"242\" height=\"300\" data-attachment-id=\"5634\" data-permalink=\"https:\/\/www.flora-pharm.de\/blog\/fug-20\/\" data-orig-file=\"https:\/\/www.flora-pharm.de\/blog\/wp-content\/uploads\/2019\/01\/natuerlich-frau-cover-01-2019.jpg\" data-orig-size=\"450,557\" data-comments-opened=\"1\" data-image-meta=\"{&quot;aperture&quot;:&quot;0&quot;,&quot;credit&quot;:&quot;koplin&quot;,&quot;camera&quot;:&quot;&quot;,&quot;caption&quot;:&quot;&quot;,&quot;created_timestamp&quot;:&quot;0&quot;,&quot;copyright&quot;:&quot;&quot;,&quot;focal_length&quot;:&quot;0&quot;,&quot;iso&quot;:&quot;0&quot;,&quot;shutter_speed&quot;:&quot;0&quot;,&quot;title&quot;:&quot;FuG&quot;,&quot;orientation&quot;:&quot;1&quot;}\" data-image-title=\"\" data-image-description=\"\" data-image-caption=\"&lt;p&gt;Text mit freundlicher Genehmigung der S&amp;#038;D Verlag GmbH. Die komplette &amp;#8222;nat\u00fcrlich Frau&amp;#8220; bekommen Sie auch bei uns in der Apotheke als monatliches Special in der &amp;#8222;Naturheilkunde &amp;#038; Gesundheit&amp;#8220;.&lt;\/p&gt;\n\" data-large-file=\"https:\/\/www.flora-pharm.de\/blog\/wp-content\/uploads\/2019\/01\/natuerlich-frau-cover-01-2019.jpg\" src=\"https:\/\/www.flora-pharm.de\/blog\/wp-content\/uploads\/2019\/01\/natuerlich-frau-cover-01-2019-242x300.jpg\" alt=\"nat\u00fcrlich Frau Cover 01\/19\" class=\"wp-image-5634\" srcset=\"https:\/\/www.flora-pharm.de\/blog\/wp-content\/uploads\/2019\/01\/natuerlich-frau-cover-01-2019-242x300.jpg 242w, https:\/\/www.flora-pharm.de\/blog\/wp-content\/uploads\/2019\/01\/natuerlich-frau-cover-01-2019.jpg 450w\" sizes=\"auto, (max-width: 242px) 100vw, 242px\" \/><figcaption>Text mit freundlicher Genehmigung der S&amp;D Verlag GmbH. Die komplette &#8222;nat\u00fcrlich Frau&#8220; bekommen Sie auch bei uns in der Apotheke als monatliches Special in der &#8222;Naturheilkunde &amp; Gesundheit&#8220;.<\/figcaption><\/figure><\/div>\n\n\n","protected":false},"excerpt":{"rendered":"<p>Auf vielen Alltagsgegenst\u00e4nden lauern Keime. Das ist im normalen Tages-\/Lebensablauf nur bedingt zu \u00e4ndern aber hier und da ist es gut zu wissen<\/p>\n","protected":false},"author":1,"featured_media":5632,"comment_status":"open","ping_status":"open","sticky":false,"template":"","format":"standard","meta":{"jetpack_post_was_ever_published":false,"_jetpack_newsletter_access":"","_jetpack_dont_email_post_to_subs":false,"_jetpack_newsletter_tier_id":0,"_jetpack_memberships_contains_paywalled_content":false,"_jetpack_memberships_contains_paid_content":false,"footnotes":""},"categories":[8],"tags":[284,5,228,506,283],"class_list":["post-5639","post","type-post","status-publish","format-standard","has-post-thumbnail","hentry","category-wissenswert","tag-bakterien","tag-erkaeltung","tag-immunsystem","tag-natuerlich-frau","tag-virus","has-post-title","has-post-date","has-post-category","has-post-tag","has-post-comment","has-post-author",""],"jetpack_featured_media_url":"https:\/\/www.flora-pharm.de\/blog\/wp-content\/uploads\/2019\/01\/krankheitskeime-lauern-im-alltag.jpg","jetpack-related-posts":[{"id":5675,"url":"https:\/\/www.flora-pharm.de\/blog\/mehr-respekt-fuer-keime\/","url_meta":{"origin":5639,"position":0},"title":"Mehr Respekt f\u00fcr Keime","author":"Flora Team","date":"11. Januar 2019","format":false,"excerpt":"Unz\u00e4hlige Bakterien, Pilze und Viren tummeln sich um uns \u2013 eine gro\u00dfe Gefahr? Prof. Dr. Markus Egert, Mikrobiologe an der Hochschule Furtwangen untersucht die Keimbelastung im Alltag und betont: Nicht alle Mikroorganismen haben es auf unsere Gesundheit abgesehen. Er w\u00fcnscht sich mehr Gelassenheit f\u00fcr ein gesundes Miteinander: \u201eHygiene ist etwas\u2026","rel":"","context":"In &quot;Wissenswert&quot;","block_context":{"text":"Wissenswert","link":"https:\/\/www.flora-pharm.de\/blog\/category\/wissenswert\/"},"img":{"alt_text":"Mehr Respekt f\u00fcr Keime","src":"https:\/\/i0.wp.com\/www.flora-pharm.de\/blog\/wp-content\/uploads\/2019\/01\/respekt-fuer-keime.jpg?resize=350%2C200&ssl=1","width":350,"height":200,"srcset":"https:\/\/i0.wp.com\/www.flora-pharm.de\/blog\/wp-content\/uploads\/2019\/01\/respekt-fuer-keime.jpg?resize=350%2C200&ssl=1 1x, https:\/\/i0.wp.com\/www.flora-pharm.de\/blog\/wp-content\/uploads\/2019\/01\/respekt-fuer-keime.jpg?resize=525%2C300&ssl=1 1.5x, https:\/\/i0.wp.com\/www.flora-pharm.de\/blog\/wp-content\/uploads\/2019\/01\/respekt-fuer-keime.jpg?resize=700%2C400&ssl=1 2x"},"classes":[]},{"id":6612,"url":"https:\/\/www.flora-pharm.de\/blog\/reinigender-rauch\/","url_meta":{"origin":5639,"position":1},"title":"Reinigender Rauch","author":"Flora Team","date":"13. Dezember 2019","format":false,"excerpt":"R\u00e4uchern ist wieder in. Das traditionelle Ritual bek\u00e4mpft Krankheitskeime und schafft eine reine Atmosph\u00e4re. Warmer Rauch steigt in dichten, lebendigen Wolken empor. Die Luft ist angef\u00fcllt mit einem herben Duft. R\u00e4uchern ist ein Erlebnis, das die Sinne erfasst. Eine Tradition, die wieder begeistert: Die uralte Methode zur inneren und \u00e4u\u00dferen\u2026","rel":"","context":"In &quot;Heilpflanzen \/ Arzneipflanzen&quot;","block_context":{"text":"Heilpflanzen \/ Arzneipflanzen","link":"https:\/\/www.flora-pharm.de\/blog\/category\/heilpflanzen-arzneipflanzen\/"},"img":{"alt_text":"Reinigender Rauch \/ R\u00e4uchern \/ R\u00e4ucherst\u00e4bchen","src":"https:\/\/i0.wp.com\/www.flora-pharm.de\/blog\/wp-content\/uploads\/2019\/12\/reinigender-rauch.jpg?resize=350%2C200&ssl=1","width":350,"height":200,"srcset":"https:\/\/i0.wp.com\/www.flora-pharm.de\/blog\/wp-content\/uploads\/2019\/12\/reinigender-rauch.jpg?resize=350%2C200&ssl=1 1x, https:\/\/i0.wp.com\/www.flora-pharm.de\/blog\/wp-content\/uploads\/2019\/12\/reinigender-rauch.jpg?resize=525%2C300&ssl=1 1.5x, https:\/\/i0.wp.com\/www.flora-pharm.de\/blog\/wp-content\/uploads\/2019\/12\/reinigender-rauch.jpg?resize=700%2C400&ssl=1 2x"},"classes":[]},{"id":3658,"url":"https:\/\/www.flora-pharm.de\/blog\/darmgesundheit\/","url_meta":{"origin":5639,"position":2},"title":"Darmgesundheit","author":"Flora Team","date":"1. Dezember 2016","format":false,"excerpt":"Unsere Gesundheit wohnt im Darm Es ist ein erstaunlicher Widerspruch: Eines unserer wichtigsten Organe, das unser Wohlbefinden und unsere Gesundheit entscheidend beeinflusst, ist unser Darm. Doch wir sch\u00e4tzen ihn gering. In unz\u00e4hligen Gedichten und Liedern ist vom Herz, dem Kopf oder den Augen die Rede \u2013 sogar die Leber kommt\u2026","rel":"","context":"In &quot;Orthomolekulare Medizin&quot;","block_context":{"text":"Orthomolekulare Medizin","link":"https:\/\/www.flora-pharm.de\/blog\/category\/orthomolekulare-medizin\/"},"img":{"alt_text":"","src":"https:\/\/i0.wp.com\/www.flora-pharm.de\/blog\/wp-content\/uploads\/2016\/12\/darm.jpg?resize=350%2C200&ssl=1","width":350,"height":200,"srcset":"https:\/\/i0.wp.com\/www.flora-pharm.de\/blog\/wp-content\/uploads\/2016\/12\/darm.jpg?resize=350%2C200&ssl=1 1x, https:\/\/i0.wp.com\/www.flora-pharm.de\/blog\/wp-content\/uploads\/2016\/12\/darm.jpg?resize=525%2C300&ssl=1 1.5x, https:\/\/i0.wp.com\/www.flora-pharm.de\/blog\/wp-content\/uploads\/2016\/12\/darm.jpg?resize=700%2C400&ssl=1 2x"},"classes":[]},{"id":2897,"url":"https:\/\/www.flora-pharm.de\/blog\/natuerliche-antibiotika\/","url_meta":{"origin":5639,"position":3},"title":"Nat\u00fcrliche Antibiotika","author":"Flora Team","date":"15. September 2015","format":false,"excerpt":"Immer mehr Menschen nutzen die Heilkraft wirksamer pflanzlicher Antibiotika. Wie wirken sie und wann ist ihr Einsatz sinnvoll? Bef\u00fcrworter von Antibiotika verweisen auf Erfolge bei schweren Infektionskrankheiten. Durch sie haben Lungenentz\u00fcndung, Tuberkulose, Gehirnhautentz\u00fcndung, Typhus, Ruhr oder Blutvergiftung ihren Schrecken verloren. Aber \u00fcbliche Antibiotika haben auch ihre Schattenseiten. Davor warnen immer\u2026","rel":"","context":"In &quot;Heilpflanzen \/ Arzneipflanzen&quot;","block_context":{"text":"Heilpflanzen \/ Arzneipflanzen","link":"https:\/\/www.flora-pharm.de\/blog\/category\/heilpflanzen-arzneipflanzen\/"},"img":{"alt_text":"Linke Seite","src":"https:\/\/i0.wp.com\/www.flora-pharm.de\/blog\/wp-content\/uploads\/2015\/09\/NuG-09-2015-cover-225x300.jpg?resize=350%2C200&ssl=1","width":350,"height":200},"classes":[]},{"id":7962,"url":"https:\/\/www.flora-pharm.de\/blog\/gut-gewappnet-gegen-viren\/","url_meta":{"origin":5639,"position":4},"title":"Gut gewappnet gegen Viren","author":"Flora Team","date":"8. November 2021","format":false,"excerpt":"Geh\u00f6ren Sie zu denen, die jeden Infekt \u201emitnehmen\u201c? Diese sieben Tipps helfen Ihnen dabei, Erk\u00e4ltung und Co. ein Schnippchen zu schlagen.","rel":"","context":"In &quot;Wissenswert&quot;","block_context":{"text":"Wissenswert","link":"https:\/\/www.flora-pharm.de\/blog\/category\/wissenswert\/"},"img":{"alt_text":"Gut gewappnet gegen Viren","src":"https:\/\/i0.wp.com\/www.flora-pharm.de\/blog\/wp-content\/uploads\/2021\/10\/gut-gewappnet-gegen-viren.jpg?resize=350%2C200&ssl=1","width":350,"height":200,"srcset":"https:\/\/i0.wp.com\/www.flora-pharm.de\/blog\/wp-content\/uploads\/2021\/10\/gut-gewappnet-gegen-viren.jpg?resize=350%2C200&ssl=1 1x, https:\/\/i0.wp.com\/www.flora-pharm.de\/blog\/wp-content\/uploads\/2021\/10\/gut-gewappnet-gegen-viren.jpg?resize=525%2C300&ssl=1 1.5x, https:\/\/i0.wp.com\/www.flora-pharm.de\/blog\/wp-content\/uploads\/2021\/10\/gut-gewappnet-gegen-viren.jpg?resize=700%2C400&ssl=1 2x"},"classes":[]},{"id":5489,"url":"https:\/\/www.flora-pharm.de\/blog\/helicobacter-pylori-ein-schaedlicher-untermieter-im-magen\/","url_meta":{"origin":5639,"position":5},"title":"Helicobacter pylori, ein sch\u00e4dlicher Untermieter im Magen","author":"Flora Team","date":"3. Dezember 2018","format":false,"excerpt":"Helicobacter pylori \u2013 so hei\u00dft die Ursache vieler Verdauungsbeschwerden. Das Bakterium nistet sich im Magen ein und erzeugt dort Entz\u00fcndungen. \u00a0 Der Erreger ist z\u00e4h. Er siedelt sich in der Magenschleimhaut an und \u00fcberlebt dort jahrelang in einem stark sauren Milieu, das Krankheitskeime normalerweise unsch\u00e4dlich macht. Seine Ausdauer ist der\u2026","rel":"","context":"In &quot;Wissenswert&quot;","block_context":{"text":"Wissenswert","link":"https:\/\/www.flora-pharm.de\/blog\/category\/wissenswert\/"},"img":{"alt_text":"Helicobacter Pylori - Magen","src":"https:\/\/i0.wp.com\/www.flora-pharm.de\/blog\/wp-content\/uploads\/2018\/11\/helicobacter-pylori.jpg?resize=350%2C200&ssl=1","width":350,"height":200,"srcset":"https:\/\/i0.wp.com\/www.flora-pharm.de\/blog\/wp-content\/uploads\/2018\/11\/helicobacter-pylori.jpg?resize=350%2C200&ssl=1 1x, https:\/\/i0.wp.com\/www.flora-pharm.de\/blog\/wp-content\/uploads\/2018\/11\/helicobacter-pylori.jpg?resize=525%2C300&ssl=1 1.5x, https:\/\/i0.wp.com\/www.flora-pharm.de\/blog\/wp-content\/uploads\/2018\/11\/helicobacter-pylori.jpg?resize=700%2C400&ssl=1 2x"},"classes":[]}],"jetpack_sharing_enabled":true,"_links":{"self":[{"href":"https:\/\/www.flora-pharm.de\/blog\/wp-json\/wp\/v2\/posts\/5639","targetHints":{"allow":["GET"]}}],"collection":[{"href":"https:\/\/www.flora-pharm.de\/blog\/wp-json\/wp\/v2\/posts"}],"about":[{"href":"https:\/\/www.flora-pharm.de\/blog\/wp-json\/wp\/v2\/types\/post"}],"author":[{"embeddable":true,"href":"https:\/\/www.flora-pharm.de\/blog\/wp-json\/wp\/v2\/users\/1"}],"replies":[{"embeddable":true,"href":"https:\/\/www.flora-pharm.de\/blog\/wp-json\/wp\/v2\/comments?post=5639"}],"version-history":[{"count":8,"href":"https:\/\/www.flora-pharm.de\/blog\/wp-json\/wp\/v2\/posts\/5639\/revisions"}],"predecessor-version":[{"id":5652,"href":"https:\/\/www.flora-pharm.de\/blog\/wp-json\/wp\/v2\/posts\/5639\/revisions\/5652"}],"wp:featuredmedia":[{"embeddable":true,"href":"https:\/\/www.flora-pharm.de\/blog\/wp-json\/wp\/v2\/media\/5632"}],"wp:attachment":[{"href":"https:\/\/www.flora-pharm.de\/blog\/wp-json\/wp\/v2\/media?parent=5639"}],"wp:term":[{"taxonomy":"category","embeddable":true,"href":"https:\/\/www.flora-pharm.de\/blog\/wp-json\/wp\/v2\/categories?post=5639"},{"taxonomy":"post_tag","embeddable":true,"href":"https:\/\/www.flora-pharm.de\/blog\/wp-json\/wp\/v2\/tags?post=5639"}],"curies":[{"name":"wp","href":"https:\/\/api.w.org\/{rel}","templated":true}]}}