{"id":5752,"date":"2019-01-21T09:46:11","date_gmt":"2019-01-21T08:46:11","guid":{"rendered":"http:\/\/www.flora-pharm.de\/blog\/?p=5752"},"modified":"2019-01-21T10:36:38","modified_gmt":"2019-01-21T09:36:38","slug":"mikroben-freunde-und-feinde","status":"publish","type":"post","link":"https:\/\/www.flora-pharm.de\/blog\/mikroben-freunde-und-feinde\/","title":{"rendered":"Mikroben &#8211; Freunde und Feinde"},"content":{"rendered":"<p>Einige Mikroben begegnen uns immer wieder. Mal offensichtlich, mal unbemerkt. Als kleinen Nachtrag zu unserem Artikel \u201e<a href=\"https:\/\/www.flora-pharm.de\/blog\/mehr-respekt-fuer-keime\/\">Mehr Respekt f\u00fcr Keime<\/a>\u201c stellen wir Ihnen einige Vertreter, schlechte wie auch gute, vor.<\/p>\n<p>\u00a0<\/p>\n<p><em>Ein Blick durchs Mikroskop von Saskia Fechte.<\/em><\/p>\n<p>\u00a0<\/p>\n<h2>Schlechte Gesellschaft<\/h2>\n<h3>Norovirus<\/h3>\n<p>Es sorgt regelm\u00e4\u00dfig f\u00fcr Masseninfektionen und ist schon als Kleingruppe aus 10 einzelnen Viruspartikeln hochgradig ansteckend. Ein Kranker reicht, um ganze Partygesellschaften auszuknocken. Zu allem \u00dcberfluss kann das Virus wochenlang auf T\u00fcrklinken und anderen <a href=\"https:\/\/www.flora-pharm.de\/blog\/hier-lauern-die-meisten-krankheitskeime\/\">Gegenst\u00e4nden des t\u00e4glichen Gebrauchs<\/a> infekti\u00f6s bleiben. Seine bevorzugte Zeit ist der Winter. Der Erreger verbreitet sich von Mensch zu Mensch sowie \u00fcber kontaminierte Speisen. Typische Symptome sind heftiges Erbrechen und Durchfall. Norovirus-Infektionen m\u00fcssen dem Gesundheitsamt gemeldet werden. Erkrankte Kinder unter sechs Jahren d\u00fcrfen erst nach zwei Tagen ohne Symptome wieder in die Kita oder Schule. Berufst\u00e4tige, die im Job mit Lebensmitteln oder vielen Menschen in Kontakt stehen, sollten ebenfalls so lange freigestellt werden.<\/p>\n<p>Schutzma\u00dfnahmen:<\/p>\n<ul>\n<li>Regelm\u00e4\u00dfig H\u00e4nde waschen.<\/li>\n<li>Speisen gut durchgaren.<\/li>\n<li>Kontakt mit Infizierten vermeiden bzw. strenge Hygienema\u00dfnahmen einhalten: Einmalhandschuhe, Desinfizieren von Toiletten, Waschbecken, T\u00fcrklinken etc.<\/li>\n<li>Bett- und Unterw\u00e4sche, Handt\u00fccher, Putzlappen etc. bei mindestens 60\u00b0C mit Vollwaschmittelpulver waschen.<\/li>\n<\/ul>\n<p>\u00a0<\/p>\n<h3>Chlamydien<\/h3>\n<p>Infektionen mit diesen Bakterien z\u00e4hlen zu den h\u00e4ufigsten <a href=\"https:\/\/www.flora-pharm.de\/blog\/laestige-mitbringsel\/\">Geschlechtskrankheiten<\/a>, die Weltgesundheitsorganisation WHO beobachtet seit Jahren eine Zunahme. Frauen sind h\u00e4ufiger betroffen. Das T\u00fcckische: 80 Prozent der Infizierten haben keine Symptome, sie geben die Krankheitserreger unwissentlich weiter. Neben Brennen und Schmerzen beim Wasserlassen sind, je nach Art des Erregers, Erkrankungen von Harnr\u00f6hre, Eierst\u00f6cken, Darm, Augen und Rachen m\u00f6glich. Auch Entz\u00fcndungen von Herz, Lunge oder im Bauchraum sowie Unfruchtbarkeit und Eileiterschwangerschaften k\u00f6nnen Folgen einer <a href=\"https:\/\/www.flora-pharm.de\/blog\/chlamydien-eine-unbekannte-und-unbemerkte-gefahr\/\">Chlamydien-Infektion<\/a> sein. Die \u00dcbertragung geschieht bei ungesch\u00fctztem Sex oder bei der Geburt von der Mutter auf das Baby. Frauen bis 25 Jahren und Schwangeren steht ein Screening zur Verf\u00fcgung. Die Therapie erfolgt mittels Antibiotikum.<\/p>\n<p>Schutzma\u00dfnahmen:<\/p>\n<ul>\n<li>Kondome oder Femidome verwenden, auch bei Oral- und Analsex.<\/li>\n<li>Nach dem Sex H\u00e4nde waschen und Sexspielzeug reinigen.<\/li>\n<li>Ein Chlamydien-Schnelltest aus der Apotheke verr\u00e4t, ob Sie den Erreger unbemerkt in sich tragen.<\/li>\n<\/ul>\n<p>\u00a0<\/p>\n<h3>Influenza<\/h3>\n<p>In regelrechten Grippewellen setzt das Virus ganze Bev\u00f6lkerungsgruppen schachmatt. Verbreitet wird der Erreger durch Tr\u00f6pfcheninfektion beim Husten und Niesen sowie \u00fcber die H\u00e4nde. Die Symptome wie Fieber, Schnupfen und Muskelschmerzen \u00e4hneln denen eines grippalen Infekts, aber: Die \u00bbechte Grippe\u00ab dauert l\u00e4nger, f\u00fchrt meist zu einem deutlichen Krankheitsgef\u00fchl und kann f\u00fcr geschw\u00e4chte und \u00e4ltere Menschen sowie Kinder lebensgef\u00e4hrlich werden. Zur Behandlung der erk\u00e4ltungs\u00e4hnlichen Symptome sind g\u00e4ngige Pr\u00e4parate gegen Schnupfen, Halsschmerzen und Fieber sinnvoll. Bei kompliziertem Verlauf und Risikogruppen kommen spezielle Medikamente zum Einsatz. Weil sich Influenza-Erreger st\u00e4ndig genetisch ver\u00e4ndern, orientieren sich Grippeimpfungen an den Formen der jeweils letzten Wintersaison.<\/p>\n<p>Schutzma\u00dfnahmen:<\/p>\n<ul>\n<li>Regelm\u00e4\u00dfig H\u00e4nde waschen.<\/li>\n<li>Bei erkrankten Familienmitgliedern verst\u00e4rkte Reinigung und Desinfektion von m\u00f6glichen \u00dcbertragungsfl\u00e4chen: Griffe, Handt\u00fccher etc.<\/li>\n<li>Impfempfehlungen der STIKO wahrnehmen, vor allem f\u00fcr Kinder, Schwangere, Senioren und Menschen mit chronischen Erkrankungen wie Diabetes oder Herzkrankheiten.<\/li>\n<\/ul>\n<p>PS: <a href=\"https:\/\/www.flora-pharm.de\/blog\/husten-schnupfen-heiserkeit-und-grippe-sowie-der-unterschied-zwischen-viren-und-bakterien-erkaeltungsgeister-genau-durchleuchtet\/\">Husten, Schnupfen, Heiserkeit und Grippe sowie der Unterschied zwischen Viren und Bakterien \u2013 Erk\u00e4ltungsgeister genau durchleuchtet<\/a><\/p>\n<p>\u00a0<\/p>\n<h3>Herpes<\/h3>\n<p>Dieses Virus tragen die meisten Menschen in sich. Die Ansteckung erfolgt \u00fcber Tr\u00f6pfcheninfektion, beim K\u00fcssen oder Sex. Es versteckt sich an den Nervenwurzeln, nur bei einigen wird es hin und wieder aktiv. Dann spannt und juckt die Haut, es bilden sich schmerzhafte, mit Fl\u00fcssigkeit gef\u00fcllte <a href=\"https:\/\/www.flora-pharm.de\/blog\/herpes-lippenblaeschen-schnell-behandeln\/\">Bl\u00e4schen an den Lippen<\/a> oder im Genitalbereich.<\/p>\n<p>Wer einmal damit zu tun hatte, erlebt meist weitere Ausbr\u00fcche \u2013 oft in Zeiten von Stress und Infektanf\u00e4lligkeit. Das Herpes-Virus kann auf die Augen \u00fcbergehen, au\u00dferdem in der Schwangerschaft eine ernste Gefahr f\u00fcr das Neugeborene werden. Bestimmte Formen sind f\u00fcr Windpocken und G\u00fcrtelrose verantwortlich.<\/p>\n<p>Schutzma\u00dfnahmen:<\/p>\n<ul>\n<li>Immunsystem st\u00e4rken.<\/li>\n<li>Gl\u00e4ser, Besteck und Handt\u00fccher im Akutfall nicht mit anderen Menschen teilen.<\/li>\n<li>Bei ersten Anzeichen sofort Herpesmittel auftragen.<\/li>\n<li>Kontakt mit den Bl\u00e4schen vermeiden.<\/li>\n<\/ul>\n<p>\u00a0<\/p>\n<h3>Staphylococcus<\/h3>\n<p>Die Gattung geh\u00f6rt zur normalen Flora von Haut und Schleimh\u00e4uten. Wandert insbesondere die Art <a href=\"https:\/\/www.flora-pharm.de\/blog\/?s=Staphylococcus\">Staphylococcus aureus<\/a> in andere Regionen oder ist der Organismus geschw\u00e4cht, k\u00f6nnen Hautbeschwerden, Muskelerkrankungen sowie Entz\u00fcndungen von Hirnhaut, Lunge und Herz folgen. Die \u00dcbertragung geschieht \u00fcber kontaminierte Lebensmittel, Alltagsgegenst\u00e4nde wie Handt\u00fccher oder direkt \u00fcber die H\u00e4nde. Das Bakterium kann, abh\u00e4ngig vom Typ, relativ harmlose Magen- und Darmbeschwerden, aber auch Haut- und Wundinfektionen sowie hohes Fieber und Organversagen ausl\u00f6sen. Staphylococcus ist oft im Spiel, wenn es um die gef\u00fcrchteten multiresistenten Keime geht, etwa MRSA. Diese lassen sich von immer weniger Antibiotika beeindrucken und sind daher schwer zu bek\u00e4mpfen.<\/p>\n<p>Schutzma\u00dfnahmen:<\/p>\n<ul>\n<li>Sorgf\u00e4ltige Hygiene bei der Verarbeitung von Lebensmitteln.<\/li>\n<li>Allgemeine Hygienema\u00dfnahmen: regelm\u00e4\u00dfiges H\u00e4ndewaschen, Reinigen von K\u00fcchen- und Sanit\u00e4rgegenst\u00e4nden.<\/li>\n<li>K\u00f6rperkontakt mit MRSA-Infizierten einschr\u00e4nken, vermehrtes Desinfizieren, Einmalhandschuhe, Mundschutz.<\/li>\n<\/ul>\n<p>\u00a0<\/p>\n<p>\u00a0<\/p>\n<h2>Zwischen Gut und B\u00f6se<\/h2>\n<h3>Escherichia coli<\/h3>\n<p>Das Bakterium lebt millionenfach im <a href=\"https:\/\/www.flora-pharm.de\/blog\/darmgesundheit\/\">Darm<\/a>. Ob es uns gute oder schlechte Dienste erweist, h\u00e4ngt von der jeweiligen Unterart und seinem Aufenthaltsort ab. Es unterst\u00fctzt unsere Verdauung, produziert Vitamin K, sch\u00fctzt den Darm vor Entz\u00fcndungen und ist Bestandteil der nat\u00fcrlichen Abwehrkr\u00e4fte des Darms. Bestimmte E. coli-Bakterien sind beliebte Zutaten in probiotischen Produkten zum gezielten Aufbau der Darmflora. Solange sie im Verdauungstrakt bleiben, ist alles in Ordnung. Viele Frauen kennen allerdings die Folgen, wenn sich die Bakterien in die Harnwege verirren: schmerzhafte Blaseninfektionen. Magen-Darm-Erkrankungen, aber auch die gef\u00fcrchtete Sepsis (\u00bbBlutvergiftung \u00ab) entstehen ebenfalls durch Infektionen mit Escherichia coli.<\/p>\n<p>Schutzma\u00dfnahmen:<\/p>\n<ul>\n<li>Sorgf\u00e4ltige Hygiene bei der Lagerung und Verarbeitung von tierischen Lebensmitteln, rohem Obst und Gem\u00fcse. Speisen f\u00fcr zwei Minuten auf 70 \u00b0C Kerntemperatur garen.<\/li>\n<li>Regelm\u00e4\u00dfige Reinigung von Sp\u00fclt\u00fcchern und Handt\u00fcchern mit Vollwaschmittelpulver bei 60 \u00b0C.<\/li>\n<li>Toilettenhygiene: Gr\u00fcndliche Reinigung nach jedem Stuhlgang: von vorne nach hinten.<\/li>\n<li>Bei bestehender Harnwegsinfektion: Blasentee, gegebenenfalls pflanzliche Arzneimittel.<\/li>\n<\/ul>\n<p>\u00a0<\/p>\n<p>\u00a0<\/p>\n<h2>Gute Freunde<\/h2>\n<h3>Bifidobakterien<\/h3>\n<p>Sie sind nat\u00fcrlicher Bestandteil des Magen-Darm-Trakts, der Mund- und Vaginalflora. Sie bilden Milchs\u00e4ure, die den pH-Wert senkt und f\u00fcr eine gute Verdauung sorgt. Die Bakterien wehren Krankheitserreger ab und st\u00e4rken das Immunsystem. Bifidobakterien sind g\u00e4ngiger Bestandteil probiotischer Produkte und bringen eine gest\u00f6rte Darmflora wieder ins Gleichgewicht.<\/p>\n<p>Hilfsma\u00dfnahmen:<\/p>\n<ul>\n<li>Probiotika-Kuren k\u00f6nnen die Bakterien gezielt in der Darmflora ansiedeln \u2013 empfehlenswert bei Verdauungsst\u00f6rungen und nach Antibiotikaeinnahme.<\/li>\n<li>Ballaststoffreiche Ern\u00e4hrung und Pr\u00e4biotika f\u00f6rdern das Wachstum von Bifidobakterien.<\/li>\n<\/ul>\n<p>\u00a0<\/p>\n<h3>Bacteroides<\/h3>\n<p>Bakterien dieser Gattung leben in gro\u00dfer Zahl im Dickdarm, bauen Nahrungsbestandteile ab und verbessern die N\u00e4hrstoffaufnahme. Dank der Enzyme, die sie produzieren, k\u00f6nnen wir schwer verdauliche Kohlenhydrate verarbeiten. Ihr besonderes Talent scheint zu sein, mit dem Nervensystem des Menschen zu kommunizieren. So beeinflussen Mikroben im Darm auch das Gehirn \u2013 f\u00fcr Entscheidungen \u00bbaus dem Bauch heraus\u00ab.<\/p>\n<p>Hilfsma\u00dfnahmen:<\/p>\n<ul>\n<li>Stress bremst auch die Darmflora aus. Entspannung sorgt f\u00fcr eine gute Verdauung.<\/li>\n<\/ul>\n<p>\u00a0<\/p>\n<h3>Mikrobiom<\/h3>\n<p>Mikroorganismen bilden h\u00e4ufig eine Art Lebensgemeinschaft, sogenannte <a href=\"https:\/\/www.flora-pharm.de\/blog\/?s=Mikrobiom\">Mikrobiome<\/a>. Sie nutzen den Schutz der Gemeinschaft und tauschen gegenseitig Stoffwechselprodukte aus. Zugleich halten sie uns sch\u00e4dliche Angreifer vom Leib. Je nach Ort und Zusammensetzung eines Mikrobioms profitieren wir von einer guten Verdauung, einem starken Immunsystem oder optimierter Vitaminversorgung.<\/p>\n<p>Die Zusammensetzung ist etwa so individuell wie ein Fingerabdruck und h\u00e4ngt unter anderem von den Genen, der Ern\u00e4hrung und unserer Umgebung ab.<\/p>\n<p>\u00a0<\/p>\n<h2>Endoparasiten<\/h2>\n<p>Nich vergessen wollen wir schlie\u00dflich diese Untergruppierung von Mehrzellern, die zu den eher freundlichen Vertretern Ihrer Art geh\u00f6rt und symbiontisch mit dem Menschen zusammenlebt. Zu nennenswerter Ber\u00fchmtheit hat sie es in dem Standardnachschlagewerk der Medizin &#8222;Psyrembel&#8220; gebracht: Die <a href=\"https:\/\/www.pschyrembel.de\/Steinlaus\/K0LHT\" target=\"_blank\" rel=\"nofollow noopener\">Steinlaus<\/a> aus der Familie der La\u00adpivo\u00adra (Erst\u00adbe\u00adschreibung 1983).<\/p>\n<p>\u00a0<\/p>\n<p>\u00a0<\/p>\n<h2>Expertenrat<\/h2>\n<p><strong>Antibiotika wirken nur gegen Bakterien!<\/strong><br \/>Cathrin Weller, pharmazeutisch-technische Assistentin aus Weissach, erkl\u00e4rt: \u201eNicht jedes Antibiotikum hilft gegen jeden Keim, daher verschreibt der Arzt das Medikament jeweils passend zum Krankheitserreger. Damit ein Antibiotikum wirken kann, ist die regelm\u00e4\u00dfige Einnahme immer zum selben Zeitpunkt wichtig. So bleibt die Wirkstoffkonzentration im K\u00f6rper konstant. Wer sich an die Einnahmevorschriften h\u00e4lt, hilft au\u00dferdem, Resistenzen bei den Bakterien zu vermeiden. Leider t\u00f6ten Antibiotika auch n\u00fctzliche Bakterien in unserem K\u00f6rper. Zum Schutz oder Wiederaufbau von Darm- und Scheidenflora gibt es Pr\u00e4parate (und eine individuell abgestimmte Beratung) in der Apotheke. Antibiotika wirken nicht gegen Viren. Die meisten Erk\u00e4ltungskrankheiten und grippalen Infekte sind durch Viren verursacht, hier n\u00fctzen Antibiotika also nichts \u2013 es sei denn, eine bakterielle Infektion setzt sich noch obendrauf.\u201c<\/p>\n<p>\u00a0<\/p>\n<p>\u00a0<\/p>\n<p>Gern beantworten wir Ihre Fragen, sprechen Sie uns einfach an.<\/p>\n<p>\u00a0<\/p>\n<p>\u00a0<\/p>\n\n\n<div class=\"wp-block-image\"><figure class=\"alignleft\"><img loading=\"lazy\" decoding=\"async\" width=\"242\" height=\"300\" data-attachment-id=\"5634\" data-permalink=\"https:\/\/www.flora-pharm.de\/blog\/fug-20\/\" data-orig-file=\"https:\/\/www.flora-pharm.de\/blog\/wp-content\/uploads\/2019\/01\/natuerlich-frau-cover-01-2019.jpg\" data-orig-size=\"450,557\" data-comments-opened=\"1\" data-image-meta=\"{&quot;aperture&quot;:&quot;0&quot;,&quot;credit&quot;:&quot;koplin&quot;,&quot;camera&quot;:&quot;&quot;,&quot;caption&quot;:&quot;&quot;,&quot;created_timestamp&quot;:&quot;0&quot;,&quot;copyright&quot;:&quot;&quot;,&quot;focal_length&quot;:&quot;0&quot;,&quot;iso&quot;:&quot;0&quot;,&quot;shutter_speed&quot;:&quot;0&quot;,&quot;title&quot;:&quot;FuG&quot;,&quot;orientation&quot;:&quot;1&quot;}\" data-image-title=\"\" data-image-description=\"\" data-image-caption=\"&lt;p&gt;Text mit freundlicher Genehmigung der S&amp;#038;D Verlag GmbH. Die komplette &amp;#8222;nat\u00fcrlich Frau&amp;#8220; bekommen Sie auch bei uns in der Apotheke als monatliches Special in der &amp;#8222;Naturheilkunde &amp;#038; Gesundheit&amp;#8220;.&lt;\/p&gt;\n\" data-large-file=\"https:\/\/www.flora-pharm.de\/blog\/wp-content\/uploads\/2019\/01\/natuerlich-frau-cover-01-2019.jpg\" src=\"https:\/\/www.flora-pharm.de\/blog\/wp-content\/uploads\/2019\/01\/natuerlich-frau-cover-01-2019-242x300.jpg\" alt=\"nat\u00fcrlich Frau Cover 01\/19\" class=\"wp-image-5634\" srcset=\"https:\/\/www.flora-pharm.de\/blog\/wp-content\/uploads\/2019\/01\/natuerlich-frau-cover-01-2019-242x300.jpg 242w, https:\/\/www.flora-pharm.de\/blog\/wp-content\/uploads\/2019\/01\/natuerlich-frau-cover-01-2019.jpg 450w\" sizes=\"auto, (max-width: 242px) 100vw, 242px\" \/><figcaption>Text mit freundlicher Genehmigung der S&amp;D Verlag GmbH. Die komplette &#8222;nat\u00fcrlich Frau&#8220; bekommen Sie auch bei uns in der Apotheke als monatliches Special in der &#8222;Naturheilkunde &amp; Gesundheit&#8220;.<\/figcaption><\/figure><\/div>\n\n\n","protected":false},"excerpt":{"rendered":"<p>Einige Mikroben begegnen uns immer wieder. Mal offensichtlich, mal unbemerkt. Als kleinen Nachtrag zu unserem Artikel \u201eMehr Respekt f\u00fcr Keime\u201c stellen wir Ihnen einige Vertreter, schlechte wie auch gute, vor. \u00a0 Ein Blick durchs Mikroskop von Saskia Fechte. \u00a0 Schlechte Gesellschaft Norovirus Es sorgt regelm\u00e4\u00dfig f\u00fcr Masseninfektionen und ist schon als Kleingruppe aus 10 einzelnen [&hellip;]<\/p>\n","protected":false},"author":1,"featured_media":5633,"comment_status":"open","ping_status":"open","sticky":false,"template":"","format":"standard","meta":{"jetpack_post_was_ever_published":false,"_jetpack_newsletter_access":"","_jetpack_dont_email_post_to_subs":false,"_jetpack_newsletter_tier_id":0,"_jetpack_memberships_contains_paywalled_content":false,"_jetpack_memberships_contains_paid_content":false,"footnotes":""},"categories":[8],"tags":[282,284,506,283],"class_list":["post-5752","post","type-post","status-publish","format-standard","has-post-thumbnail","hentry","category-wissenswert","tag-antibiotika","tag-bakterien","tag-natuerlich-frau","tag-virus","has-post-title","has-post-date","has-post-category","has-post-tag","has-post-comment","has-post-author",""],"jetpack_featured_media_url":"https:\/\/www.flora-pharm.de\/blog\/wp-content\/uploads\/2019\/01\/mikroben.jpg","jetpack-related-posts":[{"id":5675,"url":"https:\/\/www.flora-pharm.de\/blog\/mehr-respekt-fuer-keime\/","url_meta":{"origin":5752,"position":0},"title":"Mehr Respekt f\u00fcr Keime","author":"Flora Team","date":"11. Januar 2019","format":false,"excerpt":"Unz\u00e4hlige Bakterien, Pilze und Viren tummeln sich um uns \u2013 eine gro\u00dfe Gefahr? Prof. Dr. Markus Egert, Mikrobiologe an der Hochschule Furtwangen untersucht die Keimbelastung im Alltag und betont: Nicht alle Mikroorganismen haben es auf unsere Gesundheit abgesehen. Er w\u00fcnscht sich mehr Gelassenheit f\u00fcr ein gesundes Miteinander: \u201eHygiene ist etwas\u2026","rel":"","context":"In &quot;Wissenswert&quot;","block_context":{"text":"Wissenswert","link":"https:\/\/www.flora-pharm.de\/blog\/category\/wissenswert\/"},"img":{"alt_text":"Mehr Respekt f\u00fcr Keime","src":"https:\/\/i0.wp.com\/www.flora-pharm.de\/blog\/wp-content\/uploads\/2019\/01\/respekt-fuer-keime.jpg?resize=350%2C200&ssl=1","width":350,"height":200,"srcset":"https:\/\/i0.wp.com\/www.flora-pharm.de\/blog\/wp-content\/uploads\/2019\/01\/respekt-fuer-keime.jpg?resize=350%2C200&ssl=1 1x, https:\/\/i0.wp.com\/www.flora-pharm.de\/blog\/wp-content\/uploads\/2019\/01\/respekt-fuer-keime.jpg?resize=525%2C300&ssl=1 1.5x, https:\/\/i0.wp.com\/www.flora-pharm.de\/blog\/wp-content\/uploads\/2019\/01\/respekt-fuer-keime.jpg?resize=700%2C400&ssl=1 2x"},"classes":[]},{"id":316,"url":"https:\/\/www.flora-pharm.de\/blog\/welt-ms-tag-2014-gleiche-chancen-trotz-ms\/","url_meta":{"origin":5752,"position":1},"title":"Am 28. Mai 2014 ist Welt MS-Tag mit dem Motto: \u201eGleiche Chancen trotz MS\u201c","author":"Flora Team","date":"27. Mai 2014","format":false,"excerpt":"Der Welt MS-Tag wurde 2009 ins Leben gerufen und findet nunmehr zum sechsten Mal statt. An diesem Tag werden rund um den Globus Multiple Sklerose und die Menschen, die an dieser bislang noch immer unheilbaren Erkrankung leiden, in den Mittelpunkt der Aufmerksamkeit gestellt. Die Schirmherrin 2014 ist \u00fcbrigens Bundesfamilienministerin Manuela\u2026","rel":"","context":"In &quot;Kalenderlexikon&quot;","block_context":{"text":"Kalenderlexikon","link":"https:\/\/www.flora-pharm.de\/blog\/category\/kalenderlexikon\/"},"img":{"alt_text":"","src":"https:\/\/i0.wp.com\/www.flora-pharm.de\/blog\/wp-content\/uploads\/2014\/05\/Becherglas-Welt-MS-Tag2014.jpg?resize=350%2C200&ssl=1","width":350,"height":200,"srcset":"https:\/\/i0.wp.com\/www.flora-pharm.de\/blog\/wp-content\/uploads\/2014\/05\/Becherglas-Welt-MS-Tag2014.jpg?resize=350%2C200&ssl=1 1x, https:\/\/i0.wp.com\/www.flora-pharm.de\/blog\/wp-content\/uploads\/2014\/05\/Becherglas-Welt-MS-Tag2014.jpg?resize=525%2C300&ssl=1 1.5x"},"classes":[]},{"id":362,"url":"https:\/\/www.flora-pharm.de\/blog\/fip-bei-katzen-feline-infektioese-peritonitis\/","url_meta":{"origin":5752,"position":2},"title":"FIP bei Katzen &#8211; Feline Infekti\u00f6se Peritonitis","author":"Flora Team","date":"17. Juli 2014","format":false,"excerpt":"Die Katze ist eins der liebsten Haustiere des Deutschen und sie bereitet gro\u00dfe Freude. Aber wie jedes Lebewesen kann auch sie erkranken. Besonders heimt\u00fcckisch ist die Infektion mit dem FIP-Virus. \u00a0 Die durch das eigentlich harmlosen Feline Enterale Coronavirus (FECV) ausgel\u00f6ste Infektionskrankheit bef\u00e4llt ausschlie\u00dflich Katzen (lateinisch: Felidae). Am h\u00e4ufigsten erkranken\u2026","rel":"","context":"In &quot;Flora Apotheke&quot;","block_context":{"text":"Flora Apotheke","link":"https:\/\/www.flora-pharm.de\/blog\/category\/flora-apotheke\/"},"img":{"alt_text":"","src":"https:\/\/i0.wp.com\/www.flora-pharm.de\/blog\/wp-content\/uploads\/2014\/07\/FIP-v2.jpg?resize=350%2C200&ssl=1","width":350,"height":200,"srcset":"https:\/\/i0.wp.com\/www.flora-pharm.de\/blog\/wp-content\/uploads\/2014\/07\/FIP-v2.jpg?resize=350%2C200&ssl=1 1x, https:\/\/i0.wp.com\/www.flora-pharm.de\/blog\/wp-content\/uploads\/2014\/07\/FIP-v2.jpg?resize=525%2C300&ssl=1 1.5x"},"classes":[]},{"id":6731,"url":"https:\/\/www.flora-pharm.de\/blog\/coronavirus-sars-cov-2-covid-19-therapie-prophylaxe-heilung-durch-sussholz\/","url_meta":{"origin":5752,"position":3},"title":"Coronavirus SARS-CoV-2 &#8211; Therapie, Prophylaxe und Heilung durch S\u00fc\u00dfholz?","author":"Flora Team","date":"27. Februar 2020","format":false,"excerpt":"Eigentlich wird dieses Thema ausreichend medial behandelt, aber es ist nun mal etwas, dass unsere Patienten stark besch\u00e4ftigt. Deswegen m\u00f6chten wir Ihnen einen kleinen Einstieg in das Thema geben.","rel":"","context":"In &quot;Flora Apotheke&quot;","block_context":{"text":"Flora Apotheke","link":"https:\/\/www.flora-pharm.de\/blog\/category\/flora-apotheke\/"},"img":{"alt_text":"coronavirus sars-cov-2 covid-19","src":"https:\/\/i0.wp.com\/www.flora-pharm.de\/blog\/wp-content\/uploads\/2020\/02\/coronavirus-sars-cov-2-covid-19.jpg?resize=350%2C200&ssl=1","width":350,"height":200,"srcset":"https:\/\/i0.wp.com\/www.flora-pharm.de\/blog\/wp-content\/uploads\/2020\/02\/coronavirus-sars-cov-2-covid-19.jpg?resize=350%2C200&ssl=1 1x, https:\/\/i0.wp.com\/www.flora-pharm.de\/blog\/wp-content\/uploads\/2020\/02\/coronavirus-sars-cov-2-covid-19.jpg?resize=525%2C300&ssl=1 1.5x, https:\/\/i0.wp.com\/www.flora-pharm.de\/blog\/wp-content\/uploads\/2020\/02\/coronavirus-sars-cov-2-covid-19.jpg?resize=700%2C400&ssl=1 2x"},"classes":[]},{"id":3299,"url":"https:\/\/www.flora-pharm.de\/blog\/mers-coronavirus-vom-dromedar-zum-mensch-und-die-wirkung-von-glyzyrrhizinsaeure\/","url_meta":{"origin":5752,"position":4},"title":"MERS Coronavirus &#8211; Vom Dromedar zum Mensch &#8211; und die Wirkung von Glycyrrhizins\u00e4ure","author":"Flora Team","date":"17. Juni 2016","format":false,"excerpt":"Sie planen eine Reise in den mittleren Osten auf die arabische Halbinsel? Wir w\u00fcnschen eine sch\u00f6ne Reise und beraten Sie gern hinsichtlich Ihrer Reiseapotheke. Dennoch ein Hinweis zum Verhalten vor Ort: versuchen Sie engen Dromedarkontakt zu vermeiden, der MERS Coronavirus ist noch lange nicht einged\u00e4mmt und vielen Europ\u00e4ern nicht gel\u00e4ufig\u2026","rel":"","context":"In &quot;Wissenswert&quot;","block_context":{"text":"Wissenswert","link":"https:\/\/www.flora-pharm.de\/blog\/category\/wissenswert\/"},"img":{"alt_text":"","src":"https:\/\/i0.wp.com\/www.flora-pharm.de\/blog\/wp-content\/uploads\/2016\/06\/mers-kamel.jpg?resize=350%2C200&ssl=1","width":350,"height":200,"srcset":"https:\/\/i0.wp.com\/www.flora-pharm.de\/blog\/wp-content\/uploads\/2016\/06\/mers-kamel.jpg?resize=350%2C200&ssl=1 1x, https:\/\/i0.wp.com\/www.flora-pharm.de\/blog\/wp-content\/uploads\/2016\/06\/mers-kamel.jpg?resize=525%2C300&ssl=1 1.5x, https:\/\/i0.wp.com\/www.flora-pharm.de\/blog\/wp-content\/uploads\/2016\/06\/mers-kamel.jpg?resize=700%2C400&ssl=1 2x"},"classes":[]},{"id":7247,"url":"https:\/\/www.flora-pharm.de\/blog\/basische-ernaehrung-gegen-viren\/","url_meta":{"origin":5752,"position":5},"title":"Basische Ern\u00e4hrung gegen Viren","author":"Flora Team","date":"6. November 2020","format":false,"excerpt":"Mit Obst und Gem\u00fcse gegen Infektionen? Das funktioniert, sagt ein Experte. Basische Ern\u00e4hrung h\u00e4lt Viren auf Abstand, denn Viren m\u00f6gen\u2019s sauer. Von Saskia Fechte Wie effektiv das Immunsystem im Kampf gegen Krankheitserreger ist, bestimmt auch die Ern\u00e4hrung. Eine gute Versorgung mit N\u00e4hrstoffen, Vitaminen und Mineralien st\u00e4rkt unsere Abwehr. F\u00fcr Professor\u2026","rel":"","context":"In &quot;Wissenswert&quot;","block_context":{"text":"Wissenswert","link":"https:\/\/www.flora-pharm.de\/blog\/category\/wissenswert\/"},"img":{"alt_text":"Basische Ern\u00e4hrung","src":"https:\/\/i0.wp.com\/www.flora-pharm.de\/blog\/wp-content\/uploads\/2020\/11\/basische-ernaehrung-gegen-viren.jpg?resize=350%2C200&ssl=1","width":350,"height":200,"srcset":"https:\/\/i0.wp.com\/www.flora-pharm.de\/blog\/wp-content\/uploads\/2020\/11\/basische-ernaehrung-gegen-viren.jpg?resize=350%2C200&ssl=1 1x, https:\/\/i0.wp.com\/www.flora-pharm.de\/blog\/wp-content\/uploads\/2020\/11\/basische-ernaehrung-gegen-viren.jpg?resize=525%2C300&ssl=1 1.5x, https:\/\/i0.wp.com\/www.flora-pharm.de\/blog\/wp-content\/uploads\/2020\/11\/basische-ernaehrung-gegen-viren.jpg?resize=700%2C400&ssl=1 2x"},"classes":[]}],"jetpack_sharing_enabled":true,"_links":{"self":[{"href":"https:\/\/www.flora-pharm.de\/blog\/wp-json\/wp\/v2\/posts\/5752","targetHints":{"allow":["GET"]}}],"collection":[{"href":"https:\/\/www.flora-pharm.de\/blog\/wp-json\/wp\/v2\/posts"}],"about":[{"href":"https:\/\/www.flora-pharm.de\/blog\/wp-json\/wp\/v2\/types\/post"}],"author":[{"embeddable":true,"href":"https:\/\/www.flora-pharm.de\/blog\/wp-json\/wp\/v2\/users\/1"}],"replies":[{"embeddable":true,"href":"https:\/\/www.flora-pharm.de\/blog\/wp-json\/wp\/v2\/comments?post=5752"}],"version-history":[{"count":12,"href":"https:\/\/www.flora-pharm.de\/blog\/wp-json\/wp\/v2\/posts\/5752\/revisions"}],"predecessor-version":[{"id":5772,"href":"https:\/\/www.flora-pharm.de\/blog\/wp-json\/wp\/v2\/posts\/5752\/revisions\/5772"}],"wp:featuredmedia":[{"embeddable":true,"href":"https:\/\/www.flora-pharm.de\/blog\/wp-json\/wp\/v2\/media\/5633"}],"wp:attachment":[{"href":"https:\/\/www.flora-pharm.de\/blog\/wp-json\/wp\/v2\/media?parent=5752"}],"wp:term":[{"taxonomy":"category","embeddable":true,"href":"https:\/\/www.flora-pharm.de\/blog\/wp-json\/wp\/v2\/categories?post=5752"},{"taxonomy":"post_tag","embeddable":true,"href":"https:\/\/www.flora-pharm.de\/blog\/wp-json\/wp\/v2\/tags?post=5752"}],"curies":[{"name":"wp","href":"https:\/\/api.w.org\/{rel}","templated":true}]}}