{"id":6012,"date":"2019-03-08T12:44:50","date_gmt":"2019-03-08T11:44:50","guid":{"rendered":"http:\/\/www.flora-pharm.de\/blog\/?p=6012"},"modified":"2019-03-08T12:44:55","modified_gmt":"2019-03-08T11:44:55","slug":"babypuder-ein-pulver-fuer-alle-faelle","status":"publish","type":"post","link":"https:\/\/www.flora-pharm.de\/blog\/babypuder-ein-pulver-fuer-alle-faelle\/","title":{"rendered":"Babypuder &#8211; Ein Pulver f\u00fcr alle F\u00e4lle"},"content":{"rendered":"<p>Babypuder ist nur f\u00fcr zarte Kinderpopos gut? Nein, dieses Allzweckmittel kann noch viel mehr. 7 Tipps, mit denen Sie Ihr wei\u00dfes Wunder erleben.<\/p>\n<p>Aber: Bio ist besser! Verwenden Sie nur Babypuder ohne Talkum. Der Inhaltsstoff steht in Verdacht, krebserregend zu sein. Besser sind Produkte mit Weizenkleie und Bio-\u00d6len. Fragen Sie in Ihrer Apotheke!<\/p>\n<p><\/p>\n<p><em>Lifehacks (englisch f\u00fcr Lebenskniffe) von Stefanie Deckers.<\/em><\/p>\n<p><\/p>\n<h2>Wenn\u2019s schnell gehen muss<\/h2>\n<p>Keine Zeit zum Haarewaschen? Mit Babypuder geht\u2019s ganz schnell. Eine kleine Menge auf die Kopfhaut geben, kurz einmassieren und ausb\u00fcrsten. Das duftende Allzweckpuder nimmt das Haarfett auf und macht die M\u00e4hne im Handumdrehen fluffig und frisch. In herk\u00f6mmlichen Trockenshampoos stecken viele Zusatzstoffe, die Bio-Babypuder nicht braucht.<\/p>\n<p><strong>Tipp:<\/strong> Funktioniert am besten bei blondem Haar. Bei dunklen Typen hinterl\u00e4sst das wei\u00dfe Puder meist einen matten Grauschleier.<\/p>\n<p><\/p>\n<h2>Autsch, eine Blase!<\/h2>\n<p>Die neuen Fr\u00fchjahrsschuhe sind schick, dr\u00fccken aber an Ballen oder Ferse? Dann beugen Sie vor, bevor Sie sich eine Blase laufen. F\u00fc\u00dfe gro\u00dfz\u00fcgig mit Babypuder best\u00e4uben. Das sehr feine Pulver saugt Feuchtigkeit auf und verhindert Schwei\u00dff\u00fc\u00dfe. So wird Reibung im Schuhwerk vermindert und es muss keine schmerzhafte Blase entstehen.<\/p>\n<p><\/p>\n<h2>Nichts quietscht mehr<\/h2>\n<p>Noch mal im Bett umgedreht und das ganze Haus hat\u2019s geh\u00f6rt. Knarzende M\u00f6belst\u00fccke lassen wenig Intimsph\u00e4re. Schleifende Schrankt\u00fcren und quietschende Schubf\u00e4cher bleiben ebenfalls niemandem verborgen. Damit ist Schluss, wenn Sie Babypuder auf die Holzteile geben.<\/p>\n<p><strong>Tipp:<\/strong> Schublade so lange \u00f6ffnen und schlie\u00dfen, bis sich das Babypuder gleichm\u00e4\u00dfig verteilt hat und kein Mucks mehr zu h\u00f6ren ist.<\/p>\n<p><\/p>\n<h2>Streichelzart<\/h2>\n<p>Frisch rasiert und die Haut ist rot und spannt? Nicht mit Babypuder. Es k\u00fchlt, hemmt Entz\u00fcndungen und unterst\u00fctzt die Wundheilung. Das enthaltene Zinkoxid wirkt antiseptisch und verhindert Reizungen. Ideal f\u00fcr sensible Haut, die zu Rasurbrand und kleinen Unreinheiten neigt. Babypuder-Produkte, die Extrakte aus Heilkr\u00e4utern wie Arnika, Ringelblume oder Sonnenhut enthalten, geben einen Hauch Extrapflege. So wird die Haut glatt, weich und streichelzart. Achten Sie auf die Inhaltsstoffe.<\/p>\n<p><\/p>\n<h2>W\u00e4scheduft<\/h2>\n<p>W\u00e4sche sollte frisch duften und nicht so abgestanden m\u00fcffeln, dass die Motten Beifall klatschen. Mief im Kleiderschrank werden Sie schnell los, wenn Sie eine ge\u00f6ffnete Dose Babypuder zwischen die W\u00e4schest\u00fccke stellen. Das Puder bindet die Feuchtigkeit aus der Schrankluft und somit auch schlechte Ger\u00fcche. Gleichzeitig verstr\u00f6mt es seinen eigenen cremigen Duft.<\/p>\n<p><\/p>\n<h2>Perfektes Make-up<\/h2>\n<p>Kajal verrutscht, Lidschatten verschmiert? Pandaaugen m\u00fcssen nicht sein. Wer sich gerne schminkt, braucht Babypuder in seinem Repertoire. Es funktioniert als Basis f\u00fcr ein perfektes Augen-Make-up. Auf die Oberlider pudern und hinterher mit der Lieblingsfarbe Akzente setzen. Volles Volumen bekommen Wimpern, wenn Sie sie vor dem Tuschen mit Babypuder pr\u00e4parieren.<\/p>\n<p><strong>\u00dcbrigens:<\/strong> Babypuder mattiert die Mundpartie und macht den Lippenstift kussecht.<\/p>\n<p><\/p>\n<h2>Pure Reinheit<\/h2>\n<p>Was f\u00fcr Babypopos gut ist, kann f\u00fcr <a href=\"https:\/\/www.flora-pharm.de\/blog\/hautprobleme-in-der-pubertaet-akne\/\">Akne<\/a>-Haut nicht schlecht sein. Talkumfreies Babypuder mit Magnesiumcarbonat und Zinkoxid saugt \u00fcbersch\u00fcssigen Talg auf und hat porenverkleinernde Eigenschaften. Mit seiner antiseptischen Wirkung bek\u00e4mpft es Entz\u00fcndungen. Regelm\u00e4\u00dfig auf das gereinigte Gesicht auftragen, dann verfeinert sich bald das Hautbild. Pickel und Mitesser k\u00f6nnen verschwinden.<\/p>\n<p><\/p>\n<p><\/p>\n<p>Sprechen Sie uns an, wir beraten Sie gern.<\/p>\n<p><\/p>\n<p><\/p>\n\n\n<div class=\"wp-block-image\"><figure class=\"alignleft\"><img loading=\"lazy\" decoding=\"async\" width=\"225\" height=\"300\" data-attachment-id=\"5992\" data-permalink=\"https:\/\/www.flora-pharm.de\/blog\/linke-seite-63\/\" data-orig-file=\"https:\/\/www.flora-pharm.de\/blog\/wp-content\/uploads\/2019\/02\/naturheilkunde-und-gesundheit-cover-03-2019.jpg\" data-orig-size=\"450,600\" data-comments-opened=\"1\" data-image-meta=\"{&quot;aperture&quot;:&quot;0&quot;,&quot;credit&quot;:&quot;kahlert&quot;,&quot;camera&quot;:&quot;&quot;,&quot;caption&quot;:&quot;&quot;,&quot;created_timestamp&quot;:&quot;0&quot;,&quot;copyright&quot;:&quot;&quot;,&quot;focal_length&quot;:&quot;0&quot;,&quot;iso&quot;:&quot;0&quot;,&quot;shutter_speed&quot;:&quot;0&quot;,&quot;title&quot;:&quot;Linke Seite&quot;,&quot;orientation&quot;:&quot;1&quot;}\" data-image-title=\"\" data-image-description=\"\" data-image-caption=\"&lt;p&gt;Text mit freundlicher Genehmigung der S &amp;#038; D Verlag GmbH. Das komplette &amp;#8222;Naturheilkunde &amp;#038; Gesundheit&amp;#8220; Heft bekommen Sie auch bei uns in der Apotheke.&lt;\/p&gt;\n\" data-large-file=\"https:\/\/www.flora-pharm.de\/blog\/wp-content\/uploads\/2019\/02\/naturheilkunde-und-gesundheit-cover-03-2019.jpg\" src=\"https:\/\/www.flora-pharm.de\/blog\/wp-content\/uploads\/2019\/02\/naturheilkunde-und-gesundheit-cover-03-2019-225x300.jpg\" alt=\"Naturheilkunde und Gesundheeit Cover 03\/19\" class=\"wp-image-5992\" srcset=\"https:\/\/www.flora-pharm.de\/blog\/wp-content\/uploads\/2019\/02\/naturheilkunde-und-gesundheit-cover-03-2019-225x300.jpg 225w, https:\/\/www.flora-pharm.de\/blog\/wp-content\/uploads\/2019\/02\/naturheilkunde-und-gesundheit-cover-03-2019.jpg 450w\" sizes=\"auto, (max-width: 225px) 100vw, 225px\" \/><figcaption>Text mit freundlicher Genehmigung der S &amp; D Verlag GmbH. Das komplette &#8222;Naturheilkunde &amp; Gesundheit&#8220; Heft bekommen Sie auch bei uns in der Apotheke.<\/figcaption><\/figure><\/div>\n","protected":false},"excerpt":{"rendered":"<p>Babypuder ist nur f\u00fcr zarte Kinderpopos gut? Nein, dieses Allzweckmittel kann noch viel mehr. 7 Tipps, mit denen Sie Ihr wei\u00dfes Wunder erleben. Aber: Bio ist besser! Verwenden Sie nur Babypuder ohne Talkum. Der Inhaltsstoff steht in Verdacht, krebserregend zu sein. Besser sind Produkte mit Weizenkleie und Bio-\u00d6len. Fragen Sie in Ihrer Apotheke! Lifehacks (englisch [&hellip;]<\/p>\n","protected":false},"author":1,"featured_media":5985,"comment_status":"open","ping_status":"open","sticky":false,"template":"","format":"standard","meta":{"jetpack_post_was_ever_published":false,"_jetpack_newsletter_access":"","_jetpack_dont_email_post_to_subs":false,"_jetpack_newsletter_tier_id":0,"_jetpack_memberships_contains_paywalled_content":false,"_jetpack_memberships_contains_paid_content":false,"footnotes":""},"categories":[8],"tags":[64,26,612,422],"class_list":["post-6012","post","type-post","status-publish","format-standard","has-post-thumbnail","hentry","category-wissenswert","tag-kleinkind","tag-koerperpflege","tag-lifehack","tag-naturheilkunde-und-gesundheit","has-post-title","has-post-date","has-post-category","has-post-tag","has-post-comment","has-post-author",""],"jetpack_featured_media_url":"https:\/\/www.flora-pharm.de\/blog\/wp-content\/uploads\/2019\/02\/babypuder-lifehack.jpg","jetpack-related-posts":[{"id":4898,"url":"https:\/\/www.flora-pharm.de\/blog\/pflegestufe-zwei-gutes-fuer-mama-baby\/","url_meta":{"origin":6012,"position":0},"title":"Pflegestufe Zwei &#8211; Gutes f\u00fcr Mama &#038; Baby","author":"Flora Team","date":"26. M\u00e4rz 2018","format":false,"excerpt":"\u201eF\u00fcr Mutter und Baby beginnt nach der Geburt eine spannende Zeit\u201c, sagt Cathrin H\u00e4usser, pharmazeutisch-technische Assistentin in Weissach. \u201eBesonders beim ersten Kind ist alles neu. Viele M\u00fctter sind unsicher, welche Pflegeprodukte und Arzneimittel sie verwenden k\u00f6nnen und d\u00fcrfen.\u201c PS: Lesen Sie auch unseren Artikel Nat\u00fcrliche Babypflege. Alles f\u00fcr Mutter und\u2026","rel":"","context":"In &quot;Wissenswert&quot;","block_context":{"text":"Wissenswert","link":"https:\/\/www.flora-pharm.de\/blog\/category\/wissenswert\/"},"img":{"alt_text":"","src":"https:\/\/i0.wp.com\/www.flora-pharm.de\/blog\/wp-content\/uploads\/2018\/03\/pflegestufe-zwei.jpg?resize=350%2C200&ssl=1","width":350,"height":200,"srcset":"https:\/\/i0.wp.com\/www.flora-pharm.de\/blog\/wp-content\/uploads\/2018\/03\/pflegestufe-zwei.jpg?resize=350%2C200&ssl=1 1x, https:\/\/i0.wp.com\/www.flora-pharm.de\/blog\/wp-content\/uploads\/2018\/03\/pflegestufe-zwei.jpg?resize=525%2C300&ssl=1 1.5x, https:\/\/i0.wp.com\/www.flora-pharm.de\/blog\/wp-content\/uploads\/2018\/03\/pflegestufe-zwei.jpg?resize=700%2C400&ssl=1 2x"},"classes":[]},{"id":7684,"url":"https:\/\/www.flora-pharm.de\/blog\/hilfe-bei-baby-bauchweh\/","url_meta":{"origin":6012,"position":1},"title":"Hilfe bei Baby Bauchweh","author":"Flora Team","date":"31. Mai 2021","format":false,"excerpt":"Bauchweh: Das Baby ist unruhig, weinerlich, sein B\u00e4uchlein f\u00fchlt sich hart an? Oft tun sich S\u00e4uglinge mit der Verdauung schwer - sanfte Hilfe","rel":"","context":"In &quot;Wissenswert&quot;","block_context":{"text":"Wissenswert","link":"https:\/\/www.flora-pharm.de\/blog\/category\/wissenswert\/"},"img":{"alt_text":"Bauchweh bei Kleinkind","src":"https:\/\/i0.wp.com\/www.flora-pharm.de\/blog\/wp-content\/uploads\/2021\/04\/hilfe-bei-bauchweh.jpg?resize=350%2C200&ssl=1","width":350,"height":200,"srcset":"https:\/\/i0.wp.com\/www.flora-pharm.de\/blog\/wp-content\/uploads\/2021\/04\/hilfe-bei-bauchweh.jpg?resize=350%2C200&ssl=1 1x, https:\/\/i0.wp.com\/www.flora-pharm.de\/blog\/wp-content\/uploads\/2021\/04\/hilfe-bei-bauchweh.jpg?resize=525%2C300&ssl=1 1.5x, https:\/\/i0.wp.com\/www.flora-pharm.de\/blog\/wp-content\/uploads\/2021\/04\/hilfe-bei-bauchweh.jpg?resize=700%2C400&ssl=1 2x"},"classes":[]},{"id":3416,"url":"https:\/\/www.flora-pharm.de\/blog\/natuerliche-babypflege\/","url_meta":{"origin":6012,"position":2},"title":"Nat\u00fcrliche Babypflege","author":"Flora Team","date":"12. September 2016","format":false,"excerpt":"Zartes muss sanft gepflegt werden! Zur Geburt eines Babys bekommen frisch gebackene Eltern eine Menge Empfehlungen und Tipps. Viele neue Aufgaben wollen bew\u00e4ltigt werden, darunter die S\u00e4uglingspflege. Dabei ist eine nat\u00fcrliche Babypflege recht einfach. Es gilt die Devise: Weniger ist mehr! Lassen Sie sich nicht verunsichern. Vieles, wie Windeln wechseln,\u2026","rel":"","context":"In &quot;Wissenswert&quot;","block_context":{"text":"Wissenswert","link":"https:\/\/www.flora-pharm.de\/blog\/category\/wissenswert\/"},"img":{"alt_text":"","src":"https:\/\/i0.wp.com\/www.flora-pharm.de\/blog\/wp-content\/uploads\/2016\/09\/babypflege.jpg?resize=350%2C200&ssl=1","width":350,"height":200,"srcset":"https:\/\/i0.wp.com\/www.flora-pharm.de\/blog\/wp-content\/uploads\/2016\/09\/babypflege.jpg?resize=350%2C200&ssl=1 1x, https:\/\/i0.wp.com\/www.flora-pharm.de\/blog\/wp-content\/uploads\/2016\/09\/babypflege.jpg?resize=525%2C300&ssl=1 1.5x, https:\/\/i0.wp.com\/www.flora-pharm.de\/blog\/wp-content\/uploads\/2016\/09\/babypflege.jpg?resize=700%2C400&ssl=1 2x"},"classes":[]},{"id":3598,"url":"https:\/\/www.flora-pharm.de\/blog\/zeit-fuer-brei\/","url_meta":{"origin":6012,"position":3},"title":"Zeit f\u00fcr Brei","author":"Flora Team","date":"14. November 2016","format":false,"excerpt":"Fr\u00fcher oder sp\u00e4ter macht Milch das Baby nicht mehr satt und es ist Zeit f\u00fcr den ersten Brei. Wann ist es so weit und was soll drin sein? Experten unterteilen die Ern\u00e4hrung im ersten Lebensjahr in drei Abschnitte. In den ersten vier bis sechs Monaten erh\u00e4lt der S\u00e4ugling Muttermilch oder\u2026","rel":"","context":"In &quot;Rezept&quot;","block_context":{"text":"Rezept","link":"https:\/\/www.flora-pharm.de\/blog\/category\/rezept\/"},"img":{"alt_text":"","src":"https:\/\/i0.wp.com\/www.flora-pharm.de\/blog\/wp-content\/uploads\/2016\/11\/zeit-fuer-brei.jpg?resize=350%2C200&ssl=1","width":350,"height":200,"srcset":"https:\/\/i0.wp.com\/www.flora-pharm.de\/blog\/wp-content\/uploads\/2016\/11\/zeit-fuer-brei.jpg?resize=350%2C200&ssl=1 1x, https:\/\/i0.wp.com\/www.flora-pharm.de\/blog\/wp-content\/uploads\/2016\/11\/zeit-fuer-brei.jpg?resize=525%2C300&ssl=1 1.5x, https:\/\/i0.wp.com\/www.flora-pharm.de\/blog\/wp-content\/uploads\/2016\/11\/zeit-fuer-brei.jpg?resize=700%2C400&ssl=1 2x"},"classes":[]},{"id":7682,"url":"https:\/\/www.flora-pharm.de\/blog\/windeln-gut-gewickelt\/","url_meta":{"origin":6012,"position":4},"title":"Windeln &#8211; Gut gewickelt","author":"Flora Team","date":"26. Mai 2021","format":false,"excerpt":"Gesucht sind: \u00d6kologische Alternativen zur herk\u00f6mmlichen Wegwerfwindel. Welche M\u00f6glichkeiten gibt es? Sind sie wirklich umweltfreundlicher?","rel":"","context":"In &quot;Wissenswert&quot;","block_context":{"text":"Wissenswert","link":"https:\/\/www.flora-pharm.de\/blog\/category\/wissenswert\/"},"img":{"alt_text":"Baby Windel Mehrweg","src":"https:\/\/i0.wp.com\/www.flora-pharm.de\/blog\/wp-content\/uploads\/2021\/04\/gut-gewickelt.jpg?resize=350%2C200&ssl=1","width":350,"height":200,"srcset":"https:\/\/i0.wp.com\/www.flora-pharm.de\/blog\/wp-content\/uploads\/2021\/04\/gut-gewickelt.jpg?resize=350%2C200&ssl=1 1x, https:\/\/i0.wp.com\/www.flora-pharm.de\/blog\/wp-content\/uploads\/2021\/04\/gut-gewickelt.jpg?resize=525%2C300&ssl=1 1.5x, https:\/\/i0.wp.com\/www.flora-pharm.de\/blog\/wp-content\/uploads\/2021\/04\/gut-gewickelt.jpg?resize=700%2C400&ssl=1 2x"},"classes":[]},{"id":8229,"url":"https:\/\/www.flora-pharm.de\/blog\/entspannt-durch-die-schwangerschaft\/","url_meta":{"origin":6012,"position":5},"title":"Entspannt durch die Schwangerschaft","author":"Flora Team","date":"27. Mai 2022","format":false,"excerpt":"\u201eHurra, ein Baby kommt!\u201c Bis zur Geburt liegt eine aufregende Zeit vor Ihnen. Wir begleiten Sie mit 9 Tipps durch 9 Monate.","rel":"","context":"In &quot;Wissenswert&quot;","block_context":{"text":"Wissenswert","link":"https:\/\/www.flora-pharm.de\/blog\/category\/wissenswert\/"},"img":{"alt_text":"Entspannt durch die Schwangerschaft","src":"https:\/\/i0.wp.com\/www.flora-pharm.de\/blog\/wp-content\/uploads\/2022\/05\/entspannte-schwangerschafft.jpg?resize=350%2C200&ssl=1","width":350,"height":200,"srcset":"https:\/\/i0.wp.com\/www.flora-pharm.de\/blog\/wp-content\/uploads\/2022\/05\/entspannte-schwangerschafft.jpg?resize=350%2C200&ssl=1 1x, https:\/\/i0.wp.com\/www.flora-pharm.de\/blog\/wp-content\/uploads\/2022\/05\/entspannte-schwangerschafft.jpg?resize=525%2C300&ssl=1 1.5x, https:\/\/i0.wp.com\/www.flora-pharm.de\/blog\/wp-content\/uploads\/2022\/05\/entspannte-schwangerschafft.jpg?resize=700%2C400&ssl=1 2x"},"classes":[]}],"jetpack_sharing_enabled":true,"_links":{"self":[{"href":"https:\/\/www.flora-pharm.de\/blog\/wp-json\/wp\/v2\/posts\/6012","targetHints":{"allow":["GET"]}}],"collection":[{"href":"https:\/\/www.flora-pharm.de\/blog\/wp-json\/wp\/v2\/posts"}],"about":[{"href":"https:\/\/www.flora-pharm.de\/blog\/wp-json\/wp\/v2\/types\/post"}],"author":[{"embeddable":true,"href":"https:\/\/www.flora-pharm.de\/blog\/wp-json\/wp\/v2\/users\/1"}],"replies":[{"embeddable":true,"href":"https:\/\/www.flora-pharm.de\/blog\/wp-json\/wp\/v2\/comments?post=6012"}],"version-history":[{"count":3,"href":"https:\/\/www.flora-pharm.de\/blog\/wp-json\/wp\/v2\/posts\/6012\/revisions"}],"predecessor-version":[{"id":6016,"href":"https:\/\/www.flora-pharm.de\/blog\/wp-json\/wp\/v2\/posts\/6012\/revisions\/6016"}],"wp:featuredmedia":[{"embeddable":true,"href":"https:\/\/www.flora-pharm.de\/blog\/wp-json\/wp\/v2\/media\/5985"}],"wp:attachment":[{"href":"https:\/\/www.flora-pharm.de\/blog\/wp-json\/wp\/v2\/media?parent=6012"}],"wp:term":[{"taxonomy":"category","embeddable":true,"href":"https:\/\/www.flora-pharm.de\/blog\/wp-json\/wp\/v2\/categories?post=6012"},{"taxonomy":"post_tag","embeddable":true,"href":"https:\/\/www.flora-pharm.de\/blog\/wp-json\/wp\/v2\/tags?post=6012"}],"curies":[{"name":"wp","href":"https:\/\/api.w.org\/{rel}","templated":true}]}}