{"id":6091,"date":"2019-04-05T10:04:58","date_gmt":"2019-04-05T08:04:58","guid":{"rendered":"http:\/\/www.flora-pharm.de\/blog\/?p=6091"},"modified":"2019-04-05T10:05:03","modified_gmt":"2019-04-05T08:05:03","slug":"vegane-kosmetik-hautpflege-braucht-keine-tiere","status":"publish","type":"post","link":"https:\/\/www.flora-pharm.de\/blog\/vegane-kosmetik-hautpflege-braucht-keine-tiere\/","title":{"rendered":"Vegane Kosmetik &#8211; Hautpflege braucht keine Tiere"},"content":{"rendered":"<p>Vegan ist in. Auch in der Kosmetik. Was ist drin und worauf kann sie getrost verzichten?<\/p>\n<p><\/p>\n<p><a href=\"https:\/\/www.flora-pharm.de\/blog\/tag\/vegan\/\">Vegan<\/a> \u2013 bei dem Begriff denken viele zuerst ans Essen. Kein Fleisch, keine Eier, keine Milch und kein Honig. Was viele nicht wissen: Der totale Verzicht auf tierische Produkte geht weit \u00fcber die Ern\u00e4hrung hinaus. Strenge Veganer tragen keine Kleidung aus Leder, Seide oder Wolle. Auch bei ihrer Hautpflege achten sie auf die W\u00fcrde der Tiere. Kosmetik nach veganen Gesichtspunkten wird immer beliebter \u2013 auch in der Apotheke.<\/p>\n<p><\/p>\n<p>Lesen Sie bez\u00fcglich veganer Ern\u00e4hrung auch <a href=\"https:\/\/www.flora-pharm.de\/blog\/alles-rein-pflanzlich-vegane-ernaehrung\/\">Alles rein pflanzlich \u2013 Vegane Ern\u00e4hrung<\/a> sowie <a href=\"https:\/\/www.flora-pharm.de\/blog\/vegan-leben-warum-eigentlich\/\">Vegan leben \u2013 warum eigentlich?<\/a><\/p>\n<p><\/p>\n<p>Stefanie Deckers sprach mit Silke Megens, einer pharmazeutisch-technischen Assistentin. Sie wei\u00df, was vegane Kosmetik so besonders macht.<\/p>\n<p><\/p>\n<p><strong><em>Frau Megens, was macht vegane Kosmetik aus?<\/em><\/strong><\/p>\n<p>Es gibt zwei wesentliche Kriterien: In der Herstellung verzichtet man auf alle tierischen Inhaltsstoffe. Das Wesen dieser Hautpflegeprodukte sollte pflanzlichen Ursprungs sein. Das zweite Augenmerk liegt auf Tierversuchen. Die sind ein absolutes Tabu, wenn es um vegane Kosmetik geht.<\/p>\n<p><\/p>\n<p><strong><em>Wo liegen die Unterschiede zur Naturkosmetik?<\/em><\/strong><\/p>\n<p>Naturkosmetika bestehen aus nat\u00fcrlichen oder naturidentischen Inhaltsstoffen, was tierische Substanzen nicht ausschlie\u00dft. Sie k\u00f6nnen Wollfett beinhalten, Bienenwachs oder Nerz\u00f6l. Nat\u00fcrlich gibt es auch vegane Naturkosmetik. Diese Marken legen Wert auf die Verwendung rein biologischer und pflanzlicher Rohstoffe, die ohne Tierversuche auskommen. Es gibt eine Liste der PETA-Tierschutzorganisation, die tierversuchsfreie Marken auff\u00fchrt.<\/p>\n<p><\/p>\n<p><strong><em>Ist vegane Kosmetik grunds\u00e4tzlich besser vertr\u00e4glich als rein pflanzliche?<\/em><\/strong><\/p>\n<p>Pauschal kann man das nicht behaupten. F\u00fcr die Vertr\u00e4glichkeit spielt es keine Rolle. Vegane Kosmetik ist nicht zwangsl\u00e4ufig das Beste, was der Haut passieren kann. Manche vegane Cremes oder Shampoos enthalten synthetische Alternativen, eben weil sie auf tierische Substanzen verzichten. Letztlich k\u00f6nnen fast alle Inhaltsstoffe Allergien und Unvertr\u00e4glichkeiten ausl\u00f6sen \u2013 sowohl pflanzliche als auch synthetische. Um ganz sicherzugehen, was in Ihren Produkten enthalten ist, lesen Sie gr\u00fcndlich die Informationen auf der Verpackung, bzw. dem Beipackzettel, oder fragen Sie Ihren Apotheker.<\/p>\n<p><\/p>\n<p>Und da kommen wir ins Spiel: Sprechen Sie uns mit Ihren Fragen an. Wir beraten Sie gern und individuell.<\/p>\n<p><\/p>\n<p><\/p>\n<p><\/p>\n\n\n<div class=\"wp-block-image\"><figure class=\"alignleft\"><img loading=\"lazy\" decoding=\"async\" width=\"225\" height=\"300\" data-attachment-id=\"6069\" data-permalink=\"https:\/\/www.flora-pharm.de\/blog\/linke-seite-66\/\" data-orig-file=\"https:\/\/www.flora-pharm.de\/blog\/wp-content\/uploads\/2019\/04\/naturheilkunde-und-gesundheit-cover-04-2019.jpg\" data-orig-size=\"450,600\" data-comments-opened=\"1\" data-image-meta=\"{&quot;aperture&quot;:&quot;0&quot;,&quot;credit&quot;:&quot;kahlert&quot;,&quot;camera&quot;:&quot;&quot;,&quot;caption&quot;:&quot;&quot;,&quot;created_timestamp&quot;:&quot;0&quot;,&quot;copyright&quot;:&quot;&quot;,&quot;focal_length&quot;:&quot;0&quot;,&quot;iso&quot;:&quot;0&quot;,&quot;shutter_speed&quot;:&quot;0&quot;,&quot;title&quot;:&quot;Linke Seite&quot;,&quot;orientation&quot;:&quot;1&quot;}\" data-image-title=\"N&amp;#038;G 4\/19\" data-image-description=\"\" data-image-caption=\"&lt;p&gt;Text mit freundlicher Genehmigung der S &amp;#038; D Verlag GmbH. Das komplette &amp;#8222;Naturheilkunde &amp;#038; Gesundheit&amp;#8220; Heft bekommen Sie auch bei uns in der Apotheke.&lt;\/p&gt;\n\" data-large-file=\"https:\/\/www.flora-pharm.de\/blog\/wp-content\/uploads\/2019\/04\/naturheilkunde-und-gesundheit-cover-04-2019.jpg\" src=\"https:\/\/www.flora-pharm.de\/blog\/wp-content\/uploads\/2019\/04\/naturheilkunde-und-gesundheit-cover-04-2019-225x300.jpg\" alt=\"\" class=\"wp-image-6069\" srcset=\"https:\/\/www.flora-pharm.de\/blog\/wp-content\/uploads\/2019\/04\/naturheilkunde-und-gesundheit-cover-04-2019-225x300.jpg 225w, https:\/\/www.flora-pharm.de\/blog\/wp-content\/uploads\/2019\/04\/naturheilkunde-und-gesundheit-cover-04-2019.jpg 450w\" sizes=\"auto, (max-width: 225px) 100vw, 225px\" \/><figcaption>Text mit freundlicher Genehmigung der S &amp; D Verlag GmbH. Das komplette &#8222;Naturheilkunde &amp; Gesundheit&#8220; Heft bekommen Sie auch bei uns in der Apotheke.<\/figcaption><\/figure><\/div>\n","protected":false},"excerpt":{"rendered":"<p>Vegan ist in. Auch in der Kosmetik. Was ist drin und worauf kann sie getrost verzichten? Vegan \u2013 bei dem Begriff denken viele zuerst ans Essen. Kein Fleisch, keine Eier, keine Milch und kein Honig. Was viele nicht wissen: Der totale Verzicht auf tierische Produkte geht weit \u00fcber die Ern\u00e4hrung hinaus. Strenge Veganer tragen keine [&hellip;]<\/p>\n","protected":false},"author":1,"featured_media":6072,"comment_status":"open","ping_status":"open","sticky":false,"template":"","format":"standard","meta":{"jetpack_post_was_ever_published":false,"_jetpack_newsletter_access":"","_jetpack_dont_email_post_to_subs":false,"_jetpack_newsletter_tier_id":0,"_jetpack_memberships_contains_paywalled_content":false,"_jetpack_memberships_contains_paid_content":false,"footnotes":""},"categories":[8],"tags":[99,422,451],"class_list":["post-6091","post","type-post","status-publish","format-standard","has-post-thumbnail","hentry","category-wissenswert","tag-kosmetik","tag-naturheilkunde-und-gesundheit","tag-vegan","has-post-title","has-post-date","has-post-category","has-post-tag","has-post-comment","has-post-author",""],"jetpack_featured_media_url":"https:\/\/www.flora-pharm.de\/blog\/wp-content\/uploads\/2019\/04\/vegane-kosmetik.jpg","jetpack-related-posts":[{"id":4274,"url":"https:\/\/www.flora-pharm.de\/blog\/vegan-leben-warum-eigentlich\/","url_meta":{"origin":6091,"position":0},"title":"Vegan leben \u2013 warum eigentlich?","author":"Flora Team","date":"23. Juni 2017","format":false,"excerpt":"Diese Frage stellen sich viele Menschen, die auf Tierfrei-Produkte und deren Fans sto\u00dfen. Wer Veganer nach ihren Gr\u00fcnden fragt, erh\u00e4lt unterschiedliche Antworten. Meist ist die pers\u00f6nliche Vegan-Philosophie ein Mix aus mehreren Beweggr\u00fcnden! Die Tiere Allein in Deutschland werden j\u00e4hrlich etwa 7,9 Millionen Schweine, H\u00fchner und andere Tiere geschlachtet, weltweit mehr\u2026","rel":"","context":"In &quot;Wissenswert&quot;","block_context":{"text":"Wissenswert","link":"https:\/\/www.flora-pharm.de\/blog\/category\/wissenswert\/"},"img":{"alt_text":"Vegan - Warum - Gr\u00fcnde","src":"https:\/\/i0.wp.com\/www.flora-pharm.de\/blog\/wp-content\/uploads\/2017\/06\/vegan-warum-eigentlich.jpg?resize=350%2C200&ssl=1","width":350,"height":200,"srcset":"https:\/\/i0.wp.com\/www.flora-pharm.de\/blog\/wp-content\/uploads\/2017\/06\/vegan-warum-eigentlich.jpg?resize=350%2C200&ssl=1 1x, https:\/\/i0.wp.com\/www.flora-pharm.de\/blog\/wp-content\/uploads\/2017\/06\/vegan-warum-eigentlich.jpg?resize=525%2C300&ssl=1 1.5x, https:\/\/i0.wp.com\/www.flora-pharm.de\/blog\/wp-content\/uploads\/2017\/06\/vegan-warum-eigentlich.jpg?resize=700%2C400&ssl=1 2x"},"classes":[]},{"id":6291,"url":"https:\/\/www.flora-pharm.de\/blog\/abgeschminkt\/","url_meta":{"origin":6091,"position":1},"title":"Abgeschminkt","author":"Flora Team","date":"15. August 2019","format":false,"excerpt":"Make-Up auftragen ist die eine Sache. Genauso wichtig ist das richtige Abschminken. Welche Utensilien brauchen Sie daf\u00fcr? \u00a0 Stefanie Deckers erkl\u00e4rt die Grundausstattung im Badezimmer \u00a0 B\u00fcrste B\u00fcrste ist nicht gleich B\u00fcrste. Wenn es um die Borsten geht, trennt sich die Spreu vom Weizen. Draht- und Metallborsten strapazieren Haare und\u2026","rel":"","context":"In &quot;Wissenswert&quot;","block_context":{"text":"Wissenswert","link":"https:\/\/www.flora-pharm.de\/blog\/category\/wissenswert\/"},"img":{"alt_text":"Richtig abschminken","src":"https:\/\/i0.wp.com\/www.flora-pharm.de\/blog\/wp-content\/uploads\/2019\/07\/abgeschminkt.jpg?resize=350%2C200&ssl=1","width":350,"height":200,"srcset":"https:\/\/i0.wp.com\/www.flora-pharm.de\/blog\/wp-content\/uploads\/2019\/07\/abgeschminkt.jpg?resize=350%2C200&ssl=1 1x, https:\/\/i0.wp.com\/www.flora-pharm.de\/blog\/wp-content\/uploads\/2019\/07\/abgeschminkt.jpg?resize=525%2C300&ssl=1 1.5x, https:\/\/i0.wp.com\/www.flora-pharm.de\/blog\/wp-content\/uploads\/2019\/07\/abgeschminkt.jpg?resize=700%2C400&ssl=1 2x"},"classes":[]},{"id":2711,"url":"https:\/\/www.flora-pharm.de\/blog\/moringa-oleifera\/","url_meta":{"origin":6091,"position":2},"title":"Moringa oleifera","author":"Flora Team","date":"5. Juni 2015","format":false,"excerpt":"Der Wunderbaum gilt als n\u00e4hrstoffreichste Pflanze und ist ein medizinisches Multitalent. Urspr\u00fcnglich stammt der Moringabaum aus Indien, dort am Fu\u00dfe des Himalajagebirges w\u00e4chst er noch heute. Inzwischen ist er in fast allen tropischen und subtropischen Regionen aller Kontinente verbreitet. In den Ursprungsl\u00e4ndern wird Moringa aufgrund seines hohen N\u00e4hrwertes und seiner\u2026","rel":"","context":"In &quot;Heilpflanzen \/ Arzneipflanzen&quot;","block_context":{"text":"Heilpflanzen \/ Arzneipflanzen","link":"https:\/\/www.flora-pharm.de\/blog\/category\/heilpflanzen-arzneipflanzen\/"},"img":{"alt_text":"NuG-05-2015-cover","src":"https:\/\/i0.wp.com\/www.flora-pharm.de\/blog\/wp-content\/uploads\/2015\/06\/NuG-05-2015-cover-225x300.jpg?resize=350%2C200&ssl=1","width":350,"height":200},"classes":[]},{"id":6632,"url":"https:\/\/www.flora-pharm.de\/blog\/seifen-starke-stuecke\/","url_meta":{"origin":6091,"position":3},"title":"Seifen &#8211; Starke St\u00fccke","author":"Flora Team","date":"6. Januar 2020","format":false,"excerpt":"Lange Zeit fristete das gute alte Seifenst\u00fcck ein Schattendasein. Jetzt feiert es ein Comeback \u2013 im Bad, aber auch als umweltschonender Haushaltshelfer. Wir erkl\u00e4ren, was Kernseife & Co. alles k\u00f6nnen. Ob eckig, rund oder oval \u2013 feste Seife hat viele gute Eigenschaften: Sie ist preisg\u00fcnstig, ergiebig, hat eine hohe Reinigungskraft\u2026","rel":"","context":"In &quot;Wissenswert&quot;","block_context":{"text":"Wissenswert","link":"https:\/\/www.flora-pharm.de\/blog\/category\/wissenswert\/"},"img":{"alt_text":"Seife, Kernseife","src":"https:\/\/i0.wp.com\/www.flora-pharm.de\/blog\/wp-content\/uploads\/2019\/12\/seife-kernseife.jpg?resize=350%2C200&ssl=1","width":350,"height":200,"srcset":"https:\/\/i0.wp.com\/www.flora-pharm.de\/blog\/wp-content\/uploads\/2019\/12\/seife-kernseife.jpg?resize=350%2C200&ssl=1 1x, https:\/\/i0.wp.com\/www.flora-pharm.de\/blog\/wp-content\/uploads\/2019\/12\/seife-kernseife.jpg?resize=525%2C300&ssl=1 1.5x, https:\/\/i0.wp.com\/www.flora-pharm.de\/blog\/wp-content\/uploads\/2019\/12\/seife-kernseife.jpg?resize=700%2C400&ssl=1 2x"},"classes":[]},{"id":4402,"url":"https:\/\/www.flora-pharm.de\/blog\/qollagen-gegen-falten\/","url_meta":{"origin":6091,"position":4},"title":"Qollagen gegen Falten","author":"Flora Team","date":"29. August 2017","format":false,"excerpt":"Kollagen ist ein nat\u00fcrlicher Bestandteil unseres Bindegewebes. Es verleiht der Haut Spannkraft und Stabilit\u00e4t. In jungen Jahren haben wir viel Kollagen und sind deshalb nahezu faltenfrei. Im Lauf unseres Lebens produziert unser K\u00f6rper immer weniger dieser Eiwei\u00dffasern. Mit der Folge, dass unsere Haut nach und nach erschlafft. Kaum eine Frau,\u2026","rel":"","context":"In &quot;Wissenswert&quot;","block_context":{"text":"Wissenswert","link":"https:\/\/www.flora-pharm.de\/blog\/category\/wissenswert\/"},"img":{"alt_text":"","src":"https:\/\/i0.wp.com\/www.flora-pharm.de\/blog\/wp-content\/uploads\/2017\/08\/Qollagen-gegen-Falten.jpg?resize=350%2C200&ssl=1","width":350,"height":200,"srcset":"https:\/\/i0.wp.com\/www.flora-pharm.de\/blog\/wp-content\/uploads\/2017\/08\/Qollagen-gegen-Falten.jpg?resize=350%2C200&ssl=1 1x, https:\/\/i0.wp.com\/www.flora-pharm.de\/blog\/wp-content\/uploads\/2017\/08\/Qollagen-gegen-Falten.jpg?resize=525%2C300&ssl=1 1.5x, https:\/\/i0.wp.com\/www.flora-pharm.de\/blog\/wp-content\/uploads\/2017\/08\/Qollagen-gegen-Falten.jpg?resize=700%2C400&ssl=1 2x"},"classes":[]},{"id":9243,"url":"https:\/\/www.flora-pharm.de\/blog\/vegan-auf-probe-rezept-quinoa-salat\/","url_meta":{"origin":6091,"position":5},"title":"Vegan auf Probe (+Rezept Quinoa-Salat)","author":"Flora Team","date":"30. August 2024","format":false,"excerpt":"Vegan? Tierfreie Ern\u00e4hren?? Neugierig??? Einfach mal ausprobieren! Jetzt ist der beste Zeitpunkt, da Salate und frische Gem\u00fcse Hochsaison haben.","rel":"","context":"In &quot;Rezept&quot;","block_context":{"text":"Rezept","link":"https:\/\/www.flora-pharm.de\/blog\/category\/rezept\/"},"img":{"alt_text":"Vegan auf Probe, einfach mal ausprobieren","src":"https:\/\/i0.wp.com\/www.flora-pharm.de\/blog\/wp-content\/uploads\/2024\/06\/vegan-auf-probe.jpg?resize=350%2C200&ssl=1","width":350,"height":200,"srcset":"https:\/\/i0.wp.com\/www.flora-pharm.de\/blog\/wp-content\/uploads\/2024\/06\/vegan-auf-probe.jpg?resize=350%2C200&ssl=1 1x, https:\/\/i0.wp.com\/www.flora-pharm.de\/blog\/wp-content\/uploads\/2024\/06\/vegan-auf-probe.jpg?resize=525%2C300&ssl=1 1.5x, https:\/\/i0.wp.com\/www.flora-pharm.de\/blog\/wp-content\/uploads\/2024\/06\/vegan-auf-probe.jpg?resize=700%2C400&ssl=1 2x, https:\/\/i0.wp.com\/www.flora-pharm.de\/blog\/wp-content\/uploads\/2024\/06\/vegan-auf-probe.jpg?resize=1050%2C600&ssl=1 3x"},"classes":[]}],"jetpack_sharing_enabled":true,"_links":{"self":[{"href":"https:\/\/www.flora-pharm.de\/blog\/wp-json\/wp\/v2\/posts\/6091","targetHints":{"allow":["GET"]}}],"collection":[{"href":"https:\/\/www.flora-pharm.de\/blog\/wp-json\/wp\/v2\/posts"}],"about":[{"href":"https:\/\/www.flora-pharm.de\/blog\/wp-json\/wp\/v2\/types\/post"}],"author":[{"embeddable":true,"href":"https:\/\/www.flora-pharm.de\/blog\/wp-json\/wp\/v2\/users\/1"}],"replies":[{"embeddable":true,"href":"https:\/\/www.flora-pharm.de\/blog\/wp-json\/wp\/v2\/comments?post=6091"}],"version-history":[{"count":2,"href":"https:\/\/www.flora-pharm.de\/blog\/wp-json\/wp\/v2\/posts\/6091\/revisions"}],"predecessor-version":[{"id":6093,"href":"https:\/\/www.flora-pharm.de\/blog\/wp-json\/wp\/v2\/posts\/6091\/revisions\/6093"}],"wp:featuredmedia":[{"embeddable":true,"href":"https:\/\/www.flora-pharm.de\/blog\/wp-json\/wp\/v2\/media\/6072"}],"wp:attachment":[{"href":"https:\/\/www.flora-pharm.de\/blog\/wp-json\/wp\/v2\/media?parent=6091"}],"wp:term":[{"taxonomy":"category","embeddable":true,"href":"https:\/\/www.flora-pharm.de\/blog\/wp-json\/wp\/v2\/categories?post=6091"},{"taxonomy":"post_tag","embeddable":true,"href":"https:\/\/www.flora-pharm.de\/blog\/wp-json\/wp\/v2\/tags?post=6091"}],"curies":[{"name":"wp","href":"https:\/\/api.w.org\/{rel}","templated":true}]}}