{"id":6299,"date":"2019-08-12T10:14:12","date_gmt":"2019-08-12T08:14:12","guid":{"rendered":"http:\/\/www.flora-pharm.de\/blog\/?p=6299"},"modified":"2019-08-12T10:14:18","modified_gmt":"2019-08-12T08:14:18","slug":"wehrhafter-naturschutz","status":"publish","type":"post","link":"https:\/\/www.flora-pharm.de\/blog\/wehrhafter-naturschutz\/","title":{"rendered":"Wehrhafter Naturschutz"},"content":{"rendered":"<p>Truppen\u00fcbungspl\u00e4tze dienen nicht nur milit\u00e4rischen Zwecken. Sie leisten auch f\u00fcr den Arten- und Naturschutz ganz Erstaunliches.<\/p>\n<p>\u00a0<\/p>\n<p>Es ist kein Zufall, dass die ersten freilebenden W\u00f6lfe \u00fcber einen Truppen\u00fcbungsplatz nach Deutschland gekommen sind. Und auch nicht, dass sich viele andere extrem seltene Tier- und Pflanzenarten ebenfalls ausgerechnet dort wohlf\u00fchlen, wo Panzer rollen und Granaten explodieren. Denn milit\u00e4rische Sperrgebiete werden durch die Art und Weise ihrer Nutzung zu wertvollen R\u00fcckzugsgebieten f\u00fcr eine Vielzahl von Arten mit ganz unterschiedlichen Lebensraumanspr\u00fcchen.<\/p>\n<p>\u00a0<\/p>\n<h2>Optimale Bedingungen<\/h2>\n<p>Bei Truppen\u00fcbungspl\u00e4tzen kommen drei Faktoren zusammen, die sie zu Hotspots der Artenvielfalt werden lassen.<\/p>\n<p>Denn sie umfassen erstens eine sehr gro\u00dfe Fl\u00e4che. So haben beispielsweise der Truppen\u00fcbungsplatz Bergen in Niedersachsen mit einer Fl\u00e4che von 28.700 Hektar oder das Milit\u00e4rgel\u00e4nde Grafenw\u00f6hr in der bayerischen Oberpfalz mit 22.800 Hektar jeweils fast die Gr\u00f6\u00dfe von Nationalparks wie dem Nationalpark M\u00fcritz (31.800 Hektar), dem Nationalpark Bayerischer Wald (24.250 Hektar) oder dem Naturschutzgebiet L\u00fcneburger Heide (23.440 Hektar). Milit\u00e4rische Sperrgebiete sind naturgem\u00e4\u00df frei von Siedlungen und landwirtschaftlichen Fl\u00e4chen und zudem kaum von Stra\u00dfen zerschnitten.<\/p>\n<p>Zweitens werden Truppen\u00fcbungspl\u00e4tze h\u00e4ufig bereits seit Jahrzehnten milit\u00e4risch genutzt. Die Natur hat somit viel Zeit, sich weitgehend ungest\u00f6rt zu entwickeln.<\/p>\n<p>Und drittens tragen die Man\u00f6ver\u00fcbungen zur Landschaftsvielfalt bei. So werden f\u00fcr Schie\u00df\u00fcbungen gro\u00dfe Fl\u00e4chen baumfrei gehalten, wor\u00fcber sich beispielsweise so seltene Offenlandarten wie Heidelerchen oder Wildbienen sehr freuen. Durch den Einsatz von schwerem Milit\u00e4rger\u00e4t bricht mancherorts der Boden auf oder wird verdichtet, so dass kleine T\u00fcmpel entstehen k\u00f6nnen. Diese werden nach und nach zum Lebensraum von seltenen Amphibien wie etwa Kreuzkr\u00f6ten oder Gelbbauchunken und zahlreichen Wasserinsektenarten.<\/p>\n<p>\u00a0<\/p>\n<h2>\u00d6kologische Trittsteine<\/h2>\n<p>Wie wichtig Milit\u00e4rfl\u00e4chen f\u00fcr die Wiederansiedelung und Ausbreitung seltener Tierarten sind, zeigt eine im Februar dieses Jahres ver\u00f6ffentlichte Studie von Wildbiologen \u00fcber das Verhalten von W\u00f6lfen. Die Forscher konnten belegen, dass in neu besiedelten Wolfs-Regionen die ersten Reviere der grauen J\u00e4ger nicht in Naturschutzgebieten, sondern immer auf Truppen\u00fcbungspl\u00e4tzen zu finden waren. Milit\u00e4rische Sperrgebiete dienen somit als \u00f6kologische \u201eTrittsteine\u201c, die nicht nur dem Wolf, sondern auch vielen anderen Tierarten wie Wildkatzen, Schwarzst\u00f6rchen, Hirschk\u00e4fern oder Flederm\u00e4usen helfen, neue Lebensr\u00e4ume zu erobern.<\/p>\n<p>\u00a0<\/p>\n<h2>Ungest\u00f6rte Refugien<\/h2>\n<p>In Zeiten ohne milit\u00e4rischen Betrieb sind Truppen\u00fcbungspl\u00e4tz nahezu menschenleer. Denn aufgrund umherliegender Munitionsreste und Blindg\u00e4nger sind sie f\u00fcr zivile Besucher absolut tabu. Was naturverbundene B\u00fcrger entt\u00e4uschen mag, hat f\u00fcr die darin lebenden Wildtiere den unsch\u00e4tzbaren Vorteil, weitgehend ungest\u00f6rt leben zu k\u00f6nnen. Eine gute M\u00f6glichkeit, Wildtiere in ihrem nat\u00fcrlichen Lebensraum zu beobachten, sind aber ehemalige, stillgelegte milit\u00e4rische Sperrzonen wie beispielsweise M\u00fcnsingen auf der Schw\u00e4bischen Alb oder die D\u00f6beritzer Heide vor den Toren Berlins. Hier wurden die Munitionsreste zumindest teilweise ger\u00e4umt, sodass Besucher in der sehr urspr\u00fcnglichen Landschaft auf ausgewiesenen Wegen gefahrlos auf Entdeckungstour gehen k\u00f6nnen.<\/p>\n<p>\u00a0<\/p>\n<p>Auch hier bei uns in Hannover gibt es einen Standort\u00fcbungsplatz, den Anreiner au\u00dferhalb von \u00dcbungen f\u00fcr den Spaziergang mit und ohne Hund nutzen (hier ist das auf eigene Gefahr erlaubt, vgl. Titelbild), der vielen Tieren als Heimat oder Zwischenstation dient und der eine weitere gr\u00fcne Lunge der Stadt ist.<\/p>\n<p>\u00a0<\/p>\n<p>\u00a0<\/p>\n\n\n<div class=\"wp-block-image\"><figure class=\"aligncenter\"><img loading=\"lazy\" decoding=\"async\" width=\"225\" height=\"300\" data-attachment-id=\"6275\" data-permalink=\"https:\/\/www.flora-pharm.de\/blog\/linke-seite-73\/\" data-orig-file=\"https:\/\/www.flora-pharm.de\/blog\/wp-content\/uploads\/2019\/07\/unsere-besten-freunde-cover-07-2019.jpg\" data-orig-size=\"450,600\" data-comments-opened=\"1\" data-image-meta=\"{&quot;aperture&quot;:&quot;0&quot;,&quot;credit&quot;:&quot;kahlert&quot;,&quot;camera&quot;:&quot;&quot;,&quot;caption&quot;:&quot;&quot;,&quot;created_timestamp&quot;:&quot;0&quot;,&quot;copyright&quot;:&quot;&quot;,&quot;focal_length&quot;:&quot;0&quot;,&quot;iso&quot;:&quot;0&quot;,&quot;shutter_speed&quot;:&quot;0&quot;,&quot;title&quot;:&quot;Linke Seite&quot;,&quot;orientation&quot;:&quot;1&quot;}\" data-image-title=\"\" data-image-description=\"\" data-image-caption=\"&lt;p&gt;Text mit freundlicher Genehmigung der S &amp;#038; D Verlag GmbH. Das komplette &amp;#8222;Unsere besten Freunde&amp;#8220; Heft bekommen Sie auch bei uns in der Apotheke.&lt;\/p&gt;\n\" data-large-file=\"https:\/\/www.flora-pharm.de\/blog\/wp-content\/uploads\/2019\/07\/unsere-besten-freunde-cover-07-2019.jpg\" src=\"https:\/\/www.flora-pharm.de\/blog\/wp-content\/uploads\/2019\/07\/unsere-besten-freunde-cover-07-2019-225x300.jpg\" alt=\"cover UbF 7\/19\" class=\"wp-image-6275\" srcset=\"https:\/\/www.flora-pharm.de\/blog\/wp-content\/uploads\/2019\/07\/unsere-besten-freunde-cover-07-2019-225x300.jpg 225w, https:\/\/www.flora-pharm.de\/blog\/wp-content\/uploads\/2019\/07\/unsere-besten-freunde-cover-07-2019.jpg 450w\" sizes=\"auto, (max-width: 225px) 100vw, 225px\" \/><figcaption>Text mit freundlicher Genehmigung der S &amp; D Verlag GmbH. Das komplette &#8222;Unsere besten Freunde&#8220; Heft bekommen Sie auch bei uns in der Apotheke.<\/figcaption><\/figure><\/div>\n","protected":false},"excerpt":{"rendered":"<p>Truppen\u00fcbungspl\u00e4tze dienen nicht nur milit\u00e4rischen Zwecken. Sie leisten auch f\u00fcr den Arten- und Naturschutz ganz Erstaunliches. \u00a0 Es ist kein Zufall, dass die ersten freilebenden W\u00f6lfe \u00fcber einen Truppen\u00fcbungsplatz nach Deutschland gekommen sind. Und auch nicht, dass sich viele andere extrem seltene Tier- und Pflanzenarten ebenfalls ausgerechnet dort wohlf\u00fchlen, wo Panzer rollen und Granaten explodieren. [&hellip;]<\/p>\n","protected":false},"author":1,"featured_media":6276,"comment_status":"open","ping_status":"open","sticky":false,"template":"","format":"standard","meta":{"jetpack_post_was_ever_published":false,"_jetpack_newsletter_access":"","_jetpack_dont_email_post_to_subs":false,"_jetpack_newsletter_tier_id":0,"_jetpack_memberships_contains_paywalled_content":false,"_jetpack_memberships_contains_paid_content":false,"footnotes":""},"categories":[33,8],"tags":[580],"class_list":["post-6299","post","type-post","status-publish","format-standard","has-post-thumbnail","hentry","category-haustiere","category-wissenswert","tag-unsere-besten-freunde","has-post-title","has-post-date","has-post-category","has-post-tag","has-post-comment","has-post-author",""],"jetpack_featured_media_url":"https:\/\/www.flora-pharm.de\/blog\/wp-content\/uploads\/2019\/07\/wehrhafter-naturschutz.jpg","jetpack-related-posts":[{"id":6109,"url":"https:\/\/www.flora-pharm.de\/blog\/streit-um-die-waschbaeren\/","url_meta":{"origin":6299,"position":0},"title":"Streit um die Waschb\u00e4ren","author":"Flora Team","date":"7. Mai 2019","format":false,"excerpt":"Weil sie in der N\u00e4he des Menschen alles f\u00fcr ein bequemes Leben vorfinden, quartieren sich immer mehr Waschb\u00e4ren in D\u00f6rfern und St\u00e4dten ein. Das gef\u00e4llt nicht jedem. Die Ausbreitung der putzigen Kleinb\u00e4ren mit der schwarzen Augenmaske sorgt in den betroffenen Gebieten zunehmend f\u00fcr \u00c4rger. Ob ein Waschb\u00e4r unter dem Dach\u2026","rel":"","context":"In &quot;Wissenswert&quot;","block_context":{"text":"Wissenswert","link":"https:\/\/www.flora-pharm.de\/blog\/category\/wissenswert\/"},"img":{"alt_text":"Waschb\u00e4ren","src":"https:\/\/i0.wp.com\/www.flora-pharm.de\/blog\/wp-content\/uploads\/2019\/04\/waschbaer.jpg?resize=350%2C200&ssl=1","width":350,"height":200,"srcset":"https:\/\/i0.wp.com\/www.flora-pharm.de\/blog\/wp-content\/uploads\/2019\/04\/waschbaer.jpg?resize=350%2C200&ssl=1 1x, https:\/\/i0.wp.com\/www.flora-pharm.de\/blog\/wp-content\/uploads\/2019\/04\/waschbaer.jpg?resize=525%2C300&ssl=1 1.5x, https:\/\/i0.wp.com\/www.flora-pharm.de\/blog\/wp-content\/uploads\/2019\/04\/waschbaer.jpg?resize=700%2C400&ssl=1 2x"},"classes":[]},{"id":11801,"url":"https:\/\/www.flora-pharm.de\/blog\/vitamin-e-enorm-effizient\/","url_meta":{"origin":6299,"position":1},"title":"Vitamin E &#8211; Enorm effizient","author":"Flora Team","date":"2. Februar 2026","format":false,"excerpt":"Vitamin E ist ein Tausendsassa f\u00fcr Gesundheit und Wohlbefinden. Wissen Sie, was es alles kann und wo Sie genug Nachschub finden?","rel":"","context":"In &quot;Orthomolekulare Medizin&quot;","block_context":{"text":"Orthomolekulare Medizin","link":"https:\/\/www.flora-pharm.de\/blog\/category\/orthomolekulare-medizin\/"},"img":{"alt_text":"Vitamin E findet sich u.a. in den abgebildeten, zu einem Salat kombinierten Lebensmitteln wie L\u00d6achs, Avocardo, Mango, Tomate etc. Das Bild ist KI generiert.","src":"https:\/\/i0.wp.com\/www.flora-pharm.de\/blog\/wp-content\/uploads\/2025\/10\/vitamin-e-enorm-effizient.jpg?resize=350%2C200&ssl=1","width":350,"height":200,"srcset":"https:\/\/i0.wp.com\/www.flora-pharm.de\/blog\/wp-content\/uploads\/2025\/10\/vitamin-e-enorm-effizient.jpg?resize=350%2C200&ssl=1 1x, https:\/\/i0.wp.com\/www.flora-pharm.de\/blog\/wp-content\/uploads\/2025\/10\/vitamin-e-enorm-effizient.jpg?resize=525%2C300&ssl=1 1.5x, https:\/\/i0.wp.com\/www.flora-pharm.de\/blog\/wp-content\/uploads\/2025\/10\/vitamin-e-enorm-effizient.jpg?resize=700%2C400&ssl=1 2x, https:\/\/i0.wp.com\/www.flora-pharm.de\/blog\/wp-content\/uploads\/2025\/10\/vitamin-e-enorm-effizient.jpg?resize=1050%2C600&ssl=1 3x"},"classes":[]},{"id":4368,"url":"https:\/\/www.flora-pharm.de\/blog\/entgiften-mit-pilzen\/","url_meta":{"origin":6299,"position":2},"title":"Entgiften mit Pilzen","author":"Flora Team","date":"21. August 2017","format":false,"excerpt":"Heilverfahren aus der Traditionellen Chinesischen Medizin (TCM) Pilze sind Wunderwerke der Natur. Sie entziehen dem Boden Gifte und wandeln Abbaumaterial in N\u00e4hrstoffe um. Pilze sind die Recycletruppe im Wald und bieten die Grundlage neuen Lebens. Was Pilze f\u00fcr den Menschen leisten k\u00f6nnen, wissen asiatische \u00c4rzte seit Jahrtausenden. Vitalpilze haben seit\u2026","rel":"","context":"In &quot;Heilpflanzen \/ Arzneipflanzen&quot;","block_context":{"text":"Heilpflanzen \/ Arzneipflanzen","link":"https:\/\/www.flora-pharm.de\/blog\/category\/heilpflanzen-arzneipflanzen\/"},"img":{"alt_text":"Vitalpilze zur Entgiftung","src":"https:\/\/i0.wp.com\/www.flora-pharm.de\/blog\/wp-content\/uploads\/2017\/08\/Entgiften-mit-Pilzen.jpg?resize=350%2C200&ssl=1","width":350,"height":200,"srcset":"https:\/\/i0.wp.com\/www.flora-pharm.de\/blog\/wp-content\/uploads\/2017\/08\/Entgiften-mit-Pilzen.jpg?resize=350%2C200&ssl=1 1x, https:\/\/i0.wp.com\/www.flora-pharm.de\/blog\/wp-content\/uploads\/2017\/08\/Entgiften-mit-Pilzen.jpg?resize=525%2C300&ssl=1 1.5x, https:\/\/i0.wp.com\/www.flora-pharm.de\/blog\/wp-content\/uploads\/2017\/08\/Entgiften-mit-Pilzen.jpg?resize=700%2C400&ssl=1 2x"},"classes":[]},{"id":6295,"url":"https:\/\/www.flora-pharm.de\/blog\/selbstbestimmt-durchs-leben\/","url_meta":{"origin":6299,"position":3},"title":"Selbstbestimmt durchs Leben","author":"Flora Team","date":"14. August 2019","format":false,"excerpt":"Nina Ruge im Interview: \u201eAlles wird gut, wenn ich mich achtsam um meinen K\u00f6rper, mein Seelenleben und um Mitmensch, Tier und Umwelt k\u00fcmmere.\u201c \u00a0 Als TV-Moderatorin wurde Nina Ruge (62) bekannt. Heute engagiert sie sich im Natur- und Tierschutz, schreibt tiefgr\u00fcndige Sachb\u00fccher und sucht abends \u201eGoldnuggets\u201c \u2013 kleine, kostbare Gl\u00fccksmomente.\u2026","rel":"","context":"In &quot;Wissenswert&quot;","block_context":{"text":"Wissenswert","link":"https:\/\/www.flora-pharm.de\/blog\/category\/wissenswert\/"},"img":{"alt_text":"Interview Nina Ruge: Selbstbestimmt","src":"https:\/\/i0.wp.com\/www.flora-pharm.de\/blog\/wp-content\/uploads\/2019\/07\/selbstbestimmt-ruge.jpg?resize=350%2C200&ssl=1","width":350,"height":200,"srcset":"https:\/\/i0.wp.com\/www.flora-pharm.de\/blog\/wp-content\/uploads\/2019\/07\/selbstbestimmt-ruge.jpg?resize=350%2C200&ssl=1 1x, https:\/\/i0.wp.com\/www.flora-pharm.de\/blog\/wp-content\/uploads\/2019\/07\/selbstbestimmt-ruge.jpg?resize=525%2C300&ssl=1 1.5x, https:\/\/i0.wp.com\/www.flora-pharm.de\/blog\/wp-content\/uploads\/2019\/07\/selbstbestimmt-ruge.jpg?resize=700%2C400&ssl=1 2x"},"classes":[]},{"id":7958,"url":"https:\/\/www.flora-pharm.de\/blog\/tatort-mensch-wunderwerk-immunsystem\/","url_meta":{"origin":6299,"position":4},"title":"Tatort Mensch \u2013 Wunderwerk Immunsystem","author":"Flora Team","date":"22. November 2021","format":false,"excerpt":"Die Abwehrkr\u00e4fte ganzheitlich st\u00e4rken und gesund bleiben. Wir stellen Ihnen die Hauptdarsteller im Wunderwerk Immunsystem vor","rel":"","context":"In &quot;Wissenswert&quot;","block_context":{"text":"Wissenswert","link":"https:\/\/www.flora-pharm.de\/blog\/category\/wissenswert\/"},"img":{"alt_text":"Hauptakteure des Immunsystems","src":"https:\/\/i0.wp.com\/www.flora-pharm.de\/blog\/wp-content\/uploads\/2021\/10\/tartort-mensch-immunsystem.jpg?resize=350%2C200&ssl=1","width":350,"height":200,"srcset":"https:\/\/i0.wp.com\/www.flora-pharm.de\/blog\/wp-content\/uploads\/2021\/10\/tartort-mensch-immunsystem.jpg?resize=350%2C200&ssl=1 1x, https:\/\/i0.wp.com\/www.flora-pharm.de\/blog\/wp-content\/uploads\/2021\/10\/tartort-mensch-immunsystem.jpg?resize=525%2C300&ssl=1 1.5x, https:\/\/i0.wp.com\/www.flora-pharm.de\/blog\/wp-content\/uploads\/2021\/10\/tartort-mensch-immunsystem.jpg?resize=700%2C400&ssl=1 2x"},"classes":[]},{"id":8667,"url":"https:\/\/www.flora-pharm.de\/blog\/die-kleine-braunelle\/","url_meta":{"origin":6299,"position":5},"title":"Die kleine Braunelle","author":"Flora Team","date":"6. M\u00e4rz 2023","format":false,"excerpt":"Die Kleine Braunelle (Prunella vulgaris) ist die \u201eBlume des Jahres 2023\u201c. Sie ist wild, robust, aber leider selten geworden.","rel":"","context":"In &quot;Wissenswert&quot;","block_context":{"text":"Wissenswert","link":"https:\/\/www.flora-pharm.de\/blog\/category\/wissenswert\/"},"img":{"alt_text":"Kleine Braunelle","src":"https:\/\/i0.wp.com\/www.flora-pharm.de\/blog\/wp-content\/uploads\/2023\/06\/kleine-braunelle2.jpg?resize=350%2C200&ssl=1","width":350,"height":200,"srcset":"https:\/\/i0.wp.com\/www.flora-pharm.de\/blog\/wp-content\/uploads\/2023\/06\/kleine-braunelle2.jpg?resize=350%2C200&ssl=1 1x, https:\/\/i0.wp.com\/www.flora-pharm.de\/blog\/wp-content\/uploads\/2023\/06\/kleine-braunelle2.jpg?resize=525%2C300&ssl=1 1.5x, https:\/\/i0.wp.com\/www.flora-pharm.de\/blog\/wp-content\/uploads\/2023\/06\/kleine-braunelle2.jpg?resize=700%2C400&ssl=1 2x, https:\/\/i0.wp.com\/www.flora-pharm.de\/blog\/wp-content\/uploads\/2023\/06\/kleine-braunelle2.jpg?resize=1050%2C600&ssl=1 3x"},"classes":[]}],"jetpack_sharing_enabled":true,"_links":{"self":[{"href":"https:\/\/www.flora-pharm.de\/blog\/wp-json\/wp\/v2\/posts\/6299","targetHints":{"allow":["GET"]}}],"collection":[{"href":"https:\/\/www.flora-pharm.de\/blog\/wp-json\/wp\/v2\/posts"}],"about":[{"href":"https:\/\/www.flora-pharm.de\/blog\/wp-json\/wp\/v2\/types\/post"}],"author":[{"embeddable":true,"href":"https:\/\/www.flora-pharm.de\/blog\/wp-json\/wp\/v2\/users\/1"}],"replies":[{"embeddable":true,"href":"https:\/\/www.flora-pharm.de\/blog\/wp-json\/wp\/v2\/comments?post=6299"}],"version-history":[{"count":2,"href":"https:\/\/www.flora-pharm.de\/blog\/wp-json\/wp\/v2\/posts\/6299\/revisions"}],"predecessor-version":[{"id":6306,"href":"https:\/\/www.flora-pharm.de\/blog\/wp-json\/wp\/v2\/posts\/6299\/revisions\/6306"}],"wp:featuredmedia":[{"embeddable":true,"href":"https:\/\/www.flora-pharm.de\/blog\/wp-json\/wp\/v2\/media\/6276"}],"wp:attachment":[{"href":"https:\/\/www.flora-pharm.de\/blog\/wp-json\/wp\/v2\/media?parent=6299"}],"wp:term":[{"taxonomy":"category","embeddable":true,"href":"https:\/\/www.flora-pharm.de\/blog\/wp-json\/wp\/v2\/categories?post=6299"},{"taxonomy":"post_tag","embeddable":true,"href":"https:\/\/www.flora-pharm.de\/blog\/wp-json\/wp\/v2\/tags?post=6299"}],"curies":[{"name":"wp","href":"https:\/\/api.w.org\/{rel}","templated":true}]}}