{"id":6428,"date":"2019-09-23T09:56:06","date_gmt":"2019-09-23T07:56:06","guid":{"rendered":"http:\/\/www.flora-pharm.de\/blog\/?p=6428"},"modified":"2019-09-23T09:56:12","modified_gmt":"2019-09-23T07:56:12","slug":"gendermedizin-der-kleine-unterschied","status":"publish","type":"post","link":"https:\/\/www.flora-pharm.de\/blog\/gendermedizin-der-kleine-unterschied\/","title":{"rendered":"Gendermedizin &#8211; Der kleine Unterschied"},"content":{"rendered":"<p>Frauen sind keine M\u00e4nner \u2013 in der Welt der Medizin eine eher neue Erkenntnis.<\/p>\n<p>Der weibliche K\u00f6rper kommt mit Besonderheiten daher, die anf\u00e4llig f\u00fcr bestimmte Beschwerden machen, aber nicht per se nachteilig oder gar ein Zeichen f\u00fcr Schw\u00e4che sind. Das lockere <a href=\"https:\/\/www.flora-pharm.de\/blog\/straffes-bindegewebe\/\">Bindegewebe<\/a> beispielsweise l\u00e4sst zwar mit der Zeit <a href=\"https:\/\/www.flora-pharm.de\/blog\/cellulite-braucht-ein-behandlungskonzept\/\">Orangenhaut<\/a> und Krampfadern entstehen. Daf\u00fcr schafft es in der <a href=\"https:\/\/www.flora-pharm.de\/blog\/tag\/schwangerschaft\/\">Schwangerschaft<\/a> genug Platz f\u00fcr ein Baby.<\/p>\n<p><\/p>\n<p><em>Von Saskia Fechte<\/em><\/p>\n<p><\/p>\n<p>Weitere Beispiele: Durch den monatlichen Blutverlust steigt das Risiko f\u00fcr einen <a href=\"https:\/\/www.flora-pharm.de\/blog\/eisenmangel-erkennen-und-reagieren\/\">Eisenmangel<\/a>; das aktivere Immunsystem l\u00f6st h\u00e4ufiger <a href=\"https:\/\/www.flora-pharm.de\/blog\/autoimmunerkrankungen-fehler-im-system\/\">Autoimmunerkrankungen<\/a> aus. Solche vermeintlichen Schwachpunkte basieren jedoch auf positiven Absichten: Schwangerschaften zu erm\u00f6glichen und einen bestm\u00f6glichen Schutz f\u00fcr Mutter und Kind zu erreichen.<\/p>\n<p><\/p>\n<h2>Gesundheit im Blick<\/h2>\n<p>Zu den organischen Unterschieden gesellt sich h\u00f6here Achtsamkeit. Dass Frauen ein besseres Gef\u00fchl f\u00fcr ihren K\u00f6rper haben oder mehr R\u00fccksicht auf ihn nehmen, ist schwer zu beweisen. Sie gehen jedenfalls eher und h\u00e4ufiger zum Arzt und nutzen mehr Vorsorgema\u00dfnahmen. Sie vermeiden Risiken und sprechen \u00f6fter \u00fcber ihr Befinden. So manche Frau ist die Gesundheitsmanagerin f\u00fcr die ganze Familie: Sie koordiniert Arzttermine, Impfungen und die Einnahme von Medikamenten.<\/p>\n<p><\/p>\n<h2>Weiblich = unspezifisch<\/h2>\n<p>Trotzdem werden selbst schwerwiegende Gesundheitsprobleme bei Frauen seltener erkannt. Denn das Fach Medizin orientiert sich an der M\u00e4nnerwelt. Forschung, Diagnostik und Therapie st\u00fctzen sich auf Beobachtungen an Menschen und M\u00e4usen mit Y-Chromosom. Ein Organismus ohne Monatszyklus ist eben einfacher zu analysieren. F\u00fcr Frauen ergeben sich dadurch Nachteile. Beispiel Herzinfarkt: Die Alarmzeichen, die wir als Notfallsignale gelernt haben \u2013 Schmerzen in der Brust, Atemnot \u2013 sind bei Frauen \u00fcberhaupt nicht typisch. Stattdessen k\u00fcndigt sich der weibliche <a href=\"https:\/\/www.flora-pharm.de\/blog\/herzinfarkt-informationen-symptome-erkennen-und-handeln-prophylaxe\/\">Herzinfarkt<\/a> eher mit \u00dcbelkeit, Engegef\u00fchl und Schmerzen in R\u00fccken und Oberbauch an. Unspezifische Beschwerden nennt das die Medizin dann. Diese Sichtweise f\u00fchrt dazu, dass viele Frauen ihre Diagnose sp\u00e4ter als M\u00e4nner erhalten. Ihre Medikamente sind oft \u00fcberdosiert, denn der weibliche K\u00f6rper braucht l\u00e4nger f\u00fcr die Verarbeitung.<\/p>\n<p>Es gibt Hoffnung: Seit etwa 30 Jahren entwickelt sich die Gendermedizin, die geschlechtsspezifische Unterschiede bei klinischen Studien, in Diagnose und Therapie ber\u00fccksichtigt.<\/p>\n<p><\/p>\n<p>Beispielhaft f\u00fcr die Gendermedizin:<\/p>\n<ul>\n<li><a href=\"https:\/\/www.flora-pharm.de\/blog\/migraene-nicht-einfach-kopfweh\/\">Migr\u00e4ne, nicht einfach Kopfweh<\/a><\/li>\n<\/ul>\n<p><\/p>\n<p>Sprechen Sie uns bei Fragen einfach an, wir beraten Sie gern. Nat\u00fcrlich individuell und damit auch geschlechtsspezifisch.<\/p>\n<p><\/p>\n<p><\/p>\n\n\n<div class=\"wp-block-image\"><figure class=\"aligncenter\"><img loading=\"lazy\" decoding=\"async\" width=\"242\" height=\"300\" data-attachment-id=\"6391\" data-permalink=\"https:\/\/www.flora-pharm.de\/blog\/fug-27\/\" data-orig-file=\"https:\/\/www.flora-pharm.de\/blog\/wp-content\/uploads\/2019\/09\/natuerlich-frau-cover-09-2019.jpg\" data-orig-size=\"450,557\" data-comments-opened=\"1\" data-image-meta=\"{&quot;aperture&quot;:&quot;0&quot;,&quot;credit&quot;:&quot;koplin&quot;,&quot;camera&quot;:&quot;&quot;,&quot;caption&quot;:&quot;&quot;,&quot;created_timestamp&quot;:&quot;0&quot;,&quot;copyright&quot;:&quot;&quot;,&quot;focal_length&quot;:&quot;0&quot;,&quot;iso&quot;:&quot;0&quot;,&quot;shutter_speed&quot;:&quot;0&quot;,&quot;title&quot;:&quot;FuG&quot;,&quot;orientation&quot;:&quot;1&quot;}\" data-image-title=\"\" data-image-description=\"\" data-image-caption=\"&lt;p&gt;Text mit freundlicher Genehmigung der S&amp;#038;D Verlag GmbH. Die komplette &amp;#8222;nat\u00fcrlich Frau&amp;#8220; bekommen Sie auch bei uns in der Apotheke als monatliches Special in der &amp;#8222;Naturheilkunde &amp;#038; Gesundheit&amp;#8220;.&lt;\/p&gt;\n\" data-large-file=\"https:\/\/www.flora-pharm.de\/blog\/wp-content\/uploads\/2019\/09\/natuerlich-frau-cover-09-2019.jpg\" src=\"https:\/\/www.flora-pharm.de\/blog\/wp-content\/uploads\/2019\/09\/natuerlich-frau-cover-09-2019-242x300.jpg\" alt=\"natuerlich-frau-cover-09-2019\" class=\"wp-image-6391\" srcset=\"https:\/\/www.flora-pharm.de\/blog\/wp-content\/uploads\/2019\/09\/natuerlich-frau-cover-09-2019-242x300.jpg 242w, https:\/\/www.flora-pharm.de\/blog\/wp-content\/uploads\/2019\/09\/natuerlich-frau-cover-09-2019.jpg 450w\" sizes=\"auto, (max-width: 242px) 100vw, 242px\" \/><figcaption>Text mit freundlicher Genehmigung der S&amp;D Verlag GmbH. Die komplette &#8222;nat\u00fcrlich Frau&#8220; bekommen Sie auch bei uns in der Apotheke als monatliches Special in der &#8222;Naturheilkunde &amp; Gesundheit&#8220;.<\/figcaption><\/figure><\/div>\n","protected":false},"excerpt":{"rendered":"<p>Frauen sind keine M\u00e4nner \u2013 in der Welt der Medizin eine eher neue Erkenntnis. Der weibliche K\u00f6rper kommt mit Besonderheiten daher, die anf\u00e4llig f\u00fcr bestimmte Beschwerden machen, aber nicht per se nachteilig oder gar ein Zeichen f\u00fcr Schw\u00e4che sind. Das lockere Bindegewebe beispielsweise l\u00e4sst zwar mit der Zeit Orangenhaut und Krampfadern entstehen. Daf\u00fcr schafft es [&hellip;]<\/p>\n","protected":false},"author":1,"featured_media":6387,"comment_status":"open","ping_status":"open","sticky":false,"template":"","format":"standard","meta":{"jetpack_post_was_ever_published":false,"_jetpack_newsletter_access":"","_jetpack_dont_email_post_to_subs":false,"_jetpack_newsletter_tier_id":0,"_jetpack_memberships_contains_paywalled_content":false,"_jetpack_memberships_contains_paid_content":false,"footnotes":""},"categories":[8],"tags":[631,506],"class_list":["post-6428","post","type-post","status-publish","format-standard","has-post-thumbnail","hentry","category-wissenswert","tag-gendermedizin","tag-natuerlich-frau","has-post-title","has-post-date","has-post-category","has-post-tag","has-post-comment","has-post-author",""],"jetpack_featured_media_url":"https:\/\/www.flora-pharm.de\/blog\/wp-content\/uploads\/2019\/09\/gendermedizin.jpg","jetpack-related-posts":[{"id":6401,"url":"https:\/\/www.flora-pharm.de\/blog\/migraene-nicht-einfach-kopfweh\/","url_meta":{"origin":6428,"position":0},"title":"Migr\u00e4ne, nicht einfach Kopfweh","author":"Flora Team","date":"16. September 2019","format":false,"excerpt":"Kein Vorwand, sondern echte Qual. Trotzdem werden Migr\u00e4nepatientinnen oft nicht ernst genommen.Beispielhaft und vor dem Hintergrund der Gendermedizin zeigen wir im Zusammenhang mit dieser Problematik auch das Vorurteil auf, mit dem betroffene Frauen zus\u00e4tzlich zu k\u00e4mpfen haben. \u00a0 Von Saskia Fechte \u00a0 Das Vorurteil Migr\u00e4ne, eine Erfindung schlecht gelaunter Frauen?\u2026","rel":"","context":"In &quot;Wissenswert&quot;","block_context":{"text":"Wissenswert","link":"https:\/\/www.flora-pharm.de\/blog\/category\/wissenswert\/"},"img":{"alt_text":"Migr\u00e4ne","src":"https:\/\/i0.wp.com\/www.flora-pharm.de\/blog\/wp-content\/uploads\/2019\/09\/migraene-frau.jpg?resize=350%2C200&ssl=1","width":350,"height":200,"srcset":"https:\/\/i0.wp.com\/www.flora-pharm.de\/blog\/wp-content\/uploads\/2019\/09\/migraene-frau.jpg?resize=350%2C200&ssl=1 1x, https:\/\/i0.wp.com\/www.flora-pharm.de\/blog\/wp-content\/uploads\/2019\/09\/migraene-frau.jpg?resize=525%2C300&ssl=1 1.5x, https:\/\/i0.wp.com\/www.flora-pharm.de\/blog\/wp-content\/uploads\/2019\/09\/migraene-frau.jpg?resize=700%2C400&ssl=1 2x"},"classes":[]},{"id":6444,"url":"https:\/\/www.flora-pharm.de\/blog\/schilddruesenstoerungen-drunter-und-drueber\/","url_meta":{"origin":6428,"position":1},"title":"Schilddr\u00fcsenst\u00f6rungen \u2013 Drunter und dr\u00fcber","author":"Flora Team","date":"30. September 2019","format":false,"excerpt":"Die Schilddr\u00fcse kann den Organismus auf zweierlei Arten durcheinanderbringen: wenn sie \u00fcberaktiv ist oder ihre Arbeit reduziert. Beispielhaft und vor dem Hintergrund der Gendermedizin zeigen wir im Zusammenhang mit dieser Problematik auch das Vorurteil auf, mit dem betroffene Frauen zus\u00e4tzlich zu k\u00e4mpfen haben. Von Saskia Fechte \u00a0 Das Vorurteil An\u2026","rel":"","context":"In &quot;Wissenswert&quot;","block_context":{"text":"Wissenswert","link":"https:\/\/www.flora-pharm.de\/blog\/category\/wissenswert\/"},"img":{"alt_text":"Schilddr\u00fcse - Drunter und dr\u00fcber","src":"https:\/\/i0.wp.com\/www.flora-pharm.de\/blog\/wp-content\/uploads\/2019\/09\/schilddruesenstoerungen.jpg?resize=350%2C200&ssl=1","width":350,"height":200,"srcset":"https:\/\/i0.wp.com\/www.flora-pharm.de\/blog\/wp-content\/uploads\/2019\/09\/schilddruesenstoerungen.jpg?resize=350%2C200&ssl=1 1x, https:\/\/i0.wp.com\/www.flora-pharm.de\/blog\/wp-content\/uploads\/2019\/09\/schilddruesenstoerungen.jpg?resize=525%2C300&ssl=1 1.5x, https:\/\/i0.wp.com\/www.flora-pharm.de\/blog\/wp-content\/uploads\/2019\/09\/schilddruesenstoerungen.jpg?resize=700%2C400&ssl=1 2x"},"classes":[]},{"id":5124,"url":"https:\/\/www.flora-pharm.de\/blog\/endometriose-behandlung-nach-tcm\/","url_meta":{"origin":6428,"position":2},"title":"Endometriose &#8211; Behandlung nach TCM","author":"Flora Team","date":"25. Juni 2018","format":false,"excerpt":"Viele Frauen leiden unter den Gewebewucherungen, deren medizinische Ursache noch ungekl\u00e4rt ist. Akupunktur, Heilkr\u00e4uter und Ern\u00e4hrungsregeln lindern Endometriose-Beschwerden auf sanfte Weise. Endometriose, was ist das? Die chronische Krankheit l\u00e4sst schleimhaut\u00e4hnliches Gewebe im Unterleib wachsen: um die Geb\u00e4rmutter, an Eierst\u00f6cken und Eileitern oder im Bauchraum rund um Darm, Blase und Bauchfell.\u2026","rel":"","context":"In &quot;Wissenswert&quot;","block_context":{"text":"Wissenswert","link":"https:\/\/www.flora-pharm.de\/blog\/category\/wissenswert\/"},"img":{"alt_text":"Endometriose","src":"https:\/\/i0.wp.com\/www.flora-pharm.de\/blog\/wp-content\/uploads\/2018\/06\/Endometriose-TCM.jpg?resize=350%2C200&ssl=1","width":350,"height":200,"srcset":"https:\/\/i0.wp.com\/www.flora-pharm.de\/blog\/wp-content\/uploads\/2018\/06\/Endometriose-TCM.jpg?resize=350%2C200&ssl=1 1x, https:\/\/i0.wp.com\/www.flora-pharm.de\/blog\/wp-content\/uploads\/2018\/06\/Endometriose-TCM.jpg?resize=525%2C300&ssl=1 1.5x, https:\/\/i0.wp.com\/www.flora-pharm.de\/blog\/wp-content\/uploads\/2018\/06\/Endometriose-TCM.jpg?resize=700%2C400&ssl=1 2x"},"classes":[]},{"id":5509,"url":"https:\/\/www.flora-pharm.de\/blog\/mesotherapie\/","url_meta":{"origin":6428,"position":3},"title":"Mesotherapie","author":"Flora Team","date":"11. Dezember 2018","format":false,"excerpt":"Es ist noch nicht lange her, dass wir einen Blogpost \u00fcber Glatzenbildung und Haarausfall f\u00fcr unsere Patienten ver\u00f6ffentlich haben, der eine gro\u00dfe Nachfrage nach den dort genannten Therapieans\u00e4tzen erzeugt hat. Aufgrund eines Kommentars der Heilpraktikerin Frau Dr. Annette Pitzer gab es auch viele Fragen zu der von ihr erg\u00e4nzten Mesotherapie.\u2026","rel":"","context":"In &quot;Flora Apotheke&quot;","block_context":{"text":"Flora Apotheke","link":"https:\/\/www.flora-pharm.de\/blog\/category\/flora-apotheke\/"},"img":{"alt_text":"Mesotherapie","src":"https:\/\/i0.wp.com\/www.flora-pharm.de\/blog\/wp-content\/uploads\/2018\/12\/Mesotherapie.jpg?resize=350%2C200&ssl=1","width":350,"height":200,"srcset":"https:\/\/i0.wp.com\/www.flora-pharm.de\/blog\/wp-content\/uploads\/2018\/12\/Mesotherapie.jpg?resize=350%2C200&ssl=1 1x, https:\/\/i0.wp.com\/www.flora-pharm.de\/blog\/wp-content\/uploads\/2018\/12\/Mesotherapie.jpg?resize=525%2C300&ssl=1 1.5x, https:\/\/i0.wp.com\/www.flora-pharm.de\/blog\/wp-content\/uploads\/2018\/12\/Mesotherapie.jpg?resize=700%2C400&ssl=1 2x"},"classes":[]},{"id":8708,"url":"https:\/\/www.flora-pharm.de\/blog\/gesundheit-beginnt-im-kochtopf\/","url_meta":{"origin":6428,"position":4},"title":"Gesundheit beginnt im Kochtopf","author":"Flora Team","date":"23. M\u00e4rz 2023","format":false,"excerpt":"Selbst kochen mit frischen, naturbelassenen Lebensmitteln: So wird unser K\u00f6rper gut mit wichtigen Vitalstoffen versorgt","rel":"","context":"In &quot;Wissenswert&quot;","block_context":{"text":"Wissenswert","link":"https:\/\/www.flora-pharm.de\/blog\/category\/wissenswert\/"},"img":{"alt_text":"Ern\u00e4hrung wirkt auf die Gesundheit","src":"https:\/\/i0.wp.com\/www.flora-pharm.de\/blog\/wp-content\/uploads\/2023\/03\/gesundheit-beginnt-im-kochtopf.jpg?resize=350%2C200&ssl=1","width":350,"height":200,"srcset":"https:\/\/i0.wp.com\/www.flora-pharm.de\/blog\/wp-content\/uploads\/2023\/03\/gesundheit-beginnt-im-kochtopf.jpg?resize=350%2C200&ssl=1 1x, https:\/\/i0.wp.com\/www.flora-pharm.de\/blog\/wp-content\/uploads\/2023\/03\/gesundheit-beginnt-im-kochtopf.jpg?resize=525%2C300&ssl=1 1.5x, https:\/\/i0.wp.com\/www.flora-pharm.de\/blog\/wp-content\/uploads\/2023\/03\/gesundheit-beginnt-im-kochtopf.jpg?resize=700%2C400&ssl=1 2x, https:\/\/i0.wp.com\/www.flora-pharm.de\/blog\/wp-content\/uploads\/2023\/03\/gesundheit-beginnt-im-kochtopf.jpg?resize=1050%2C600&ssl=1 3x"},"classes":[]},{"id":7721,"url":"https:\/\/www.flora-pharm.de\/blog\/vitalpilze-fuer-die-zeit-des-wandels\/","url_meta":{"origin":6428,"position":5},"title":"Vitalpilze f\u00fcr die Zeit des Wandels","author":"Flora Team","date":"21. Juni 2021","format":false,"excerpt":"Die Wechseljahre lassen sich nicht aufhalten. Vitalpilze k\u00f6nnen Frauen helfen, ihr Wohlbefinden sp\u00fcrbar zu verbessern","rel":"","context":"In &quot;Wissenswert&quot;","block_context":{"text":"Wissenswert","link":"https:\/\/www.flora-pharm.de\/blog\/category\/wissenswert\/"},"img":{"alt_text":"Vitalpilze Wechseljahre","src":"https:\/\/i0.wp.com\/www.flora-pharm.de\/blog\/wp-content\/uploads\/2021\/06\/vitalpilze-wechseljahre.jpg?resize=350%2C200&ssl=1","width":350,"height":200,"srcset":"https:\/\/i0.wp.com\/www.flora-pharm.de\/blog\/wp-content\/uploads\/2021\/06\/vitalpilze-wechseljahre.jpg?resize=350%2C200&ssl=1 1x, https:\/\/i0.wp.com\/www.flora-pharm.de\/blog\/wp-content\/uploads\/2021\/06\/vitalpilze-wechseljahre.jpg?resize=525%2C300&ssl=1 1.5x, https:\/\/i0.wp.com\/www.flora-pharm.de\/blog\/wp-content\/uploads\/2021\/06\/vitalpilze-wechseljahre.jpg?resize=700%2C400&ssl=1 2x"},"classes":[]}],"jetpack_sharing_enabled":true,"_links":{"self":[{"href":"https:\/\/www.flora-pharm.de\/blog\/wp-json\/wp\/v2\/posts\/6428","targetHints":{"allow":["GET"]}}],"collection":[{"href":"https:\/\/www.flora-pharm.de\/blog\/wp-json\/wp\/v2\/posts"}],"about":[{"href":"https:\/\/www.flora-pharm.de\/blog\/wp-json\/wp\/v2\/types\/post"}],"author":[{"embeddable":true,"href":"https:\/\/www.flora-pharm.de\/blog\/wp-json\/wp\/v2\/users\/1"}],"replies":[{"embeddable":true,"href":"https:\/\/www.flora-pharm.de\/blog\/wp-json\/wp\/v2\/comments?post=6428"}],"version-history":[{"count":3,"href":"https:\/\/www.flora-pharm.de\/blog\/wp-json\/wp\/v2\/posts\/6428\/revisions"}],"predecessor-version":[{"id":6431,"href":"https:\/\/www.flora-pharm.de\/blog\/wp-json\/wp\/v2\/posts\/6428\/revisions\/6431"}],"wp:featuredmedia":[{"embeddable":true,"href":"https:\/\/www.flora-pharm.de\/blog\/wp-json\/wp\/v2\/media\/6387"}],"wp:attachment":[{"href":"https:\/\/www.flora-pharm.de\/blog\/wp-json\/wp\/v2\/media?parent=6428"}],"wp:term":[{"taxonomy":"category","embeddable":true,"href":"https:\/\/www.flora-pharm.de\/blog\/wp-json\/wp\/v2\/categories?post=6428"},{"taxonomy":"post_tag","embeddable":true,"href":"https:\/\/www.flora-pharm.de\/blog\/wp-json\/wp\/v2\/tags?post=6428"}],"curies":[{"name":"wp","href":"https:\/\/api.w.org\/{rel}","templated":true}]}}