{"id":6461,"date":"2019-10-07T10:17:21","date_gmt":"2019-10-07T08:17:21","guid":{"rendered":"https:\/\/www.flora-pharm.de\/blog\/?p=6461"},"modified":"2019-10-07T10:17:26","modified_gmt":"2019-10-07T08:17:26","slug":"gesunde-kopfhaut-gepflegter-scheitel","status":"publish","type":"post","link":"https:\/\/www.flora-pharm.de\/blog\/gesunde-kopfhaut-gepflegter-scheitel\/","title":{"rendered":"Gesunde Kopfhaut &#8211; Gepflegter Scheitel"},"content":{"rendered":"<p><strong>Juckreiz und Schuppen verlangen eine sanfte, aber wirkungsvolle Pflege. Haben Sie es schon einmal mit Birke oder Huflattich versucht?<\/strong><\/p>\n<p>PS: Weitere Artikel mit Themenschwerpunkt \u201e<a href=\"https:\/\/www.flora-pharm.de\/blog\/tag\/haar\/\">Haar<\/a>\u201c finden Sie auch hier im Blog.<\/p>\n<p>\u00a0<\/p>\n<p><em>Von Saskia Fechte<\/em><\/p>\n<p>\u00a0<\/p>\n<p>Trockene Raumluft durch Heizung oder Klimaanlage k\u00f6nnen die Kopfhaut genauso aus dem Gleichgewicht bringen wie Stress. Auch die Gene, Hormonschwankungen und falsche Haarpflege k\u00f6nnen schuld am st\u00e4ndigen Kopfjucken sein. Kratzen ist keine L\u00f6sung, es strapaziert Haut und Haare erst recht. Zudem schaffen minimale Verletzungen durch die Fingern\u00e4gel zus\u00e4tzliche Eintrittspforten f\u00fcr Bakterien und Entz\u00fcndungen.<\/p>\n<p>\u00a0<\/p>\n<h2>Trocken oder fettig?<\/h2>\n<p>Talgdr\u00fcsen in der Kopfhaut produzieren Fett, das die Haare zwar sp\u00e4testens nach einigen Tagen str\u00e4hnig aussehen l\u00e4sst, f\u00fcr die Gesundheit auf dem Haupt aber einen wichtigen Schutzfaktor darstellt. Wenn hier das Gleichgewicht von Hautfett und -feuchtigkeit aus dem Lot ger\u00e4t, kommt es zu Irritationen. Bei zu wenig Talg oder Feuchtigkeitsmangel spannt und juckt es auf dem Kopf. R\u00f6tungen und trockene Schuppen entstehen, auch die Haare verlieren ihren Glanz. Genau hinsehen erleichtert die Auswahl der Hilfsma\u00dfnahmen, denn Schuppen k\u00f6nnen ebenso entstehen, wenn zu viel Talg produziert wird. Die fettige Version ist genauso l\u00e4stig, braucht aber eine andere Behandlung.<\/p>\n<p>Ob trocken oder \u00f6lig: Bei h\u00e4ufigen oder anhaltenden Beschwerden, wie Schuppen in Verbindung mit Juckreiz und R\u00f6tungen, empfiehlt sich der Gang zum Arzt. Er kann \u00fcberpr\u00fcfen, ob Hauterkrankungen, Pilzbefall oder eine Allergie als Ursache infrage kommen.<\/p>\n<p>\u00a0<\/p>\n<h2>Pflegen, ohne zu reizen<\/h2>\n<p>Milde Haarpflegeprodukte mit haut\u00e4hnlichem pH-Wert schonen empfindliche Kopfhaut und machen trotzdem sauber. Im besten Fall sind sie auf den jeweiligen Hauttyp abgestimmt. Verzichten Sie auf Produkte mit Alkohol oder Silikonen, sie entfernen den sch\u00fctzenden Fettfilm und behindern die Atmung der Kopfhaut. Parabene, Paraffine sowie Duft- und Konservierungsstoffe sollten f\u00fcr sensible K\u00f6pfe ebenfalls tabu sein.<\/p>\n<p>\u00a0<\/p>\n<p>\u00a0<\/p>\n<h2>Nat\u00fcrliche Wirkstoffe f\u00fcr sch\u00f6nes Haar und gesunde Kopfhaut gibt es genug. Diese zum Beispiel:<\/h2>\n<p>\u00a0<\/p>\n<h3>Argan\u00f6l<\/h3>\n<p>Das traditionelle Allzweck-Pflegemittel aus Marokko steckt in einigen Shampoos und verleiht stumpfem Haar neuen Glanz. Reines, kalt gepresstes \u00d6l eignet sich optimal zur Pflege von trockener Kopfhaut. Es spendet Feuchtigkeit, lindert Reizungen und regt die Neubildung gesunder Hautzellen an. Einige Tropfen einmassieren und einwirken lassen. Anschlie\u00dfend mit mildem Shampoo auswaschen. Wer trockene Schuppen loswerden m\u00f6chte, wiederholt die Anwendung alle zwei bis drei Tage.<\/p>\n<p>\u00a0<\/p>\n<h3>Birke<\/h3>\n<p>Haarwasser mit Birkenextrakt ist ein Klassiker. Die Wirkstoffe aus dem Saft des Baums spenden Feuchtigkeit und regulieren die Talgproduktion. So beugen sie sowohl trockenen als auch fettigen Schuppen vor und stoppen Juckreiz auf dem Kopf. Birkenwasser sorgt f\u00fcr eine bessere Durchblutung und soll so gegen Haarausfall helfen. Die Extrakte stecken auch in Shampoos und Sp\u00fclungen.<\/p>\n<p>\u00a0<\/p>\n<h3>Brennnessel<\/h3>\n<p>Anders als der Name vermuten l\u00e4sst, k\u00f6nnen Extrakte aus der <a href=\"https:\/\/www.flora-pharm.de\/blog\/urtikaria-raus-aus-den-nesseln\/\">Brennnessel<\/a> eine strapazierte Kopfhaut beruhigen. Die Wirkstoffe der Pflanze f\u00f6rdern den Stoffwechsel von Kopfhaut und Haarwurzeln und wirken Entz\u00fcndungen entgegen. In der Apotheke gibt es Shampoo, Sp\u00fclung und Haarwasser mit Brennnessel.<\/p>\n<p>\u00a0<\/p>\n<h3>Huflattich<\/h3>\n<p>Die Bl\u00fctenbl\u00e4tter liefern entz\u00fcndungshemmende und hautberuhigende Substanzen. Insbesondere im Kampf gegen trockene Schuppen und gereizte Kopfhaut ist Huflattich ein bew\u00e4hrtes Naturprodukt. Zur Auswahl stehen Shampoo, Lotion und Sp\u00fclung.<\/p>\n<p>\u00a0<\/p>\n<h3>Weide<\/h3>\n<p>Extrakte aus der Baumrinde haben eine leicht desinfizierende Wirkung und gelten vor allem bei fettigen Schuppen als Mittel der Wahl. Produzieren die Talgdr\u00fcsen zu viel Fett, kann Weide hier beruhigend eingreifen. Die \u00e4therischen \u00d6le sollen sogar vorbeugend gegen L\u00e4use und Pilzbefall helfen. Neben Shampoo und Sp\u00fclung gibt es auch Haarpflegespray mit Weidenextrakt.<\/p>\n<p>\u00a0<\/p>\n<h3>Zinnkraut<\/h3>\n<p>Auch bekannt als (Acker-)Schachtelhalm, beruhigt die Heilpflanze gereizte Haut und unterst\u00fctzt die Zellbildung. Zudem hemmt Zinnkraut eine \u00fcberm\u00e4\u00dfige Talgproduktion und beugt Entz\u00fcndungen vor. Der recht hohe Gehalt an Kiesels\u00e4ure st\u00e4rkt das Haar, soll es am Ausfallen hindern und f\u00fcr neues Wachstum sorgen. Sp\u00fclungen und Haarpackungen lassen sich \u00fcbrigens auch ganz leicht selbst herstellen \u2013 mit Produkten aus der Apotheke. Fragen Sie nach.<\/p>\n<p>\u00a0<\/p>\n<p>\u00a0<\/p>\n<h2>Tipps f\u00fcr sensible K\u00f6pfe:<\/h2>\n<ul>\n<li>Benutzen Sie keine Haarpflegeprodukte, die im Haar und somit auf dem Kopf bleiben. Sogenannte Leave-In-Produkte haben sonst viel Zeit, die Haut zu reizen.<\/li>\n<li>Waschen Sie Ihre Haare nur alle zwei bis drei Tage. Im normalen Alltag reicht das vollkommen aus.<\/li>\n<li>Sp\u00fclen Sie die Haare nach dem Shampoonieren gr\u00fcndlich aus, und zwar mit lauwarmem Wasser. Temperaturen \u00fcber 37 Grad strapazieren die Kopfhaut und das Haar.<\/li>\n<li>Reduzieren Sie die Shampoo-Menge. Ein walnussgro\u00dfer Klecks reicht selbst f\u00fcr schulterlange M\u00e4hnen.<\/li>\n<li>Im nassen Zustand ist das Haar sehr empfindlich, rubbeln Sie es daher nicht trocken, sondern dr\u00fccken Sie es sanft mit einem Handtuch aus.<\/li>\n<li>Trocknen Sie das Haar m\u00f6glichst an der Luft. F\u00f6hnen Sie nur im Ausnahmefall, und dann kalt.<\/li>\n<li>Achten Sie auch beim Styling darauf, die Kopfhaut zu schonen. Haarspray und Co. ohne Alkohol und Parf\u00fcm sind sanfte Alternativen.<\/li>\n<\/ul>\n<p>\u00a0<\/p>\n<p>\u00a0<\/p>\n<p>\u00a0<\/p>\n<p>Haben Sie Fragen? Sprechen Sie uns unverbindlich an, wir beraten Sie gern.<\/p>\n<p>\u00a0<\/p>\n<p>\u00a0<\/p>\n<p>\u00a0<\/p>\n<p>\u00a0<\/p>\n\n\n<div class=\"wp-block-image\"><figure class=\"aligncenter\"><img loading=\"lazy\" decoding=\"async\" width=\"225\" height=\"300\" data-attachment-id=\"6392\" data-permalink=\"https:\/\/www.flora-pharm.de\/blog\/linke-seite-76\/\" data-orig-file=\"https:\/\/www.flora-pharm.de\/blog\/wp-content\/uploads\/2019\/09\/naturheilkunde-und-gesundheit-cover-09-2019.jpg\" data-orig-size=\"450,600\" data-comments-opened=\"1\" data-image-meta=\"{&quot;aperture&quot;:&quot;0&quot;,&quot;credit&quot;:&quot;kahlert&quot;,&quot;camera&quot;:&quot;&quot;,&quot;caption&quot;:&quot;&quot;,&quot;created_timestamp&quot;:&quot;0&quot;,&quot;copyright&quot;:&quot;&quot;,&quot;focal_length&quot;:&quot;0&quot;,&quot;iso&quot;:&quot;0&quot;,&quot;shutter_speed&quot;:&quot;0&quot;,&quot;title&quot;:&quot;Linke Seite&quot;,&quot;orientation&quot;:&quot;1&quot;}\" data-image-title=\"\" data-image-description=\"\" data-image-caption=\"&lt;p&gt;Text mit freundlicher Genehmigung der S &amp;#038; D Verlag GmbH. Das komplette &amp;#8222;Naturheilkunde &amp;#038; Gesundheit&amp;#8220; Heft bekommen Sie auch bei uns in der Apotheke.&lt;\/p&gt;\n\" data-large-file=\"https:\/\/www.flora-pharm.de\/blog\/wp-content\/uploads\/2019\/09\/naturheilkunde-und-gesundheit-cover-09-2019.jpg\" src=\"https:\/\/www.flora-pharm.de\/blog\/wp-content\/uploads\/2019\/09\/naturheilkunde-und-gesundheit-cover-09-2019-225x300.jpg\" alt=\"naturheilkunde-und-gesundheit-cover-09-2019\" class=\"wp-image-6392\" srcset=\"https:\/\/www.flora-pharm.de\/blog\/wp-content\/uploads\/2019\/09\/naturheilkunde-und-gesundheit-cover-09-2019-225x300.jpg 225w, https:\/\/www.flora-pharm.de\/blog\/wp-content\/uploads\/2019\/09\/naturheilkunde-und-gesundheit-cover-09-2019.jpg 450w\" sizes=\"auto, (max-width: 225px) 100vw, 225px\" \/><figcaption>Text mit freundlicher Genehmigung der S &#038; D Verlag GmbH. Das komplette &#8222;Naturheilkunde &#038; Gesundheit&#8220; Heft bekommen Sie auch bei uns in der Apotheke.<\/figcaption><\/figure><\/div>\n","protected":false},"excerpt":{"rendered":"<p>Juckreiz und Schuppen verlangen eine sanfte, aber wirkungsvolle Pflege. Haben Sie es schon einmal mit Birke oder Huflattich versucht? PS: Weitere Artikel mit Themenschwerpunkt \u201eHaar\u201c finden Sie auch hier im Blog. \u00a0 Von Saskia Fechte \u00a0 Trockene Raumluft durch Heizung oder Klimaanlage k\u00f6nnen die Kopfhaut genauso aus dem Gleichgewicht bringen wie Stress. Auch die Gene, [&hellip;]<\/p>\n","protected":false},"author":1,"featured_media":6388,"comment_status":"open","ping_status":"open","sticky":false,"template":"","format":"standard","meta":{"jetpack_post_was_ever_published":false,"_jetpack_newsletter_access":"","_jetpack_dont_email_post_to_subs":false,"_jetpack_newsletter_tier_id":0,"_jetpack_memberships_contains_paywalled_content":false,"_jetpack_memberships_contains_paid_content":false,"footnotes":""},"categories":[8],"tags":[27,422],"class_list":["post-6461","post","type-post","status-publish","format-standard","has-post-thumbnail","hentry","category-wissenswert","tag-haar","tag-naturheilkunde-und-gesundheit","has-post-title","has-post-date","has-post-category","has-post-tag","has-post-comment","has-post-author",""],"jetpack_featured_media_url":"https:\/\/www.flora-pharm.de\/blog\/wp-content\/uploads\/2019\/09\/gepflegter-scheitel.jpg","jetpack-related-posts":[{"id":7311,"url":"https:\/\/www.flora-pharm.de\/blog\/glanzvoll-durch-den-winter\/","url_meta":{"origin":6461,"position":0},"title":"Glanzvoll durch den Winter","author":"Flora Team","date":"18. Januar 2021","format":false,"excerpt":"Fliegende Haare, gespaltene Spitzen, juckende Kopfhaut. Die kalte Jahreszeit geht auch an der pr\u00e4chtigsten L\u00f6wenm\u00e4hne nicht spurlos vor\u00fcber\u2026","rel":"","context":"In &quot;Wissenswert&quot;","block_context":{"text":"Wissenswert","link":"https:\/\/www.flora-pharm.de\/blog\/category\/wissenswert\/"},"img":{"alt_text":"Haarpflege im Winter","src":"https:\/\/i0.wp.com\/www.flora-pharm.de\/blog\/wp-content\/uploads\/1607\/86\/haare-glanzvoll-durch-den-winter.jpg?resize=350%2C200&ssl=1","width":350,"height":200,"srcset":"https:\/\/i0.wp.com\/www.flora-pharm.de\/blog\/wp-content\/uploads\/1607\/86\/haare-glanzvoll-durch-den-winter.jpg?resize=350%2C200&ssl=1 1x, https:\/\/i0.wp.com\/www.flora-pharm.de\/blog\/wp-content\/uploads\/1607\/86\/haare-glanzvoll-durch-den-winter.jpg?resize=525%2C300&ssl=1 1.5x, https:\/\/i0.wp.com\/www.flora-pharm.de\/blog\/wp-content\/uploads\/1607\/86\/haare-glanzvoll-durch-den-winter.jpg?resize=700%2C400&ssl=1 2x"},"classes":[]},{"id":5228,"url":"https:\/\/www.flora-pharm.de\/blog\/wellness-fuer-natuerlich-schoenes-haar\/","url_meta":{"origin":6461,"position":1},"title":"Wellness f\u00fcr nat\u00fcrlich sch\u00f6nes Haar","author":"Flora Team","date":"1. September 2018","format":false,"excerpt":"Haare sind so individuell wie die Person, zu der sie geh\u00f6ren. Es gibt aber einige Pflegetipps, die f\u00fcr jeden gelten, damit nat\u00fcrlich sch\u00f6nes Haar keine Probleme macht. PS: Lesen Sie bei uns im Blog auch weitere Artikel zum Thema Haare. \u00a0 Wellness-Tipps von Karsten Kulms, Bild: Flora \u00a0 Nicht einfach\u2026","rel":"","context":"In &quot;Wissenswert&quot;","block_context":{"text":"Wissenswert","link":"https:\/\/www.flora-pharm.de\/blog\/category\/wissenswert\/"},"img":{"alt_text":"Wellness f\u00fcr nat\u00fcrlich sch\u00f6nes Haar Frau","src":"https:\/\/i0.wp.com\/www.flora-pharm.de\/blog\/wp-content\/uploads\/2018\/07\/wellness-haar.jpg?resize=350%2C200&ssl=1","width":350,"height":200,"srcset":"https:\/\/i0.wp.com\/www.flora-pharm.de\/blog\/wp-content\/uploads\/2018\/07\/wellness-haar.jpg?resize=350%2C200&ssl=1 1x, https:\/\/i0.wp.com\/www.flora-pharm.de\/blog\/wp-content\/uploads\/2018\/07\/wellness-haar.jpg?resize=525%2C300&ssl=1 1.5x, https:\/\/i0.wp.com\/www.flora-pharm.de\/blog\/wp-content\/uploads\/2018\/07\/wellness-haar.jpg?resize=700%2C400&ssl=1 2x"},"classes":[]},{"id":5222,"url":"https:\/\/www.flora-pharm.de\/blog\/haar-chaos-auf-dem-kopf\/","url_meta":{"origin":6461,"position":2},"title":"Haar-Chaos auf dem Kopf","author":"Flora Team","date":"20. August 2018","format":false,"excerpt":"Strohig, str\u00e4hnig, schuppig: Zuweilen pr\u00e4sentiert sich der Kopfschmuck in einem erb\u00e4rmlichen Zustand. Das vermiest die Laune, nagt am Selbstwertgef\u00fchl. Doch die richtige Pflege bereitet jedem Haar-Alptraum ein rasches Ende. PS: Auch hier im Blog finden Sie weitere Artikel zum Thema Haare. \u00a0 Ein Artikel von Andrea Neuen, Bild: Flora \u00a0\u2026","rel":"","context":"In &quot;Wissenswert&quot;","block_context":{"text":"Wissenswert","link":"https:\/\/www.flora-pharm.de\/blog\/category\/wissenswert\/"},"img":{"alt_text":"Chaos auf dem Kopf Frau","src":"https:\/\/i0.wp.com\/www.flora-pharm.de\/blog\/wp-content\/uploads\/2018\/07\/chaos-auf-dem-kopf.jpg?resize=350%2C200&ssl=1","width":350,"height":200,"srcset":"https:\/\/i0.wp.com\/www.flora-pharm.de\/blog\/wp-content\/uploads\/2018\/07\/chaos-auf-dem-kopf.jpg?resize=350%2C200&ssl=1 1x, https:\/\/i0.wp.com\/www.flora-pharm.de\/blog\/wp-content\/uploads\/2018\/07\/chaos-auf-dem-kopf.jpg?resize=525%2C300&ssl=1 1.5x, https:\/\/i0.wp.com\/www.flora-pharm.de\/blog\/wp-content\/uploads\/2018\/07\/chaos-auf-dem-kopf.jpg?resize=700%2C400&ssl=1 2x"},"classes":[]},{"id":7732,"url":"https:\/\/www.flora-pharm.de\/blog\/rosenwasser-rosig-und-rein\/","url_meta":{"origin":6461,"position":3},"title":"Rosenwasser &#8211; Rosig und rein","author":"Flora Team","date":"17. Juni 2021","format":false,"excerpt":"Rosenwasser ist die zarteste Poesie f\u00fcr die Haut, seit es Blumen gibt. Es ist ein kosteng\u00fcnstiges Nebenprodukt der Rosen\u00f6l Produktion - aber ebenso intensiv pflegend","rel":"","context":"In &quot;Wissenswert&quot;","block_context":{"text":"Wissenswert","link":"https:\/\/www.flora-pharm.de\/blog\/category\/wissenswert\/"},"img":{"alt_text":"Rosenwasser","src":"https:\/\/i0.wp.com\/www.flora-pharm.de\/blog\/wp-content\/uploads\/2021\/05\/rosenwasser.jpg?resize=350%2C200&ssl=1","width":350,"height":200,"srcset":"https:\/\/i0.wp.com\/www.flora-pharm.de\/blog\/wp-content\/uploads\/2021\/05\/rosenwasser.jpg?resize=350%2C200&ssl=1 1x, https:\/\/i0.wp.com\/www.flora-pharm.de\/blog\/wp-content\/uploads\/2021\/05\/rosenwasser.jpg?resize=525%2C300&ssl=1 1.5x, https:\/\/i0.wp.com\/www.flora-pharm.de\/blog\/wp-content\/uploads\/2021\/05\/rosenwasser.jpg?resize=700%2C400&ssl=1 2x"},"classes":[]},{"id":6666,"url":"https:\/\/www.flora-pharm.de\/blog\/gepflegt-durch-den-winter\/","url_meta":{"origin":6461,"position":4},"title":"Gepflegt durch den Winter","author":"Flora Team","date":"20. Januar 2020","format":false,"excerpt":"Balsam, Butter und \u00d6l. Was Haut und Haare bei Minusgraden dringend brauchen. Drau\u00dfen weht ein eisiger Wind, drinnen flirrt die trockene Heizungsluft. F\u00fcr Haut und Haare sind die winterlichen Bedingungen der pure Stress. Sie werden trocken und spr\u00f6de. Das liegt daran, dass die Talgdr\u00fcsen in der Haut ihre Arbeit drastisch\u2026","rel":"","context":"In &quot;Wissenswert&quot;","block_context":{"text":"Wissenswert","link":"https:\/\/www.flora-pharm.de\/blog\/category\/wissenswert\/"},"img":{"alt_text":"gepflegt durch den winter","src":"https:\/\/i0.wp.com\/www.flora-pharm.de\/blog\/wp-content\/uploads\/2020\/01\/gepflegt-durch-den-winter.jpg?resize=350%2C200&ssl=1","width":350,"height":200,"srcset":"https:\/\/i0.wp.com\/www.flora-pharm.de\/blog\/wp-content\/uploads\/2020\/01\/gepflegt-durch-den-winter.jpg?resize=350%2C200&ssl=1 1x, https:\/\/i0.wp.com\/www.flora-pharm.de\/blog\/wp-content\/uploads\/2020\/01\/gepflegt-durch-den-winter.jpg?resize=525%2C300&ssl=1 1.5x, https:\/\/i0.wp.com\/www.flora-pharm.de\/blog\/wp-content\/uploads\/2020\/01\/gepflegt-durch-den-winter.jpg?resize=700%2C400&ssl=1 2x"},"classes":[]},{"id":6632,"url":"https:\/\/www.flora-pharm.de\/blog\/seifen-starke-stuecke\/","url_meta":{"origin":6461,"position":5},"title":"Seifen &#8211; Starke St\u00fccke","author":"Flora Team","date":"6. Januar 2020","format":false,"excerpt":"Lange Zeit fristete das gute alte Seifenst\u00fcck ein Schattendasein. Jetzt feiert es ein Comeback \u2013 im Bad, aber auch als umweltschonender Haushaltshelfer. Wir erkl\u00e4ren, was Kernseife & Co. alles k\u00f6nnen. Ob eckig, rund oder oval \u2013 feste Seife hat viele gute Eigenschaften: Sie ist preisg\u00fcnstig, ergiebig, hat eine hohe Reinigungskraft\u2026","rel":"","context":"In &quot;Wissenswert&quot;","block_context":{"text":"Wissenswert","link":"https:\/\/www.flora-pharm.de\/blog\/category\/wissenswert\/"},"img":{"alt_text":"Seife, Kernseife","src":"https:\/\/i0.wp.com\/www.flora-pharm.de\/blog\/wp-content\/uploads\/2019\/12\/seife-kernseife.jpg?resize=350%2C200&ssl=1","width":350,"height":200,"srcset":"https:\/\/i0.wp.com\/www.flora-pharm.de\/blog\/wp-content\/uploads\/2019\/12\/seife-kernseife.jpg?resize=350%2C200&ssl=1 1x, https:\/\/i0.wp.com\/www.flora-pharm.de\/blog\/wp-content\/uploads\/2019\/12\/seife-kernseife.jpg?resize=525%2C300&ssl=1 1.5x, https:\/\/i0.wp.com\/www.flora-pharm.de\/blog\/wp-content\/uploads\/2019\/12\/seife-kernseife.jpg?resize=700%2C400&ssl=1 2x"},"classes":[]}],"jetpack_sharing_enabled":true,"_links":{"self":[{"href":"https:\/\/www.flora-pharm.de\/blog\/wp-json\/wp\/v2\/posts\/6461","targetHints":{"allow":["GET"]}}],"collection":[{"href":"https:\/\/www.flora-pharm.de\/blog\/wp-json\/wp\/v2\/posts"}],"about":[{"href":"https:\/\/www.flora-pharm.de\/blog\/wp-json\/wp\/v2\/types\/post"}],"author":[{"embeddable":true,"href":"https:\/\/www.flora-pharm.de\/blog\/wp-json\/wp\/v2\/users\/1"}],"replies":[{"embeddable":true,"href":"https:\/\/www.flora-pharm.de\/blog\/wp-json\/wp\/v2\/comments?post=6461"}],"version-history":[{"count":1,"href":"https:\/\/www.flora-pharm.de\/blog\/wp-json\/wp\/v2\/posts\/6461\/revisions"}],"predecessor-version":[{"id":6462,"href":"https:\/\/www.flora-pharm.de\/blog\/wp-json\/wp\/v2\/posts\/6461\/revisions\/6462"}],"wp:featuredmedia":[{"embeddable":true,"href":"https:\/\/www.flora-pharm.de\/blog\/wp-json\/wp\/v2\/media\/6388"}],"wp:attachment":[{"href":"https:\/\/www.flora-pharm.de\/blog\/wp-json\/wp\/v2\/media?parent=6461"}],"wp:term":[{"taxonomy":"category","embeddable":true,"href":"https:\/\/www.flora-pharm.de\/blog\/wp-json\/wp\/v2\/categories?post=6461"},{"taxonomy":"post_tag","embeddable":true,"href":"https:\/\/www.flora-pharm.de\/blog\/wp-json\/wp\/v2\/tags?post=6461"}],"curies":[{"name":"wp","href":"https:\/\/api.w.org\/{rel}","templated":true}]}}