{"id":6490,"date":"2019-10-11T14:35:57","date_gmt":"2019-10-11T12:35:57","guid":{"rendered":"https:\/\/www.flora-pharm.de\/blog\/?p=6490"},"modified":"2019-10-11T14:37:04","modified_gmt":"2019-10-11T12:37:04","slug":"hallo-herbst","status":"publish","type":"post","link":"https:\/\/www.flora-pharm.de\/blog\/hallo-herbst\/","title":{"rendered":"Hallo, Herbst!"},"content":{"rendered":"<p><strong>Der Sommer ist vorbei, das Schmuddelwetter naht. Zeit, f\u00fcr eine starke Abwehr, ein starkes Immunsystem zu sorgen.<\/strong><br \/>By the way: Am 12. Oktober ist Tag der Naturheilkunde!<\/p>\n<p>Jetzt werden die Tage immer k\u00fcrzer und allm\u00e4hlich auch k\u00e4lter. Das schl\u00e4gt vielen auf das Gem\u00fct und ist eine Herausforderung f\u00fcr unsere Gesundheit. Ein Schnupfen ist dann oft die Antwort auf das nasskalte Herbstwetter, aber nicht zwangsl\u00e4ufig. Ist das Immunsystem stark und widerstandsf\u00e4hig, kann es die Erreger erfolgreich abwehren. Bestenfalls bleiben wir so gesund wie eh und je. Leichter gesagt als getan. Was m\u00fcssen Sie tun, damit sich eine kleine Erk\u00e4ltung schnellstm\u00f6glich in Luft aufl\u00f6st?<\/p>\n<p><em>Von Stefanie Happ<\/em><\/p>\n<p>\u00a0<\/p>\n<p>Damit der K\u00f6rper solch l\u00e4stige Bakterien und Viren schnell ins Abseits schickt, braucht er Unterst\u00fctzung. Die Phytotherapie ist daf\u00fcr wie geschaffen. Viele pflanzliche Helfer aus der Apotheke bringen die Heilkraft mit, die das Immunsystem braucht \u2013 gerade jetzt zu Beginn der Erk\u00e4ltungszeit.<\/p>\n<p>Lesen Sie auch: <a href=\"https:\/\/www.flora-pharm.de\/blog\/husten-schnupfen-heiserkeit-und-grippe-sowie-der-unterschied-zwischen-viren-und-bakterien-erkaeltungsgeister-genau-durchleuchtet\/\">Husten, Schnupfen, Heiserkeit und Grippe sowie der Unterschied zwischen Viren und Bakterien \u2013 Erk\u00e4ltungsgeister genau durchleuchtet<\/a><\/p>\n<p>\u00a0<\/p>\n<h2>Wir stellen Ihnen drei wirkungsvolle Arzneipflanzen vor.<\/h2>\n<p>\u00a0<\/p>\n<h3>Purpur-Sonnenhut<\/h3>\n<p><em>(Echinacea purpurea)<\/em><\/p>\n<p>Es gibt Pflanzenextrakte, die das Immunsystem stimulieren k\u00f6nnen. Einen der vordersten Pl\u00e4tze belegt dabei der purpurfarbene Sonnenhut. Entscheidend ist der Zeitpunkt der Einnahme.<\/p>\n<p>Sobald es im Hals zu kratzen beginnt und die Nase anf\u00e4ngt zu triefen, muss schnell ein <strong>Echinacea<\/strong>-Pr\u00e4parat aus der Apotheke her. Bei den ersten Anzeichen einer Erk\u00e4ltung k\u00f6nnen Extrakte aus dem Purpur-Sonnenhut den Schnupfen im Keim ersticken oder so mildern, dass er kaum der Rede wert ist. Ist der Infekt bereits im vollen Gang, ist es meist zu sp\u00e4t f\u00fcr die immunstimulierende Wirkung des Sonnenhutes.<\/p>\n<p>Die positiven Effekte des roten Sonnenhutes gehen auf die in ihm enthaltenen Alkamide, Flavonoide und Kaffees\u00e4urederivate zur\u00fcck. Im Zusammenspiel k\u00f6nnen diese Inhaltsstoffe bewirken, dass sich die Zahl der wei\u00dfen Blutk\u00f6rperchen erh\u00f6ht und sich die Reaktion dieser Immunzellen verbessert.<\/p>\n<p>Sonnenhut-Pr\u00e4parate unterst\u00fctzen das Immunsystem, sollten aber nicht \u00fcber einen l\u00e4ngeren Zeitraum eingenommen werden. Sie sind im Allgemeinen gut vertr\u00e4glich. In manchen F\u00e4llen kann es zu allergischen Reaktionen kommen. Erh\u00e4ltlich ist Echinacea in der Apotheke in Form von Presss\u00e4ften, Tabletten und Tropfen. Beliebt sind Kombinationspr\u00e4parate, die neben dem roten Sonnenhut zus\u00e4tzlich Extrakte aus z. B. Eibischwurzeln, Kamillenbl\u00fcten und Eichenrinde enthalten.<\/p>\n<p>\u00a0<\/p>\n<h3>Kapland-Pelargonie<\/h3>\n<p><em>(Pelargonium sidoides)<\/em><\/p>\n<p>Diese Pflanze sagt Ihnen nichts? In Deutschland ist sie unter dem Namen \u201e<strong>Umckaloabo<\/strong>\u201c bekannt und wird in Erk\u00e4ltungszeiten zur Vorbeugung vor Infekten eingesetzt. In ihrer Wurzel stecken Inhaltsstoffe wie Cumarine, Gerbstoffe und \u00e4therische \u00d6le, die die k\u00f6rpereigenen \u201eFresszellen\u201c (Makrophagen) anregen. Auf diese Weise wird die Widerstandskraft des Immunsystems gest\u00e4rkt, sodass Krankheitserreger kaum mehr eine Chance haben. Der K\u00f6rper bekommt tatkr\u00e4ftige Unterst\u00fctzung, um sich noch besser vor einer Ansteckung zu sch\u00fctzen.<\/p>\n<p>In der Apotheke gibt es \u201eUmckaloabo\u201c in Form von Tinkturen und Tropfen. An sich sind sie gut vertr\u00e4glich. Menschen mit Leber- oder Nierensch\u00e4den sollten vor der Einnahme mit ihrem Arzt sprechen. Das Gleiche gilt f\u00fcr Schwangere und Stillende.<\/p>\n<p>\u00a0<\/p>\n<h3>Taigawurzel<\/h3>\n<p><em>(Eleutherococcus senticosus)<\/em><\/p>\n<p>Die Taigawurzel ist auch als \u201e<strong>sibirischer Ginseng<\/strong>\u201c bekannt. Tats\u00e4chlich \u00e4hneln sich die beiden Arzneipflanzen in ihren Wirkprofilen: Sie helfen bei M\u00fcdigkeit und Schw\u00e4che, k\u00f6nnen die Konzentration und Leistungsf\u00e4higkeit steigern. Gegen\u00fcber dem Ginseng bringt die Taigawurzel aber einen weiteren Vorzug mit: Sie kann jene Teile des Immunsystems unterst\u00fctzen, die f\u00fcr die Abwehr von Krankheitserregern zust\u00e4ndig sind.<\/p>\n<p>Wenn Stress und K\u00e4lte die Abwehr schw\u00e4chen, dann punktet die Taigawurzel mit ihrer st\u00e4rkenden Wirkung. Mit ihren Inhaltsstoffen (z. B. Triterpensaponine, Phenylpropanoide) kann sie Stresshormone senken und die Widerstandskraft gegen\u00fcber Belastungen erh\u00f6hen. Pflanzenextrakte aus der Taigawurzel k\u00f6nnen eine Ansteckung zwar nicht verhindern, aber sie k\u00f6nnen dem K\u00f6rper helfen, bakterielle und virale Angreifer leichter zu bek\u00e4mpfen. Au\u00dferdem sollen sie den Krankheitsverlauf schw\u00e4chen und die Erholung nach einem \u00fcberstandenen Infekt f\u00f6rdern. Taigawurzel-Extrakte gibt es in Form von Kapseln und Tropfen in der Apotheke. F\u00fcr Kinder sind sie nicht geeignet, ebenso wenig in der Schwangerschaft und Stillzeit. Vorsicht bei Bluthochdruck.<\/p>\n<p>\u00a0<\/p>\n<p>\u00a0<\/p>\n<h2>Regen, Sturm und ungem\u00fctliche Temperaturen. Wenn der Herbst da ist, braucht das Immunsystem Unterst\u00fctzung. Was k\u00f6nnen Sie tun?<\/h2>\n<p>\u00a0<\/p>\n<h3>Gut essen<\/h3>\n<p>Besonders jetzt im Herbst sollten Sie gesund essen. Eine vitalstoffreiche <a href=\"https:\/\/www.flora-pharm.de\/blog\/tag\/ernaehrung\/\">Ern\u00e4hrung<\/a> tr\u00e4gt zum reibungslosen Ablauf verschiedener Immunprozesse bei. Ausgewogen sollten die Mahlzeiten sein, weil sich Vitamine, Mineralstoffe und Spurenelemente untereinander erg\u00e4nzen.<\/p>\n<p>Vitamin C allein reicht nicht, auch wenn es wichtige Funktionen erf\u00fcllt. <a href=\"https:\/\/www.flora-pharm.de\/blog\/sanddorn-die-vitaminbombe\/\">Sanddorn<\/a> ist eine kleine <a href=\"https:\/\/www.flora-pharm.de\/blog\/tag\/vitamin-c\/\">Vitamin C<\/a>-Bombe, enth\u00e4lt aber auch andere wertvolle Inhaltsstoffe, z. B. viele B-Vitamine, Vitamin E und die Spurenelemente Calcium, Eisen und Magnesium. Sanddorn-Elixier und Ursaft bekommen Sie in Ihrer Apotheke.<\/p>\n<p>In Verbindung mit <a href=\"https:\/\/www.flora-pharm.de\/blog\/zink-essentielles-spurenelement\/\">Zink<\/a> pusht Vitamin C das Immunsystem und kann die Immunabwehr steigern. Vitamin C verbessert die Aufnahme von Eisen und kann somit M\u00fcdigkeit und Schw\u00e4che vertreiben. Vitamin A und E unterst\u00fctzen die Zellbildung und k\u00f6nnen den K\u00f6rper widerstandsf\u00e4higer gegen\u00fcber Keimen machen. Wer viele Ballaststoffe isst, der h\u00e4lt auch seine Verdauung auf Trab. Im <a href=\"https:\/\/www.flora-pharm.de\/blog\/darmgesundheit\/\">Darm<\/a> sitzt bekanntlich ein Gro\u00dfteil der Gesundheit.<\/p>\n<p>Besuchen Sie auch unser <a href=\"https:\/\/www.flora-pharm.de\/orthomolekulare-medizin-vitalstoffe.htm\" target=\"_blank\" rel=\"noopener noreferrer\">Vitalstoff-ABC<\/a>.<\/p>\n<p>\u00a0<\/p>\n<h3>T\u00e4glich bewegen<\/h3>\n<p>Trotzen Sie dem Herbstwetter! Auch wenn der Wind um die Ecke pfeift und der Regen auf die Erde trommelt, gehen Sie vor die T\u00fcr. Wer sich allen Witterungen aussetzt, trainiert sein Immunsystem und macht es robust. Bewegung an der frischen Luft bringt den Kreislauf in Schwung und f\u00f6rdert die Durchblutung. So verteilen sich die Abwehrstoffe im ganzen K\u00f6rper und k\u00f6nnen schnell reagieren, wenn sich Schnupfenviren einnisten wollen.<\/p>\n<p>Bewegungsmangel hingegen schw\u00e4cht die Abwehr, ebenso wie Hochleistungssport. 30 Minuten am Tag stramm spazieren gehen sind ein gutes Mittelma\u00df und geben die Voraussetzung, um gesund durch den Herbst zu kommen. Einzige Bedingung: dem Wetter entsprechend anziehen.<\/p>\n<p>PS: Das Motto zum Tag der Naturheilkunde am 12. Oktober 2019 ist \u00fcbrigens: <a href=\"https:\/\/www.naturheilbund.de\/der-dnb\/tag-der-naturheilkunde\/\" target=\"_blank\" rel=\"nofollow noopener noreferrer\">Die Heilkraft der Bewegung<\/a><\/p>\n<p>\u00a0<\/p>\n<h3>Regelm\u00e4\u00dfig entspannen<\/h3>\n<p><a href=\"https:\/\/www.flora-pharm.de\/blog\/diagnose-und-therapieansaetze-bei-stress-leerem-akku-und-burnout\/\">Stress<\/a> ist ein Feind des Immunsystems. Denn das Stresshormon Cortisol d\u00e4mpft die Abwehrzellen. Unter Stress kann das Immunsystem nicht gut arbeiten und l\u00e4uft Gefahr, Krankheitserreger zu \u201e\u00fcbersehen\u201c. Das ist einer der Gr\u00fcnde, weshalb Sie immer auf ein gutes Gleichgewicht von Anspannung und Entspannung achten sollten. Jetzt in der dunkler werdenden Jahreszeit noch mehr als sonst.<\/p>\n<p>Wer Alltagsstress abbaut, tut nicht nur etwas f\u00fcr sein seelisches Wohlbefinden, sondern st\u00e4rkt auch das Immunsystem. Wobei entspannen Sie am besten? Bei einem guten Buch, beim Tanzen oder bei der Gartenarbeit? <a href=\"https:\/\/www.flora-pharm.de\/blog\/sauna-schwitzen-im-winter\/\">Sauna<\/a>? Jeder hat seine eigenen Vorlieben und wei\u00df am besten, was ihn gesund und gl\u00fccklich macht. Entscheidend ist: Nehmen Sie sich Ihre Auszeiten, warten Sie nicht auf sie.<\/p>\n<p>\u00a0<\/p>\n<h3>Immer positiv denken<\/h3>\n<p>Es n\u00fctzt gar nichts, sich \u00fcber das schmuddelige Herbstwetter zu beklagen. <a href=\"https:\/\/www.flora-pharm.de\/blog\/denken-sie-sich-gesund\/\">Bleiben Sie positiv<\/a>: Der n\u00e4chste Fr\u00fchling kommt bestimmt. Und bis es so weit ist, freuen wir uns \u00fcber die sch\u00f6nen Herbstfarben in der Natur und genie\u00dfen die Ruhe, die mit der k\u00fchleren Jahreszeit einkehrt. Optimismus beruhigt den Geist, n\u00e4hrt die Seele und kann auch den K\u00f6rper heilen. Denn positive Gedanken mindern die krank machenden Stresshormone. Mentale Gesundheit tr\u00e4gt wesentlich zum k\u00f6rperlichen Wohlbefinden bei. Deshalb begr\u00fc\u00dfen wir den goldenen Oktober mit einem gut gelaunten: \u201eHallo, Herbst!\u201c<\/p>\n<p>\u00a0<\/p>\n<h3>Genug schlafen<\/h3>\n<p>Im <a href=\"https:\/\/www.flora-pharm.de\/blog\/tag\/schlafstoerung\/\">Schlaf<\/a> regeneriert sich der K\u00f6rper. W\u00e4hrend wir friedlich schlummern, arbeitet unser Immunsystem auf Hochtouren. Sogenannte T-Zellen werden nachts erst richtig wach und r\u00e4umen Krankheitserreger aus dem Weg. Nicht umsonst sagt man: \u201eSchlafen ist die beste Medizin!\u201c Wie viel Schlaf jeder braucht, ist individuell verschieden. 7,5 Stunden pro Nacht sind jedoch ein guter Richtwert.<\/p>\n<p>\u00a0<\/p>\n<p><a href=\"https:\/\/www.flora-pharm.de\/blog\/wp-content\/uploads\/2013\/10\/becherglas-uhr-sommerzeit-ende.jpg\"><img loading=\"lazy\" decoding=\"async\" data-attachment-id=\"59\" data-permalink=\"https:\/\/www.flora-pharm.de\/blog\/nicht-vergessen-ende-der-sommerzeit-2013\/becherglas-uhr-sommerzeit-ende\/\" data-orig-file=\"https:\/\/www.flora-pharm.de\/blog\/wp-content\/uploads\/2013\/10\/becherglas-uhr-sommerzeit-ende.jpg\" data-orig-size=\"600,600\" data-comments-opened=\"1\" data-image-meta=\"{&quot;aperture&quot;:&quot;0&quot;,&quot;credit&quot;:&quot;&quot;,&quot;camera&quot;:&quot;&quot;,&quot;caption&quot;:&quot;&quot;,&quot;created_timestamp&quot;:&quot;0&quot;,&quot;copyright&quot;:&quot;&quot;,&quot;focal_length&quot;:&quot;0&quot;,&quot;iso&quot;:&quot;0&quot;,&quot;shutter_speed&quot;:&quot;0&quot;,&quot;title&quot;:&quot;&quot;}\" data-image-title=\"Ende der Sommerzeit: Uhr 1 Std zur\u00fcckstellen\" data-image-description=\"\" data-image-caption=\"\" data-large-file=\"https:\/\/www.flora-pharm.de\/blog\/wp-content\/uploads\/2013\/10\/becherglas-uhr-sommerzeit-ende.jpg\" class=\"alignleft wp-image-59 size-thumbnail\" src=\"https:\/\/www.flora-pharm.de\/blog\/wp-content\/uploads\/2013\/10\/becherglas-uhr-sommerzeit-ende-150x150.jpg\" alt=\"\" width=\"150\" height=\"150\" srcset=\"https:\/\/www.flora-pharm.de\/blog\/wp-content\/uploads\/2013\/10\/becherglas-uhr-sommerzeit-ende-150x150.jpg 150w, https:\/\/www.flora-pharm.de\/blog\/wp-content\/uploads\/2013\/10\/becherglas-uhr-sommerzeit-ende-300x300.jpg 300w, https:\/\/www.flora-pharm.de\/blog\/wp-content\/uploads\/2013\/10\/becherglas-uhr-sommerzeit-ende.jpg 600w\" sizes=\"auto, (max-width: 150px) 100vw, 150px\" \/><\/a>Achtung, noch ein Datum: <strong>Am 27. Oktober beginnt die Winterzeit 2019.<\/strong><\/p>\n<p>In der Nacht zum 27.10.19 drehen wir die <a href=\"https:\/\/www.flora-pharm.de\/blog\/tag\/sommerzeit\/\">Uhren<\/a> dann zur\u00fcck und d\u00fcrfen eine Stunde l\u00e4nger schlafen. Immerhin!<\/p>\n<p>\u00a0<\/p>\n<p>\u00a0<\/p>\n<p>\u00a0<\/p>\n<p>Sprechen Sie uns auch bez\u00fcglich Erk\u00e4ltungsvorbeugung oder auch -therapie an, wir beraten Sie gern.<\/p>\n<p>\u00a0<\/p>\n<p>\u00a0<\/p>\n\n\n<div class=\"wp-block-image\"><figure class=\"aligncenter\"><img loading=\"lazy\" decoding=\"async\" width=\"225\" height=\"300\" data-attachment-id=\"6471\" data-permalink=\"https:\/\/www.flora-pharm.de\/blog\/linke-seite-78\/\" data-orig-file=\"https:\/\/www.flora-pharm.de\/blog\/wp-content\/uploads\/2019\/10\/naturheilkunde-und-gesundheit-cover-10-2019.jpg\" data-orig-size=\"450,600\" data-comments-opened=\"1\" data-image-meta=\"{&quot;aperture&quot;:&quot;0&quot;,&quot;credit&quot;:&quot;kahlert&quot;,&quot;camera&quot;:&quot;&quot;,&quot;caption&quot;:&quot;&quot;,&quot;created_timestamp&quot;:&quot;0&quot;,&quot;copyright&quot;:&quot;&quot;,&quot;focal_length&quot;:&quot;0&quot;,&quot;iso&quot;:&quot;0&quot;,&quot;shutter_speed&quot;:&quot;0&quot;,&quot;title&quot;:&quot;Linke Seite&quot;,&quot;orientation&quot;:&quot;1&quot;}\" data-image-title=\"naturheilkunde-und-gesundheit-cover-10-2019\" data-image-description=\"\" data-image-caption=\"&lt;p&gt;Text mit freundlicher Genehmigung der S &amp;#038; D Verlag GmbH. Das komplette &amp;#8222;Naturheilkunde &amp;#038; Gesundheit&amp;#8220; Heft bekommen Sie auch bei uns in der Apotheke.&lt;\/p&gt;\n\" data-large-file=\"https:\/\/www.flora-pharm.de\/blog\/wp-content\/uploads\/2019\/10\/naturheilkunde-und-gesundheit-cover-10-2019.jpg\" src=\"https:\/\/www.flora-pharm.de\/blog\/wp-content\/uploads\/2019\/10\/naturheilkunde-und-gesundheit-cover-10-2019-225x300.jpg\" alt=\"Cover 10\/19 Naturheilkunde und Gesundheit\" class=\"wp-image-6471\" srcset=\"https:\/\/www.flora-pharm.de\/blog\/wp-content\/uploads\/2019\/10\/naturheilkunde-und-gesundheit-cover-10-2019-225x300.jpg 225w, https:\/\/www.flora-pharm.de\/blog\/wp-content\/uploads\/2019\/10\/naturheilkunde-und-gesundheit-cover-10-2019.jpg 450w\" sizes=\"auto, (max-width: 225px) 100vw, 225px\" \/><figcaption>Text mit freundlicher Genehmigung der S &amp; D Verlag GmbH. Das komplette &#8222;Naturheilkunde &amp; Gesundheit&#8220; Heft bekommen Sie auch bei uns in der Apotheke.<\/figcaption><\/figure><\/div>\n","protected":false},"excerpt":{"rendered":"<p>Der Sommer ist vorbei, das Schmuddelwetter naht. Zeit, f\u00fcr eine starke Abwehr, ein starkes Immunsystem zu sorgen.By the way: Am 12. Oktober ist Tag der Naturheilkunde! Jetzt werden die Tage immer k\u00fcrzer und allm\u00e4hlich auch k\u00e4lter. Das schl\u00e4gt vielen auf das Gem\u00fct und ist eine Herausforderung f\u00fcr unsere Gesundheit. Ein Schnupfen ist dann oft die [&hellip;]<\/p>\n","protected":false},"author":1,"featured_media":6468,"comment_status":"open","ping_status":"open","sticky":false,"template":"","format":"standard","meta":{"jetpack_post_was_ever_published":false,"_jetpack_newsletter_access":"","_jetpack_dont_email_post_to_subs":false,"_jetpack_newsletter_tier_id":0,"_jetpack_memberships_contains_paywalled_content":false,"_jetpack_memberships_contains_paid_content":false,"footnotes":""},"categories":[8],"tags":[304,5,239,4,422,431,20],"class_list":["post-6490","post","type-post","status-publish","format-standard","has-post-thumbnail","hentry","category-wissenswert","tag-arzneipflanze","tag-erkaeltung","tag-ernaehrung","tag-herbst","tag-naturheilkunde-und-gesundheit","tag-phytotherapie","tag-sommerzeit","has-post-title","has-post-date","has-post-category","has-post-tag","has-post-comment","has-post-author",""],"jetpack_featured_media_url":"https:\/\/www.flora-pharm.de\/blog\/wp-content\/uploads\/2019\/10\/hallo-herbst.jpg","jetpack-related-posts":[{"id":7243,"url":"https:\/\/www.flora-pharm.de\/blog\/abwehrkraefte-staerken-tipps-von-a-bis-z\/","url_meta":{"origin":6490,"position":0},"title":"Abwehrkr\u00e4fte st\u00e4rken &#8211; Tipps von A bis Z","author":"Flora Team","date":"20. November 2020","format":false,"excerpt":"Die Abwehrkr\u00e4fte st\u00e4rken und m\u00f6glichst schnupfenfrei durch den Herbst kommen. Gesunde Gewohnheiten helfen dabei. Andrea Neuen erkl\u00e4rt, was Sie selbst tun k\u00f6nnen. Abschalten \u2013 nicht nur Tablet, Smartphone und TV sollten Sie regelm\u00e4\u00dfig ausschalten, sondern auch Ihrem K\u00f6rper die wohlverdienten Ruhepausen g\u00f6nnen. Stress und Alltagshektik k\u00f6nnen die Abwehrkr\u00e4fte auf Dauer\u2026","rel":"","context":"In &quot;Wissenswert&quot;","block_context":{"text":"Wissenswert","link":"https:\/\/www.flora-pharm.de\/blog\/category\/wissenswert\/"},"img":{"alt_text":"Abwehrkr\u00e4fte st\u00e4rken - Tipps","src":"https:\/\/i0.wp.com\/www.flora-pharm.de\/blog\/wp-content\/uploads\/2020\/10\/abwehrkraefte-staerken-tipps.jpg?resize=350%2C200&ssl=1","width":350,"height":200,"srcset":"https:\/\/i0.wp.com\/www.flora-pharm.de\/blog\/wp-content\/uploads\/2020\/10\/abwehrkraefte-staerken-tipps.jpg?resize=350%2C200&ssl=1 1x, https:\/\/i0.wp.com\/www.flora-pharm.de\/blog\/wp-content\/uploads\/2020\/10\/abwehrkraefte-staerken-tipps.jpg?resize=525%2C300&ssl=1 1.5x, https:\/\/i0.wp.com\/www.flora-pharm.de\/blog\/wp-content\/uploads\/2020\/10\/abwehrkraefte-staerken-tipps.jpg?resize=700%2C400&ssl=1 2x"},"classes":[]},{"id":11798,"url":"https:\/\/www.flora-pharm.de\/blog\/natuerlich-starke-abwehr\/","url_meta":{"origin":6490,"position":1},"title":"Nat\u00fcrlich starke Abwehr","author":"Flora Team","date":"27. Januar 2026","format":false,"excerpt":"Wir haben 10 Tipps f\u00fcr Sie, die sogar Spa\u00df machen, Energie geben und helfen, dass Sie gesund durch die dunkle Jahreszeit kommen","rel":"","context":"In &quot;Wissenswert&quot;","block_context":{"text":"Wissenswert","link":"https:\/\/www.flora-pharm.de\/blog\/category\/wissenswert\/"},"img":{"alt_text":"10 Tipps f\u00fcr eine nat\u00fcrlich starke Abwehr. Einer davon ist K\u00fcssen! Daher ist auf dem Bild ein Paar zu sehen, das ssich in herbstlicher Kleidung umarmt und zum Kuss ansetzen k\u00f6nnte","src":"https:\/\/i0.wp.com\/www.flora-pharm.de\/blog\/wp-content\/uploads\/2025\/10\/natuerlich-starke-abwehr-10-tipps.jpg?resize=350%2C200&ssl=1","width":350,"height":200,"srcset":"https:\/\/i0.wp.com\/www.flora-pharm.de\/blog\/wp-content\/uploads\/2025\/10\/natuerlich-starke-abwehr-10-tipps.jpg?resize=350%2C200&ssl=1 1x, https:\/\/i0.wp.com\/www.flora-pharm.de\/blog\/wp-content\/uploads\/2025\/10\/natuerlich-starke-abwehr-10-tipps.jpg?resize=525%2C300&ssl=1 1.5x, https:\/\/i0.wp.com\/www.flora-pharm.de\/blog\/wp-content\/uploads\/2025\/10\/natuerlich-starke-abwehr-10-tipps.jpg?resize=700%2C400&ssl=1 2x, https:\/\/i0.wp.com\/www.flora-pharm.de\/blog\/wp-content\/uploads\/2025\/10\/natuerlich-starke-abwehr-10-tipps.jpg?resize=1050%2C600&ssl=1 3x"},"classes":[]},{"id":8451,"url":"https:\/\/www.flora-pharm.de\/blog\/schuessler-salze-bei-schnupfen\/","url_meta":{"origin":6490,"position":2},"title":"Sch\u00fc\u00dfler-Salze bei Schnupfen","author":"Flora Team","date":"21. Oktober 2022","format":false,"excerpt":"Sch\u00fc\u00dfler bei Schnupfen? Kribbeln in der Nase, Kratzen im Hals, und COVID-19 ausgeschlossen? Klarer Fall f\u00fcr Sch\u00fc\u00dfler-Salze.","rel":"","context":"In &quot;Wissenswert&quot;","block_context":{"text":"Wissenswert","link":"https:\/\/www.flora-pharm.de\/blog\/category\/wissenswert\/"},"img":{"alt_text":"schuessler bei schnupfen","src":"https:\/\/i0.wp.com\/www.flora-pharm.de\/blog\/wp-content\/uploads\/2022\/10\/schuessler-bei-schnupfen.jpg?resize=350%2C200&ssl=1","width":350,"height":200,"srcset":"https:\/\/i0.wp.com\/www.flora-pharm.de\/blog\/wp-content\/uploads\/2022\/10\/schuessler-bei-schnupfen.jpg?resize=350%2C200&ssl=1 1x, https:\/\/i0.wp.com\/www.flora-pharm.de\/blog\/wp-content\/uploads\/2022\/10\/schuessler-bei-schnupfen.jpg?resize=525%2C300&ssl=1 1.5x, https:\/\/i0.wp.com\/www.flora-pharm.de\/blog\/wp-content\/uploads\/2022\/10\/schuessler-bei-schnupfen.jpg?resize=700%2C400&ssl=1 2x, https:\/\/i0.wp.com\/www.flora-pharm.de\/blog\/wp-content\/uploads\/2022\/10\/schuessler-bei-schnupfen.jpg?resize=1050%2C600&ssl=1 3x"},"classes":[]},{"id":8953,"url":"https:\/\/www.flora-pharm.de\/blog\/die-abwehr-achtsam-staerken\/","url_meta":{"origin":6490,"position":3},"title":"Die Abwehr achtsam st\u00e4rken","author":"Flora Team","date":"4. Dezember 2023","format":false,"excerpt":"In den nasskalten Monaten, die vor uns liegen, haben Erk\u00e4ltungserreger Hochsaison. Wir bringen unser Immunsystem auf wohltuendste Weise auf Vordermann","rel":"","context":"In &quot;Wissenswert&quot;","block_context":{"text":"Wissenswert","link":"https:\/\/www.flora-pharm.de\/blog\/category\/wissenswert\/"},"img":{"alt_text":"Die Abwehr achtsam st\u00e4rken","src":"https:\/\/i0.wp.com\/www.flora-pharm.de\/blog\/wp-content\/uploads\/2023\/11\/abwehr-achtsam-staerken.jpg?resize=350%2C200&ssl=1","width":350,"height":200,"srcset":"https:\/\/i0.wp.com\/www.flora-pharm.de\/blog\/wp-content\/uploads\/2023\/11\/abwehr-achtsam-staerken.jpg?resize=350%2C200&ssl=1 1x, https:\/\/i0.wp.com\/www.flora-pharm.de\/blog\/wp-content\/uploads\/2023\/11\/abwehr-achtsam-staerken.jpg?resize=525%2C300&ssl=1 1.5x, https:\/\/i0.wp.com\/www.flora-pharm.de\/blog\/wp-content\/uploads\/2023\/11\/abwehr-achtsam-staerken.jpg?resize=700%2C400&ssl=1 2x, https:\/\/i0.wp.com\/www.flora-pharm.de\/blog\/wp-content\/uploads\/2023\/11\/abwehr-achtsam-staerken.jpg?resize=1050%2C600&ssl=1 3x"},"classes":[]},{"id":7962,"url":"https:\/\/www.flora-pharm.de\/blog\/gut-gewappnet-gegen-viren\/","url_meta":{"origin":6490,"position":4},"title":"Gut gewappnet gegen Viren","author":"Flora Team","date":"8. November 2021","format":false,"excerpt":"Geh\u00f6ren Sie zu denen, die jeden Infekt \u201emitnehmen\u201c? Diese sieben Tipps helfen Ihnen dabei, Erk\u00e4ltung und Co. ein Schnippchen zu schlagen.","rel":"","context":"In &quot;Wissenswert&quot;","block_context":{"text":"Wissenswert","link":"https:\/\/www.flora-pharm.de\/blog\/category\/wissenswert\/"},"img":{"alt_text":"Gut gewappnet gegen Viren","src":"https:\/\/i0.wp.com\/www.flora-pharm.de\/blog\/wp-content\/uploads\/2021\/10\/gut-gewappnet-gegen-viren.jpg?resize=350%2C200&ssl=1","width":350,"height":200,"srcset":"https:\/\/i0.wp.com\/www.flora-pharm.de\/blog\/wp-content\/uploads\/2021\/10\/gut-gewappnet-gegen-viren.jpg?resize=350%2C200&ssl=1 1x, https:\/\/i0.wp.com\/www.flora-pharm.de\/blog\/wp-content\/uploads\/2021\/10\/gut-gewappnet-gegen-viren.jpg?resize=525%2C300&ssl=1 1.5x, https:\/\/i0.wp.com\/www.flora-pharm.de\/blog\/wp-content\/uploads\/2021\/10\/gut-gewappnet-gegen-viren.jpg?resize=700%2C400&ssl=1 2x"},"classes":[]},{"id":7960,"url":"https:\/\/www.flora-pharm.de\/blog\/kurz-kur-fuer-die-abwehr\/","url_meta":{"origin":6490,"position":5},"title":"Kurz-Kur f\u00fcr die Abwehr","author":"Flora Team","date":"18. November 2021","format":false,"excerpt":"Erk\u00e4ltungserreger haben jetzt Hochsaison. Und Sie bestimmt keine Lust auf selbige? Aktivieren Sie Ihr Immunsystem mit einem Wellness Wochenende als Kurz-Kur","rel":"","context":"In &quot;Wissenswert&quot;","block_context":{"text":"Wissenswert","link":"https:\/\/www.flora-pharm.de\/blog\/category\/wissenswert\/"},"img":{"alt_text":"Wellness-Wochenende","src":"https:\/\/i0.wp.com\/www.flora-pharm.de\/blog\/wp-content\/uploads\/2021\/10\/kurz-kur-abwehr-wellness-wochenende.jpg?resize=350%2C200&ssl=1","width":350,"height":200,"srcset":"https:\/\/i0.wp.com\/www.flora-pharm.de\/blog\/wp-content\/uploads\/2021\/10\/kurz-kur-abwehr-wellness-wochenende.jpg?resize=350%2C200&ssl=1 1x, https:\/\/i0.wp.com\/www.flora-pharm.de\/blog\/wp-content\/uploads\/2021\/10\/kurz-kur-abwehr-wellness-wochenende.jpg?resize=525%2C300&ssl=1 1.5x, https:\/\/i0.wp.com\/www.flora-pharm.de\/blog\/wp-content\/uploads\/2021\/10\/kurz-kur-abwehr-wellness-wochenende.jpg?resize=700%2C400&ssl=1 2x"},"classes":[]}],"jetpack_sharing_enabled":true,"_links":{"self":[{"href":"https:\/\/www.flora-pharm.de\/blog\/wp-json\/wp\/v2\/posts\/6490","targetHints":{"allow":["GET"]}}],"collection":[{"href":"https:\/\/www.flora-pharm.de\/blog\/wp-json\/wp\/v2\/posts"}],"about":[{"href":"https:\/\/www.flora-pharm.de\/blog\/wp-json\/wp\/v2\/types\/post"}],"author":[{"embeddable":true,"href":"https:\/\/www.flora-pharm.de\/blog\/wp-json\/wp\/v2\/users\/1"}],"replies":[{"embeddable":true,"href":"https:\/\/www.flora-pharm.de\/blog\/wp-json\/wp\/v2\/comments?post=6490"}],"version-history":[{"count":3,"href":"https:\/\/www.flora-pharm.de\/blog\/wp-json\/wp\/v2\/posts\/6490\/revisions"}],"predecessor-version":[{"id":6493,"href":"https:\/\/www.flora-pharm.de\/blog\/wp-json\/wp\/v2\/posts\/6490\/revisions\/6493"}],"wp:featuredmedia":[{"embeddable":true,"href":"https:\/\/www.flora-pharm.de\/blog\/wp-json\/wp\/v2\/media\/6468"}],"wp:attachment":[{"href":"https:\/\/www.flora-pharm.de\/blog\/wp-json\/wp\/v2\/media?parent=6490"}],"wp:term":[{"taxonomy":"category","embeddable":true,"href":"https:\/\/www.flora-pharm.de\/blog\/wp-json\/wp\/v2\/categories?post=6490"},{"taxonomy":"post_tag","embeddable":true,"href":"https:\/\/www.flora-pharm.de\/blog\/wp-json\/wp\/v2\/tags?post=6490"}],"curies":[{"name":"wp","href":"https:\/\/api.w.org\/{rel}","templated":true}]}}