{"id":6498,"date":"2019-10-18T10:19:26","date_gmt":"2019-10-18T08:19:26","guid":{"rendered":"https:\/\/www.flora-pharm.de\/blog\/?p=6498"},"modified":"2019-10-28T11:10:47","modified_gmt":"2019-10-28T10:10:47","slug":"adhs-der-moderne-zappel-philipp","status":"publish","type":"post","link":"https:\/\/www.flora-pharm.de\/blog\/adhs-der-moderne-zappel-philipp\/","title":{"rendered":"ADHS &#8211; Der moderne Zappel-Philipp"},"content":{"rendered":"<p>ADHS: Die st\u00e4ndige Unruhe gilt als h\u00e4ufigste psychiatrische Erkrankung bei Kindern und Jugendlichen. Auch viele Erwachsene sind betroffen.<\/p>\n<p>Anstrengend f\u00fcr Mitmenschen, belastend f\u00fcr Betroffene: Das <strong>Aufmerksamkeitsdefizit-Hyperaktivit\u00e4tssyndrom (ADHS)<\/strong> erschwert den Alltag in Schule, Beruf, Familie und Sozialleben. Die sprichw\u00f6rtliche Zappeligkeit ist nur ein m\u00f6gliches Merkmal. Weitere Anzeichen sind fehlende Konzentration, Vergesslichkeit und unstrukturiertes Vorgehen. Viele Menschen mit ADHS lassen sich leicht ablenken und verunsichern oder verlieren sich in Tagtr\u00e4umen. Oft fallen eine erh\u00f6hte Reizbarkeit, ausgepr\u00e4gte Gestik sowie der Bewegungsdrang auf.<\/p>\n<p>\u00a0<\/p>\n<p><em>Von Saskia Fechte<\/em><\/p>\n<p>\u00a0<\/p>\n<h2>Ursache unbekannt<\/h2>\n<p>Das Gleichgewicht verschiedener Botenstoffe im Gehirn ist bei ADHS gest\u00f6rt. Unregelm\u00e4\u00dfigkeiten bei der Informationsverarbeitung erzeugen eine st\u00e4ndige Unruhe. Es scheint eine genetische Veranlagung zu geben, eine eindeutige famili\u00e4re H\u00e4ufung ist zu beobachten. ADHS ist bei Jungen und M\u00e4nnern nicht h\u00e4ufiger, sie fallen durch ihr Verhalten nur \u00f6fter auf. Ob soziale Bedingungen, Umweltgifte oder N\u00e4hrstoffmangel einen Beitrag zur Entstehung leisten, ist reine Spekulation.<\/p>\n<p>\u00a0<\/p>\n<h2>Diagnose mit Plan<\/h2>\n<p>ADHS zu bestimmen ist nicht leicht. Oft steht der Vorwurf im Raum, Eltern w\u00e4ren ungeduldig oder \u00c4rzte mit der Diagnose zu schnell. Zun\u00e4chst m\u00fcssen andere Erkrankungen mit \u00e4hnlichen Symptomen ausgeschlossen sein, dann geben ausf\u00fchrliche Arztgespr\u00e4che, Frageb\u00f6gen, motorische und neurologische Tests sowie Verhaltensbeobachtungen und Leistungsabfragen entsprechende Hinweise.<\/p>\n<p>\u00a0<\/p>\n<h2>Zunehmend Probleme<\/h2>\n<p>Etwa f\u00fcnf Prozent der Kinder und Jugendlichen im Alter zwischen drei und 17 Jahren sind in Deutschland betroffen. Mehr als die H\u00e4lfte hat als Erwachsener weiterhin mit den Symptomen zu k\u00e4mpfen. Wie die Struwwelpeter-Geschichte erahnen l\u00e4sst, gab es schon fr\u00fcher Menschen mit ADHS. Die Erkrankung hat jedoch erst seit etwa 100 Jahren einen Namen. Der Selbsthilfeverein ADHS Deutschland e. V. vermutet, dass gesellschaftliche Ver\u00e4nderungen f\u00fcr die Zunahme der Diagnosen verantwortlich sind. Menschen mit ADHS kommen mit den steigenden Anforderungen immer weniger gut zurecht und fallen vermehrt auf.<\/p>\n<p>\u00a0<\/p>\n<h2>Struktur beruhigt<\/h2>\n<p>Mehr Ruhe \u2013 das schaffen ein fester Tag-Nacht-Rhythmus sowie ausreichend erholsamer Schlaf. Psychologisch begleitete Verhaltens- und Ergotherapien k\u00f6nnen zus\u00e4tzlich helfen, ebenso Coachings f\u00fcr Selbstorganisation und Konzentrationsf\u00e4higkeit. Unterst\u00fctzend kommen oft Medikamente zur Behandlung von innerer Unruhe und <a href=\"https:\/\/www.flora-pharm.de\/blog\/tag\/schlafstoerung\/\">Schlafst\u00f6rungen<\/a> zum Einsatz. Auch naturheilkundliche Mittel wie <a href=\"https:\/\/www.flora-pharm.de\/blog\/homoeopathie-ein-steckbrief\/\">Hom\u00f6opathie<\/a> und ausgleichende Heilpflanzen k\u00f6nnen den Alltag erleichtern, hier zum Beispiel Lavendel- und Zitronenmelissenzubereitungen zur Beruhigung des Nervensystems f\u00fcr besseren Schlaf und Konzentration.<\/p>\n<p>Ebenfalls sollte auf <a href=\"https:\/\/www.flora-pharm.de\/blog\/mikronaehrstoffe-nahrung-entwicklung-des-gehirns-bei-heranwachsenden\/\">ausreichende Mikron\u00e4hrstoffspiegel<\/a> sowie <a href=\"https:\/\/www.flora-pharm.de\/blog\/omega-3-fettsaeuren-gut-versorgt\/\">Omega 3-Zufuhr<\/a> mit Betonung auf DHA geachtet werden.<\/p>\n<p>\u00a0<\/p>\n<p>Gern beantworten wir Ihre Fragen, sprechen Sie uns einfach an.<\/p>\n<p>\u00a0<\/p>\n\n\n<div class=\"wp-block-image\"><figure class=\"aligncenter\"><img loading=\"lazy\" decoding=\"async\" width=\"242\" height=\"300\" data-attachment-id=\"6470\" data-permalink=\"https:\/\/www.flora-pharm.de\/blog\/fug-28\/\" data-orig-file=\"https:\/\/www.flora-pharm.de\/blog\/wp-content\/uploads\/2019\/10\/natuerlich-frau-cover-10-2019.jpg\" data-orig-size=\"450,557\" data-comments-opened=\"1\" data-image-meta=\"{&quot;aperture&quot;:&quot;0&quot;,&quot;credit&quot;:&quot;koplin&quot;,&quot;camera&quot;:&quot;&quot;,&quot;caption&quot;:&quot;&quot;,&quot;created_timestamp&quot;:&quot;0&quot;,&quot;copyright&quot;:&quot;&quot;,&quot;focal_length&quot;:&quot;0&quot;,&quot;iso&quot;:&quot;0&quot;,&quot;shutter_speed&quot;:&quot;0&quot;,&quot;title&quot;:&quot;FuG&quot;,&quot;orientation&quot;:&quot;1&quot;}\" data-image-title=\"natuerlich-frau-cover-10-2019\" data-image-description=\"\" data-image-caption=\"&lt;p&gt;Text mit freundlicher Genehmigung der S&amp;#038;D Verlag GmbH. Die komplette &amp;#8222;nat\u00fcrlich Frau&amp;#8220; bekommen Sie auch bei uns in der Apotheke als monatliches Special in der &amp;#8222;Naturheilkunde &amp;#038; Gesundheit&amp;#8220;.&lt;\/p&gt;\n\" data-large-file=\"https:\/\/www.flora-pharm.de\/blog\/wp-content\/uploads\/2019\/10\/natuerlich-frau-cover-10-2019.jpg\" src=\"https:\/\/www.flora-pharm.de\/blog\/wp-content\/uploads\/2019\/10\/natuerlich-frau-cover-10-2019-242x300.jpg\" alt=\"Cover 10\/19 Frau\" class=\"wp-image-6470\" srcset=\"https:\/\/www.flora-pharm.de\/blog\/wp-content\/uploads\/2019\/10\/natuerlich-frau-cover-10-2019-242x300.jpg 242w, https:\/\/www.flora-pharm.de\/blog\/wp-content\/uploads\/2019\/10\/natuerlich-frau-cover-10-2019.jpg 450w\" sizes=\"auto, (max-width: 242px) 100vw, 242px\" \/><figcaption>Text mit freundlicher Genehmigung der S&amp;D Verlag GmbH. Die komplette &#8222;nat\u00fcrlich Frau&#8220; bekommen Sie auch bei uns in der Apotheke als monatliches Special in der &#8222;Naturheilkunde &amp; Gesundheit&#8220;.<\/figcaption><\/figure><\/div>\n","protected":false},"excerpt":{"rendered":"<p>ADHS: Die st\u00e4ndige Unruhe gilt als h\u00e4ufigste psychiatrische Erkrankung bei Kindern und Jugendlichen. Auch viele Erwachsene sind betroffen. Anstrengend f\u00fcr Mitmenschen, belastend f\u00fcr Betroffene: Das Aufmerksamkeitsdefizit-Hyperaktivit\u00e4tssyndrom (ADHS) erschwert den Alltag in Schule, Beruf, Familie und Sozialleben. Die sprichw\u00f6rtliche Zappeligkeit ist nur ein m\u00f6gliches Merkmal. Weitere Anzeichen sind fehlende Konzentration, Vergesslichkeit und unstrukturiertes Vorgehen. Viele Menschen [&hellip;]<\/p>\n","protected":false},"author":1,"featured_media":6466,"comment_status":"open","ping_status":"open","sticky":false,"template":"","format":"standard","meta":{"jetpack_post_was_ever_published":false,"_jetpack_newsletter_access":"","_jetpack_dont_email_post_to_subs":false,"_jetpack_newsletter_tier_id":0,"_jetpack_memberships_contains_paywalled_content":false,"_jetpack_memberships_contains_paid_content":false,"footnotes":""},"categories":[8],"tags":[434,506],"class_list":["post-6498","post","type-post","status-publish","format-standard","has-post-thumbnail","hentry","category-wissenswert","tag-adhs","tag-natuerlich-frau","has-post-title","has-post-date","has-post-category","has-post-tag","has-post-comment","has-post-author",""],"jetpack_featured_media_url":"https:\/\/www.flora-pharm.de\/blog\/wp-content\/uploads\/2019\/10\/adhs-zappel-philipp.jpg","jetpack-related-posts":[{"id":4237,"url":"https:\/\/www.flora-pharm.de\/blog\/hs-omega-3-index\/","url_meta":{"origin":6498,"position":0},"title":"HS-Omega-3 Index","author":"Flora Team","date":"9. Juni 2017","format":false,"excerpt":"Dieser Index soll die Aussage dar\u00fcber standardisieren, wie gut ein Mensch mit Omega-3-Fetts\u00e4uren versorgt ist. Auf Basis der Abweichungen vom Sollwert kann das Risiko f\u00fcr kardiovaskul\u00e4re Erkrankungen, aber auch f\u00fcr psychologische Probleme wie ADHS, PMS und Depressionen quantifiziert werden. Der HS-Omega-3 Index wurde 2002 von den Professoren Harris und von\u2026","rel":"","context":"In &quot;Orthomolekulare Medizin&quot;","block_context":{"text":"Orthomolekulare Medizin","link":"https:\/\/www.flora-pharm.de\/blog\/category\/orthomolekulare-medizin\/"},"img":{"alt_text":"Omega-3-Index-Fettsaeuren","src":"https:\/\/i0.wp.com\/www.flora-pharm.de\/blog\/wp-content\/uploads\/2017\/06\/omega-3-index.jpg?resize=350%2C200&ssl=1","width":350,"height":200,"srcset":"https:\/\/i0.wp.com\/www.flora-pharm.de\/blog\/wp-content\/uploads\/2017\/06\/omega-3-index.jpg?resize=350%2C200&ssl=1 1x, https:\/\/i0.wp.com\/www.flora-pharm.de\/blog\/wp-content\/uploads\/2017\/06\/omega-3-index.jpg?resize=525%2C300&ssl=1 1.5x, https:\/\/i0.wp.com\/www.flora-pharm.de\/blog\/wp-content\/uploads\/2017\/06\/omega-3-index.jpg?resize=700%2C400&ssl=1 2x"},"classes":[]},{"id":7353,"url":"https:\/\/www.flora-pharm.de\/blog\/machen-kohlenhydrate-dick\/","url_meta":{"origin":6498,"position":1},"title":"Machen Kohlenhydrate dick?","author":"Flora Team","date":"12. M\u00e4rz 2021","format":false,"excerpt":"Jeder kennt sie seit Kindertagen: die alten Weisheiten, die sich um unsere Gesundheit ranken. Sind sie wahr oder falsch? Medizin oder Mythos? Nudeln, nein danke. Kartoffeln? Lieber nicht. Sonst ist die gute Figur bald ruiniert. Ist das wirklich so? Stefanie Happ stellt diesen Mythos auf den Pr\u00fcfstand. Erg\u00e4nzt um Beispiele\u2026","rel":"","context":"In &quot;Wissenswert&quot;","block_context":{"text":"Wissenswert","link":"https:\/\/www.flora-pharm.de\/blog\/category\/wissenswert\/"},"img":{"alt_text":"Machen Kohlenhydrate fett? Was ist dran am Mythos?","src":"https:\/\/i0.wp.com\/www.flora-pharm.de\/blog\/wp-content\/uploads\/2021\/01\/mythos-kohlenhyydrate-dick.jpg?resize=350%2C200&ssl=1","width":350,"height":200,"srcset":"https:\/\/i0.wp.com\/www.flora-pharm.de\/blog\/wp-content\/uploads\/2021\/01\/mythos-kohlenhyydrate-dick.jpg?resize=350%2C200&ssl=1 1x, https:\/\/i0.wp.com\/www.flora-pharm.de\/blog\/wp-content\/uploads\/2021\/01\/mythos-kohlenhyydrate-dick.jpg?resize=525%2C300&ssl=1 1.5x, https:\/\/i0.wp.com\/www.flora-pharm.de\/blog\/wp-content\/uploads\/2021\/01\/mythos-kohlenhyydrate-dick.jpg?resize=700%2C400&ssl=1 2x"},"classes":[]},{"id":3073,"url":"https:\/\/www.flora-pharm.de\/blog\/neues-von-vitamin-d-mangel-fuehrt-zu-verminderter-eisenresorption\/","url_meta":{"origin":6498,"position":2},"title":"Neues von Vitamin D: Mangel f\u00fchrt zu verminderter Eisenresorption","author":"Flora Team","date":"25. Januar 2016","format":false,"excerpt":"Wir haben Ihnen bereits Vitamin D als \u201eSupervitamin\u201c vorgestellt, nun setzen neue Studien noch einen drauf: Vitamin D Mangel f\u00fchrt zu verminderter Eisenresorption \u2013 insbesondere in der Schwangerschaft. Die Studien belegen die Wichtigkeit der Rolle von Vitamin D im Eisenhaushalt und im Eisenstoffwechsel in der Schwangerschaft. Eine wichtige Rolle spielt\u2026","rel":"","context":"In &quot;Orthomolekulare Medizin&quot;","block_context":{"text":"Orthomolekulare Medizin","link":"https:\/\/www.flora-pharm.de\/blog\/category\/orthomolekulare-medizin\/"},"img":{"alt_text":"","src":"https:\/\/i0.wp.com\/www.flora-pharm.de\/blog\/wp-content\/uploads\/2013\/11\/Becherglas-VitaminD.jpg?resize=350%2C200&ssl=1","width":350,"height":200,"srcset":"https:\/\/i0.wp.com\/www.flora-pharm.de\/blog\/wp-content\/uploads\/2013\/11\/Becherglas-VitaminD.jpg?resize=350%2C200&ssl=1 1x, https:\/\/i0.wp.com\/www.flora-pharm.de\/blog\/wp-content\/uploads\/2013\/11\/Becherglas-VitaminD.jpg?resize=525%2C300&ssl=1 1.5x"},"classes":[]},{"id":9053,"url":"https:\/\/www.flora-pharm.de\/blog\/dopamin-die-dosis-machts\/","url_meta":{"origin":6498,"position":3},"title":"Dopamin \u2013 Die Dosis macht\u2019s","author":"Flora Team","date":"13. M\u00e4rz 2024","format":false,"excerpt":"Hormone Miniserie: Dopamin verleiht Motivation und Power. Doch f\u00fcr seine positive Wirkung muss sich der Botenstoff im Gleichgewicht befinden.","rel":"","context":"In &quot;Wissenswert&quot;","block_context":{"text":"Wissenswert","link":"https:\/\/www.flora-pharm.de\/blog\/category\/wissenswert\/"},"img":{"alt_text":"Dopamin | Aus unserer Miniserie: Hormone","src":"https:\/\/i0.wp.com\/www.flora-pharm.de\/blog\/wp-content\/uploads\/2024\/02\/hormone-serie-dopamin.jpg?resize=350%2C200&ssl=1","width":350,"height":200,"srcset":"https:\/\/i0.wp.com\/www.flora-pharm.de\/blog\/wp-content\/uploads\/2024\/02\/hormone-serie-dopamin.jpg?resize=350%2C200&ssl=1 1x, https:\/\/i0.wp.com\/www.flora-pharm.de\/blog\/wp-content\/uploads\/2024\/02\/hormone-serie-dopamin.jpg?resize=525%2C300&ssl=1 1.5x, https:\/\/i0.wp.com\/www.flora-pharm.de\/blog\/wp-content\/uploads\/2024\/02\/hormone-serie-dopamin.jpg?resize=700%2C400&ssl=1 2x, https:\/\/i0.wp.com\/www.flora-pharm.de\/blog\/wp-content\/uploads\/2024\/02\/hormone-serie-dopamin.jpg?resize=1050%2C600&ssl=1 3x"},"classes":[]},{"id":8744,"url":"https:\/\/www.flora-pharm.de\/blog\/in-der-knospe-liegt-die-kraft\/","url_meta":{"origin":6498,"position":4},"title":"In der Knospe liegt die Kraft","author":"Flora Team","date":"14. April 2023","format":false,"excerpt":"Gemmotherapie: Die Knospenmedizin nutzt die knackige Kraft der Knospen. Sie ist ein aufstrebender Zweig der Pflanzenheilkunde","rel":"","context":"In &quot;Wissenswert&quot;","block_context":{"text":"Wissenswert","link":"https:\/\/www.flora-pharm.de\/blog\/category\/wissenswert\/"},"img":{"alt_text":"Gemmotherapie Knospenmedizin","src":"https:\/\/i0.wp.com\/www.flora-pharm.de\/blog\/wp-content\/uploads\/2023\/03\/knospe-kraft.jpg?resize=350%2C200&ssl=1","width":350,"height":200,"srcset":"https:\/\/i0.wp.com\/www.flora-pharm.de\/blog\/wp-content\/uploads\/2023\/03\/knospe-kraft.jpg?resize=350%2C200&ssl=1 1x, https:\/\/i0.wp.com\/www.flora-pharm.de\/blog\/wp-content\/uploads\/2023\/03\/knospe-kraft.jpg?resize=525%2C300&ssl=1 1.5x, https:\/\/i0.wp.com\/www.flora-pharm.de\/blog\/wp-content\/uploads\/2023\/03\/knospe-kraft.jpg?resize=700%2C400&ssl=1 2x, https:\/\/i0.wp.com\/www.flora-pharm.de\/blog\/wp-content\/uploads\/2023\/03\/knospe-kraft.jpg?resize=1050%2C600&ssl=1 3x"},"classes":[]},{"id":4028,"url":"https:\/\/www.flora-pharm.de\/blog\/melatonin-bei-schlafstoerungen-auch-im-kindesalter\/","url_meta":{"origin":6498,"position":5},"title":"Melatonin bei Schlafst\u00f6rungen \u2013 auch im Kindesalter","author":"Flora Team","date":"3. April 2017","format":false,"excerpt":"Aufgrund unseres Artikels \"Erholsamer Schlaf\" erreichten uns ein paar Fragen, die uns zu diesem (Erg\u00e4nzungs-)Artikel inspiriert haben. In unserem Vitalstoff-ABC stellen wir Melatonin so vor: Melatonin ist ein Hormon, das im K\u00f6rper aus Tryptophan \u00fcber Serotonin haupts\u00e4chlich nachts bzw. bei Dunkelheit\u00a0von der Zirbeldr\u00fcse (Epiphyse) aber auch in der Retina (Netzhaut),\u2026","rel":"","context":"In &quot;Wissenswert&quot;","block_context":{"text":"Wissenswert","link":"https:\/\/www.flora-pharm.de\/blog\/category\/wissenswert\/"},"img":{"alt_text":"Melatonin","src":"https:\/\/i0.wp.com\/www.flora-pharm.de\/blog\/wp-content\/uploads\/2017\/04\/melatonin.jpg?resize=350%2C200&ssl=1","width":350,"height":200,"srcset":"https:\/\/i0.wp.com\/www.flora-pharm.de\/blog\/wp-content\/uploads\/2017\/04\/melatonin.jpg?resize=350%2C200&ssl=1 1x, https:\/\/i0.wp.com\/www.flora-pharm.de\/blog\/wp-content\/uploads\/2017\/04\/melatonin.jpg?resize=525%2C300&ssl=1 1.5x, https:\/\/i0.wp.com\/www.flora-pharm.de\/blog\/wp-content\/uploads\/2017\/04\/melatonin.jpg?resize=700%2C400&ssl=1 2x"},"classes":[]}],"jetpack_sharing_enabled":true,"_links":{"self":[{"href":"https:\/\/www.flora-pharm.de\/blog\/wp-json\/wp\/v2\/posts\/6498","targetHints":{"allow":["GET"]}}],"collection":[{"href":"https:\/\/www.flora-pharm.de\/blog\/wp-json\/wp\/v2\/posts"}],"about":[{"href":"https:\/\/www.flora-pharm.de\/blog\/wp-json\/wp\/v2\/types\/post"}],"author":[{"embeddable":true,"href":"https:\/\/www.flora-pharm.de\/blog\/wp-json\/wp\/v2\/users\/1"}],"replies":[{"embeddable":true,"href":"https:\/\/www.flora-pharm.de\/blog\/wp-json\/wp\/v2\/comments?post=6498"}],"version-history":[{"count":4,"href":"https:\/\/www.flora-pharm.de\/blog\/wp-json\/wp\/v2\/posts\/6498\/revisions"}],"predecessor-version":[{"id":6514,"href":"https:\/\/www.flora-pharm.de\/blog\/wp-json\/wp\/v2\/posts\/6498\/revisions\/6514"}],"wp:featuredmedia":[{"embeddable":true,"href":"https:\/\/www.flora-pharm.de\/blog\/wp-json\/wp\/v2\/media\/6466"}],"wp:attachment":[{"href":"https:\/\/www.flora-pharm.de\/blog\/wp-json\/wp\/v2\/media?parent=6498"}],"wp:term":[{"taxonomy":"category","embeddable":true,"href":"https:\/\/www.flora-pharm.de\/blog\/wp-json\/wp\/v2\/categories?post=6498"},{"taxonomy":"post_tag","embeddable":true,"href":"https:\/\/www.flora-pharm.de\/blog\/wp-json\/wp\/v2\/tags?post=6498"}],"curies":[{"name":"wp","href":"https:\/\/api.w.org\/{rel}","templated":true}]}}