{"id":6590,"date":"2019-12-06T09:50:33","date_gmt":"2019-12-06T08:50:33","guid":{"rendered":"https:\/\/www.flora-pharm.de\/blog\/?p=6590"},"modified":"2022-03-09T08:55:37","modified_gmt":"2022-03-09T07:55:37","slug":"mikronaehrstoffe-unterversorgung-bei-frauen","status":"publish","type":"post","link":"https:\/\/www.flora-pharm.de\/blog\/mikronaehrstoffe-unterversorgung-bei-frauen\/","title":{"rendered":"Mikron\u00e4hrstoffe \u2013 Unterversorgung bei Frauen"},"content":{"rendered":"<p><strong>Mehr davon! Frauen sind mit einigen N\u00e4hrstoffen unterversorgt \u2013 besonders diese 5 sind kritisch.<\/strong><br \/>Wir leben im \u00dcberfluss. Hierzulande herrscht alles andere als Lebensmittelknappheit. Also gibt es eigentlich keinen Grund f\u00fcr einen N\u00e4hrstoffmangel. W\u00fcrden wir richtig ausw\u00e4hlen, w\u00e4ren wir mit allen notwendigen Vitaminen, Mineralstoffen und Spurenelementen bestens versorgt. Doch gerade das riesige Angebot erschwert den Einkauf und verf\u00fchrt zu ung\u00fcnstigen Entscheidungen.<br \/><em>Von Saskia Fechte<\/em><\/p>\n<p>\u00a0<\/p>\n<p>Lessen Sie auch: <a href=\"https:\/\/www.flora-pharm.de\/blog\/mineralstoffmangel-vorbeugen\/\">Mineralstoffmangel vorbeugen<\/a><br \/>Zudem m\u00f6chten wir Sie auch auf unser <a href=\"https:\/\/www.flora-pharm.de\/orthomolekulare-medizin-vitalstoffe.htm\">Vitalstoff-ABC auf der Flora Apotheken Website<\/a> aufmerksam machen.<\/p>\n<p>\u00a0<\/p>\n<p>Der Bericht \u00bbGesundheit in Deutschland\u00ab vom Robert Koch-Institut deckt aktuelle Schwachstellen auf. Demnach ist die Zufuhr der meisten Vitamine und Mineralstoffe im Durchschnitt zwar ausreichend, aber bei einzelnen Vitalstoffen eindeutig verbesserungsw\u00fcrdig. <strong>Bei Frauen kommen vor allem Vitamin D, Vitamin E, Eisen, Folat und Jod zu kurz.<\/strong><\/p>\n<p>\u00a0<\/p>\n<h2>Vitamin D: \u00d6fter mal rausgehen<\/h2>\n<p>Die wichtigste Quelle f\u00fcr <a href=\"https:\/\/www.flora-pharm.de\/blog\/tag\/vitamin-d\/\">Vitamin D<\/a> ist nicht unser Essen, sondern <a href=\"https:\/\/www.flora-pharm.de\/blog\/licht-lebenswichtiger-taktgeber\/\">Sonnenlicht<\/a>. Wenn wir ausreichend UVB-Licht tanken, produzieren die Hautzellen bis zu 90 Prozent unseres Bedarfs. Entsprechend liegt der Vitamin-D-Spiegel im Sommer h\u00f6her als in der dunklen Jahreszeit. Wir k\u00f6nnen das Sonnenvitamin in Fettgewebe und Muskeln speichern und so f\u00fcr den Winter vorsorgen. Daf\u00fcr reicht es, von M\u00e4rz bis Oktober zwei- bis dreimal pro Woche das unbedeckte Gesicht sowie nackte H\u00e4nde und Arme f\u00fcr 10 bis 30 Minuten in die Sonne zu halten \u2013 nat\u00fcrlich ohne Kosmetik mit Lichtschutzfaktor und angepasst an den Hauttyp. Werden die Depots im Sommer ausreichend gef\u00fcllt, reicht der Vorrat bis \u00fcber den Winter.<\/p>\n<p>Fast jeder zweite Deutsche schafft das jedoch nicht. Ein Mangel geht auf die Knochen. Bekommen wir zu wenig Vitamin D, drohen Schmerzen und Substanzverlust im Skelett. Auf lange Sicht folgen der Abbau von Knochenmasse, Br\u00fcche und Osteoporose. Zudem leiden Muskelkraft und Immunabwehr. Die Deutsche Gesellschaft f\u00fcr Ern\u00e4hrung empfiehlt Vitamin-D-Pr\u00e4parate, wenn weder k\u00f6rpereigene Produktion noch Ern\u00e4hrung f\u00fcr eine verbesserte Versorgung ausreichen. \u00dcbrigens: Solariumlicht enth\u00e4lt keine oder nur wenige UVB-Strahlen. Es hilft daher nicht bei der Vitamin-D-Versorgung.<\/p>\n<p>\u00a0<\/p>\n<h2>Vitamin E: \u00d6l statt Butter<\/h2>\n<p><a href=\"https:\/\/www.flora-pharm.de\/blog\/tag\/vitamin-e\/\">Vitamin E<\/a> ist fettl\u00f6slich und wird im Fettgewebe gespeichert. Die wichtigste Form ist a-Tocopherol. Muskeln und Nerven leiden, wenn wir zu wenig bekommen, zudem hat das Vitamin eine wichtige Schutzfunktion f\u00fcr die Zellen. Es kann aggressive Sauerstoffmolek\u00fcle abfangen und z\u00e4hlt damit zu den wirksamsten Antioxidantien. Mit genug Vitamin E sind Zellen und Gef\u00e4\u00dfe vor diesen freien Radikalen gesch\u00fctzt, das Risiko f\u00fcr Herz- Kreislauf-Erkrankungen, Krebs und Alzheimer sinkt. Schwere Mangelerscheinungen allein durch falsche Ern\u00e4hrung sind hierzulande nur bei sehr einseitiger, fettarmer Kost ein Thema. Die Grundversorgung ist zwar gew\u00e4hrleistet, vielen fehlt durch niedrige Vitamin-E-Spiegel aber die zellsch\u00fctzende Wirkung. Auch Erkrankungen, die die Fettverdauung und somit die Vitamin-E-Aufnahme behindern, bergen ein gesundheitliches Risiko. Dazu z\u00e4hlen chronische Funktionsst\u00f6rungen von Darm, Bauchspeicheldr\u00fcse, Gallenblase und Leber sowie <a href=\"https:\/\/www.flora-pharm.de\/blog\/gluten-ein-leben-mit-zoeliakie-ist-das-glutenfrei\/\">Z\u00f6liakie<\/a> und genetisch bedingte Resorptionsst\u00f6rungen. Damit die fettl\u00f6sliche Substanz in den Zellen ankommt, braucht es eine Portion \u00d6l oder anderes Fett. Passenderweise liefern viele Vitamin-E-reiche Lebensmittel wie Pflanzen\u00f6l und N\u00fcsse diese Komponente gleich mit.<\/p>\n<p>\u00a0<\/p>\n<h2>Eisen: Saft zum Spinat<\/h2>\n<p>Eisen (Fe) ist ein entscheidender Bestandteil des Blutfarbstoffs H\u00e4moglobin in den roten Blutk\u00f6rperchen. Er sorgt f\u00fcr das leuchtende Rot und transportiert Sauerstoff von der Lunge zu den K\u00f6rperzellen. Der Energiehaushalt und verschiedene Enzyme brauchen ebenfalls Eisen. Da die roten Blutk\u00f6rperchen etwa alle 100 Tage neu gebildet werden, ist kontinuierlicher Nachschub n\u00f6tig. Ein Mangel bedeutet, dass auch die Vorr\u00e4te in Leber, Milz und Muskeln bereits leer sind. Dann droht Blutarmut, medizinisch An\u00e4mie genannt, mit Symptomen wie Bl\u00e4sse, Kraftlosigkeit, Kopfschmerzen und erh\u00f6hter Infektanf\u00e4lligkeit.<\/p>\n<p>Auf Dauer nimmt das Herz Schaden, Schwindel und Ohnmacht k\u00f6nnen auftreten. Viele Frauen erreichen die empfohlenen Eisenmengen nicht, denn sie verlieren durch die Menstruation regelm\u00e4\u00dfig Blut und essen tendenziell weniger Fleisch. Schwangere und Stillende sowie flei\u00dfige Blutspenderinnen brauchen sowieso mehr. Auch Vegetarierinnen und Frauen mit chronischen Darmerkrankungen sollten regelm\u00e4\u00dfig ihren Eisenstatus pr\u00fcfen lassen. Eisen aus tierischen Produkten kann der Organismus besser verarbeiten als von pflanzlicher Kost. Trotzdem l\u00e4sst sich der Bedarf auch ohne Fleisch decken. Unterst\u00fctzend erh\u00f6ht Vitamin C die Ausbeute, beispielsweise mit einem Glas Orangensaft zu den Mahlzeiten. Achtung: Andere Inhaltsstoffe von Lebensmitteln schr\u00e4nken die Eisenaufnahme ein: Phytate in Vollkornprodukten und H\u00fclsenfr\u00fcchten, Oxals\u00e4ure in Spinat sowie Gerbs\u00e4uren in Kaffee, schwarzem und gr\u00fcnem Tee.<\/p>\n<p><em>PS:<\/em> \u00dcbrigens h\u00e4ngen die Eisenaufnahme bzw. -verwertung direkt auch an einer guten Versorgung mit Vitamin D, daher wirkt sich ein Mangel umso schwerer aus. Schlie\u00dflich ist zum Aufbau der roten Blutk\u00f6rperchen auch noch <a href=\"https:\/\/www.flora-pharm.de\/blog\/kupfer\/\">Kupfer<\/a> als Co-Faktor von entscheidender Bedeutung, was auch nicht im Mangel sein darf und ggf. substituiert werden sollte.<\/p>\n<p>Lesen Sie auch: <a href=\"https:\/\/www.flora-pharm.de\/blog\/eisenmangel-erkennen-und-reagieren\/\">Eisenmangel erkennen und reagieren<\/a><\/p>\n<p>\u00a0<\/p>\n<h2>Folat: Gr\u00fcn gewinnt<\/h2>\n<p>Folat, in der synthetischen Variante <a href=\"https:\/\/www.flora-pharm.de\/blog\/folsaeure-nahrungsergaenzung-pro-und-contra\/\">Fols\u00e4ure<\/a> (Vitamin B9) genannt, regelt die Neubildung und das Wachstum aller Zellen. Au\u00dferdem profitieren Psyche, Immunsystem und Stoffwechsel von dem Vitamin. Bekommen wir zu wenig, stockt die Blutbildung, eine Blutarmut kann entstehen. Wundheilungs- und Verdauungsst\u00f6rungen sind weitere Symptome. Vor allem in den ersten Schwangerschaftswochen braucht das ungeborene Kind Folat, der t\u00e4gliche Bedarf f\u00fcr die Mutter steigt. Dann sind die n\u00f6tigen Mengen allein \u00fcber die Ern\u00e4hrung schwer zu erreichen. Deshalb sind mit Aufkommen des Kinderwunsches, sp\u00e4testens jedoch mit Beginn der Schwangerschaft, Fols\u00e4urepr\u00e4parate empfohlen. Nat\u00fcrliche Folatquellen sind gr\u00fcne Gem\u00fcsesorten und H\u00fclsenfr\u00fcchte.<\/p>\n<p><em>PS:<\/em> Fols\u00e4ure aus der Nahrung wird durch die Darmflora teilweise mit aufgebaut, z.B. aus der in pflanzlicher Nahrung enthaltenen Para-amino-benzoes\u00e4ure (PABA). Nach Resorption muss diese noch in aktives und chemisch reduziertes 5-Methyltetrahydrofolat umgewandelt werden. Sowohl bei der Methylierung als auch Reduktion gibt es genetisch bedingte Schw\u00e4chen oder Enzymblockaden durch <a href=\"https:\/\/www.flora-pharm.de\/blog\/schwermetalle-binden-und-ausleiten\/\">Schwermetalle<\/a>, die h\u00e4ufig zu unerkannten M\u00e4ngeln f\u00fchren, da der Fols\u00e4ure-Spiegel noch normal erscheint, deswegen sollte stets die aktive Form bestimmt werden. Ein solcher Fall liegt zum Beispiel bei der noch recht unbekannten <a href=\"https:\/\/www.flora-pharm.de\/blog\/pigmentstoerungen\/\">HPU<\/a> vor.<\/p>\n<p>\u00a0<\/p>\n<h2>Jod: Fisch auf den Tisch<\/h2>\n<p>Die <a href=\"https:\/\/www.flora-pharm.de\/blog\/schilddruesenstoerungen-drunter-und-drueber\/\">Schilddr\u00fcse<\/a> braucht das <a href=\"https:\/\/www.flora-pharm.de\/blog\/und-was-ist-mit-jod\/\">Spurenelement Jod<\/a>, um Hormone zu bilden. Diese sind wiederum f\u00fcr die Regelung von K\u00f6rpertemperatur, Energieverbrauch und zahlreichen Organfunktionen zust\u00e4ndig. Jodmangel f\u00fchrt weltweit zu den h\u00e4ufigsten N\u00e4hrstoffmangelerkrankungen.<\/p>\n<p>Sichtbar ist eine krankhaft vergr\u00f6\u00dferte Schilddr\u00fcse, der Kropf. Ferner k\u00f6nnen Knoten und Funktionsst\u00f6rungen in dem Organ auftreten. Verminderte Konzentrationsf\u00e4higkeit, eine generelle Leistungsminderung und st\u00e4ndige Infekte sind ebenfalls m\u00f6gliche Folgen. Weil Meerwasser viel Jod enth\u00e4lt, gilt das auch f\u00fcr Fisch und Algen. Da Jod f\u00fcr die gesunde Entwicklung in den ersten Lebensmonaten besonders wichtig ist, empfehlen Mediziner Jodpr\u00e4parate in Schwangerschaft und Stillzeit. Wer jahrelang die Pille nimmt oder raucht, hat auch einen erh\u00f6hten Jodbedarf.<\/p>\n<p><em>PS:<\/em> Gegebenenfalls kann man auch mit Lugolscher L\u00f6sung (eine nicht alkoholische Iodtinktur) eine Erg\u00e4nzung vornehmen, das dort gebundene Iod f\u00fcllt die Gewebsspeicher effektiver und gleichm\u00e4\u00dfiger als das in normalen Pr\u00e4paraten enthaltene Kaliumiodid auf. Aber Achtung: Die L\u00f6sung ist sehr hoch dosiert: 20 Tr. entsprechen etwa einem Milliliter und dieser enth\u00e4lt 50mg Iod. Somit geh\u00f6rt der Einsatz in therapeutische H\u00e4nde. Vgl auch: <a href=\"https:\/\/www.flora-pharm.de\/blog\/und-was-ist-mit-jod\/\">Und was ist mit Iod?<\/a><\/p>\n<p>\u00a0<\/p>\n<h2>Kalium und Natrium<\/h2>\n<p>\u00dcbrigens: \u00dcberversorgung bei Mikron\u00e4hrstoffen gibt es auch. Die Aufnahme von Kalium und Natrium liegt bei vielen Deutschen \u00fcber den empfohlenen Mengen, zudem ist das Mengenverh\u00e4ltnis oft ung\u00fcnstig. Ein Hauptgrund ist wohl der \u00fcberm\u00e4\u00dfige Konsum von Kochsalz. M\u00f6glicherweise steigt dadurch das Risiko f\u00fcr Bluthochdruck und Herz-Kreislauf- Erkrankungen. W\u00fcrzen Sie lieber mit Kr\u00e4utern!<\/p>\n<p>\u00a0<\/p>\n<h2>D-A-CH-Referenzwerte<\/h2>\n<p><strong>f\u00fcr die N\u00e4hrstoffzufuhr einer erwachsenen, nicht schwangeren sowie nicht stillenden Frau zwischen 18 und 51 Jahren: <\/strong><\/p>\n<p><strong>Vitamin D<\/strong><br \/>Tagesbedarf: 20 Mikrogramm bzw. 800 Internationale Einheiten<br \/>Hauptquellen: Sonnenlicht, fettreicher Seefisch (Lachs, Hering, Makrele), Pilze, Eigelb<\/p>\n<p><strong>Vitamin E<\/strong><br \/>Tagesbedarf: 12 Milligramm<br \/>Hauptquellen: pflanzliche \u00d6le (Weizenkeim, Sonnenblume), (a-Tocopherol) N\u00fcsse, Mandeln, Erdn\u00fcsse<\/p>\n<p><strong>Eisen<\/strong><br \/>Tagesbedarf: 15 Milligramm<br \/>Hauptquellen: dunkles Fleisch, H\u00fclsenfr\u00fcchte (Linsen), Amaranth, Hirse, Vollkornprodukte, Sesam, Sonnenblumenkerne<\/p>\n<p><strong>Folat<\/strong><br \/>Tagesbedarf: 300 Mikrogramm<br \/>Hauptquellen: gr\u00fcnes Blattgem\u00fcse, H\u00fclsenfr\u00fcchte, Vollkornprodukte, Milch(produkte), Kartoffeln, Orangen<\/p>\n<p><strong>Jod<\/strong><br \/>Tagesbedarf: 200 Mikrogramm<br \/>Hauptquellen: Seefisch, Meeresfr\u00fcchte, Algen, Jodsalz, Lugolsche L\u00f6sung<\/p>\n<p>\u00a0<\/p>\n<p><strong><em>Gern beantworten wir Ihre Fragen, sprechen Sie uns einfach an.<\/em><\/strong><\/p>\n<p>\u00a0<\/p>\n<p><strong><em>Wir haben die M\u00f6glichkeit, Ihnen auf Wunsch \u2013 auch in Absprache mit Ihrem Therapeuten\/Arzt \u2013 eine auf Sie pers\u00f6nlich abgestimmte Vitalstoffmischung zusammenzustellen. Sprechen Sie uns auch darauf gern an.<\/em><\/strong><\/p>\n<p>\u00a0<\/p>\n\n\n<div class=\"wp-block-image\"><figure class=\"aligncenter size-medium\"><img loading=\"lazy\" decoding=\"async\" width=\"242\" height=\"300\" data-attachment-id=\"6538\" data-permalink=\"https:\/\/www.flora-pharm.de\/blog\/fug-29\/\" data-orig-file=\"https:\/\/www.flora-pharm.de\/blog\/wp-content\/uploads\/2019\/11\/natuerlich-frau-cover-11-2019.jpg\" data-orig-size=\"600,743\" data-comments-opened=\"1\" data-image-meta=\"{&quot;aperture&quot;:&quot;0&quot;,&quot;credit&quot;:&quot;koplin&quot;,&quot;camera&quot;:&quot;&quot;,&quot;caption&quot;:&quot;&quot;,&quot;created_timestamp&quot;:&quot;0&quot;,&quot;copyright&quot;:&quot;&quot;,&quot;focal_length&quot;:&quot;0&quot;,&quot;iso&quot;:&quot;0&quot;,&quot;shutter_speed&quot;:&quot;0&quot;,&quot;title&quot;:&quot;FuG&quot;,&quot;orientation&quot;:&quot;1&quot;}\" data-image-title=\"\" data-image-description=\"\" data-image-caption=\"&lt;p&gt;Text mit freundlicher Genehmigung der S&amp;#038;D Verlag GmbH. Die komplette &amp;#8222;nat\u00fcrlich Frau&amp;#8220; bekommen Sie auch bei uns in der Apotheke als monatliches Special in der &amp;#8222;Naturheilkunde &amp;#038; Gesundheit&amp;#8220;.&lt;\/p&gt;\n\" data-large-file=\"https:\/\/www.flora-pharm.de\/blog\/wp-content\/uploads\/2019\/11\/natuerlich-frau-cover-11-2019.jpg\" src=\"https:\/\/www.flora-pharm.de\/blog\/wp-content\/uploads\/2019\/11\/natuerlich-frau-cover-11-2019-242x300.jpg\" alt=\"cover nat\u00fcrlich Frau 11-19\" class=\"wp-image-6538\" srcset=\"https:\/\/www.flora-pharm.de\/blog\/wp-content\/uploads\/2019\/11\/natuerlich-frau-cover-11-2019-242x300.jpg 242w, https:\/\/www.flora-pharm.de\/blog\/wp-content\/uploads\/2019\/11\/natuerlich-frau-cover-11-2019.jpg 600w\" sizes=\"auto, (max-width: 242px) 100vw, 242px\" \/><figcaption>Text mit freundlicher Genehmigung der S&amp;D Verlag GmbH. Die komplette &#8222;nat\u00fcrlich Frau&#8220; bekommen Sie auch bei uns in der Apotheke als monatliches Special in der &#8222;Naturheilkunde &amp; Gesundheit&#8220;.<\/figcaption><\/figure><\/div>\n","protected":false},"excerpt":{"rendered":"<p>Mehr davon! Frauen sind mit einigen N\u00e4hrstoffen unterversorgt \u2013 besonders diese 5 sind kritisch.Wir leben im \u00dcberfluss. Hierzulande herrscht alles andere als Lebensmittelknappheit. Also gibt es eigentlich keinen Grund f\u00fcr einen N\u00e4hrstoffmangel. W\u00fcrden wir richtig ausw\u00e4hlen, w\u00e4ren wir mit allen notwendigen Vitaminen, Mineralstoffen und Spurenelementen bestens versorgt. Doch gerade das riesige Angebot erschwert den Einkauf [&hellip;]<\/p>\n","protected":false},"author":1,"featured_media":6537,"comment_status":"open","ping_status":"open","sticky":false,"template":"","format":"standard","meta":{"jetpack_post_was_ever_published":false,"_jetpack_newsletter_access":"","_jetpack_dont_email_post_to_subs":false,"_jetpack_newsletter_tier_id":0,"_jetpack_memberships_contains_paywalled_content":false,"_jetpack_memberships_contains_paid_content":false,"footnotes":""},"categories":[49,8],"tags":[294,239,634,297,51,506,87,62,332,34],"class_list":["post-6590","post","type-post","status-publish","format-standard","has-post-thumbnail","hentry","category-orthomolekulare-medizin","category-wissenswert","tag-eisen","tag-ernaehrung","tag-iod","tag-mangel","tag-mineralstoffe","tag-natuerlich-frau","tag-vitamin-b9","tag-vitamin-d","tag-vitamin-e","tag-vitamine","has-post-title","has-post-date","has-post-category","has-post-tag","has-post-comment","has-post-author",""],"jetpack_featured_media_url":"https:\/\/www.flora-pharm.de\/blog\/wp-content\/uploads\/2019\/11\/mikronaehrstoffe-frau-mangel.jpg","jetpack-related-posts":[{"id":6559,"url":"https:\/\/www.flora-pharm.de\/blog\/mangelerscheinungen-sichtbare-zeichen\/","url_meta":{"origin":6590,"position":0},"title":"Mangelerscheinungen \u2013 Sichtbare Zeichen","author":"Flora Team","date":"18. November 2019","format":false,"excerpt":"Ver\u00e4nderungen an Haut, Haaren und N\u00e4geln sind typische Signale, wenn es an Vitaminen und Mineralstoffen mangelt. Der K\u00f6rper zeigt, wenn ihm etwas fehlt. Besonders auff\u00e4llig wird es dort, wo sich Zellen rasch teilen und erneuern. Dort, wo unentwegt Wachstumsprozesse stattfinden und wir das Weiterwachsen beobachten k\u00f6nnen. Fallen Ihnen hier Ver\u00e4nderungen\u2026","rel":"","context":"In &quot;Orthomolekulare Medizin&quot;","block_context":{"text":"Orthomolekulare Medizin","link":"https:\/\/www.flora-pharm.de\/blog\/category\/orthomolekulare-medizin\/"},"img":{"alt_text":"Sichtbare Mangelerscheinungen","src":"https:\/\/i0.wp.com\/www.flora-pharm.de\/blog\/wp-content\/uploads\/2019\/11\/mangelerscheinungen-sichtbar.jpg?resize=350%2C200&ssl=1","width":350,"height":200,"srcset":"https:\/\/i0.wp.com\/www.flora-pharm.de\/blog\/wp-content\/uploads\/2019\/11\/mangelerscheinungen-sichtbar.jpg?resize=350%2C200&ssl=1 1x, https:\/\/i0.wp.com\/www.flora-pharm.de\/blog\/wp-content\/uploads\/2019\/11\/mangelerscheinungen-sichtbar.jpg?resize=525%2C300&ssl=1 1.5x, https:\/\/i0.wp.com\/www.flora-pharm.de\/blog\/wp-content\/uploads\/2019\/11\/mangelerscheinungen-sichtbar.jpg?resize=700%2C400&ssl=1 2x"},"classes":[]},{"id":2922,"url":"https:\/\/www.flora-pharm.de\/blog\/mikronaehrstoffe-nahrung-entwicklung-des-gehirns-bei-heranwachsenden\/","url_meta":{"origin":6590,"position":1},"title":"Mikron\u00e4hrstoffe, Nahrung &#038; Entwicklung des Gehirns bei Heranwachsenden","author":"Flora Team","date":"15. Oktober 2015","format":false,"excerpt":"Mikron\u00e4hrstoffe sind wichtig f\u00fcr die Entwicklung des Gehirns und der kognitiven Leistungsf\u00e4higkeit von Kindern und Heranwachsenden. Studien vergleichen Zufuhrempfehlungen mit tats\u00e4chlichen Verzehrdaten sowie Blutanalysen und stellen fest, dass die Versorgung mit gehirnaktiven N\u00e4hrstoffen oftmals unzureichend ist. Ausgangspunkt der Problematik ist die oftmals falsche Ern\u00e4hrung der Kinder und Heranwachsenden, dies belegt\u2026","rel":"","context":"In &quot;Orthomolekulare Medizin&quot;","block_context":{"text":"Orthomolekulare Medizin","link":"https:\/\/www.flora-pharm.de\/blog\/category\/orthomolekulare-medizin\/"},"img":{"alt_text":"","src":"https:\/\/i0.wp.com\/www.flora-pharm.de\/blog\/wp-content\/uploads\/2015\/09\/mikron%C3%A4hrstoffe.jpg?resize=350%2C200&ssl=1","width":350,"height":200,"srcset":"https:\/\/i0.wp.com\/www.flora-pharm.de\/blog\/wp-content\/uploads\/2015\/09\/mikron%C3%A4hrstoffe.jpg?resize=350%2C200&ssl=1 1x, https:\/\/i0.wp.com\/www.flora-pharm.de\/blog\/wp-content\/uploads\/2015\/09\/mikron%C3%A4hrstoffe.jpg?resize=525%2C300&ssl=1 1.5x, https:\/\/i0.wp.com\/www.flora-pharm.de\/blog\/wp-content\/uploads\/2015\/09\/mikron%C3%A4hrstoffe.jpg?resize=700%2C400&ssl=1 2x"},"classes":[]},{"id":6968,"url":"https:\/\/www.flora-pharm.de\/blog\/nahrungsergaenzungsmittel-wer-braucht-eine-extraportion\/","url_meta":{"origin":6590,"position":2},"title":"Nahrungserg\u00e4nzungsmittel &#8211; Wer braucht eine Extraportion?","author":"Flora Team","date":"11. Juni 2020","format":false,"excerpt":"Nahrungserg\u00e4nzungsmittel sind in bestimmten Lebenslagen und f\u00fcr spezielle Personengruppen sinnvoll. Saskia Fechte stellt dar, auf wen das zutrifft? Wer sich ausgewogen ern\u00e4hrt, braucht keine Nahrungserg\u00e4nzungsmittel \u2013 dar\u00fcber herrscht weitgehend Einigung. Unabh\u00e4ngig von der Frage, wie viele das tats\u00e4chlich beherzigen, bef\u00fcrworten Experten die Vitamine und Mineralstoffe aus der Apotheke f\u00fcr viele\u2026","rel":"","context":"In &quot;Orthomolekulare Medizin&quot;","block_context":{"text":"Orthomolekulare Medizin","link":"https:\/\/www.flora-pharm.de\/blog\/category\/orthomolekulare-medizin\/"},"img":{"alt_text":"Nahrungserg\u00e4nzungsmittel Flora Apotheke","src":"https:\/\/i0.wp.com\/www.flora-pharm.de\/blog\/wp-content\/uploads\/2020\/06\/supplemente-extraportion.jpg?resize=350%2C200&ssl=1","width":350,"height":200,"srcset":"https:\/\/i0.wp.com\/www.flora-pharm.de\/blog\/wp-content\/uploads\/2020\/06\/supplemente-extraportion.jpg?resize=350%2C200&ssl=1 1x, https:\/\/i0.wp.com\/www.flora-pharm.de\/blog\/wp-content\/uploads\/2020\/06\/supplemente-extraportion.jpg?resize=525%2C300&ssl=1 1.5x, https:\/\/i0.wp.com\/www.flora-pharm.de\/blog\/wp-content\/uploads\/2020\/06\/supplemente-extraportion.jpg?resize=700%2C400&ssl=1 2x"},"classes":[]},{"id":7008,"url":"https:\/\/www.flora-pharm.de\/blog\/gesuender-mit-vitalstoffen\/","url_meta":{"origin":6590,"position":3},"title":"Ges\u00fcnder mit Vitalstoffen","author":"Flora Team","date":"3. Juli 2020","format":false,"excerpt":"Die meisten Menschen setzen auf Vitamine, Mineralstoffe und Spurenelemente, um Mangelerscheinungen und Krankheiten vorzubeugen. Die Mikron\u00e4hrstoffe k\u00f6nnen aber noch mehr, berichtet Saskia Fechte. Surf-Tipp: In unserem Vitalstoff-ABC auf der Flora Apotheken Website stellen wir die wichtigsten Vitalstoffe steckbriefartig vor. \u00a0 Pr\u00e4vention: gesund bleiben Nahrungserg\u00e4nzungsmittel dienen nicht nur dazu, leere Vitaminspeicher\u2026","rel":"","context":"In &quot;Orthomolekulare Medizin&quot;","block_context":{"text":"Orthomolekulare Medizin","link":"https:\/\/www.flora-pharm.de\/blog\/category\/orthomolekulare-medizin\/"},"img":{"alt_text":"Ges\u00fcnder mit Vitalstoffen","src":"https:\/\/i0.wp.com\/www.flora-pharm.de\/blog\/wp-content\/uploads\/2020\/06\/vitalstoffe-gesund.jpg?resize=350%2C200&ssl=1","width":350,"height":200,"srcset":"https:\/\/i0.wp.com\/www.flora-pharm.de\/blog\/wp-content\/uploads\/2020\/06\/vitalstoffe-gesund.jpg?resize=350%2C200&ssl=1 1x, https:\/\/i0.wp.com\/www.flora-pharm.de\/blog\/wp-content\/uploads\/2020\/06\/vitalstoffe-gesund.jpg?resize=525%2C300&ssl=1 1.5x, https:\/\/i0.wp.com\/www.flora-pharm.de\/blog\/wp-content\/uploads\/2020\/06\/vitalstoffe-gesund.jpg?resize=700%2C400&ssl=1 2x"},"classes":[]},{"id":3880,"url":"https:\/\/www.flora-pharm.de\/blog\/mineralstoffmangel-vorbeugen\/","url_meta":{"origin":6590,"position":4},"title":"Mineralstoffmangel vorbeugen","author":"Flora Team","date":"24. Februar 2017","format":false,"excerpt":"Man unterscheidet: Mineralstoffe (Mengenelemente)Calcium, Chlorid, Magnesium, Natrium und Kalium sind in gr\u00f6\u00dferen Mengen im K\u00f6rper vorhanden. Diese Mineralstoffe werden auch als Elektrolyte bezeichnet. SpurenelementeDazu geh\u00f6ren z. B. Eisen, Jod, Fluor, Zink, Kupfer, Bor, Lithium, Vanadium und Selen. Sie werden nur in sehr geringer Menge ben\u00f6tigt. PS: Wir m\u00f6chten Sie an\u2026","rel":"","context":"In &quot;Orthomolekulare Medizin&quot;","block_context":{"text":"Orthomolekulare Medizin","link":"https:\/\/www.flora-pharm.de\/blog\/category\/orthomolekulare-medizin\/"},"img":{"alt_text":"","src":"https:\/\/i0.wp.com\/www.flora-pharm.de\/blog\/wp-content\/uploads\/2017\/02\/mineralstoffe-mangel.jpg?resize=350%2C200&ssl=1","width":350,"height":200,"srcset":"https:\/\/i0.wp.com\/www.flora-pharm.de\/blog\/wp-content\/uploads\/2017\/02\/mineralstoffe-mangel.jpg?resize=350%2C200&ssl=1 1x, https:\/\/i0.wp.com\/www.flora-pharm.de\/blog\/wp-content\/uploads\/2017\/02\/mineralstoffe-mangel.jpg?resize=525%2C300&ssl=1 1.5x, https:\/\/i0.wp.com\/www.flora-pharm.de\/blog\/wp-content\/uploads\/2017\/02\/mineralstoffe-mangel.jpg?resize=700%2C400&ssl=1 2x"},"classes":[]},{"id":5422,"url":"https:\/\/www.flora-pharm.de\/blog\/osteoporose\/","url_meta":{"origin":6590,"position":5},"title":"Osteoporose","author":"Flora Team","date":"6. November 2018","format":false,"excerpt":"Jeder ist seines Skelettes Schmied. Osteoporose ist kein Schicksal. Was macht Knochen stark und was macht sie br\u00fcchig? Osteoporose ist die h\u00e4ufigste Knochenerkrankung \u00fcberhaupt. In Deutschland sind etwa sieben Millionen Menschen betroffen. Die Zahl steigt st\u00e4ndig, weil wir immer \u00e4lter werden. Osteoporose hei\u00dft \u00fcbersetzt \u201epor\u00f6ser Knochen\u201c. Der Volksmund sagt: Knochenschwund.\u2026","rel":"","context":"In &quot;Wissenswert&quot;","block_context":{"text":"Wissenswert","link":"https:\/\/www.flora-pharm.de\/blog\/category\/wissenswert\/"},"img":{"alt_text":"Osteoporose","src":"https:\/\/i0.wp.com\/www.flora-pharm.de\/blog\/wp-content\/uploads\/2018\/11\/osteoporose.jpg?resize=350%2C200&ssl=1","width":350,"height":200,"srcset":"https:\/\/i0.wp.com\/www.flora-pharm.de\/blog\/wp-content\/uploads\/2018\/11\/osteoporose.jpg?resize=350%2C200&ssl=1 1x, https:\/\/i0.wp.com\/www.flora-pharm.de\/blog\/wp-content\/uploads\/2018\/11\/osteoporose.jpg?resize=525%2C300&ssl=1 1.5x, https:\/\/i0.wp.com\/www.flora-pharm.de\/blog\/wp-content\/uploads\/2018\/11\/osteoporose.jpg?resize=700%2C400&ssl=1 2x"},"classes":[]}],"jetpack_sharing_enabled":true,"_links":{"self":[{"href":"https:\/\/www.flora-pharm.de\/blog\/wp-json\/wp\/v2\/posts\/6590","targetHints":{"allow":["GET"]}}],"collection":[{"href":"https:\/\/www.flora-pharm.de\/blog\/wp-json\/wp\/v2\/posts"}],"about":[{"href":"https:\/\/www.flora-pharm.de\/blog\/wp-json\/wp\/v2\/types\/post"}],"author":[{"embeddable":true,"href":"https:\/\/www.flora-pharm.de\/blog\/wp-json\/wp\/v2\/users\/1"}],"replies":[{"embeddable":true,"href":"https:\/\/www.flora-pharm.de\/blog\/wp-json\/wp\/v2\/comments?post=6590"}],"version-history":[{"count":6,"href":"https:\/\/www.flora-pharm.de\/blog\/wp-json\/wp\/v2\/posts\/6590\/revisions"}],"predecessor-version":[{"id":8173,"href":"https:\/\/www.flora-pharm.de\/blog\/wp-json\/wp\/v2\/posts\/6590\/revisions\/8173"}],"wp:featuredmedia":[{"embeddable":true,"href":"https:\/\/www.flora-pharm.de\/blog\/wp-json\/wp\/v2\/media\/6537"}],"wp:attachment":[{"href":"https:\/\/www.flora-pharm.de\/blog\/wp-json\/wp\/v2\/media?parent=6590"}],"wp:term":[{"taxonomy":"category","embeddable":true,"href":"https:\/\/www.flora-pharm.de\/blog\/wp-json\/wp\/v2\/categories?post=6590"},{"taxonomy":"post_tag","embeddable":true,"href":"https:\/\/www.flora-pharm.de\/blog\/wp-json\/wp\/v2\/tags?post=6590"}],"curies":[{"name":"wp","href":"https:\/\/api.w.org\/{rel}","templated":true}]}}