{"id":6609,"date":"2019-12-10T10:16:09","date_gmt":"2019-12-10T09:16:09","guid":{"rendered":"https:\/\/www.flora-pharm.de\/blog\/?p=6609"},"modified":"2022-06-03T09:19:17","modified_gmt":"2022-06-03T07:19:17","slug":"tannen-traeume","status":"publish","type":"post","link":"https:\/\/www.flora-pharm.de\/blog\/tannen-traeume\/","title":{"rendered":"Tannen-Tr\u00e4ume"},"content":{"rendered":"<p>Harzig, holzig, w\u00fcrzig. Holen Sie sich die D\u00fcfte des Weihnachtswaldes nach Hause \u2013 mit Aroma\u00f6len aus der Apotheke. Ein Waldspaziergang tut gut. Das sp\u00fcren wir, wenn wir die frische Waldluft atmen. Die positiven Effekte sind jetzt sogar wissenschaftlich belegt. Was passiert mit uns, wenn wir unter B\u00e4umen stehen?<\/p>\n<p><em>Von Stefanie Happ<\/em><\/p>\n<p><\/p>\n<p>Es liegt was in der Luft Im Nadelwald herrscht eine Luft, die angef\u00fcllt mit Molek\u00fclen ist. Sogenannte Terpene dienen den Pflanzen zur Sch\u00e4dlingsbek\u00e4mpfung; f\u00fcr uns sind sie ebenfalls gesundheitsf\u00f6rdernd. Terpene sind fl\u00fcchtige Substanzen, die wir \u00fcber die Haut und \u00fcber die Atemwege aufnehmen. Sie regulieren messbar den Blutdruck und senken die Stresshormone. Gleichzeitig st\u00e4rken sie das Immunsystem und sch\u00fctzen das Herz.<\/p>\n<p>PS: Lesen Sie auch weitere Artikel zur <a href=\"https:\/\/www.flora-pharm.de\/blog\/tag\/aromatherapie\/\">Aromatherapie<\/a>.<\/p>\n<p><\/p>\n<h2>Der Wald zu Hause<\/h2>\n<p>Unsere heimischen B\u00e4ume \u2013 vorwiegend Fichten, Kiefern und Wei\u00dftannen \u2013 enthalten besonders viele von diesen gesundheitsf\u00f6rdernden Stoffen. Ein guter Grund, um viel \u00f6fter im Gr\u00fcnen spazieren zu gehen. Und an den Tagen, wenn das Wetter nicht vor die Haust\u00fcr lockt, dann holen Sie sich den Wald doch in Ihre vier W\u00e4nde. Aus den Harzen, Nadeln und Rinden werden \u00e4therische \u00d6le gewonnen. Die Produkte, die daraus hergestellt werden, sind in Ihrer Apotheke erh\u00e4ltlich. Gerade jetzt in der kalten Jahreszeit sind sie uns besonders n\u00fctzlich.<\/p>\n<p><\/p>\n<h3>Fichte<\/h3>\n<p>Fichtennadeln liefern wertvolle \u00e4therische \u00d6le, die frisch und waldig duften. Beim Vernebeln in der Aromalampe reinigt das naturreine \u00d6l die Raumluft von Keimen, insbesondere von Schnupfenviren. Au\u00dferdem wirken die Substanzen auf die Bronchien. Der Duft vertieft die Atmung und befreit die Nase. Ideal f\u00fcr die Erk\u00e4ltungszeit \u2013 aber auch dann, wenn der Weihnachtsstress um sich greift. Ein warmes Bad mit Zus\u00e4tzen, die mit Fichtennadel\u00f6l angereichert sind, sorgt f\u00fcr Entspannung und f\u00f6rdert die innere Ruhe nach einem hektischen Tag. Verspannungen in Schultern und Nacken k\u00f6nnen sich l\u00f6sen, weil Fichtennadel\u00f6l die Durchblutung f\u00f6rdert und die Muskeln erw\u00e4rmt.<\/p>\n<p><\/p>\n<h3>Kiefer<\/h3>\n<p>Kiefernnadel\u00f6l duftet aromatisch und w\u00fcrzig. Jetzt im Winter ist es besonders beliebt, weil es \u2013 ebenso wie Fichtennadel\u00f6l \u2013 Erreger, die durch die Luft schwirren, abt\u00f6ten kann. Die Inhaltsstoffe wirken antibakteriell und antiviral zugleich. Wer schon beim ersten Kribbeln in der Nase Kiefernnadel\u00f6l tief einatmet, kann einen Schnupfen im Keim ersticken.<\/p>\n<p>Wem die K\u00e4lte drau\u00dfen in die Glieder gekrochen ist, f\u00fcr den sind hochwertige Massage\u00f6le und Einreibungen mit Kiefernnadel\u00f6l genau richtig. \u00dcber die W\u00e4rmerezeptoren in der Haut wird die Durchblutung angeregt und Gelenkschmerzen k\u00f6nnen nachlassen. Auch das Gehirn profitiert von diesem Waldduft. Kiefernnadel\u00f6l st\u00e4rkt die Konzentration, hilft bei Ersch\u00f6pfung und macht den Geist wieder frisch und munter.<\/p>\n<p><\/p>\n<h3>Wei\u00dftanne<\/h3>\n<p>Balsamisch und w\u00fcrzig mit s\u00fc\u00dflicher Note, so duftet \u00e4therisches Wei\u00dftannen\u00f6l. Es geh\u00f6rt zu den beliebtesten Waldd\u00fcften \u00fcberhaupt. In der Aromalampe oder im Vernebler sorgt es f\u00fcr eine behagliche Atmosph\u00e4re. Wenn das triste Winterwetter aufs Gem\u00fct schl\u00e4gt, erhellt der sanfte Wei\u00dftannenduft die Stimmung. Er beruhigt die Nerven und verhilft zu seelischer Stabilit\u00e4t. Stressbedingte Muskelverspannungen k\u00f6nnen sich l\u00f6sen. \u00c4therisches Wei\u00dftannen\u00f6l gilt als meditationsf\u00f6rdernd. Gut f\u00fcr alle, die die Weihnachtszeit nutzen m\u00f6chten, um zu ihrer eigenen Mitte zu finden.<\/p>\n<p><\/p>\n<p>Naturreine Waldd\u00fcfte und \u00e4therische Nadelbaum\u00f6le bekommen Sie inklusive einer individuellen Beratung auch bei uns, in Ihrer Apotheke!<\/p>\n<p><\/p>\n\n\n<div class=\"wp-block-image\"><figure class=\"aligncenter size-medium\"><img loading=\"lazy\" decoding=\"async\" width=\"225\" height=\"300\" data-attachment-id=\"6601\" data-permalink=\"https:\/\/www.flora-pharm.de\/blog\/linke-seite-82\/\" data-orig-file=\"https:\/\/www.flora-pharm.de\/blog\/wp-content\/uploads\/2019\/12\/naturheilkunde-und-gesundheit-cover-12-2019.jpg\" data-orig-size=\"450,600\" data-comments-opened=\"1\" data-image-meta=\"{&quot;aperture&quot;:&quot;0&quot;,&quot;credit&quot;:&quot;kahlert&quot;,&quot;camera&quot;:&quot;&quot;,&quot;caption&quot;:&quot;&quot;,&quot;created_timestamp&quot;:&quot;0&quot;,&quot;copyright&quot;:&quot;&quot;,&quot;focal_length&quot;:&quot;0&quot;,&quot;iso&quot;:&quot;0&quot;,&quot;shutter_speed&quot;:&quot;0&quot;,&quot;title&quot;:&quot;Linke Seite&quot;,&quot;orientation&quot;:&quot;1&quot;}\" data-image-title=\"\" data-image-description=\"\" data-image-caption=\"&lt;p&gt;Text mit freundlicher Genehmigung der S &amp;#038; D Verlag GmbH. Das komplette &amp;#8222;Naturheilkunde &amp;#038; Gesundheit&amp;#8220; Heft bekommen Sie auch bei uns in der Apotheke.&lt;\/p&gt;\n\" data-large-file=\"https:\/\/www.flora-pharm.de\/blog\/wp-content\/uploads\/2019\/12\/naturheilkunde-und-gesundheit-cover-12-2019.jpg\" src=\"https:\/\/www.flora-pharm.de\/blog\/wp-content\/uploads\/2019\/12\/naturheilkunde-und-gesundheit-cover-12-2019-225x300.jpg\" alt=\"Naturheilkunde &amp; Gesundheit Cover 12\/19\" class=\"wp-image-6601\" srcset=\"https:\/\/www.flora-pharm.de\/blog\/wp-content\/uploads\/2019\/12\/naturheilkunde-und-gesundheit-cover-12-2019-225x300.jpg 225w, https:\/\/www.flora-pharm.de\/blog\/wp-content\/uploads\/2019\/12\/naturheilkunde-und-gesundheit-cover-12-2019.jpg 450w\" sizes=\"auto, (max-width: 225px) 100vw, 225px\" \/><figcaption>Text mit freundlicher Genehmigung der S &amp; D Verlag GmbH. Das komplette &#8222;Naturheilkunde &amp; Gesundheit&#8220; Heft bekommen Sie auch bei uns in der Apotheke.<\/figcaption><\/figure><\/div>\n","protected":false},"excerpt":{"rendered":"<p>Harzig, holzig, w\u00fcrzig. Holen Sie sich die D\u00fcfte des Weihnachtswaldes nach Hause \u2013 mit Aroma\u00f6len aus der Apotheke. Ein Waldspaziergang tut gut. Das sp\u00fcren wir, wenn wir die frische Waldluft atmen. Die positiven Effekte sind jetzt sogar wissenschaftlich belegt. Was passiert mit uns, wenn wir unter B\u00e4umen stehen? Von Stefanie Happ Es liegt was in [&hellip;]<\/p>\n","protected":false},"author":1,"featured_media":6605,"comment_status":"open","ping_status":"open","sticky":false,"template":"","format":"standard","meta":{"jetpack_post_was_ever_published":false,"_jetpack_newsletter_access":"","_jetpack_dont_email_post_to_subs":false,"_jetpack_newsletter_tier_id":0,"_jetpack_memberships_contains_paywalled_content":false,"_jetpack_memberships_contains_paid_content":false,"footnotes":""},"categories":[8],"tags":[460,156,436,422,431,689,24],"class_list":["post-6609","post","type-post","status-publish","format-standard","has-post-thumbnail","hentry","category-wissenswert","tag-aromatherapie","tag-aetherische-oele","tag-duftstoffe","tag-naturheilkunde-und-gesundheit","tag-phytotherapie","tag-wald","tag-winter","has-post-title","has-post-date","has-post-category","has-post-tag","has-post-comment","has-post-author",""],"jetpack_featured_media_url":"https:\/\/www.flora-pharm.de\/blog\/wp-content\/uploads\/2019\/12\/tannen-traeume.jpg","jetpack-related-posts":[{"id":8279,"url":"https:\/\/www.flora-pharm.de\/blog\/so-wirkt-der-wald\/","url_meta":{"origin":6609,"position":0},"title":"So wirkt der Wald","author":"Flora Team","date":"16. Juni 2022","format":false,"excerpt":"DOKTOR NATUR - Heilen mit der gr\u00fcnen Kraft des Waldes! \u201eShinrin Yoku\u201c sagt man in Japan, dort gibt es Waldbaden sogar auf Rezept.","rel":"","context":"In &quot;Wissenswert&quot;","block_context":{"text":"Wissenswert","link":"https:\/\/www.flora-pharm.de\/blog\/category\/wissenswert\/"},"img":{"alt_text":"So wirkt der Wald","src":"https:\/\/i0.wp.com\/www.flora-pharm.de\/blog\/wp-content\/uploads\/2022\/06\/waldbaden-wirkung.jpg?resize=350%2C200&ssl=1","width":350,"height":200,"srcset":"https:\/\/i0.wp.com\/www.flora-pharm.de\/blog\/wp-content\/uploads\/2022\/06\/waldbaden-wirkung.jpg?resize=350%2C200&ssl=1 1x, https:\/\/i0.wp.com\/www.flora-pharm.de\/blog\/wp-content\/uploads\/2022\/06\/waldbaden-wirkung.jpg?resize=525%2C300&ssl=1 1.5x, https:\/\/i0.wp.com\/www.flora-pharm.de\/blog\/wp-content\/uploads\/2022\/06\/waldbaden-wirkung.jpg?resize=700%2C400&ssl=1 2x"},"classes":[]},{"id":9468,"url":"https:\/\/www.flora-pharm.de\/blog\/baum-medizin-gesundes-gehoelz\/","url_meta":{"origin":6609,"position":1},"title":"Baum-Medizin \/ Gesundes Geh\u00f6lz","author":"Flora Team","date":"8. April 2025","format":false,"excerpt":"Zwei Stunden pro Woche unter B\u00e4umen und Sie sind gl\u00fccklicher, sagt die Forschung. Und f\u00fcr die Hausapotheke gibt es auch noch Tipps.","rel":"","context":"In &quot;Heilpflanzen \/ Arzneipflanzen&quot;","block_context":{"text":"Heilpflanzen \/ Arzneipflanzen","link":"https:\/\/www.flora-pharm.de\/blog\/category\/heilpflanzen-arzneipflanzen\/"},"img":{"alt_text":"Baum-Medizin, gesundes Geh\u00f6lz, Kraft aus dem Wald. Im Bild ist ein m\u00e4chtiger Baum zu sehen.","src":"https:\/\/i0.wp.com\/www.flora-pharm.de\/blog\/wp-content\/uploads\/2025\/02\/baum-medizin.jpg?resize=350%2C200&ssl=1","width":350,"height":200,"srcset":"https:\/\/i0.wp.com\/www.flora-pharm.de\/blog\/wp-content\/uploads\/2025\/02\/baum-medizin.jpg?resize=350%2C200&ssl=1 1x, https:\/\/i0.wp.com\/www.flora-pharm.de\/blog\/wp-content\/uploads\/2025\/02\/baum-medizin.jpg?resize=525%2C300&ssl=1 1.5x, https:\/\/i0.wp.com\/www.flora-pharm.de\/blog\/wp-content\/uploads\/2025\/02\/baum-medizin.jpg?resize=700%2C400&ssl=1 2x, https:\/\/i0.wp.com\/www.flora-pharm.de\/blog\/wp-content\/uploads\/2025\/02\/baum-medizin.jpg?resize=1050%2C600&ssl=1 3x"},"classes":[]},{"id":12054,"url":"https:\/\/www.flora-pharm.de\/blog\/endlich-mehr-licht\/","url_meta":{"origin":6609,"position":2},"title":"Endlich mehr Licht","author":"Flora Team","date":"3. M\u00e4rz 2026","format":false,"excerpt":"Wir haben einige Tipps vom Experten, die Ihnen helfen, den winterlichen Tr\u00fcbsinn schnell in heitere Freude zu verwandeln.","rel":"","context":"In &quot;Wissenswert&quot;","block_context":{"text":"Wissenswert","link":"https:\/\/www.flora-pharm.de\/blog\/category\/wissenswert\/"},"img":{"alt_text":"Endlich mehr Licht beschreit der Text im Bild einer Winterlandschaft. Schnee auf den B\u00e4umen, abeer auch eine strahlende Sonne in blauem Himmel. Das Licht soll den Winterblues vertreiben.","src":"https:\/\/i0.wp.com\/www.flora-pharm.de\/blog\/wp-content\/uploads\/2026\/01\/mehr-licht.jpg?resize=350%2C200&ssl=1","width":350,"height":200,"srcset":"https:\/\/i0.wp.com\/www.flora-pharm.de\/blog\/wp-content\/uploads\/2026\/01\/mehr-licht.jpg?resize=350%2C200&ssl=1 1x, https:\/\/i0.wp.com\/www.flora-pharm.de\/blog\/wp-content\/uploads\/2026\/01\/mehr-licht.jpg?resize=525%2C300&ssl=1 1.5x, https:\/\/i0.wp.com\/www.flora-pharm.de\/blog\/wp-content\/uploads\/2026\/01\/mehr-licht.jpg?resize=700%2C400&ssl=1 2x, https:\/\/i0.wp.com\/www.flora-pharm.de\/blog\/wp-content\/uploads\/2026\/01\/mehr-licht.jpg?resize=1050%2C600&ssl=1 3x"},"classes":[]},{"id":7090,"url":"https:\/\/www.flora-pharm.de\/blog\/die-natur-haelt-fit\/","url_meta":{"origin":6609,"position":3},"title":"Die Natur h\u00e4lt fit","author":"Flora Team","date":"21. August 2020","format":false,"excerpt":"Vor die T\u00fcr gehen ist gesund. Die Natur bietet perfekte Trainingsvoraussetzungen f\u00fcr einen widerstandsf\u00e4higen K\u00f6rper und einen wachen Geist. Hundehalter, die bei Wind und Wetter raus m\u00fcssen, und Menschen mit naturnahen Hobbys gelten als rundum fit und gut abgeh\u00e4rtet. Hier ist viel Wahres dran, denn regelm\u00e4\u00dfig drau\u00dfen zu sein, ist\u2026","rel":"","context":"In &quot;Wissenswert&quot;","block_context":{"text":"Wissenswert","link":"https:\/\/www.flora-pharm.de\/blog\/category\/wissenswert\/"},"img":{"alt_text":"Die Natur h\u00e4lt fit","src":"https:\/\/i0.wp.com\/www.flora-pharm.de\/blog\/wp-content\/uploads\/2020\/08\/die-natur-haelt-fit.jpg?resize=350%2C200&ssl=1","width":350,"height":200,"srcset":"https:\/\/i0.wp.com\/www.flora-pharm.de\/blog\/wp-content\/uploads\/2020\/08\/die-natur-haelt-fit.jpg?resize=350%2C200&ssl=1 1x, https:\/\/i0.wp.com\/www.flora-pharm.de\/blog\/wp-content\/uploads\/2020\/08\/die-natur-haelt-fit.jpg?resize=525%2C300&ssl=1 1.5x, https:\/\/i0.wp.com\/www.flora-pharm.de\/blog\/wp-content\/uploads\/2020\/08\/die-natur-haelt-fit.jpg?resize=700%2C400&ssl=1 2x"},"classes":[]},{"id":11798,"url":"https:\/\/www.flora-pharm.de\/blog\/natuerlich-starke-abwehr\/","url_meta":{"origin":6609,"position":4},"title":"Nat\u00fcrlich starke Abwehr","author":"Flora Team","date":"27. Januar 2026","format":false,"excerpt":"Wir haben 10 Tipps f\u00fcr Sie, die sogar Spa\u00df machen, Energie geben und helfen, dass Sie gesund durch die dunkle Jahreszeit kommen","rel":"","context":"In &quot;Wissenswert&quot;","block_context":{"text":"Wissenswert","link":"https:\/\/www.flora-pharm.de\/blog\/category\/wissenswert\/"},"img":{"alt_text":"10 Tipps f\u00fcr eine nat\u00fcrlich starke Abwehr. Einer davon ist K\u00fcssen! Daher ist auf dem Bild ein Paar zu sehen, das ssich in herbstlicher Kleidung umarmt und zum Kuss ansetzen k\u00f6nnte","src":"https:\/\/i0.wp.com\/www.flora-pharm.de\/blog\/wp-content\/uploads\/2025\/10\/natuerlich-starke-abwehr-10-tipps.jpg?resize=350%2C200&ssl=1","width":350,"height":200,"srcset":"https:\/\/i0.wp.com\/www.flora-pharm.de\/blog\/wp-content\/uploads\/2025\/10\/natuerlich-starke-abwehr-10-tipps.jpg?resize=350%2C200&ssl=1 1x, https:\/\/i0.wp.com\/www.flora-pharm.de\/blog\/wp-content\/uploads\/2025\/10\/natuerlich-starke-abwehr-10-tipps.jpg?resize=525%2C300&ssl=1 1.5x, https:\/\/i0.wp.com\/www.flora-pharm.de\/blog\/wp-content\/uploads\/2025\/10\/natuerlich-starke-abwehr-10-tipps.jpg?resize=700%2C400&ssl=1 2x, https:\/\/i0.wp.com\/www.flora-pharm.de\/blog\/wp-content\/uploads\/2025\/10\/natuerlich-starke-abwehr-10-tipps.jpg?resize=1050%2C600&ssl=1 3x"},"classes":[]},{"id":6074,"url":"https:\/\/www.flora-pharm.de\/blog\/heilkraft-der-baeume\/","url_meta":{"origin":6609,"position":5},"title":"Heilkraft der B\u00e4ume","author":"Flora Team","date":"2. April 2019","format":false,"excerpt":"Die gr\u00fcnen Riesen machen gesund. Nicht nur ein Spaziergang im Wald, auch die Rinde, Bl\u00e4tter, Bl\u00fcten und Fr\u00fcchte stecken voller therapeutischer Qualit\u00e4ten. Entdecken Sie die wichtigsten B\u00e4ume f\u00fcr Ihr Wohlbefinden. Sie spenden Schatten, produzieren Sauerstoff und erfrischen die Seele. B\u00e4ume sind au\u00dferdem eine fantastische Naturapotheke. Von der Wurzel bis zum\u2026","rel":"","context":"In &quot;Wissenswert&quot;","block_context":{"text":"Wissenswert","link":"https:\/\/www.flora-pharm.de\/blog\/category\/wissenswert\/"},"img":{"alt_text":"Die Kraft der B\u00e4ume","src":"https:\/\/i0.wp.com\/www.flora-pharm.de\/blog\/wp-content\/uploads\/2019\/04\/heilkraft-der-baeume.jpg?resize=350%2C200&ssl=1","width":350,"height":200,"srcset":"https:\/\/i0.wp.com\/www.flora-pharm.de\/blog\/wp-content\/uploads\/2019\/04\/heilkraft-der-baeume.jpg?resize=350%2C200&ssl=1 1x, https:\/\/i0.wp.com\/www.flora-pharm.de\/blog\/wp-content\/uploads\/2019\/04\/heilkraft-der-baeume.jpg?resize=525%2C300&ssl=1 1.5x, https:\/\/i0.wp.com\/www.flora-pharm.de\/blog\/wp-content\/uploads\/2019\/04\/heilkraft-der-baeume.jpg?resize=700%2C400&ssl=1 2x"},"classes":[]}],"jetpack_sharing_enabled":true,"_links":{"self":[{"href":"https:\/\/www.flora-pharm.de\/blog\/wp-json\/wp\/v2\/posts\/6609","targetHints":{"allow":["GET"]}}],"collection":[{"href":"https:\/\/www.flora-pharm.de\/blog\/wp-json\/wp\/v2\/posts"}],"about":[{"href":"https:\/\/www.flora-pharm.de\/blog\/wp-json\/wp\/v2\/types\/post"}],"author":[{"embeddable":true,"href":"https:\/\/www.flora-pharm.de\/blog\/wp-json\/wp\/v2\/users\/1"}],"replies":[{"embeddable":true,"href":"https:\/\/www.flora-pharm.de\/blog\/wp-json\/wp\/v2\/comments?post=6609"}],"version-history":[{"count":2,"href":"https:\/\/www.flora-pharm.de\/blog\/wp-json\/wp\/v2\/posts\/6609\/revisions"}],"predecessor-version":[{"id":6611,"href":"https:\/\/www.flora-pharm.de\/blog\/wp-json\/wp\/v2\/posts\/6609\/revisions\/6611"}],"wp:featuredmedia":[{"embeddable":true,"href":"https:\/\/www.flora-pharm.de\/blog\/wp-json\/wp\/v2\/media\/6605"}],"wp:attachment":[{"href":"https:\/\/www.flora-pharm.de\/blog\/wp-json\/wp\/v2\/media?parent=6609"}],"wp:term":[{"taxonomy":"category","embeddable":true,"href":"https:\/\/www.flora-pharm.de\/blog\/wp-json\/wp\/v2\/categories?post=6609"},{"taxonomy":"post_tag","embeddable":true,"href":"https:\/\/www.flora-pharm.de\/blog\/wp-json\/wp\/v2\/tags?post=6609"}],"curies":[{"name":"wp","href":"https:\/\/api.w.org\/{rel}","templated":true}]}}