{"id":6666,"date":"2020-01-20T09:49:41","date_gmt":"2020-01-20T08:49:41","guid":{"rendered":"https:\/\/www.flora-pharm.de\/blog\/?p=6666"},"modified":"2020-01-20T09:49:47","modified_gmt":"2020-01-20T08:49:47","slug":"gepflegt-durch-den-winter","status":"publish","type":"post","link":"https:\/\/www.flora-pharm.de\/blog\/gepflegt-durch-den-winter\/","title":{"rendered":"Gepflegt durch den Winter"},"content":{"rendered":"<p>Balsam, Butter und \u00d6l. Was Haut und Haare bei Minusgraden dringend brauchen.<\/p>\n<p>Drau\u00dfen weht ein eisiger Wind, drinnen flirrt die trockene Heizungsluft. F\u00fcr Haut und Haare sind die winterlichen Bedingungen der pure Stress. Sie werden trocken und spr\u00f6de. Das liegt daran, dass die Talgdr\u00fcsen in der Haut ihre Arbeit drastisch zur\u00fcckfahren, je tiefer die Temperaturen sinken. Wenn der Haut der sch\u00fctzende Lipidfilm fehlt, neigt sie zu Irritationen und R\u00f6tungen. Den Haaren geht es nicht viel besser. Sie verlieren an Feuchtigkeit, wenn sie dem st\u00e4ndigen Wechsel von kalter Au\u00dfenluft und warmen Innenr\u00e4umen ausgesetzt sind. Sie wirken strohig und kraftlos. Bad-Hair-Days kommen im Winter besonders h\u00e4ufig vor.<\/p>\n<p>Wenn also die H\u00e4nde rau, die Lippen rissig sind und die M\u00e4hne glanzlos und spr\u00f6de aussieht, dann brauchen wir eine Extrapflege, und zwar von Kopf bis Fu\u00df. Wir stellen Ihnen ein Beautyprogramm vor, das ganz auf die Bed\u00fcrfnisse von Haut und Haaren im Winter abgestimmt ist.<\/p>\n<p>Damit greifen wir unseren Artikel <a href=\"https:\/\/www.flora-pharm.de\/blog\/haut-winterpflege\/\">Haut Winterpflege<\/a> nochmals auf. Finden Sie auch weitere <a href=\"https:\/\/www.flora-pharm.de\/blog\/tag\/koerperpflege\/\">Artikel zum Thema K\u00f6rperpflege<\/a> hier im Blog.<\/p>\n<p>\u00a0<\/p>\n<h2>Ab unter die Dusche<\/h2>\n<p>Eine kleine Umgew\u00f6hnung unter der Dusche kann Wunder bewirken. Statt wie sonst ein Duschgel zu verwenden, das zwar gut reinigt, aber auch stark entfettet, steigen Sie in der kalten Jahreszeit lieber auf ein Dusch\u00f6l um. Dusch\u00f6le sind r\u00fcckfettend und helfen schon unter der Brause, den Schutzfilm der Haut zu erhalten. Die Haut spannt weniger und der Juckreiz verschwindet. In Ihrer Apotheke gibt es naturkosmetische Produkte zum Duschen, die wertvolle Pflanzen\u00f6le enthalten, z. B. Mandel\u00f6l, Nachtkerzen\u00f6l oder Sanddorn\u00f6l.<\/p>\n<p>\u00a0<\/p>\n<h2>Handtuch ad\u00e9<\/h2>\n<p>Nach der Dusche geht die Pflege weiter. Daher die Haut nicht abrubbeln, nur leicht mit dem Handtuch abtupfen und weiter behandeln \u2013 am besten mit einem hochwertigen K\u00f6rper\u00f6l aus Ihrer Apotheke. Gut sind nat\u00fcrliche Inhaltsstoffe wie Argan-, Avocado- oder Sesam\u00f6l. Wenn die Haut noch etwas feucht ist, nimmt sie die pflegenden Substanzen besonders gut auf. Leicht einmassieren, um die Durchblutung anzuregen. Wenn Sie K\u00f6rper\u00f6le mit entspannendem Lavendel\u00f6l benutzen, beruhigt sich gleichzeitig Ihr Gem\u00fct. Nehmen Sie Arnika\u00f6l, dann tun Sie Ihren Muskeln etwas Gutes. K\u00e4ltebedingte Verspannungen k\u00f6nnen sich so viel besser l\u00f6sen.<\/p>\n<p>\u00a0<\/p>\n<h2>Gesicht wahren<\/h2>\n<p>Der Winter steht uns allen ins Gesicht geschrieben. Rote Wangen, rissige Lippen, und die ohnehin empfindliche Augenpartie knittert bei dieser Eisesk\u00e4lte noch viel schneller als im Sommer. Um der Haut die unangenehmen Spannungsgef\u00fchle zu nehmen, braucht sie im Winter ein besonders behutsames Reinigungsritual. Make-up und Schmutz m\u00fcssen allabendlich runter, das ist klar. Aber nicht nur mit Wasser und Seife. Eine Reinigungsmilch mit nat\u00fcrlichen Substanzen wie Algenextrakten oder Zaubernuss befreit sanft von R\u00fcckst\u00e4nden und versorgt die Haut mit Feuchtigkeit. Wer zu Pickeln und Unreinheiten neigt, der kann zus\u00e4tzlich ein kl\u00e4rendes Gesichtswasser verwenden. Aber bitte nicht mit Alkohol. Alkohol trocknet die Haut stark aus. Besser ist ein Lavendel- oder Thymianhydrolat aus der Apotheke. Ein altes Hausmittel sind Dampfb\u00e4der mit getrockneten Kamillenbl\u00fcten, die es in der Apotheke zu kaufen gibt. Kamillen-Dampfb\u00e4der \u00f6ffnen die Poren und hemmen Entz\u00fcndungen in der Haut. Danach das Gesicht mit etwas Argan\u00f6l einreiben. Argan\u00f6l hat den Vorteil, dass es die Talgdr\u00fcsen nicht verstopft und daher auch f\u00fcr unreine Haut gut geeignet ist. Ein Tropfen \u00d6l in die Feuchtigkeitscreme geben, so ist die Gesichtshaut optimal vor Wind und Wetter gesch\u00fctzt. F\u00fcr Wintersportler gilt: UV-Schutz nicht vergessen.<\/p>\n<p>Die Lippen haben bei dieser winterlichen K\u00e4lte nichts zu lachen. Der zarten Lippenhaut fehlen s\u00e4mtliche Talgdr\u00fcsen, sie fettet also nicht von allein und braucht daher besonders intensive Pflegestoffe. Bienenwachs ist oftmals in Lippenbalsamen und -pflegestiften enthalten, weil es einen Schutzfilm auf die Lippen legt. Rissige, spr\u00f6de Lippen werden wieder glatt und zu einem samtig-weichen Kussmund.<\/p>\n<p>\u00a0<\/p>\n<h2>Augen auf<\/h2>\n<p>Rund um die Augen ein gl\u00e4ttendes Serum mit Granatapfelkern- oder Nachtkerzen\u00f6l auftragen, das entknittert nicht nur, sondern l\u00e4sst Lachfalten noch sympathischer erscheinen. Ein Rosenwasser-Gesichtsspray entspannt die Mimik zus\u00e4tzlich.<\/p>\n<p>\u00a0<\/p>\n<h2>Kopf und Kragen<\/h2>\n<p>Was f\u00fcr das Gesicht gilt, trifft auch auf die Kopfhaut zu: Die Talgdr\u00fcsen produzieren im Winter weniger Fett. F\u00fcr Kopfhaut und Haare kann das bedeuten: Leise rieseln unsch\u00f6ne Schuppen bis auf die Schultern. Das Problem bekommen Sie in den Griff, wenn Sie jetzt in der kalten Jahreszeit nicht zu h\u00e4ufig Ihre Haare waschen. Wenn, dann nur mit einem r\u00fcckfettenden Shampoo. Spezialprodukte gegen Schuppen gibt es in der Apotheke. Trockene Kopfhaut juckt und schuppt nicht mehr, wenn Sie sie ab und zu mit einer \u00d6lkur behandeln. Gut geeignet sind Haar\u00f6lkuren mit Neem- oder Rizinus\u00f6l. Wenige (!) Tropfen nach dem Waschen auf die noch feuchte Kopfhaut geben und einmassieren, so geht\u2019s den Schuppen an den Kragen. Kennen Sie das auch: statisch aufgeladene Haare im Winter? Schuld daran ist die trockene Heizungsluft, die den Haaren Feuchtigkeit entzieht. Mit der richtigen Haarpflege im Winter stehen Ihnen die Haare nicht mehr zu Berge. Verwenden Sie daher ein mildes Shampoo und waschen Sie Kopf und Haare nur mit lauwarmem Wasser. Haarkuren mit Argan- und Oliven\u00f6l machen die M\u00e4hne wieder geschmeidig. Noch mehr Glanz bekommt die Haarpracht, wenn Sie Haar\u00f6l in die Spitzen einarbeiten. Klettenwurzel-Haar\u00f6l ist ein Klassiker aus der Apotheke. \u00dcbrigens: F\u00f6hnhitze ist wie Heizungsluft \u2013 nur schlimmer. Sie laugt Haare aus und macht sie trocken und spr\u00f6de. Lieber in Ruhe und von selbst trocknen lassen.<\/p>\n<p>\u00a0<\/p>\n<h2>Hand und Fu\u00df<\/h2>\n<p>Als wenn kalte H\u00e4nde und F\u00fc\u00dfe im Winter noch nicht genug w\u00e4ren. Obendrein f\u00fchlen sie sich wie Reibeisen an. Was hilft? Beginnen Sie am Ende eines anstrengenden Tages mit einem warmen Fu\u00dfbad. Achten Sie dabei auf die richtigen Zus\u00e4tze. Totes Meer Salz in Kombination mit Pflanzen\u00f6len ist der erste Schritt zu streichelzarten F\u00fc\u00dfen. Schritt zwei: eincremen, und zwar direkt nach dem Fu\u00dfbad, wenn die Haut noch feucht und besonders empf\u00e4nglich f\u00fcr Pflegestoffe ist. F\u00fcr die F\u00fc\u00dfe gibt es Creme, Salbe und auch Butter mit Extrakten aus Myrrhe, Olive oder Ringelblume. Tipp: Um Schrunden und Hornhaut zu verhindern, cremen Sie Ihre F\u00fc\u00dfe dick ein, ziehen Sie Str\u00fcmpfe dar\u00fcber und gehen Sie ins Bett. \u00dcber Nacht k\u00f6nnen die nat\u00fcrlichen Substanzen ihre volle Wirkung entfalten.<\/p>\n<p>Was f\u00fcr die F\u00fc\u00dfe gut ist, kann f\u00fcr die H\u00e4nde nicht schlecht sein. Leichte Baumwollhandschuhe gibt es in der Apotheke. Sie sind genau f\u00fcr diesen Zweck gedacht: H\u00e4nde gro\u00dfz\u00fcgig einbalsamieren, Handschuhe dr\u00fcber und ab in die Federn. Sehr raue H\u00e4nde freuen sich \u00fcber eine Behandlung mit einem Balsam aus Bienenwachs, Sanddorn- oder Sesam\u00f6l. Extrakte aus Kamille und Ringelblume heilen rissige H\u00e4nde und zaubern \u00fcber die Winternacht hinweg geschmeidige Samtpfoten.<\/p>\n<p>PS: <a href=\"https:\/\/www.flora-pharm.de\/blog\/zarte-haende-auch-im-winter\/\">Zarte H\u00e4nde, auch im Winter<\/a><\/p>\n<p>\u00a0<\/p>\n<p>\u00a0<\/p>\n<p><strong><em>Bei Fragen helfen wir Ihnen nat\u00fcrlich gern weiter und beraten Sie.<\/em><\/strong><\/p>\n<p>\u00a0<\/p>\n<p>\u00a0<\/p>\n<p>\u00a0<\/p>\n\n\n<div class=\"wp-block-image\"><figure class=\"aligncenter size-medium\"><img loading=\"lazy\" decoding=\"async\" width=\"225\" height=\"300\" data-attachment-id=\"6653\" data-permalink=\"https:\/\/www.flora-pharm.de\/blog\/naturheilkunde-und-gesundheit-cover-01-2020\/\" data-orig-file=\"https:\/\/www.flora-pharm.de\/blog\/wp-content\/uploads\/2020\/01\/naturheilkunde-und-gesundheit-cover-01-2020.jpg\" data-orig-size=\"450,600\" data-comments-opened=\"1\" data-image-meta=\"{&quot;aperture&quot;:&quot;0&quot;,&quot;credit&quot;:&quot;&quot;,&quot;camera&quot;:&quot;&quot;,&quot;caption&quot;:&quot;&quot;,&quot;created_timestamp&quot;:&quot;0&quot;,&quot;copyright&quot;:&quot;&quot;,&quot;focal_length&quot;:&quot;0&quot;,&quot;iso&quot;:&quot;0&quot;,&quot;shutter_speed&quot;:&quot;0&quot;,&quot;title&quot;:&quot;&quot;,&quot;orientation&quot;:&quot;1&quot;}\" data-image-title=\"naturheilkunde-und-gesundheit-cover-01-2020\" data-image-description=\"\" data-image-caption=\"&lt;p&gt;Text mit freundlicher Genehmigung der S &amp;#038; D Verlag GmbH. Das komplette &amp;#8222;Naturheilkunde &amp;#038; Gesundheit&amp;#8220; Heft bekommen Sie auch bei uns in der Apotheke.&lt;\/p&gt;\n\" data-large-file=\"https:\/\/www.flora-pharm.de\/blog\/wp-content\/uploads\/2020\/01\/naturheilkunde-und-gesundheit-cover-01-2020.jpg\" src=\"https:\/\/www.flora-pharm.de\/blog\/wp-content\/uploads\/2020\/01\/naturheilkunde-und-gesundheit-cover-01-2020-225x300.jpg\" alt=\"naturheilkunde-und-gesundheit-cover-01-2020\" class=\"wp-image-6653\" srcset=\"https:\/\/www.flora-pharm.de\/blog\/wp-content\/uploads\/2020\/01\/naturheilkunde-und-gesundheit-cover-01-2020-225x300.jpg 225w, https:\/\/www.flora-pharm.de\/blog\/wp-content\/uploads\/2020\/01\/naturheilkunde-und-gesundheit-cover-01-2020.jpg 450w\" sizes=\"auto, (max-width: 225px) 100vw, 225px\" \/><figcaption>Text mit freundlicher Genehmigung der S &#038; D Verlag GmbH. Das komplette &#8222;Naturheilkunde &#038; Gesundheit&#8220; Heft bekommen Sie auch bei uns in der Apotheke.<\/figcaption><\/figure><\/div>\n","protected":false},"excerpt":{"rendered":"<p>Balsam, Butter und \u00d6l. Was Haut und Haare bei Minusgraden dringend brauchen. Drau\u00dfen weht ein eisiger Wind, drinnen flirrt die trockene Heizungsluft. F\u00fcr Haut und Haare sind die winterlichen Bedingungen der pure Stress. Sie werden trocken und spr\u00f6de. Das liegt daran, dass die Talgdr\u00fcsen in der Haut ihre Arbeit drastisch zur\u00fcckfahren, je tiefer die Temperaturen [&hellip;]<\/p>\n","protected":false},"author":1,"featured_media":6651,"comment_status":"open","ping_status":"open","sticky":false,"template":"","format":"standard","meta":{"jetpack_post_was_ever_published":false,"_jetpack_newsletter_access":"","_jetpack_dont_email_post_to_subs":false,"_jetpack_newsletter_tier_id":0,"_jetpack_memberships_contains_paywalled_content":false,"_jetpack_memberships_contains_paid_content":false,"footnotes":""},"categories":[8],"tags":[298,386,627,344,422,24],"class_list":["post-6666","post","type-post","status-publish","format-standard","has-post-thumbnail","hentry","category-wissenswert","tag-auge","tag-fuss","tag-hand","tag-haut","tag-naturheilkunde-und-gesundheit","tag-winter","has-post-title","has-post-date","has-post-category","has-post-tag","has-post-comment","has-post-author",""],"jetpack_featured_media_url":"https:\/\/www.flora-pharm.de\/blog\/wp-content\/uploads\/2020\/01\/gepflegt-durch-den-winter.jpg","jetpack-related-posts":[{"id":5606,"url":"https:\/\/www.flora-pharm.de\/blog\/zarte-haende-auch-im-winter\/","url_meta":{"origin":6666,"position":0},"title":"Zarte H\u00e4nde, auch im Winter","author":"Flora Team","date":"27. Dezember 2018","format":false,"excerpt":"In der kalten Jahreszeit brauchen H\u00e4nde besonders aufmerksame Pflege. Warum das so ist und was Sie gegen spr\u00f6de und rissige H\u00e4nde tun k\u00f6nnen kl\u00e4rt Karsten Kulms im Gespr\u00e4ch mit der pharmazeutisch-technische Assistentin Silke Megens. \u00a0 Nicht nur kalte Finger, auch trockene und spr\u00f6de H\u00e4nde geh\u00f6ren zu den wenig sch\u00f6nen Seiten\u2026","rel":"","context":"In &quot;Wissenswert&quot;","block_context":{"text":"Wissenswert","link":"https:\/\/www.flora-pharm.de\/blog\/category\/wissenswert\/"},"img":{"alt_text":"Zarte H\u00e4nde auch im Winter","src":"https:\/\/i0.wp.com\/www.flora-pharm.de\/blog\/wp-content\/uploads\/2018\/11\/zarte-haende-im-winter.jpg?resize=350%2C200&ssl=1","width":350,"height":200,"srcset":"https:\/\/i0.wp.com\/www.flora-pharm.de\/blog\/wp-content\/uploads\/2018\/11\/zarte-haende-im-winter.jpg?resize=350%2C200&ssl=1 1x, https:\/\/i0.wp.com\/www.flora-pharm.de\/blog\/wp-content\/uploads\/2018\/11\/zarte-haende-im-winter.jpg?resize=525%2C300&ssl=1 1.5x, https:\/\/i0.wp.com\/www.flora-pharm.de\/blog\/wp-content\/uploads\/2018\/11\/zarte-haende-im-winter.jpg?resize=700%2C400&ssl=1 2x"},"classes":[]},{"id":8147,"url":"https:\/\/www.flora-pharm.de\/blog\/frisch-in-den-fruehling\/","url_meta":{"origin":6666,"position":1},"title":"Frisch in den Fr\u00fchling","author":"Flora Team","date":"8. M\u00e4rz 2022","format":false,"excerpt":"Winter ade! Wenn die Natur zu neuem Leben erwacht, sollten wir auch unsere Haut in Fr\u00fchlingsstimmung bringen \u2013 von Kopf bis Fu\u00df","rel":"","context":"In &quot;Wissenswert&quot;","block_context":{"text":"Wissenswert","link":"https:\/\/www.flora-pharm.de\/blog\/category\/wissenswert\/"},"img":{"alt_text":"Frisch in den Fr\u00fchling","src":"https:\/\/i0.wp.com\/www.flora-pharm.de\/blog\/wp-content\/uploads\/2022\/03\/frisch-in-den-fruehling.jpg?resize=350%2C200&ssl=1","width":350,"height":200,"srcset":"https:\/\/i0.wp.com\/www.flora-pharm.de\/blog\/wp-content\/uploads\/2022\/03\/frisch-in-den-fruehling.jpg?resize=350%2C200&ssl=1 1x, https:\/\/i0.wp.com\/www.flora-pharm.de\/blog\/wp-content\/uploads\/2022\/03\/frisch-in-den-fruehling.jpg?resize=525%2C300&ssl=1 1.5x, https:\/\/i0.wp.com\/www.flora-pharm.de\/blog\/wp-content\/uploads\/2022\/03\/frisch-in-den-fruehling.jpg?resize=700%2C400&ssl=1 2x"},"classes":[]},{"id":7311,"url":"https:\/\/www.flora-pharm.de\/blog\/glanzvoll-durch-den-winter\/","url_meta":{"origin":6666,"position":2},"title":"Glanzvoll durch den Winter","author":"Flora Team","date":"18. Januar 2021","format":false,"excerpt":"Fliegende Haare, gespaltene Spitzen, juckende Kopfhaut. Die kalte Jahreszeit geht auch an der pr\u00e4chtigsten L\u00f6wenm\u00e4hne nicht spurlos vor\u00fcber\u2026","rel":"","context":"In &quot;Wissenswert&quot;","block_context":{"text":"Wissenswert","link":"https:\/\/www.flora-pharm.de\/blog\/category\/wissenswert\/"},"img":{"alt_text":"Haarpflege im Winter","src":"https:\/\/i0.wp.com\/www.flora-pharm.de\/blog\/wp-content\/uploads\/1607\/86\/haare-glanzvoll-durch-den-winter.jpg?resize=350%2C200&ssl=1","width":350,"height":200,"srcset":"https:\/\/i0.wp.com\/www.flora-pharm.de\/blog\/wp-content\/uploads\/1607\/86\/haare-glanzvoll-durch-den-winter.jpg?resize=350%2C200&ssl=1 1x, https:\/\/i0.wp.com\/www.flora-pharm.de\/blog\/wp-content\/uploads\/1607\/86\/haare-glanzvoll-durch-den-winter.jpg?resize=525%2C300&ssl=1 1.5x, https:\/\/i0.wp.com\/www.flora-pharm.de\/blog\/wp-content\/uploads\/1607\/86\/haare-glanzvoll-durch-den-winter.jpg?resize=700%2C400&ssl=1 2x"},"classes":[]},{"id":3591,"url":"https:\/\/www.flora-pharm.de\/blog\/wohltuende-koerperpflege\/","url_meta":{"origin":6666,"position":3},"title":"Wohltuende K\u00f6rperpflege","author":"Flora Team","date":"8. November 2016","format":false,"excerpt":"K\u00e4lte und schlechtes Wetter beeinflussen Leib und Seele. W\u00e4rmende Hautpflege\u00f6le verw\u00f6hnen in der kalten Jahreszeit! \u00a0 Der Wecker klingelt! Probleme mit dem Wachwerden? Ein Tipp: Kalt-warme Wechselduschen am Morgen regen den Kreislauf an und machen hellwach! Verw\u00f6hnen Sie sich anschlie\u00dfend mit einer wohlriechenden Bodylotion oder einem w\u00e4rmenden Hautpflege\u00f6l. Gerade im\u2026","rel":"","context":"In &quot;Wissenswert&quot;","block_context":{"text":"Wissenswert","link":"https:\/\/www.flora-pharm.de\/blog\/category\/wissenswert\/"},"img":{"alt_text":"","src":"https:\/\/i0.wp.com\/www.flora-pharm.de\/blog\/wp-content\/uploads\/2016\/11\/wohltuende-koerperpflege.jpg?resize=350%2C200&ssl=1","width":350,"height":200,"srcset":"https:\/\/i0.wp.com\/www.flora-pharm.de\/blog\/wp-content\/uploads\/2016\/11\/wohltuende-koerperpflege.jpg?resize=350%2C200&ssl=1 1x, https:\/\/i0.wp.com\/www.flora-pharm.de\/blog\/wp-content\/uploads\/2016\/11\/wohltuende-koerperpflege.jpg?resize=525%2C300&ssl=1 1.5x, https:\/\/i0.wp.com\/www.flora-pharm.de\/blog\/wp-content\/uploads\/2016\/11\/wohltuende-koerperpflege.jpg?resize=700%2C400&ssl=1 2x"},"classes":[]},{"id":6587,"url":"https:\/\/www.flora-pharm.de\/blog\/herbstliche-hautpflege-gut-gewappnet-gegen-kaelte\/","url_meta":{"origin":6666,"position":4},"title":"Herbstliche Hautpflege \u2013 Gut gewappnet gegen K\u00e4lte","author":"Flora Team","date":"2. Dezember 2019","format":false,"excerpt":"Die Saison der leichten Sommertexturen ist vorbei. Jetzt ist Zeit f\u00fcr n\u00e4hrende \u00d6le und reichhaltige Cremes. Von Saskia Fechte \u00a0 Typisch Herbst: Heizung, Regen und Wind fordern unsere Haut heraus. Grunds\u00e4tzlich reagiert unser gr\u00f6\u00dftes Organ sehr intelligent auf K\u00e4lte. Poren und Blutgef\u00e4\u00dfe ziehen sich zusammen, die Produktion von Schwei\u00df und\u2026","rel":"","context":"In &quot;Wissenswert&quot;","block_context":{"text":"Wissenswert","link":"https:\/\/www.flora-pharm.de\/blog\/category\/wissenswert\/"},"img":{"alt_text":"Hautpflege Herbst Winter","src":"https:\/\/i0.wp.com\/www.flora-pharm.de\/blog\/wp-content\/uploads\/2019\/11\/hautpflege-winter.jpg?resize=350%2C200&ssl=1","width":350,"height":200,"srcset":"https:\/\/i0.wp.com\/www.flora-pharm.de\/blog\/wp-content\/uploads\/2019\/11\/hautpflege-winter.jpg?resize=350%2C200&ssl=1 1x, https:\/\/i0.wp.com\/www.flora-pharm.de\/blog\/wp-content\/uploads\/2019\/11\/hautpflege-winter.jpg?resize=525%2C300&ssl=1 1.5x, https:\/\/i0.wp.com\/www.flora-pharm.de\/blog\/wp-content\/uploads\/2019\/11\/hautpflege-winter.jpg?resize=700%2C400&ssl=1 2x"},"classes":[]},{"id":9406,"url":"https:\/\/www.flora-pharm.de\/blog\/bei-wind-und-wetter-wir-gehen-gassi\/","url_meta":{"origin":6666,"position":5},"title":"Bei Wind und Wetter \u2013 Wir gehen Gassi","author":"Flora Team","date":"13. Januar 2025","format":false,"excerpt":"Toben im Schnee mit Hund \u2013 Mit unseren Tipps wird Gassigehen im wei\u00dfen Winterwunderland wieder zum reinsten Vergn\u00fcgen.","rel":"","context":"In &quot;Haustiere&quot;","block_context":{"text":"Haustiere","link":"https:\/\/www.flora-pharm.de\/blog\/category\/haustiere\/"},"img":{"alt_text":"gassi gehen bei wind und wetter","src":"https:\/\/i0.wp.com\/www.flora-pharm.de\/blog\/wp-content\/uploads\/2024\/12\/gassi-gehen-bei-wind-und-wetter.jpg?resize=350%2C200&ssl=1","width":350,"height":200,"srcset":"https:\/\/i0.wp.com\/www.flora-pharm.de\/blog\/wp-content\/uploads\/2024\/12\/gassi-gehen-bei-wind-und-wetter.jpg?resize=350%2C200&ssl=1 1x, https:\/\/i0.wp.com\/www.flora-pharm.de\/blog\/wp-content\/uploads\/2024\/12\/gassi-gehen-bei-wind-und-wetter.jpg?resize=525%2C300&ssl=1 1.5x, https:\/\/i0.wp.com\/www.flora-pharm.de\/blog\/wp-content\/uploads\/2024\/12\/gassi-gehen-bei-wind-und-wetter.jpg?resize=700%2C400&ssl=1 2x, https:\/\/i0.wp.com\/www.flora-pharm.de\/blog\/wp-content\/uploads\/2024\/12\/gassi-gehen-bei-wind-und-wetter.jpg?resize=1050%2C600&ssl=1 3x"},"classes":[]}],"jetpack_sharing_enabled":true,"_links":{"self":[{"href":"https:\/\/www.flora-pharm.de\/blog\/wp-json\/wp\/v2\/posts\/6666","targetHints":{"allow":["GET"]}}],"collection":[{"href":"https:\/\/www.flora-pharm.de\/blog\/wp-json\/wp\/v2\/posts"}],"about":[{"href":"https:\/\/www.flora-pharm.de\/blog\/wp-json\/wp\/v2\/types\/post"}],"author":[{"embeddable":true,"href":"https:\/\/www.flora-pharm.de\/blog\/wp-json\/wp\/v2\/users\/1"}],"replies":[{"embeddable":true,"href":"https:\/\/www.flora-pharm.de\/blog\/wp-json\/wp\/v2\/comments?post=6666"}],"version-history":[{"count":2,"href":"https:\/\/www.flora-pharm.de\/blog\/wp-json\/wp\/v2\/posts\/6666\/revisions"}],"predecessor-version":[{"id":6668,"href":"https:\/\/www.flora-pharm.de\/blog\/wp-json\/wp\/v2\/posts\/6666\/revisions\/6668"}],"wp:featuredmedia":[{"embeddable":true,"href":"https:\/\/www.flora-pharm.de\/blog\/wp-json\/wp\/v2\/media\/6651"}],"wp:attachment":[{"href":"https:\/\/www.flora-pharm.de\/blog\/wp-json\/wp\/v2\/media?parent=6666"}],"wp:term":[{"taxonomy":"category","embeddable":true,"href":"https:\/\/www.flora-pharm.de\/blog\/wp-json\/wp\/v2\/categories?post=6666"},{"taxonomy":"post_tag","embeddable":true,"href":"https:\/\/www.flora-pharm.de\/blog\/wp-json\/wp\/v2\/tags?post=6666"}],"curies":[{"name":"wp","href":"https:\/\/api.w.org\/{rel}","templated":true}]}}