{"id":6825,"date":"2020-04-16T10:14:40","date_gmt":"2020-04-16T08:14:40","guid":{"rendered":"https:\/\/www.flora-pharm.de\/blog\/?p=6825"},"modified":"2020-04-16T10:14:43","modified_gmt":"2020-04-16T08:14:43","slug":"adieu-allergie-mit-schuessler-salzen","status":"publish","type":"post","link":"https:\/\/www.flora-pharm.de\/blog\/adieu-allergie-mit-schuessler-salzen\/","title":{"rendered":"Adieu, Allergie &#8211; mit Sch\u00fc\u00dfler-Salzen"},"content":{"rendered":"\n<p><strong>Den Fr\u00fchling genie\u00dfen \u2013 ohne Heuschnupfen. Mit Sch\u00fc\u00dfler-Salzen kommen Sie gut durch die Pollenzeit.<\/strong><\/p>\n\n\n\n<p>Alles bl\u00fcht, alles gr\u00fcnt \u2013 herrlich! Nicht f\u00fcr Heuschnupfen-Geplagte. Die Pollen der B\u00e4ume, Str\u00e4ucher und Gr\u00e4ser l\u00f6sen bei ihnen die typischen Symptome aus. Die Nase l\u00e4uft und kribbelt. St\u00e4ndige Niesattacken sind eine Qual. Die Augen sind nicht besser dran: Sie brennen, jucken und tr\u00e4nen. Viele Allergiker klagen au\u00dferdem in der pollenintensiven Zeit \u00fcber M\u00fcdigkeit, Kopfschmerzen und Schlafst\u00f6rungen. Die Beschwerden sind eine Belastung f\u00fcr den ganzen K\u00f6rper. Auch die Seele leidet, weil Betroffenen die Freude am Fr\u00fchling verwehrt scheint. Heuschnupfen ist jedoch kein Schicksal. Was hilft? Unsere Expertin f\u00fcr Sch\u00fc\u00dfler-Salze, Margit M\u00fcller-Frahling, wei\u00df Rat, denn sie ist die Leiterin des Instituts f\u00fcr Biochemie nach Dr. Sch\u00fc\u00dfler.<\/p>\n\n\n\n<p>PS: Finden Sie hier im Blog viele weitere Artikel mit dem Fokus <a href=\"https:\/\/www.flora-pharm.de\/blog\/tag\/schuessler-salze\/\">Sch\u00fc\u00dfler-Salze<\/a>. F\u00fcr den Einstieg ins Thema empfehlen wir diesen Artikel: <a href=\"https:\/\/www.flora-pharm.de\/blog\/schuessler-salze-ein-ueberblick-und-einstieg\/\"><strong>Sch\u00fc\u00dfler-Salze, ein \u00dcberblick und Einstieg<\/strong><\/a>.<\/p>\n\n\n\n<p><em>Von Stefanie Happ<\/em><\/p>\n\n\n\n<h2 class=\"wp-block-heading\">Sch\u00fc\u00dflern im Fr\u00fchling<\/h2>\n\n\n\n<p>F\u00fcr Heuschnupfen-Patienten ist eine Mineralsalz-Therapie gut geeignet, weil diese auf zwei S\u00e4ulen steht: \u201eDie Anwendung der Sch\u00fc\u00dfler-Salze bei allergischen Reaktionen kann \u2013 auch begleitend zu anderen Therapien \u2013 die Konstitution st\u00e4rken und Symptome entscheidend mildern\u201c. Akute Heuschnupfen-Beschwerden k\u00f6nnen abklingen, gleichzeitig wird der Organismus dauerhaft so gekr\u00e4ftigt, dass ihm fremde Stoffe wie die Bl\u00fctenpollen nichts mehr anhaben k\u00f6nnen. Margit M\u00fcller-Frahling empfiehlt daher eine achtw\u00f6chige Fr\u00fchlingskur mit diesen drei Mineralsalzen:<\/p>\n\n\n\n<div class=\"wp-block-group\"><div class=\"wp-block-group__inner-container is-layout-flow wp-block-group-is-layout-flow\">\n<p><strong>Calcium phosphoricum (Nr. 2)<\/strong> ist bekannt als das Regenerationssalz. Es ist wichtig f\u00fcr die Neubildung der Zellen und ist an der Produktion k\u00f6rpereigener Eiwei\u00dfe beteiligt. In der Biochemie gilt Nr. 2 als das Energie- und Kr\u00e4ftigungsmittel \u00fcberhaupt.<\/p>\n\n\n\n<p><em>Allergiker nehmen 2 x 3 Tabletten t\u00e4glich.<\/em><\/p>\n<\/div><\/div>\n\n\n\n<div class=\"wp-block-group\"><div class=\"wp-block-group__inner-container is-layout-flow wp-block-group-is-layout-flow\">\n<p><strong>Natrium chloratum (Nr. 8)<\/strong> ist das Mittel der Wahl bei Heuschnupfen. Es reguliert den Wasserhaushalt des gesamten K\u00f6rpers und insbesondere in den Nasenschleimh\u00e4uten. Flie\u00dfschnupfen und Niesreiz k\u00f6nnen dank Nr. 8 schnell aufh\u00f6ren.<\/p>\n\n\n\n<p><em>2 x 3 Tabletten \u00fcber den Tag verteilt einnehmen.<\/em><\/p>\n<\/div><\/div>\n\n\n\n<div class=\"wp-block-group\"><div class=\"wp-block-group__inner-container is-layout-flow wp-block-group-is-layout-flow\">\n<p><strong>Arsenum jodatum (Nr. 24)<\/strong> ist das Akutmittel bei einer Pollen-Allergie. Es d\u00e4mpft die starke Reaktion des Immunsystems auf allergieausl\u00f6sende Reize und macht mit Niesen Schluss. Die Schleimh\u00e4ute beruhigen sich und der K\u00f6rper findet zur\u00fcck ins Gleichgewicht.<\/p>\n\n\n\n<p><em>3 x 1 Tablette jeden Tag.<\/em><\/p>\n<\/div><\/div>\n\n\n\n<p>   <\/p>\n\n\n\n<h2 class=\"wp-block-heading\">Heuschnupfen \/ Allergie<\/h2>\n\n\n\n<p>Was ist eine Allergie? Was passiert da im K\u00f6rper? Einen \u00dcberblick bietet unser Artikel: <a href=\"https:\/\/www.flora-pharm.de\/blog\/allergie-fehldeutung-des-immunsystems\/\"><strong>Allergie \u2013 Fehldeutung des Immunsystems<\/strong><\/a>.<\/p>\n\n\n\n<p><strong>Heuschnupfen im Griff?<\/strong><\/p>\n\n\n\n<p><a href=\"https:\/\/www.flora-pharm.de\/blog\/allergien-auf-dem-vormarsch\/\">Allergien sind auf dem Vormarsch.<\/a> Immer mehr Menschen reagieren mit Symptomen, wenn im Fr\u00fchjahr die Natur zu neuem Leben erwacht. Experten sch\u00e4tzen: Jeder Siebte hat Heuschnupfen.<\/p>\n\n\n\n<p><strong>Gene und Umwelt<\/strong><\/p>\n\n\n\n<p>Warum wir \u00fcberhaupt eine Allergie entwickeln k\u00f6nnen, ist noch immer nicht zu 100 Prozent gekl\u00e4rt. Umwelteinfl\u00fcsse spielen eine Rolle. Manchmal sind aber auch die Gene Schuld. Fakt ist, die Vorg\u00e4nge im K\u00f6rper sind bei einer Allergie immer gleich \u2013 egal, welche Ursache zugrunde liegt.<\/p>\n\n\n\n<p><strong>Immunsystem spielt verr\u00fcckt<\/strong><\/p>\n\n\n\n<p>Bei einer Allergie handelt es sich um eine Fehlregulation des K\u00f6rpers \u2013 genau genommen um eine \u00fcberschie\u00dfende Abwehrreaktion. Das Immunsystem stuft an sich ungef\u00e4hrliche Substanzen, sogenannte Allergene, als bedrohlich ein und bildet daraufhin zu viele Antik\u00f6rper. Dadurch werden im K\u00f6rper Botenstoffe \u2013 vor allem Histamine \u2013 freigesetzt, die allergische Symptome hervorrufen. Bei einer \u00fcberm\u00e4\u00dfigen Histamin-Produktion schwellen die Schleimh\u00e4ute in Nase und Rachen an. Es kommt zu Niesreiz, Schnupfen und tr\u00e4nenden Augen.<\/p>\n\n\n\n<p><strong>Aus aktuellem Anlass:<\/strong> <a href=\"https:\/\/www.flora-pharm.de\/blog\/coronavirus-sars-cov-2-covid-19-therapie-prophylaxe-heilung-durch-sussholz\/\">Wie unterscheiden sich die Symptome einer allergischen Reaktion von denen einer Corona-Erkrankung?<\/a> Dazu haben wir unseren Corona-Artikel um genau diese Unterscheidung erg\u00e4nzt.<\/p>\n\n\n\n<p><strong>Bl\u00fctenpollen<\/strong><\/p>\n\n\n\n<p>Bl\u00fctenstaub, also <a href=\"https:\/\/www.flora-pharm.de\/blog\/bevor-die-pollen-fliegen-heuschnupfen-vorbeugen\/\">Pollen<\/a>, gelten als Allergene. Von ganz bestimmten B\u00e4umen wie Birke, Erle und Esche stammen die h\u00e4ufigsten Allergieausl\u00f6ser. Aber auch Gr\u00e4ser, Kr\u00e4uter und Str\u00e4ucher verteilen \u00fcber die gesamte warme Jahreszeit ihre Pollen. Wer auf viele unterschiedliche Pflanzen allergisch reagiert, hat mit den Heuschnupfen-Symptomen viele Monate lang zu k\u00e4mpfen \u2013 und ist erleichtert, wenn der Herbst kommt.<\/p>\n\n\n\n<p><strong>Klimawandel<\/strong><\/p>\n\n\n\n<p>Wie stark die Beschwerden sind, h\u00e4ngt nicht nur von der Jahreszeit ab, sondern auch von den Wetterverh\u00e4ltnissen und den Temperaturen. Der Klimawandel setzt auch den Allergikern zu. Die milden Winter bringen einen verfr\u00fchten und verl\u00e4ngerten Pollenflug mit sich. Experten sagen: Die Pollenbelastung hat insgesamt zugenommen \u2013 und mit ihr die allergischen Reaktionen, die in Folgeerkrankungen m\u00fcnden k\u00f6nnen, z.B. Asthma.<\/p>\n\n\n\n<p><strong>Immer behandeln lassen<\/strong><\/p>\n\n\n\n<p>Heuschnupfen-Beschwerden sollten immer behandelt werden. Nur so k\u00f6nnen Patienten Schlimmeres vermeiden und ihre Lebensqualit\u00e4t verbessert sich merklich. Eine Kur mit Sch\u00fc\u00dfler-Salzen ist ein guter und nat\u00fcrlicher Weg, um den Fr\u00fchling beschwerdefrei zu genie\u00dfen.<\/p>\n\n\n\n<p>   <\/p>\n\n\n\n<p>Sch\u00fc\u00dfler-Salze bekommen Sie von mehreren Herstellern und inklusive einer pers\u00f6nlichen Beratung in Ihrer Apotheke. <strong><em>Sprechen Sie uns gern an.<\/em><\/strong><\/p>\n\n\n\n<p>   <\/p>\n\n\n\n<div class=\"wp-block-image\"><figure class=\"aligncenter size-medium\"><img loading=\"lazy\" decoding=\"async\" width=\"225\" height=\"300\" data-attachment-id=\"6816\" data-permalink=\"https:\/\/www.flora-pharm.de\/blog\/naturheilkunde-und-gesundheit-cover-04-2020\/\" data-orig-file=\"https:\/\/www.flora-pharm.de\/blog\/wp-content\/uploads\/2020\/04\/naturheilkunde-und-gesundheit-cover-04-2020.jpg\" data-orig-size=\"450,600\" data-comments-opened=\"1\" data-image-meta=\"{&quot;aperture&quot;:&quot;0&quot;,&quot;credit&quot;:&quot;&quot;,&quot;camera&quot;:&quot;&quot;,&quot;caption&quot;:&quot;&quot;,&quot;created_timestamp&quot;:&quot;0&quot;,&quot;copyright&quot;:&quot;&quot;,&quot;focal_length&quot;:&quot;0&quot;,&quot;iso&quot;:&quot;0&quot;,&quot;shutter_speed&quot;:&quot;0&quot;,&quot;title&quot;:&quot;&quot;,&quot;orientation&quot;:&quot;1&quot;}\" data-image-title=\"\" data-image-description=\"\" data-image-caption=\"&lt;p&gt;Text mit freundlicher Genehmigung der S &amp;#038; D Verlag GmbH. Das komplette &amp;#8222;Naturheilkunde &amp;#038; Gesundheit&amp;#8220; Heft bekommen Sie auch bei uns in der Apotheke.&lt;\/p&gt;\n\" data-large-file=\"https:\/\/www.flora-pharm.de\/blog\/wp-content\/uploads\/2020\/04\/naturheilkunde-und-gesundheit-cover-04-2020.jpg\" src=\"https:\/\/www.flora-pharm.de\/blog\/wp-content\/uploads\/2020\/04\/naturheilkunde-und-gesundheit-cover-04-2020-225x300.jpg\" alt=\"Naturheilkunde &amp; Gesundheit\" class=\"wp-image-6816\" srcset=\"https:\/\/www.flora-pharm.de\/blog\/wp-content\/uploads\/2020\/04\/naturheilkunde-und-gesundheit-cover-04-2020-225x300.jpg 225w, https:\/\/www.flora-pharm.de\/blog\/wp-content\/uploads\/2020\/04\/naturheilkunde-und-gesundheit-cover-04-2020.jpg 450w\" sizes=\"auto, (max-width: 225px) 100vw, 225px\" \/><figcaption>Text mit freundlicher Genehmigung der S &amp; D Verlag GmbH. Das komplette &#8222;Naturheilkunde &amp; Gesundheit&#8220; Heft bekommen Sie auch bei uns in der Apotheke.<\/figcaption><\/figure><\/div>\n","protected":false},"excerpt":{"rendered":"<p>Den Fr\u00fchling genie\u00dfen \u2013 ohne Heuschnupfen. Mit Sch\u00fc\u00dfler-Salzen kommen Sie gut durch die Pollenzeit. Alles bl\u00fcht, alles gr\u00fcnt \u2013 herrlich! Nicht f\u00fcr Heuschnupfen-Geplagte. Die Pollen der B\u00e4ume, Str\u00e4ucher und Gr\u00e4ser l\u00f6sen bei ihnen die typischen Symptome aus. Die Nase l\u00e4uft und kribbelt. St\u00e4ndige Niesattacken sind eine Qual. Die Augen sind nicht besser dran: Sie brennen, [&hellip;]<\/p>\n","protected":false},"author":1,"featured_media":6818,"comment_status":"open","ping_status":"open","sticky":false,"template":"","format":"standard","meta":{"jetpack_post_was_ever_published":false,"_jetpack_newsletter_access":"","_jetpack_dont_email_post_to_subs":false,"_jetpack_newsletter_tier_id":0,"_jetpack_memberships_contains_paywalled_content":false,"_jetpack_memberships_contains_paid_content":false,"footnotes":""},"categories":[8],"tags":[362,632,422,245],"class_list":["post-6825","post","type-post","status-publish","format-standard","has-post-thumbnail","hentry","category-wissenswert","tag-allergie","tag-heuschnupfen","tag-naturheilkunde-und-gesundheit","tag-schuessler-salze","has-post-title","has-post-date","has-post-category","has-post-tag","has-post-comment","has-post-author",""],"jetpack_featured_media_url":"https:\/\/www.flora-pharm.de\/blog\/wp-content\/uploads\/2020\/04\/allergie-schuessler-salze.jpg","jetpack-related-posts":[{"id":9471,"url":"https:\/\/www.flora-pharm.de\/blog\/11-tipps-gegen-heuschnupfen\/","url_meta":{"origin":6825,"position":0},"title":"11 Tipps gegen Heuschnupfen","author":"Flora Team","date":"14. M\u00e4rz 2025","format":false,"excerpt":"Freuen Sie sich auf den Fr\u00fchling? Heuschnupfen-Geplagte eher nicht. Wir geben Tipps f\u00fcr nat\u00fcrliche Hilfe in der Pollensaison.","rel":"","context":"In &quot;Wissenswert&quot;","block_context":{"text":"Wissenswert","link":"https:\/\/www.flora-pharm.de\/blog\/category\/wissenswert\/"},"img":{"alt_text":"11 tipps gegen heuschnupfen. Hoffentlich helfen die der Frau auf dem Sofa, die sich gerade die Nase mit einem Taschentuch putzt","src":"https:\/\/i0.wp.com\/www.flora-pharm.de\/blog\/wp-content\/uploads\/2025\/02\/11-tipps-gegen-heuschnupfen.jpg?resize=350%2C200&ssl=1","width":350,"height":200,"srcset":"https:\/\/i0.wp.com\/www.flora-pharm.de\/blog\/wp-content\/uploads\/2025\/02\/11-tipps-gegen-heuschnupfen.jpg?resize=350%2C200&ssl=1 1x, https:\/\/i0.wp.com\/www.flora-pharm.de\/blog\/wp-content\/uploads\/2025\/02\/11-tipps-gegen-heuschnupfen.jpg?resize=525%2C300&ssl=1 1.5x, https:\/\/i0.wp.com\/www.flora-pharm.de\/blog\/wp-content\/uploads\/2025\/02\/11-tipps-gegen-heuschnupfen.jpg?resize=700%2C400&ssl=1 2x, https:\/\/i0.wp.com\/www.flora-pharm.de\/blog\/wp-content\/uploads\/2025\/02\/11-tipps-gegen-heuschnupfen.jpg?resize=1050%2C600&ssl=1 3x"},"classes":[]},{"id":5906,"url":"https:\/\/www.flora-pharm.de\/blog\/bevor-die-pollen-fliegen-heuschnupfen-vorbeugen\/","url_meta":{"origin":6825,"position":1},"title":"Bevor die Pollen fliegen &#8211; Heuschnupfen vorbeugen","author":"Flora Team","date":"14. Februar 2019","format":false,"excerpt":"Immer fr\u00fcher beginnt f\u00fcr Pollenallergiker die Leidenszeit. Etwa jeder sechste Deutsche leidet unter Heuschnupfen. Welche nat\u00fcrlichen Mittel eignen sich zur Vorbeugung? \u00a0 Ein Beitrag von Saskia Fechte. \u00a0 Das Gef\u00fchl tr\u00fcgt nicht: Der Deutsche Allergie- und Asthmabund e. V. best\u00e4tigt, dass sich der Pollenflug im Lauf der letzten Jahre aufgrund\u2026","rel":"","context":"In &quot;Wissenswert&quot;","block_context":{"text":"Wissenswert","link":"https:\/\/www.flora-pharm.de\/blog\/category\/wissenswert\/"},"img":{"alt_text":"Heuschnupfen nat\u00fcrlich vorbeugen","src":"https:\/\/i0.wp.com\/www.flora-pharm.de\/blog\/wp-content\/uploads\/2019\/02\/heuschnupfen-pollenflug-vorbeugung.jpg?resize=350%2C200&ssl=1","width":350,"height":200,"srcset":"https:\/\/i0.wp.com\/www.flora-pharm.de\/blog\/wp-content\/uploads\/2019\/02\/heuschnupfen-pollenflug-vorbeugung.jpg?resize=350%2C200&ssl=1 1x, https:\/\/i0.wp.com\/www.flora-pharm.de\/blog\/wp-content\/uploads\/2019\/02\/heuschnupfen-pollenflug-vorbeugung.jpg?resize=525%2C300&ssl=1 1.5x, https:\/\/i0.wp.com\/www.flora-pharm.de\/blog\/wp-content\/uploads\/2019\/02\/heuschnupfen-pollenflug-vorbeugung.jpg?resize=700%2C400&ssl=1 2x"},"classes":[]},{"id":9082,"url":"https:\/\/www.flora-pharm.de\/blog\/heuschnupfen\/","url_meta":{"origin":6825,"position":2},"title":"Heuschnupfen?","author":"Flora Team","date":"8. April 2024","format":false,"excerpt":"Kaum steht der Fr\u00fchling in den Startl\u00f6chern, l\u00e4uft auch schon die Nase und die Augen jucken ebenfalls. Pollenallergie. Heuschnupfen. Und nun?","rel":"","context":"In &quot;Wissenswert&quot;","block_context":{"text":"Wissenswert","link":"https:\/\/www.flora-pharm.de\/blog\/category\/wissenswert\/"},"img":{"alt_text":"Nat\u00fcrlich gegen den Heuschnupfen","src":"https:\/\/i0.wp.com\/www.flora-pharm.de\/blog\/wp-content\/uploads\/2024\/03\/heuschnupfen-natuerlich-nicht.jpg?resize=350%2C200&ssl=1","width":350,"height":200,"srcset":"https:\/\/i0.wp.com\/www.flora-pharm.de\/blog\/wp-content\/uploads\/2024\/03\/heuschnupfen-natuerlich-nicht.jpg?resize=350%2C200&ssl=1 1x, https:\/\/i0.wp.com\/www.flora-pharm.de\/blog\/wp-content\/uploads\/2024\/03\/heuschnupfen-natuerlich-nicht.jpg?resize=525%2C300&ssl=1 1.5x, https:\/\/i0.wp.com\/www.flora-pharm.de\/blog\/wp-content\/uploads\/2024\/03\/heuschnupfen-natuerlich-nicht.jpg?resize=700%2C400&ssl=1 2x, https:\/\/i0.wp.com\/www.flora-pharm.de\/blog\/wp-content\/uploads\/2024\/03\/heuschnupfen-natuerlich-nicht.jpg?resize=1050%2C600&ssl=1 3x"},"classes":[]},{"id":7689,"url":"https:\/\/www.flora-pharm.de\/blog\/mythencheck-die-wahrheit-ueber-heuschnupfen\/","url_meta":{"origin":6825,"position":3},"title":"Mythencheck: Die Wahrheit \u00fcber Heuschnupfen","author":"Flora Team","date":"25. Mai 2021","format":false,"excerpt":"Mythencheck Heuschnupfen: Pollen fliegen nur bei Sonnenschein. Stimmt das? Allergien entstehen nur im Kindesalter \u2013 richtig? Pusten wir Irrt\u00fcmer weg","rel":"","context":"In &quot;Wissenswert&quot;","block_context":{"text":"Wissenswert","link":"https:\/\/www.flora-pharm.de\/blog\/category\/wissenswert\/"},"img":{"alt_text":"Allergie Heuschnupfen Mythen check","src":"https:\/\/i0.wp.com\/www.flora-pharm.de\/blog\/wp-content\/uploads\/2021\/04\/heuschnupfen-mythen.jpg?resize=350%2C200&ssl=1","width":350,"height":200,"srcset":"https:\/\/i0.wp.com\/www.flora-pharm.de\/blog\/wp-content\/uploads\/2021\/04\/heuschnupfen-mythen.jpg?resize=350%2C200&ssl=1 1x, https:\/\/i0.wp.com\/www.flora-pharm.de\/blog\/wp-content\/uploads\/2021\/04\/heuschnupfen-mythen.jpg?resize=525%2C300&ssl=1 1.5x, https:\/\/i0.wp.com\/www.flora-pharm.de\/blog\/wp-content\/uploads\/2021\/04\/heuschnupfen-mythen.jpg?resize=700%2C400&ssl=1 2x"},"classes":[]},{"id":4921,"url":"https:\/\/www.flora-pharm.de\/blog\/akupunktur-bei-heuschnupfen-und-allergie\/","url_meta":{"origin":6825,"position":4},"title":"Akupunktur bei Heuschnupfen und Allergie","author":"Flora Team","date":"9. April 2018","format":false,"excerpt":"Hatschi \u2013 die Pollen sind da!F\u00fcr Heuschnupfengeplagte hat die Zeit der Niesattacken und tr\u00e4nenden Augen begonnen. Feine Nadelstiche lassen hoffen. Hat die Traditionelle Chinesische Medizin (TCM) eine Methode, die Allergikern endlich die Freude am Fr\u00fchling beschert?PS: Lesen Sie auch Heuschnupfen \u2013 Achtung Pollen! Wie funktioniert Akupunktur Akupunktur ist ein wesentlicher\u2026","rel":"","context":"In &quot;Wissenswert&quot;","block_context":{"text":"Wissenswert","link":"https:\/\/www.flora-pharm.de\/blog\/category\/wissenswert\/"},"img":{"alt_text":"Akupunktur bei Heuschnupfen und Allergie","src":"https:\/\/i0.wp.com\/www.flora-pharm.de\/blog\/wp-content\/uploads\/2018\/04\/akupunktur-heuschnupfen.jpg?resize=350%2C200&ssl=1","width":350,"height":200,"srcset":"https:\/\/i0.wp.com\/www.flora-pharm.de\/blog\/wp-content\/uploads\/2018\/04\/akupunktur-heuschnupfen.jpg?resize=350%2C200&ssl=1 1x, https:\/\/i0.wp.com\/www.flora-pharm.de\/blog\/wp-content\/uploads\/2018\/04\/akupunktur-heuschnupfen.jpg?resize=525%2C300&ssl=1 1.5x, https:\/\/i0.wp.com\/www.flora-pharm.de\/blog\/wp-content\/uploads\/2018\/04\/akupunktur-heuschnupfen.jpg?resize=700%2C400&ssl=1 2x"},"classes":[]},{"id":3953,"url":"https:\/\/www.flora-pharm.de\/blog\/heuschnupfen-achtung-pollen\/","url_meta":{"origin":6825,"position":5},"title":"Heuschnupfen &#8211; Achtung Pollen!","author":"Flora Team","date":"14. M\u00e4rz 2017","format":false,"excerpt":"Mit diesen naturheilkundlichen Tipps kommen Sie gut durch die Heuschnupfenzeit! Die ersten Bl\u00fcten sind die Vorboten des lang ersehnten Fr\u00fchlings. Doch nicht alle freuen sich dar\u00fcber. Etwa jeder f\u00fcnfte Erwachsene leidet in Deutschland unter einer Pollenallergie, im Volksmund auch Heuschnupfen genannt. Winzig kleine Pollen als Inhalationsallergene l\u00f6sen bei Betroffenen Niesreiz,\u2026","rel":"","context":"In &quot;Wissenswert&quot;","block_context":{"text":"Wissenswert","link":"https:\/\/www.flora-pharm.de\/blog\/category\/wissenswert\/"},"img":{"alt_text":"","src":"https:\/\/i0.wp.com\/www.flora-pharm.de\/blog\/wp-content\/uploads\/2017\/03\/pollen.jpg?resize=350%2C200&ssl=1","width":350,"height":200,"srcset":"https:\/\/i0.wp.com\/www.flora-pharm.de\/blog\/wp-content\/uploads\/2017\/03\/pollen.jpg?resize=350%2C200&ssl=1 1x, https:\/\/i0.wp.com\/www.flora-pharm.de\/blog\/wp-content\/uploads\/2017\/03\/pollen.jpg?resize=525%2C300&ssl=1 1.5x, https:\/\/i0.wp.com\/www.flora-pharm.de\/blog\/wp-content\/uploads\/2017\/03\/pollen.jpg?resize=700%2C400&ssl=1 2x"},"classes":[]}],"jetpack_sharing_enabled":true,"_links":{"self":[{"href":"https:\/\/www.flora-pharm.de\/blog\/wp-json\/wp\/v2\/posts\/6825","targetHints":{"allow":["GET"]}}],"collection":[{"href":"https:\/\/www.flora-pharm.de\/blog\/wp-json\/wp\/v2\/posts"}],"about":[{"href":"https:\/\/www.flora-pharm.de\/blog\/wp-json\/wp\/v2\/types\/post"}],"author":[{"embeddable":true,"href":"https:\/\/www.flora-pharm.de\/blog\/wp-json\/wp\/v2\/users\/1"}],"replies":[{"embeddable":true,"href":"https:\/\/www.flora-pharm.de\/blog\/wp-json\/wp\/v2\/comments?post=6825"}],"version-history":[{"count":2,"href":"https:\/\/www.flora-pharm.de\/blog\/wp-json\/wp\/v2\/posts\/6825\/revisions"}],"predecessor-version":[{"id":6852,"href":"https:\/\/www.flora-pharm.de\/blog\/wp-json\/wp\/v2\/posts\/6825\/revisions\/6852"}],"wp:featuredmedia":[{"embeddable":true,"href":"https:\/\/www.flora-pharm.de\/blog\/wp-json\/wp\/v2\/media\/6818"}],"wp:attachment":[{"href":"https:\/\/www.flora-pharm.de\/blog\/wp-json\/wp\/v2\/media?parent=6825"}],"wp:term":[{"taxonomy":"category","embeddable":true,"href":"https:\/\/www.flora-pharm.de\/blog\/wp-json\/wp\/v2\/categories?post=6825"},{"taxonomy":"post_tag","embeddable":true,"href":"https:\/\/www.flora-pharm.de\/blog\/wp-json\/wp\/v2\/tags?post=6825"}],"curies":[{"name":"wp","href":"https:\/\/api.w.org\/{rel}","templated":true}]}}