{"id":6895,"date":"2020-06-08T09:52:21","date_gmt":"2020-06-08T07:52:21","guid":{"rendered":"https:\/\/www.flora-pharm.de\/blog\/?p=6895"},"modified":"2021-02-04T15:02:34","modified_gmt":"2021-02-04T14:02:34","slug":"akne-natuerlich-rein","status":"publish","type":"post","link":"https:\/\/www.flora-pharm.de\/blog\/akne-natuerlich-rein\/","title":{"rendered":"Akne &#8211; Nat\u00fcrlich rein"},"content":{"rendered":"\n<p><strong>Endlich Schluss mit Akne. Die Natur hilft dabei.<\/strong><\/p>\n\n\n\n<p>Akne (<strong><a href=\"https:\/\/www.flora-pharm.de\/blog\/hautprobleme-in-der-pubertaet-akne\/\">Akne vulgaris<\/a><\/strong>) ist die mit Abstand h\u00e4ufigste Hauterkrankung bei jungen Menschen. Man sch\u00e4tzt, mehr als 80 Prozent der Jugendlichen leiden unter Pickeln, Pusteln und verstopften Poren. Die Hoffnung, dass sich dieses Problem mit den Jahren von allein l\u00f6st, erf\u00fcllt sich leider nicht immer. Auch viele Erwachsene haben mit unreiner <a href=\"https:\/\/www.flora-pharm.de\/blog\/tag\/haut\/\">Haut<\/a> zu k\u00e4mpfen. <strong>Akne tarda<\/strong> ist der Fachbegriff f\u00fcr die sogenannte Sp\u00e4takne, von der \u00fcberwiegend Frauen betroffen sind. H\u00e4ufig sind die Ursachen im Hormonhaushalt zu suchen. Die Einnahme oder das Absetzen der Anti-Baby-Pille kann Auswirkungen auf das Hautbild haben. Letztendlich spielt das Alter eine untergeordnete Rolle. Akne ist immer eine Belastung \u2013 k\u00f6rperlich und seelisch. Was hilft?<\/p>\n\n\n\n<p><em>Von Verena Munde<\/em><\/p>\n\n\n\n<h2 class=\"wp-block-heading\">Sanfte Methoden<\/h2>\n\n\n\n<p>Zu h\u00e4ufiges Waschen mit aggressiven Substanzen macht die Sache oft noch schlimmer. Viele herk\u00f6mmliche Produkte haben einen hohen Alkoholanteil, der die Haut nur zus\u00e4tzlich reizt. Lieber sanft reinigen und auf nat\u00fcrliche Weise beruhigen, besonders dann, wenn die Haut noch jung ist. Gut geeignet sind Mittel aus der Apotheke, die einen neutralen pH-Wert haben und ohne k\u00fcnstliche Duftstoffe auskommen. Ausgesuchte pflanzliche Inhaltsstoffe haben zudem antiseptische Eigenschaften, ohne die Haut auszutrocknen. Sie k\u00f6nnen die Talgproduktion hemmen, d.h. sie wirken antiseborrhoisch und wirken so den Pickeln entgegen. Aknehaut braucht diese besondere Pflege \u2013 jeden Tag. Wie das geht, erkl\u00e4ren wir Ihnen hier Schritt f\u00fcr Schritt.<\/p>\n\n\n\n<h3 class=\"wp-block-heading\">Schritt eins: Reinigung<\/h3>\n\n\n\n<p>Die t\u00e4gliche Reinigung ist bei unreiner Haut das A und O. Das Wasser sollte warm sein, damit sich die Poren \u00f6ffnen, aber nicht zu hei\u00df. Hei\u00dfes Wasser trocknet sonst die Haut zu stark aus, greift den Schutzfilm an und \u00f6ffnet so die Pforten f\u00fcr Bakterien. Das ist kontraproduktiv f\u00fcr die Haut, die ohnehin zu Unreinheiten neigt. Lauwarm das <a href=\"https:\/\/www.flora-pharm.de\/blog\/strahlendes-gesicht\/\">Gesicht<\/a> abwaschen und den sanften Hautreiniger zum Einsatz kommen lassen, z.B. ein Gesichtswasser mit <a href=\"https:\/\/www.flora-pharm.de\/blog\/hamamelis-die-zaubernuss\/\">Hamamelis<\/a>, auch Zaubernuss genannt. Die Pflanzenextrakte enthalten Gerbstoffe, die Entz\u00fcndungen in der Haut hemmen und die Wundheilung f\u00f6rdern k\u00f6nnen. Hamamelis-Wasser auf einen Wattebausch geben und damit Problemzonen im Gesicht betupfen \u2013 am besten morgens und abends. Einen reizlindernden Effekt haben Substanzen aus dem Stiefm\u00fctterchen. Viola tricolor, so der botanische Name, enth\u00e4lt Stoffe, die antibakteriell wirken und Aknepickel verhindern k\u00f6nnen. Unreine Haut wird mit Stiefm\u00fctterchen-Extrakten mild gekl\u00e4rt und vom Fettglanz befreit. Hydrolate und Hautsalben sowohl mit Stiefm\u00fctterchen- als auch mit Hamamelis-Extrakten gibt es in der Apotheke.<\/p>\n\n\n\n<h3 class=\"wp-block-heading\">Schritt zwei: Peeling<\/h3>\n\n\n\n<p>Um den Reinigungseffekt zu verst\u00e4rken, haben sich Peelings bew\u00e4hrt. Sanft sollten sie sein und keine hautreizenden Schmirgelstoffe enthalten. Gut daf\u00fcr geeignet ist <a href=\"https:\/\/www.flora-pharm.de\/blog\/heilkraeftiger-schlamm\/\">Heilerde<\/a> aus der Apotheke. Dieses feinpulvrige Naturprodukt wirkt auf der Haut wie ein Schwamm. Es zieht den \u00fcbersch\u00fcssigen Talg aus den Poren und kann so von Unreinheiten befreien. Heilerde wird mit Wasser zu einem Brei anger\u00fchrt und auf die Gesichtshaut \u2013 bei Bedarf auch auf das Dekollet\u00e9 und auf den R\u00fccken \u2013 aufgetragen. So lange wirken lassen, bis die Heilerde-Maske vollst\u00e4ndig getrocknet ist. Dann mit Wasser abwaschen. Die Haut f\u00fchlt sich glatt und geschmeidig an. Erhebungen durch Pickel und Pusteln sind geebnet und das Hautbild sieht klar und erfrischt aus. Wer mit hartn\u00e4ckiger Akne zu k\u00e4mpfen hat, r\u00fchrt die Heilerde nicht blo\u00df mit Wasser an, sondern nimmt Tee. Dabei kommt es auf die Wahl der Heilkr\u00e4uter an. Pfefferminze und Salbei haben antibakterielle Eigenschaften und sind wunderbar k\u00fchlend auf der Haut. Thymian und Rosmarin gelten als nat\u00fcrliche Entz\u00fcndungshemmer, die den f\u00fcr Akne typischen Hautver\u00e4nderungen entgegenwirken.<\/p>\n\n\n\n<p>F\u00fcr Eilige gibt es naturkosmetische Peeling-Waschcremes aus der Apotheke. Diese sind in ihrer Zusammensetzung bereits perfekt aufeinander abgestimmt. In vielen dieser Produkte ist Salicyls\u00e4ure enthalten. Dieser Stoff aus der Weidenrinde gilt eigentlich als Schmerzstiller, lindert aber auch Hautprobleme. Hautkl\u00e4rende Peelings mit Salicyls\u00e4ure k\u00f6nnen die Poren verkleinern und Pickel reduzieren.<\/p>\n\n\n\n<h3 class=\"wp-block-heading\">Schritt drei: Dampfbad<\/h3>\n\n\n\n<p>Dampfb\u00e4der sind uralte Hausmittel und haben sich u. a. bei der Pflege unreiner Haut bew\u00e4hrt. Entscheidend sind die Zutaten im Wasser. Kamillenbl\u00fcten sind die Klassiker. Ihre <a href=\"https:\/\/www.flora-pharm.de\/blog\/aromatherapie\/\">\u00e4therischen \u00d6le<\/a> wirken zusammen mit dem hei\u00dfen Wasserdampf wie eine Tiefenreinigung. Die Poren \u00f6ffnen sich und der \u00fcbersch\u00fcssige Talg kann abflie\u00dfen. Die entz\u00fcndungshemmenden Wirkstoffe der Kamille lassen Pickel schneller abheilen und dienen gleichzeitig der Vorbeugung. Durch die W\u00e4rme des Wasserdampfes wird die Durchblutung gef\u00f6rdert und die Selbstheilungskraft der Haut angeregt. Angenehmer Nebeneffekt: Ein Dampfbad wirkt entspannend und stressl\u00f6send. Das ist wichtig, weil Akne oft einen seelischen Hintergrund hat. Emotionale Belastungen k\u00f6nnen sich auf das Hautbild auswirken. Nur wer sich wohl in seiner Haut f\u00fchlt, strahlt dies auch aus.<\/p>\n\n\n\n<h3 class=\"wp-block-heading\">Schritt vier: Pflegecreme<\/h3>\n\n\n\n<p>Nach dem Dampfbad braucht die Haut die Pflege, die ihren Feuchtigkeitshaushalt konstant h\u00e4lt. Gut ist, wenn die Gesichtscreme auf Wasserbasis hergestellt ist. Noch besser, wenn sie weitere Inhaltsstoffe nat\u00fcrlichen Ursprungs hat. Kamille, <a href=\"https:\/\/www.flora-pharm.de\/blog\/reizende-ringelblume\/\">Ringelblume<\/a> und Zaubernuss sind drei Heilpflanzen, die f\u00fcr die Aknehaut ideal sind. Sie sind wahre Feuchtigkeitsspender und k\u00f6nnen Bakterien den N\u00e4hrboden entziehen, damit diese sich nicht weiter vermehren. Sind zus\u00e4tzlich Mineralstoffe in der Creme enthalten, wirkt sich dies ebenfalls auf das Hautbild aus. <a href=\"https:\/\/www.flora-pharm.de\/blog\/zink-essentielles-spurenelement\/\">Zink<\/a> trocknet die Pickel aus, ohne die Hautbalance zu st\u00f6ren. Dieser mineralische Wundheiler f\u00f6rdert die Regeneration der Haut und schlie\u00dft Keime aus. Kieselerde enth\u00e4lt viel Silizium, das die Poren verfeinert und der Haut den unreinen Fettglanz nimmt. Das Gesicht wirkt mattiert und gepflegt.<\/p>\n\n\n\n<h3 class=\"wp-block-heading\">Schritt f\u00fcnf: Vorbeugung<\/h3>\n\n\n\n<p>Akne behandeln ist die eine Seite. Vorbeugen ist nat\u00fcrlich noch besser \u2013 mit Teebaum\u00f6l. Es wirkt keimhemmend und bek\u00e4mpft die Bakterien in der Haut, bevor neue Pickel aufbl\u00fchen. Das reine \u00e4therische \u00d6l ist stark in seiner Wirkung, kann aber die Haut reizen. Besser vorher an einer unempfindlichen Hautstelle, z.B. auf dem Unterarm, testen. Erst wenn es vertr\u00e4glich ist, im Gesicht punktuell dort tupfen, wo es kribbelt.<\/p>\n\n\n\n<p>Wer auf Nummer sicher gehen m\u00f6chte, nimmt einen speziellen Anti-Pickel-Stift oder Roll-on mit Teebaum\u00f6l. Diese Produkte sind gut zur gezielten Anwendung im Gesicht geeignet und auf Hautvertr\u00e4glichkeit getestet. Oft sind weitere pflanzliche Inhaltsstoffe enthalten wie Wacholder- oder Weidenrinden-Extrakte, die als Wirkverst\u00e4rker dienen und Unreinheiten den Garaus machen, bevor sie entstehen.<\/p>\n\n\n\n<p>&nbsp;<br>&nbsp;<\/p>\n\n\n\n<p>Gesundheit aus Ihrer Apotheke \u2013 die Beratung gibt es bei uns nat\u00fcrlich kostenlos, individuell und gern dazu.<\/p>\n\n\n\n<p>&nbsp;<br>&nbsp;<\/p>\n\n\n\n<div class=\"wp-block-image\"><figure class=\"aligncenter size-medium\"><img loading=\"lazy\" decoding=\"async\" width=\"225\" height=\"300\" data-attachment-id=\"6875\" data-permalink=\"https:\/\/www.flora-pharm.de\/blog\/nug-2020-05-es\/\" data-orig-file=\"https:\/\/www.flora-pharm.de\/blog\/wp-content\/uploads\/2020\/05\/naturheilkunde-und-gesundheit-cover-05-2020.jpg\" data-orig-size=\"450,600\" data-comments-opened=\"1\" data-image-meta=\"{&quot;aperture&quot;:&quot;0&quot;,&quot;credit&quot;:&quot;&quot;,&quot;camera&quot;:&quot;&quot;,&quot;caption&quot;:&quot;&quot;,&quot;created_timestamp&quot;:&quot;0&quot;,&quot;copyright&quot;:&quot;&quot;,&quot;focal_length&quot;:&quot;0&quot;,&quot;iso&quot;:&quot;0&quot;,&quot;shutter_speed&quot;:&quot;0&quot;,&quot;title&quot;:&quot;NUG-2020-05-ES&quot;,&quot;orientation&quot;:&quot;1&quot;}\" data-image-title=\"\" data-image-description=\"\" data-image-caption=\"&lt;p&gt;Text mit freundlicher Genehmigung der S &amp;#038; D Verlag GmbH. Das komplette &amp;#8222;Naturheilkunde &amp;#038; Gesundheit&amp;#8220; Heft bekommen Sie auch bei uns in der Apotheke.&lt;\/p&gt;\n\" data-large-file=\"https:\/\/www.flora-pharm.de\/blog\/wp-content\/uploads\/2020\/05\/naturheilkunde-und-gesundheit-cover-05-2020.jpg\" src=\"https:\/\/www.flora-pharm.de\/blog\/wp-content\/uploads\/2020\/05\/naturheilkunde-und-gesundheit-cover-05-2020-225x300.jpg\" alt=\"Cover n&amp;g 05\/20\" class=\"wp-image-6875\" srcset=\"https:\/\/www.flora-pharm.de\/blog\/wp-content\/uploads\/2020\/05\/naturheilkunde-und-gesundheit-cover-05-2020-225x300.jpg 225w, https:\/\/www.flora-pharm.de\/blog\/wp-content\/uploads\/2020\/05\/naturheilkunde-und-gesundheit-cover-05-2020.jpg 450w\" sizes=\"auto, (max-width: 225px) 100vw, 225px\" \/><figcaption>Text mit freundlicher Genehmigung der S &amp; D Verlag GmbH. Das komplette &#8222;Naturheilkunde &amp; Gesundheit&#8220; Heft bekommen Sie auch bei uns in der Apotheke.<\/figcaption><\/figure><\/div>\n","protected":false},"excerpt":{"rendered":"<p>Endlich Schluss mit Akne. Die Natur hilft dabei. Akne (Akne vulgaris) ist die mit Abstand h\u00e4ufigste Hauterkrankung bei jungen Menschen. Man sch\u00e4tzt, mehr als 80 Prozent der Jugendlichen leiden unter Pickeln, Pusteln und verstopften Poren. Die Hoffnung, dass sich dieses Problem mit den Jahren von allein l\u00f6st, erf\u00fcllt sich leider nicht immer. Auch viele Erwachsene [&hellip;]<\/p>\n","protected":false},"author":1,"featured_media":6881,"comment_status":"open","ping_status":"open","sticky":false,"template":"","format":"standard","meta":{"jetpack_post_was_ever_published":false,"_jetpack_newsletter_access":"","_jetpack_dont_email_post_to_subs":false,"_jetpack_newsletter_tier_id":0,"_jetpack_memberships_contains_paywalled_content":false,"_jetpack_memberships_contains_paid_content":false,"footnotes":""},"categories":[8],"tags":[344,422],"class_list":["post-6895","post","type-post","status-publish","format-standard","has-post-thumbnail","hentry","category-wissenswert","tag-haut","tag-naturheilkunde-und-gesundheit","has-post-title","has-post-date","has-post-category","has-post-tag","has-post-comment","has-post-author",""],"jetpack_featured_media_url":"https:\/\/www.flora-pharm.de\/blog\/wp-content\/uploads\/2020\/05\/natuerlich-gegen-akne.jpg","jetpack-related-posts":[{"id":2663,"url":"https:\/\/www.flora-pharm.de\/blog\/hautprobleme-in-der-pubertaet-akne\/","url_meta":{"origin":6895,"position":0},"title":"Hautprobleme in der Pubert\u00e4t \u2013 Akne","author":"Flora Team","date":"17. April 2015","format":false,"excerpt":"Die Pubert\u00e4t ist der \u00dcbergang vom Kind zum Erwachsenen, zumindest k\u00f6rperlich und bezogen auf die Entwicklung der Geschlechtsreife. Die sekund\u00e4ren Geschlechtsmerkmale bilden sich aus, im Gehirn findet eine oftmals komplette \u201eUmverkabelung\u201c statt, es kann zu Stimmungsschwankungen sowie Unwohlsein kommen - und dann ist da noch diese Hautproblematik, gerade wenn das\u2026","rel":"","context":"In &quot;Wissenswert&quot;","block_context":{"text":"Wissenswert","link":"https:\/\/www.flora-pharm.de\/blog\/category\/wissenswert\/"},"img":{"alt_text":"","src":"https:\/\/i0.wp.com\/www.flora-pharm.de\/blog\/wp-content\/uploads\/2015\/04\/akne.jpg?resize=350%2C200&ssl=1","width":350,"height":200,"srcset":"https:\/\/i0.wp.com\/www.flora-pharm.de\/blog\/wp-content\/uploads\/2015\/04\/akne.jpg?resize=350%2C200&ssl=1 1x, https:\/\/i0.wp.com\/www.flora-pharm.de\/blog\/wp-content\/uploads\/2015\/04\/akne.jpg?resize=525%2C300&ssl=1 1.5x, https:\/\/i0.wp.com\/www.flora-pharm.de\/blog\/wp-content\/uploads\/2015\/04\/akne.jpg?resize=700%2C400&ssl=1 2x"},"classes":[]},{"id":5653,"url":"https:\/\/www.flora-pharm.de\/blog\/vitamine-fuer-die-haut\/","url_meta":{"origin":6895,"position":1},"title":"Vitamine f\u00fcr die Haut","author":"Flora Team","date":"7. Januar 2019","format":false,"excerpt":"Glatt, rosig und weich. Damit die Haut so aussieht, braucht sie Vitamine. Welche sind besonders wichtig? Das kleine Haut-Vitamin-ABC verr\u00e4t es Ihnen.Die Haut ist unser gr\u00f6\u00dftes Organ. Sie misst etwa zwei Quadratmeter und wiegt rund 20 Prozent unseres K\u00f6rpergewichtes. Ohne unsere Haut sind wir schutzlos. Sie umgibt uns wie ein\u2026","rel":"","context":"In &quot;Wissenswert&quot;","block_context":{"text":"Wissenswert","link":"https:\/\/www.flora-pharm.de\/blog\/category\/wissenswert\/"},"img":{"alt_text":"Vitamine f\u00fcr die Haut","src":"https:\/\/i0.wp.com\/www.flora-pharm.de\/blog\/wp-content\/uploads\/2019\/01\/vitamine-fuer-die-haut.jpg?resize=350%2C200&ssl=1","width":350,"height":200,"srcset":"https:\/\/i0.wp.com\/www.flora-pharm.de\/blog\/wp-content\/uploads\/2019\/01\/vitamine-fuer-die-haut.jpg?resize=350%2C200&ssl=1 1x, https:\/\/i0.wp.com\/www.flora-pharm.de\/blog\/wp-content\/uploads\/2019\/01\/vitamine-fuer-die-haut.jpg?resize=525%2C300&ssl=1 1.5x, https:\/\/i0.wp.com\/www.flora-pharm.de\/blog\/wp-content\/uploads\/2019\/01\/vitamine-fuer-die-haut.jpg?resize=700%2C400&ssl=1 2x"},"classes":[]},{"id":3603,"url":"https:\/\/www.flora-pharm.de\/blog\/heilkraeftiger-schlamm\/","url_meta":{"origin":6895,"position":2},"title":"Heilkr\u00e4ftiger Schlamm","author":"Flora Team","date":"18. November 2016","format":false,"excerpt":"Ob Heilerde, Moor oder R\u00fcgener Heilkreide: Der Boden h\u00e4lt eine Vielzahl schlamm\u00e4hnlicher Stoffe f\u00fcr wirkungsvolle Peloidtherapien bereit. Heilerde Schon Hippokrates, Hildegard von Bingen, Paracelsus, Pfarrer Kneipp und der \u201eLehmpastor\u201c Felke linderten Beschwerden mit Heilerde. Zusammensetzung Heilerde ist ein bew\u00e4hrtes medizinisches Pulver, das aus eiszeitlichen L\u00f6ssablagerungen gewonnen wird. Diese Tonerde darf\u2026","rel":"","context":"In &quot;Wissenswert&quot;","block_context":{"text":"Wissenswert","link":"https:\/\/www.flora-pharm.de\/blog\/category\/wissenswert\/"},"img":{"alt_text":"","src":"https:\/\/i0.wp.com\/www.flora-pharm.de\/blog\/wp-content\/uploads\/2016\/11\/heilkraeftiger-schlamm.jpg?resize=350%2C200&ssl=1","width":350,"height":200,"srcset":"https:\/\/i0.wp.com\/www.flora-pharm.de\/blog\/wp-content\/uploads\/2016\/11\/heilkraeftiger-schlamm.jpg?resize=350%2C200&ssl=1 1x, https:\/\/i0.wp.com\/www.flora-pharm.de\/blog\/wp-content\/uploads\/2016\/11\/heilkraeftiger-schlamm.jpg?resize=525%2C300&ssl=1 1.5x, https:\/\/i0.wp.com\/www.flora-pharm.de\/blog\/wp-content\/uploads\/2016\/11\/heilkraeftiger-schlamm.jpg?resize=700%2C400&ssl=1 2x"},"classes":[]},{"id":3275,"url":"https:\/\/www.flora-pharm.de\/blog\/sonne-geniessen-ohne-sonnenbrand\/","url_meta":{"origin":6895,"position":3},"title":"Sonne genie\u00dfen \u2013 ohne Sonnenbrand!","author":"Flora Team","date":"6. Juni 2016","format":false,"excerpt":"Die Sonne strahlt, w\u00e4rmt und macht gl\u00fccklich! Doch wer zu viel Sonne abbekommt, erh\u00f6ht sein Risiko f\u00fcr Hautkrebs! \u00a0 Wie k\u00f6nnen Sie sich sch\u00fctzen? Sonnenlicht tut gut! Es regt den Stoffwechsel an und hilft bei der Bildung von Vitamin D. Doch zu viel Sonne kann die Haut sch\u00e4digen und l\u00e4sst\u2026","rel":"","context":"In &quot;Wissenswert&quot;","block_context":{"text":"Wissenswert","link":"https:\/\/www.flora-pharm.de\/blog\/category\/wissenswert\/"},"img":{"alt_text":"","src":"https:\/\/i0.wp.com\/www.flora-pharm.de\/blog\/wp-content\/uploads\/2016\/05\/sonne__copyright-joerg-buetehorn.jpg?resize=350%2C200&ssl=1","width":350,"height":200,"srcset":"https:\/\/i0.wp.com\/www.flora-pharm.de\/blog\/wp-content\/uploads\/2016\/05\/sonne__copyright-joerg-buetehorn.jpg?resize=350%2C200&ssl=1 1x, https:\/\/i0.wp.com\/www.flora-pharm.de\/blog\/wp-content\/uploads\/2016\/05\/sonne__copyright-joerg-buetehorn.jpg?resize=525%2C300&ssl=1 1.5x"},"classes":[]},{"id":3809,"url":"https:\/\/www.flora-pharm.de\/blog\/heilen-mit-salz\/","url_meta":{"origin":6895,"position":4},"title":"Heilen mit Salz","author":"Flora Team","date":"30. Januar 2017","format":false,"excerpt":"Salz ist f\u00fcr den menschlichen K\u00f6rper unverzichtbar. Es hilft, den Blutdruck zu regulieren oder den Wasser- und N\u00e4hrstoffhaushalt zu steuern. Aber mit dem Essen nehmen wir meist zu viel davon auf \u2013 mehr als guttut. Doch therapeutisch angewendet ist Salz und Sole sehr heilsam. Dabei ist Salz nicht gleich Salz.\u2026","rel":"","context":"In &quot;Wissenswert&quot;","block_context":{"text":"Wissenswert","link":"https:\/\/www.flora-pharm.de\/blog\/category\/wissenswert\/"},"img":{"alt_text":"","src":"https:\/\/i0.wp.com\/www.flora-pharm.de\/blog\/wp-content\/uploads\/2017\/01\/salz.jpg?resize=350%2C200&ssl=1","width":350,"height":200,"srcset":"https:\/\/i0.wp.com\/www.flora-pharm.de\/blog\/wp-content\/uploads\/2017\/01\/salz.jpg?resize=350%2C200&ssl=1 1x, https:\/\/i0.wp.com\/www.flora-pharm.de\/blog\/wp-content\/uploads\/2017\/01\/salz.jpg?resize=525%2C300&ssl=1 1.5x, https:\/\/i0.wp.com\/www.flora-pharm.de\/blog\/wp-content\/uploads\/2017\/01\/salz.jpg?resize=700%2C400&ssl=1 2x"},"classes":[]},{"id":7265,"url":"https:\/\/www.flora-pharm.de\/blog\/maskne-in-den-griff-bekommen\/","url_meta":{"origin":6895,"position":5},"title":"\u201eMaskne\u201c in den Griff bekommen","author":"Flora Team","date":"11. November 2020","format":false,"excerpt":"Die sog. AHA+L-Formel bestimmt im Kampf gegen das Virus SARS-CoV-2 derzeit unser Leben: Abstand, H\u00e4ndewaschen, Alltagsmaske und L\u00fcften. Das Tragen von Alltags- oder auch h\u00f6herwertigen Masken kann unsere Gesichtshaut ganz sch\u00f6n strapazieren und bestehende Hautprobleme verst\u00e4rken. Das aus der Boulevardpresse stammende Kunstwort \u201eMaskne\u201c, eine Fusion aus Maske und Akne, ist\u2026","rel":"","context":"In &quot;Wissenswert&quot;","block_context":{"text":"Wissenswert","link":"https:\/\/www.flora-pharm.de\/blog\/category\/wissenswert\/"},"img":{"alt_text":"","src":"https:\/\/i0.wp.com\/www.flora-pharm.de\/blog\/wp-content\/uploads\/2020\/11\/maskne.jpg?resize=350%2C200&ssl=1","width":350,"height":200,"srcset":"https:\/\/i0.wp.com\/www.flora-pharm.de\/blog\/wp-content\/uploads\/2020\/11\/maskne.jpg?resize=350%2C200&ssl=1 1x, https:\/\/i0.wp.com\/www.flora-pharm.de\/blog\/wp-content\/uploads\/2020\/11\/maskne.jpg?resize=525%2C300&ssl=1 1.5x, https:\/\/i0.wp.com\/www.flora-pharm.de\/blog\/wp-content\/uploads\/2020\/11\/maskne.jpg?resize=700%2C400&ssl=1 2x"},"classes":[]}],"jetpack_sharing_enabled":true,"_links":{"self":[{"href":"https:\/\/www.flora-pharm.de\/blog\/wp-json\/wp\/v2\/posts\/6895","targetHints":{"allow":["GET"]}}],"collection":[{"href":"https:\/\/www.flora-pharm.de\/blog\/wp-json\/wp\/v2\/posts"}],"about":[{"href":"https:\/\/www.flora-pharm.de\/blog\/wp-json\/wp\/v2\/types\/post"}],"author":[{"embeddable":true,"href":"https:\/\/www.flora-pharm.de\/blog\/wp-json\/wp\/v2\/users\/1"}],"replies":[{"embeddable":true,"href":"https:\/\/www.flora-pharm.de\/blog\/wp-json\/wp\/v2\/comments?post=6895"}],"version-history":[{"count":4,"href":"https:\/\/www.flora-pharm.de\/blog\/wp-json\/wp\/v2\/posts\/6895\/revisions"}],"predecessor-version":[{"id":7413,"href":"https:\/\/www.flora-pharm.de\/blog\/wp-json\/wp\/v2\/posts\/6895\/revisions\/7413"}],"wp:featuredmedia":[{"embeddable":true,"href":"https:\/\/www.flora-pharm.de\/blog\/wp-json\/wp\/v2\/media\/6881"}],"wp:attachment":[{"href":"https:\/\/www.flora-pharm.de\/blog\/wp-json\/wp\/v2\/media?parent=6895"}],"wp:term":[{"taxonomy":"category","embeddable":true,"href":"https:\/\/www.flora-pharm.de\/blog\/wp-json\/wp\/v2\/categories?post=6895"},{"taxonomy":"post_tag","embeddable":true,"href":"https:\/\/www.flora-pharm.de\/blog\/wp-json\/wp\/v2\/tags?post=6895"}],"curies":[{"name":"wp","href":"https:\/\/api.w.org\/{rel}","templated":true}]}}