{"id":6900,"date":"2020-05-25T09:38:44","date_gmt":"2020-05-25T07:38:44","guid":{"rendered":"https:\/\/www.flora-pharm.de\/blog\/?p=6900"},"modified":"2023-04-27T13:15:21","modified_gmt":"2023-04-27T11:15:21","slug":"wiesen-dermatitis-schutz-fuer-den-gruenen-daumen","status":"publish","type":"post","link":"https:\/\/www.flora-pharm.de\/blog\/wiesen-dermatitis-schutz-fuer-den-gruenen-daumen\/","title":{"rendered":"Wiesen-Dermatitis &#8211; Schutz f\u00fcr den gr\u00fcnen Daumen"},"content":{"rendered":"\n<p>Es gr\u00fcnt und bl\u00fcht. Das G\u00e4rtnerherz lacht jetzt auf, aber die Haut braucht Schutz \u2013 vor Gr\u00e4sern und vor Sonne.<\/p>\n\n\n\n<p><strong>Haben Sie den gr\u00fcnen Daumen? <\/strong>Dann haben Sie das vielleicht selbst schon erlebt: Bei der Gartenarbeit an einem sonnigen Tag tauchen pl\u00f6tzlich rote Bl\u00e4schen und Pusteln auf der Haut auf. Der Ausschlag juckt und brennt f\u00fcrchterlich. Dabei ist die Petersilie, die Sie soeben geerntet haben, ein gesundes K\u00fcchenkraut und gar nicht giftig. Eine <a href=\"https:\/\/www.flora-pharm.de\/blog\/allergie-fehldeutung-des-immunsystems\/\">Allergie<\/a> ist Ihnen auch nicht bekannt. Woher kommt diese unerwartete Hautreaktion nur?<\/p>\n\n\n\n<p><em>Von Stefanie Happ<\/em><\/p>\n\n\n\n<h2 class=\"wp-block-heading\">Gr\u00e4ser, Kr\u00e4uter und Gem\u00fcse<\/h2>\n\n\n\n<p>Das Ph\u00e4nomen nennt sich <strong>Wiesen-Dermatitis<\/strong>. Die Rede ist von einer entz\u00fcndlichen Hautreizung, ausgel\u00f6st durch Gr\u00e4ser, Kr\u00e4uter und manche Gem\u00fcsesorten, die die Lichtempfindlichkeit der Haut herabsetzen. PS: Gleiches k\u00f6nnen manche Medikamente bewirken (<a href=\"https:\/\/www.flora-pharm.de\/blog\/photosensibilitaet-ploetzlich-lichtscheu\/\">Photosensibilit\u00e4t<\/a>). Es gibt viele Pflanzen, die sozusagen fototoxisch wirken. Sie wachsen auf Feldern, Wiesen und sogar im eigenen Garten. Viele Doldenbl\u00fctler geh\u00f6ren dazu, z.B. Koriander, Schafgarbe oder Wiesen-Kerbel. Genauso wie diese enthalten auch Mohrr\u00fcben, Sellerie und Pastinaken an sich harmlose Pflanzenwirkstoffe (Furocumarine), die unter Sonneneinstrahlung in giftige Substanzen umgewandelt werden. Bei Ber\u00fchrung k\u00f6nnen sie Irritationen auf der Haut hervorrufen, die an einen Sonnenbrand erinnern. Wenn Sie nach dem G\u00e4rtnern im Sommer also rote Flecke und brennende Quaddeln auf Armen oder Beinen feststellen, dann ist die Wahrscheinlichkeit hoch, dass Sie sich eine Wiesen-Dermatitis eingefangen haben.<\/p>\n\n\n\n<h2 class=\"wp-block-heading\">Hilfe f\u00fcr die G\u00e4rtnerhaut<\/h2>\n\n\n\n<p>Sobald Sie die R\u00f6tungen auf der Haut bemerken, sehen die ersten Ma\u00dfnahmen so aus: abwaschen und k\u00fchlen. Alle betroffenen Hautstellen gr\u00fcndlich reinigen \u2013 nicht kratzen und nicht schrubben. F\u00fcr eine Weile die Sonne meiden. An sich ist eine fototoxische Hautreaktion kein Grund zur Sorge, vorausgesetzt die Bl\u00e4schenbildung auf der Haut bleibt im ertr\u00e4glichen Rahmen. In der Regel verschwindet der Ausschlag von allein. Besser ist nat\u00fcrlich, wenn Sie nachhelfen. Eine Wiesen-Dermatitis wird \u00e4hnlich behandelt wie ein <a href=\"https:\/\/www.flora-pharm.de\/blog\/sonnenbrand-sos-tipps\/\">Sonnenbrand<\/a>. Milde Hautpflege-Produkte mit Aloe vera sind die Mittel erster Wahl. Der Pflanzensaft aus der W\u00fcstenlilie k\u00fchlt angenehm und gibt der gereizten Haut, was sie braucht: viel Feuchtigkeit. Mit ihren Inhaltsstoffen lindert sie qu\u00e4lenden Juckreiz und nimmt den Schmerz. Frischblatt-Gele zur Regeneration der sonnengestressten Haut bekommen Sie in Ihrer Apotheke.<\/p>\n\n\n\n<h2 class=\"wp-block-heading\">Die Natur heilt alle Wunden<\/h2>\n\n\n\n<p>Eine Wiesen-Dermatitis ist drau\u00dfen in der Pflanzenwelt entstanden \u2013 bei der Gartenarbeit, beim Waldspaziergang oder beim Picknick auf dem Rasen \u2013 und sie l\u00e4sst sich auf nat\u00fcrlichem Weg wieder heilen. In der akuten Phase haben sich Hydrolate mit <a href=\"https:\/\/www.flora-pharm.de\/blog\/hamamelis-die-zaubernuss\/\">Hamamelis<\/a>, auch Zaubernuss genannt, bew\u00e4hrt. Hamamelis-Wasser zum Spr\u00fchen ist besonders sanft zur angestrengten Haut und trotzdem antibakteriell. Es ist angenehm k\u00fchlend und spendet Feuchtigkeit.<\/p>\n\n\n\n<p>Zum Gl\u00fcck ist gegen die Wiesen-Dermatitis mehr als ein Kraut gewachsen. Kamille hemmt die Entz\u00fcndung und wirkt leicht antiseptisch. Die roten Bl\u00e4schen auf der Haut k\u00f6nnen schneller abschwellen, wenn Sie sie mit lauwarmem Tee aus Kamillenbl\u00fcten (aus der Apotheke) betupfen. Eichenrindentee treibt die Wundheilung voran, kann die Haut aber austrocknen. Nur f\u00fcr kurze Zeit anwenden.<\/p>\n\n\n\n<p>In einem sp\u00e4teren Stadium, wenn die Wiesen-Dermatitis allm\u00e4hlich abklingt, braucht die Haut viel Pflege. Ideal daf\u00fcr sind die Extrakte aus der Ringelblume. Sie st\u00e4rken die Hautbarriere und unterst\u00fctzen den Heilungsprozess. Bei starker Blasenbildung mit Schmerzen hat die Eigenbehandlung allerdings ein Ende. Dann muss der Arzt helfen.<\/p>\n\n\n\n<p><strong>\u00dcbrigens:<\/strong> Es ist normal, dass die Haut nach einer Wiesen-Dermatitis gebr\u00e4unt aussieht. Die Abheilung hat eine Hyper<a href=\"https:\/\/www.flora-pharm.de\/blog\/pigmentstoerungen\/\">pigmentierung<\/a> zur\u00fcckgelassen \u2013 ausgel\u00f6st durch die fototoxischen Pflanzen. Wer oft mit solchen Gew\u00e4chsen in Ber\u00fchrung kommt \u2013 z.B. beim J\u00e4ten und Ernten \u2013 sollte vorbeugen und Gartenhandschuhe tragen. Sonnencreme mit hohem UV-Filter nicht vergessen! Hautpartien, die unbekleidet sind, brauchen eine gute Schutzschicht. Lotion mit hohem UV-Filter gibt es in Ihrer Apotheke.<\/p>\n\n\n\n<h2 class=\"wp-block-heading\">Fototoxische Pflanzen<\/h2>\n\n\n\n<ul class=\"wp-block-list\"><li>Buchweizen<\/li><li>Engelwurz<\/li><li>Feigenbaum<\/li><li><a href=\"https:\/\/www.flora-pharm.de\/blog\/johanniskraut-fuer-haut-und-seele\/\">Johanniskraut<\/a><\/li><li>Karotte<\/li><li>Kerbel<\/li><li>Koriander<\/li><li>Liebst\u00f6ckel<\/li><li>Pastinake<\/li><li>Petersilie<\/li><li>Riesen-B\u00e4renklau (giftig!)<\/li><li>Schafgarbe<\/li><li>Sellerie<\/li><li>Zitrusfr\u00fcchte<\/li><\/ul>\n\n\n\n<p>&nbsp;<br>&nbsp;<\/p>\n\n\n\n<p><strong><em>Sprechen Sie uns gern auf das Thema an und lassen Sie sich von uns beraten.<\/em><\/strong><\/p>\n\n\n\n<p>&nbsp;<br>&nbsp;<\/p>\n\n\n\n<div class=\"wp-block-image\"><figure class=\"aligncenter size-medium\"><img loading=\"lazy\" decoding=\"async\" width=\"225\" height=\"300\" data-attachment-id=\"6875\" data-permalink=\"https:\/\/www.flora-pharm.de\/blog\/nug-2020-05-es\/\" data-orig-file=\"https:\/\/www.flora-pharm.de\/blog\/wp-content\/uploads\/2020\/05\/naturheilkunde-und-gesundheit-cover-05-2020.jpg\" data-orig-size=\"450,600\" data-comments-opened=\"1\" data-image-meta=\"{&quot;aperture&quot;:&quot;0&quot;,&quot;credit&quot;:&quot;&quot;,&quot;camera&quot;:&quot;&quot;,&quot;caption&quot;:&quot;&quot;,&quot;created_timestamp&quot;:&quot;0&quot;,&quot;copyright&quot;:&quot;&quot;,&quot;focal_length&quot;:&quot;0&quot;,&quot;iso&quot;:&quot;0&quot;,&quot;shutter_speed&quot;:&quot;0&quot;,&quot;title&quot;:&quot;NUG-2020-05-ES&quot;,&quot;orientation&quot;:&quot;1&quot;}\" data-image-title=\"\" data-image-description=\"\" data-image-caption=\"&lt;p&gt;Text mit freundlicher Genehmigung der S &amp;#038; D Verlag GmbH. Das komplette &amp;#8222;Naturheilkunde &amp;#038; Gesundheit&amp;#8220; Heft bekommen Sie auch bei uns in der Apotheke.&lt;\/p&gt;\n\" data-large-file=\"https:\/\/www.flora-pharm.de\/blog\/wp-content\/uploads\/2020\/05\/naturheilkunde-und-gesundheit-cover-05-2020.jpg\" src=\"https:\/\/www.flora-pharm.de\/blog\/wp-content\/uploads\/2020\/05\/naturheilkunde-und-gesundheit-cover-05-2020-225x300.jpg\" alt=\"Cover n&amp;g 05\/20\" class=\"wp-image-6875\" srcset=\"https:\/\/www.flora-pharm.de\/blog\/wp-content\/uploads\/2020\/05\/naturheilkunde-und-gesundheit-cover-05-2020-225x300.jpg 225w, https:\/\/www.flora-pharm.de\/blog\/wp-content\/uploads\/2020\/05\/naturheilkunde-und-gesundheit-cover-05-2020.jpg 450w\" sizes=\"auto, (max-width: 225px) 100vw, 225px\" \/><figcaption>Text mit freundlicher Genehmigung der S &amp; D Verlag GmbH. Das komplette &#8222;Naturheilkunde &amp; Gesundheit&#8220; Heft bekommen Sie auch bei uns in der Apotheke.<\/figcaption><\/figure><\/div>\n","protected":false},"excerpt":{"rendered":"<p>Es gr\u00fcnt und bl\u00fcht. Das G\u00e4rtnerherz lacht jetzt auf, aber die Haut braucht Schutz \u2013 vor Gr\u00e4sern und vor Sonne. Haben Sie den gr\u00fcnen Daumen? Dann haben Sie das vielleicht selbst schon erlebt: Bei der Gartenarbeit an einem sonnigen Tag tauchen pl\u00f6tzlich rote Bl\u00e4schen und Pusteln auf der Haut auf. Der Ausschlag juckt und brennt [&hellip;]<\/p>\n","protected":false},"author":1,"featured_media":6883,"comment_status":"open","ping_status":"open","sticky":false,"template":"","format":"standard","meta":{"jetpack_post_was_ever_published":false,"_jetpack_newsletter_access":"","_jetpack_dont_email_post_to_subs":false,"_jetpack_newsletter_tier_id":0,"_jetpack_memberships_contains_paywalled_content":false,"_jetpack_memberships_contains_paid_content":false,"footnotes":""},"categories":[8],"tags":[663,344,422,640],"class_list":["post-6900","post","type-post","status-publish","format-standard","has-post-thumbnail","hentry","category-wissenswert","tag-gartenarbeit","tag-haut","tag-naturheilkunde-und-gesundheit","tag-photosensibilitaet","has-post-title","has-post-date","has-post-category","has-post-tag","has-post-comment","has-post-author",""],"jetpack_featured_media_url":"https:\/\/www.flora-pharm.de\/blog\/wp-content\/uploads\/2020\/05\/wiesen-dermatitis.jpg","jetpack-related-posts":[{"id":9559,"url":"https:\/\/www.flora-pharm.de\/blog\/gaertnern-macht-gluecklich\/","url_meta":{"origin":6900,"position":0},"title":"G\u00e4rtnern macht gl\u00fccklich&#8230;","author":"Flora Team","date":"11. Juni 2025","format":false,"excerpt":"G\u00e4rtnern macht gl\u00fccklich und gesund! Das ist wissenschaftlich erwiesen. Doch was genau tut uns am gr\u00fcnen Gestalten so gut?","rel":"","context":"In &quot;Wissenswert&quot;","block_context":{"text":"Wissenswert","link":"https:\/\/www.flora-pharm.de\/blog\/category\/wissenswert\/"},"img":{"alt_text":"Eine gl\u00fccklich wirkende Frau gie\u00dft Pflanzen in einem Hochbeet mit einer Gie\u00dfkanne","src":"https:\/\/i0.wp.com\/www.flora-pharm.de\/blog\/wp-content\/uploads\/2025\/05\/gaertnern-macht-gluecklich.jpg?resize=350%2C200&ssl=1","width":350,"height":200,"srcset":"https:\/\/i0.wp.com\/www.flora-pharm.de\/blog\/wp-content\/uploads\/2025\/05\/gaertnern-macht-gluecklich.jpg?resize=350%2C200&ssl=1 1x, https:\/\/i0.wp.com\/www.flora-pharm.de\/blog\/wp-content\/uploads\/2025\/05\/gaertnern-macht-gluecklich.jpg?resize=525%2C300&ssl=1 1.5x, https:\/\/i0.wp.com\/www.flora-pharm.de\/blog\/wp-content\/uploads\/2025\/05\/gaertnern-macht-gluecklich.jpg?resize=700%2C400&ssl=1 2x, https:\/\/i0.wp.com\/www.flora-pharm.de\/blog\/wp-content\/uploads\/2025\/05\/gaertnern-macht-gluecklich.jpg?resize=1050%2C600&ssl=1 3x"},"classes":[]},{"id":8769,"url":"https:\/\/www.flora-pharm.de\/blog\/hier-bluehen-sie-auf\/","url_meta":{"origin":6900,"position":1},"title":"Hier bl\u00fchen Sie auf","author":"Flora Team","date":"5. Mai 2023","format":false,"excerpt":"Graben, buddeln, s\u00e4en. Gartenarbeit erdet, macht gl\u00fccklich und gesund. Daf\u00fcr gibt es sogar gute, gr\u00fcne Gr\u00fcnde.","rel":"","context":"In &quot;Wissenswert&quot;","block_context":{"text":"Wissenswert","link":"https:\/\/www.flora-pharm.de\/blog\/category\/wissenswert\/"},"img":{"alt_text":"","src":"https:\/\/i0.wp.com\/www.flora-pharm.de\/blog\/wp-content\/uploads\/2023\/04\/gartenarbeit-aufbluehen.jpg?resize=350%2C200&ssl=1","width":350,"height":200,"srcset":"https:\/\/i0.wp.com\/www.flora-pharm.de\/blog\/wp-content\/uploads\/2023\/04\/gartenarbeit-aufbluehen.jpg?resize=350%2C200&ssl=1 1x, https:\/\/i0.wp.com\/www.flora-pharm.de\/blog\/wp-content\/uploads\/2023\/04\/gartenarbeit-aufbluehen.jpg?resize=525%2C300&ssl=1 1.5x, https:\/\/i0.wp.com\/www.flora-pharm.de\/blog\/wp-content\/uploads\/2023\/04\/gartenarbeit-aufbluehen.jpg?resize=700%2C400&ssl=1 2x, https:\/\/i0.wp.com\/www.flora-pharm.de\/blog\/wp-content\/uploads\/2023\/04\/gartenarbeit-aufbluehen.jpg?resize=1050%2C600&ssl=1 3x"},"classes":[]},{"id":7679,"url":"https:\/\/www.flora-pharm.de\/blog\/gruene-auszeit-rueckenfreundliche-gartenarbeit\/","url_meta":{"origin":6900,"position":2},"title":"Gr\u00fcne Auszeit &#8211; R\u00fcckenfreundliche Gartenarbeit","author":"Flora Team","date":"3. Mai 2021","format":false,"excerpt":"Achten Sie bei der Gartenarbeit auf Ihre Haltung und Ihre Sicherheit \u2013 damit nach der gr\u00fcnen Auszeit wirklich nur Zufriedenheit zur\u00fcckbleibt.","rel":"","context":"In &quot;Wissenswert&quot;","block_context":{"text":"Wissenswert","link":"https:\/\/www.flora-pharm.de\/blog\/category\/wissenswert\/"},"img":{"alt_text":"R\u00fcckenfreundliche Gartenarbeit","src":"https:\/\/i0.wp.com\/www.flora-pharm.de\/blog\/wp-content\/uploads\/2021\/04\/rueckenfreundliche-gartenarbeit.jpg?resize=350%2C200&ssl=1","width":350,"height":200,"srcset":"https:\/\/i0.wp.com\/www.flora-pharm.de\/blog\/wp-content\/uploads\/2021\/04\/rueckenfreundliche-gartenarbeit.jpg?resize=350%2C200&ssl=1 1x, https:\/\/i0.wp.com\/www.flora-pharm.de\/blog\/wp-content\/uploads\/2021\/04\/rueckenfreundliche-gartenarbeit.jpg?resize=525%2C300&ssl=1 1.5x, https:\/\/i0.wp.com\/www.flora-pharm.de\/blog\/wp-content\/uploads\/2021\/04\/rueckenfreundliche-gartenarbeit.jpg?resize=700%2C400&ssl=1 2x"},"classes":[]},{"id":9046,"url":"https:\/\/www.flora-pharm.de\/blog\/microgreens-kleines-gruen-ganz-gross\/","url_meta":{"origin":6900,"position":3},"title":"Microgreens &#8211; Kleines Gr\u00fcn ganz gro\u00df","author":"Flora Team","date":"15. Februar 2024","format":false,"excerpt":"Microgreens, also junge Keimlinge, verbreiten in der K\u00fcche erste Fr\u00fchlingsgef\u00fchle, stecken voller Energie und schmecken herrlich frisch","rel":"","context":"In &quot;Kr\u00e4uter &amp; Gew\u00fcrze&quot;","block_context":{"text":"Kr\u00e4uter &amp; Gew\u00fcrze","link":"https:\/\/www.flora-pharm.de\/blog\/category\/kraeuter-gewuerze\/"},"img":{"alt_text":"Microgreens, frische Sprossen, Booster in der K\u00fcche","src":"https:\/\/i0.wp.com\/www.flora-pharm.de\/blog\/wp-content\/uploads\/2024\/02\/microgreens-sprossen.jpg?resize=350%2C200&ssl=1","width":350,"height":200,"srcset":"https:\/\/i0.wp.com\/www.flora-pharm.de\/blog\/wp-content\/uploads\/2024\/02\/microgreens-sprossen.jpg?resize=350%2C200&ssl=1 1x, https:\/\/i0.wp.com\/www.flora-pharm.de\/blog\/wp-content\/uploads\/2024\/02\/microgreens-sprossen.jpg?resize=525%2C300&ssl=1 1.5x, https:\/\/i0.wp.com\/www.flora-pharm.de\/blog\/wp-content\/uploads\/2024\/02\/microgreens-sprossen.jpg?resize=700%2C400&ssl=1 2x, https:\/\/i0.wp.com\/www.flora-pharm.de\/blog\/wp-content\/uploads\/2024\/02\/microgreens-sprossen.jpg?resize=1050%2C600&ssl=1 3x"},"classes":[]},{"id":9456,"url":"https:\/\/www.flora-pharm.de\/blog\/bioindikatoren-hilfreiche-hellseher\/","url_meta":{"origin":6900,"position":4},"title":"Bioindikatoren &#8211; hilfreiche Hellseher","author":"Flora Team","date":"10. Februar 2025","format":false,"excerpt":"Ohne Moos nix los \u2013 Bioindikatoren, Zeichen der Natur: Sie verraten uns viel \u00fcber den Zustand unserer Umwelt und sie sollten beachtet werden.","rel":"","context":"In &quot;Wissenswert&quot;","block_context":{"text":"Wissenswert","link":"https:\/\/www.flora-pharm.de\/blog\/category\/wissenswert\/"},"img":{"alt_text":"Bioindikatoren - Zeichen der Natur","src":"https:\/\/i0.wp.com\/www.flora-pharm.de\/blog\/wp-content\/uploads\/2024\/08\/bioindikatoren.jpg?resize=350%2C200&ssl=1","width":350,"height":200,"srcset":"https:\/\/i0.wp.com\/www.flora-pharm.de\/blog\/wp-content\/uploads\/2024\/08\/bioindikatoren.jpg?resize=350%2C200&ssl=1 1x, https:\/\/i0.wp.com\/www.flora-pharm.de\/blog\/wp-content\/uploads\/2024\/08\/bioindikatoren.jpg?resize=525%2C300&ssl=1 1.5x, https:\/\/i0.wp.com\/www.flora-pharm.de\/blog\/wp-content\/uploads\/2024\/08\/bioindikatoren.jpg?resize=700%2C400&ssl=1 2x, https:\/\/i0.wp.com\/www.flora-pharm.de\/blog\/wp-content\/uploads\/2024\/08\/bioindikatoren.jpg?resize=1050%2C600&ssl=1 3x"},"classes":[]},{"id":8932,"url":"https:\/\/www.flora-pharm.de\/blog\/herbstlaub\/","url_meta":{"origin":6900,"position":5},"title":"Herbstlaub","author":"Flora Team","date":"14. November 2023","format":false,"excerpt":"Herbstlaub: Sie leuchten in den sch\u00f6nsten Farben und rascheln so herrlich unter den F\u00fc\u00dfen \u2013 bunte Bl\u00e4tter. Und sie sind n\u00fctzlich!","rel":"","context":"In &quot;Wissenswert&quot;","block_context":{"text":"Wissenswert","link":"https:\/\/www.flora-pharm.de\/blog\/category\/wissenswert\/"},"img":{"alt_text":"Buntes, n\u00fctzliches Herbstlaub","src":"https:\/\/i0.wp.com\/www.flora-pharm.de\/blog\/wp-content\/uploads\/2023\/10\/herbstlaub.jpg?resize=350%2C200&ssl=1","width":350,"height":200,"srcset":"https:\/\/i0.wp.com\/www.flora-pharm.de\/blog\/wp-content\/uploads\/2023\/10\/herbstlaub.jpg?resize=350%2C200&ssl=1 1x, https:\/\/i0.wp.com\/www.flora-pharm.de\/blog\/wp-content\/uploads\/2023\/10\/herbstlaub.jpg?resize=525%2C300&ssl=1 1.5x, https:\/\/i0.wp.com\/www.flora-pharm.de\/blog\/wp-content\/uploads\/2023\/10\/herbstlaub.jpg?resize=700%2C400&ssl=1 2x, https:\/\/i0.wp.com\/www.flora-pharm.de\/blog\/wp-content\/uploads\/2023\/10\/herbstlaub.jpg?resize=1050%2C600&ssl=1 3x"},"classes":[]}],"jetpack_sharing_enabled":true,"_links":{"self":[{"href":"https:\/\/www.flora-pharm.de\/blog\/wp-json\/wp\/v2\/posts\/6900","targetHints":{"allow":["GET"]}}],"collection":[{"href":"https:\/\/www.flora-pharm.de\/blog\/wp-json\/wp\/v2\/posts"}],"about":[{"href":"https:\/\/www.flora-pharm.de\/blog\/wp-json\/wp\/v2\/types\/post"}],"author":[{"embeddable":true,"href":"https:\/\/www.flora-pharm.de\/blog\/wp-json\/wp\/v2\/users\/1"}],"replies":[{"embeddable":true,"href":"https:\/\/www.flora-pharm.de\/blog\/wp-json\/wp\/v2\/comments?post=6900"}],"version-history":[{"count":5,"href":"https:\/\/www.flora-pharm.de\/blog\/wp-json\/wp\/v2\/posts\/6900\/revisions"}],"predecessor-version":[{"id":7414,"href":"https:\/\/www.flora-pharm.de\/blog\/wp-json\/wp\/v2\/posts\/6900\/revisions\/7414"}],"wp:featuredmedia":[{"embeddable":true,"href":"https:\/\/www.flora-pharm.de\/blog\/wp-json\/wp\/v2\/media\/6883"}],"wp:attachment":[{"href":"https:\/\/www.flora-pharm.de\/blog\/wp-json\/wp\/v2\/media?parent=6900"}],"wp:term":[{"taxonomy":"category","embeddable":true,"href":"https:\/\/www.flora-pharm.de\/blog\/wp-json\/wp\/v2\/categories?post=6900"},{"taxonomy":"post_tag","embeddable":true,"href":"https:\/\/www.flora-pharm.de\/blog\/wp-json\/wp\/v2\/tags?post=6900"}],"curies":[{"name":"wp","href":"https:\/\/api.w.org\/{rel}","templated":true}]}}