{"id":7102,"date":"2020-09-10T09:50:10","date_gmt":"2020-09-10T07:50:10","guid":{"rendered":"https:\/\/www.flora-pharm.de\/blog\/?p=7102"},"modified":"2020-09-10T09:56:27","modified_gmt":"2020-09-10T07:56:27","slug":"allergene-im-anflug","status":"publish","type":"post","link":"https:\/\/www.flora-pharm.de\/blog\/allergene-im-anflug\/","title":{"rendered":"Allergene im Anflug"},"content":{"rendered":"\n<p>Pollen und Insekten k\u00f6nnen Allergikern so manchen Sommertag verleiden. Dank einiger Vorsichtsma\u00dfnahmen wird der n\u00e4chste Ausflug trotzdem zum Vergn\u00fcgen.<\/p>\n\n\n\n<p>Picknick im Gr\u00fcnen, Grillen im Garten, ein Trip in die Natur \u2013 an sonnigen Tagen halten wir uns am liebsten drau\u00dfen auf. So mancher Allergiker begegnet dieser Jahreszeit jedoch mit Vorsicht, denn nicht nur das Fr\u00fchjahr ist eine unangenehme Zeit f\u00fcr Menschen mit einem \u00fcberaktiven Immunsystem. Einige Ausl\u00f6ser starten erst im Hoch- oder Sp\u00e4tsommer ihren H\u00f6henflug.<\/p>\n\n\n\n<p>Lesen Sie auch: <a href=\"https:\/\/www.flora-pharm.de\/blog\/allergie-fehldeutung-des-immunsystems\/\"><strong>Allergie \u2013 Fehldeutung des Immunsystems<\/strong><\/a><strong><\/strong><\/p>\n\n\n\n<p><em>Von Saskia Fechte<\/em><\/p>\n\n\n\n<h2 class=\"wp-block-heading\">Pollen in Hochstimmung<\/h2>\n\n\n\n<p>Mit dem August beginnt die Hauptsaison f\u00fcr besonders aggressive Allergene, die immer mehr Menschen hierzulande Beschwerden verursachen: die Samen der Beifu\u00df-Ambrosie. Das Beifu\u00dfbl\u00e4ttrige Traubenkraut, oder <a href=\"https:\/\/www.flora-pharm.de\/blog\/ambrosia-der-albtraum-fuer-allergiker\/\">Ambrosia<\/a> artemisiifolia, breitet sich aufgrund des Klimawandels zunehmend hier aus. Das macht laut Deutschem Allergie- und Asthmabund e. V. ungef\u00e4hr zehn Prozent der Bev\u00f6lkerung zu schaffen. Problematisch: Bei einer Ambrosia-Allergie reichen nur sehr wenige Pollen aus, um heftige Reaktionen hervorzurufen. Zus\u00e4tzlich steigern Schadstoffe, etwa in der Luft von Gro\u00dfst\u00e4dten, in der N\u00e4he von Autobahnen oder in <a href=\"https:\/\/www.flora-pharm.de\/blog\/laserdrucker-emissionen-gesundheitsgefahr\/\">B\u00fcros<\/a>, die reizende Wirkung der Pflanzenpollen. Aber auch andere Allergie-Ausl\u00f6ser schwirren jetzt durch die L\u00fcfte: Spitzwegerich, <a href=\"https:\/\/www.flora-pharm.de\/blog\/urtikaria-raus-aus-den-nesseln\/\">Brennnessel<\/a>, der heimische <a href=\"https:\/\/www.flora-pharm.de\/blog\/beifuss\/\">Beifu\u00df<\/a> und sp\u00e4tbl\u00fchende Gr\u00e4ser k\u00f6nnen zur Belastung an Sommertagen werden. <\/p>\n\n\n\n<h2 class=\"wp-block-heading\">Hilfe aus der Apotheke<\/h2>\n\n\n\n<p>Juckende Augen, Schnupfen und Atembeschwerden sowie Hautausschl\u00e4ge sind typische Symptome. Hiergegen helfen \u2013 au\u00dfer viel Abstand zu den Pflanzen \u2013 antiallergische Augentropfen und abschwellendes Nasenspray. Vorbeugend wirken Antihistaminika und andere rezeptfreie Anti-Allergie-Tabletten, sie mindern die Abwehrreaktionen des Immunsystems. Nach dem Aufenthalt in der Natur befreit eine Nasendusche mit Salzl\u00f6sung die gereizten Atemwege. Dampfb\u00e4der und Augenmasken mit beruhigenden Zus\u00e4tzen sind ebenfalls eine Wohltat f\u00fcr Pollenallergiker. Positiver Nebeneffekt in <a href=\"https:\/\/www.flora-pharm.de\/blog\/coronavirus-sars-cov-2-covid-19-therapie-prophylaxe-heilung-durch-sussholz\/\">Corona<\/a>-Zeiten: Ein Mund-Nasen-Schutz h\u00e4lt auch einen Teil der Pollen von den Atemwegen fern.<\/p>\n\n\n\n<h2 class=\"wp-block-heading\">Insekten unterwegs<\/h2>\n\n\n\n<p>Mit einer Allergie gegen Insektengift ist nicht zu spa\u00dfen. Schon f\u00fcr die meisten Menschen ist ein Bienen- oder Wespenstich ausgesprochen schmerzhaft. F\u00fcr knapp drei Millionen Deutsche kann solch eine Attacke gef\u00e4hrlich werden. Dann bleibt es nicht bei einer harmlosen Schwellung, denn zus\u00e4tzlich k\u00f6nnen Kreislauf oder Magen-Darm-Trakt schlagartig reagieren. \u00dcbelkeit, Erbrechen, Schwindel und Herzrasen sind h\u00e4ufige Symptome, auch Atemnot durch starke Schwellungen im Gesicht und im Rachen tritt auf. Besonders gef\u00fcrchtet ist der anaphylaktische Schock, eine Art Kreislaufkollaps, der lebensbedrohlich werden kann.<\/p>\n\n\n\n<p>Lesen Sie auch: <a href=\"https:\/\/www.flora-pharm.de\/blog\/hilfe-bei-insektenstichen\/\"><strong>Hilfe bei Insektenstichen<\/strong><\/a><strong><\/strong><\/p>\n\n\n\n<h2 class=\"wp-block-heading\">Stiche sind die Ausnahme<\/h2>\n\n\n\n<p>Bienen, Hornissen und Co. sind selten auf ein Kr\u00e4ftemessen aus. Um sie nicht zu reizen, lassen Sie die Tiere in Frieden und bleiben Sie gelassen. Platzieren Sie m\u00f6glichst wenig Speisen und Getr\u00e4nke sowie Essensreste im Freien und meiden Sie stark parf\u00fcmierte Kosmetik sowie bunt gemusterte Kleidung. Trotzdem erwischt? Nach einem Bienenstich bleibt der Stachel oft in der Haut stecken. Entfernen Sie ihn vorsichtig, ohne dabei auf die anhaftende Giftblase zu dr\u00fccken. Gegen den Schmerz und die Schwellung helfen K\u00fchlkompressen sowie Cremes, Gels oder sogenannte Stichheiler aus der Apotheke.<\/p>\n\n\n\n<h2 class=\"wp-block-heading\">Notfall-Set immer dabei<\/h2>\n\n\n\n<p>Wer allergisch auf Insektengift reagiert, muss nach einem Stich sofort handeln. Erste-Hilfe-Medikamente f\u00fcr den Ernstfall geh\u00f6ren daher zu jedem Sommerausflug dazu. Ein solches Notfall-Set enth\u00e4lt ein schnell wirkendes Antihistaminikum, eine Fertigspritze mit Adrenalin und ein Kortisonpr\u00e4parat sowie eine kurze Anleitung.<\/p>\n\n\n\n<p>Ist der Betroffene nicht mehr selbst in der Lage, sich zu behandeln, ist er n\u00e4mlich auf Hilfe angewiesen. Wer seine Begleiter \u00fcber seine Allergie und die Handhabung der Arzneimittel informiert, schafft die besten Voraussetzungen f\u00fcr den Fall der F\u00e4lle.<\/p>\n\n\n\n<p>Bei einer heftigen allergischen Reaktion und Verdacht auf einen anaphylaktischen Schock immer einen Notarzt rufen!<\/p>\n\n\n\n<div style=\"height:100px\" aria-hidden=\"true\" class=\"wp-block-spacer\"><\/div>\n\n\n\n<p><strong><em>Bei Fragen helfen wir Ihnen nat\u00fcrlich gern weiter und beraten Sie.<\/em><\/strong><\/p>\n\n\n\n<div style=\"height:100px\" aria-hidden=\"true\" class=\"wp-block-spacer\"><\/div>\n\n\n\n<div class=\"wp-block-image\"><figure class=\"aligncenter size-medium\"><img loading=\"lazy\" decoding=\"async\" width=\"225\" height=\"300\" data-attachment-id=\"7083\" data-permalink=\"https:\/\/www.flora-pharm.de\/blog\/nug-special-cover-08-2020\/\" data-orig-file=\"https:\/\/www.flora-pharm.de\/blog\/wp-content\/uploads\/2020\/08\/nug-special-cover-08-2020.jpg\" data-orig-size=\"450,600\" data-comments-opened=\"1\" data-image-meta=\"{&quot;aperture&quot;:&quot;0&quot;,&quot;credit&quot;:&quot;&quot;,&quot;camera&quot;:&quot;&quot;,&quot;caption&quot;:&quot;&quot;,&quot;created_timestamp&quot;:&quot;0&quot;,&quot;copyright&quot;:&quot;&quot;,&quot;focal_length&quot;:&quot;0&quot;,&quot;iso&quot;:&quot;0&quot;,&quot;shutter_speed&quot;:&quot;0&quot;,&quot;title&quot;:&quot;&quot;,&quot;orientation&quot;:&quot;1&quot;}\" data-image-title=\"\" data-image-description=\"\" data-image-caption=\"&lt;p&gt;Text mit freundlicher Genehmigung der S&amp;#038;D Verlag GmbH. Das komplette &amp;#8222;special&amp;#8220; bekommen Sie auch bei uns in der Apotheke als Beilage in der &amp;#8222;Naturheilkunde &amp;#038; Gesundheit&amp;#8220;.&lt;\/p&gt;\n\" data-large-file=\"https:\/\/www.flora-pharm.de\/blog\/wp-content\/uploads\/2020\/08\/nug-special-cover-08-2020.jpg\" src=\"https:\/\/www.flora-pharm.de\/blog\/wp-content\/uploads\/2020\/08\/nug-special-cover-08-2020-225x300.jpg\" alt=\"8-20 nug special cover\" class=\"wp-image-7083\" srcset=\"https:\/\/www.flora-pharm.de\/blog\/wp-content\/uploads\/2020\/08\/nug-special-cover-08-2020-225x300.jpg 225w, https:\/\/www.flora-pharm.de\/blog\/wp-content\/uploads\/2020\/08\/nug-special-cover-08-2020.jpg 450w\" sizes=\"auto, (max-width: 225px) 100vw, 225px\" \/><figcaption>Text mit freundlicher Genehmigung der S&amp;D Verlag GmbH. Das komplette &#8222;special&#8220; bekommen Sie auch bei uns in der Apotheke als Beilage in der &#8222;Naturheilkunde &amp; Gesundheit&#8220;.<\/figcaption><\/figure><\/div>\n\n\n\n<p><\/p>\n","protected":false},"excerpt":{"rendered":"<p>Pollen und Insekten k\u00f6nnen Allergikern so manchen Sommertag verleiden. Dank einiger Vorsichtsma\u00dfnahmen wird der n\u00e4chste Ausflug trotzdem zum Vergn\u00fcgen. Picknick im Gr\u00fcnen, Grillen im Garten, ein Trip in die Natur \u2013 an sonnigen Tagen halten wir uns am liebsten drau\u00dfen auf. So mancher Allergiker begegnet dieser Jahreszeit jedoch mit Vorsicht, denn nicht nur das Fr\u00fchjahr [&hellip;]<\/p>\n","protected":false},"author":1,"featured_media":7088,"comment_status":"open","ping_status":"open","sticky":false,"template":"","format":"standard","meta":{"jetpack_post_was_ever_published":false,"_jetpack_newsletter_access":"","_jetpack_dont_email_post_to_subs":false,"_jetpack_newsletter_tier_id":0,"_jetpack_memberships_contains_paywalled_content":false,"_jetpack_memberships_contains_paid_content":false,"footnotes":""},"categories":[8],"tags":[362,629,632,422],"class_list":["post-7102","post","type-post","status-publish","format-standard","has-post-thumbnail","hentry","category-wissenswert","tag-allergie","tag-ambrosia","tag-heuschnupfen","tag-naturheilkunde-und-gesundheit","has-post-title","has-post-date","has-post-category","has-post-tag","has-post-comment","has-post-author",""],"jetpack_featured_media_url":"https:\/\/www.flora-pharm.de\/blog\/wp-content\/uploads\/2020\/08\/allergene-im-anflug.jpg","jetpack-related-posts":[{"id":5906,"url":"https:\/\/www.flora-pharm.de\/blog\/bevor-die-pollen-fliegen-heuschnupfen-vorbeugen\/","url_meta":{"origin":7102,"position":0},"title":"Bevor die Pollen fliegen &#8211; Heuschnupfen vorbeugen","author":"Flora Team","date":"14. Februar 2019","format":false,"excerpt":"Immer fr\u00fcher beginnt f\u00fcr Pollenallergiker die Leidenszeit. Etwa jeder sechste Deutsche leidet unter Heuschnupfen. Welche nat\u00fcrlichen Mittel eignen sich zur Vorbeugung? \u00a0 Ein Beitrag von Saskia Fechte. \u00a0 Das Gef\u00fchl tr\u00fcgt nicht: Der Deutsche Allergie- und Asthmabund e. V. best\u00e4tigt, dass sich der Pollenflug im Lauf der letzten Jahre aufgrund\u2026","rel":"","context":"In &quot;Wissenswert&quot;","block_context":{"text":"Wissenswert","link":"https:\/\/www.flora-pharm.de\/blog\/category\/wissenswert\/"},"img":{"alt_text":"Heuschnupfen nat\u00fcrlich vorbeugen","src":"https:\/\/i0.wp.com\/www.flora-pharm.de\/blog\/wp-content\/uploads\/2019\/02\/heuschnupfen-pollenflug-vorbeugung.jpg?resize=350%2C200&ssl=1","width":350,"height":200,"srcset":"https:\/\/i0.wp.com\/www.flora-pharm.de\/blog\/wp-content\/uploads\/2019\/02\/heuschnupfen-pollenflug-vorbeugung.jpg?resize=350%2C200&ssl=1 1x, https:\/\/i0.wp.com\/www.flora-pharm.de\/blog\/wp-content\/uploads\/2019\/02\/heuschnupfen-pollenflug-vorbeugung.jpg?resize=525%2C300&ssl=1 1.5x, https:\/\/i0.wp.com\/www.flora-pharm.de\/blog\/wp-content\/uploads\/2019\/02\/heuschnupfen-pollenflug-vorbeugung.jpg?resize=700%2C400&ssl=1 2x"},"classes":[]},{"id":6825,"url":"https:\/\/www.flora-pharm.de\/blog\/adieu-allergie-mit-schuessler-salzen\/","url_meta":{"origin":7102,"position":1},"title":"Adieu, Allergie &#8211; mit Sch\u00fc\u00dfler-Salzen","author":"Flora Team","date":"16. April 2020","format":false,"excerpt":"Den Fr\u00fchling genie\u00dfen \u2013 ohne Heuschnupfen. Mit Sch\u00fc\u00dfler-Salzen kommen Sie gut durch die Pollenzeit. Alles bl\u00fcht, alles gr\u00fcnt \u2013 herrlich! Nicht f\u00fcr Heuschnupfen-Geplagte. Die Pollen der B\u00e4ume, Str\u00e4ucher und Gr\u00e4ser l\u00f6sen bei ihnen die typischen Symptome aus. Die Nase l\u00e4uft und kribbelt. St\u00e4ndige Niesattacken sind eine Qual. Die Augen sind\u2026","rel":"","context":"In &quot;Wissenswert&quot;","block_context":{"text":"Wissenswert","link":"https:\/\/www.flora-pharm.de\/blog\/category\/wissenswert\/"},"img":{"alt_text":"Adieu, Allergie - Sch\u00fc\u00dfler-Salze","src":"https:\/\/i0.wp.com\/www.flora-pharm.de\/blog\/wp-content\/uploads\/2020\/04\/allergie-schuessler-salze.jpg?resize=350%2C200&ssl=1","width":350,"height":200,"srcset":"https:\/\/i0.wp.com\/www.flora-pharm.de\/blog\/wp-content\/uploads\/2020\/04\/allergie-schuessler-salze.jpg?resize=350%2C200&ssl=1 1x, https:\/\/i0.wp.com\/www.flora-pharm.de\/blog\/wp-content\/uploads\/2020\/04\/allergie-schuessler-salze.jpg?resize=525%2C300&ssl=1 1.5x, https:\/\/i0.wp.com\/www.flora-pharm.de\/blog\/wp-content\/uploads\/2020\/04\/allergie-schuessler-salze.jpg?resize=700%2C400&ssl=1 2x"},"classes":[]},{"id":7689,"url":"https:\/\/www.flora-pharm.de\/blog\/mythencheck-die-wahrheit-ueber-heuschnupfen\/","url_meta":{"origin":7102,"position":2},"title":"Mythencheck: Die Wahrheit \u00fcber Heuschnupfen","author":"Flora Team","date":"25. Mai 2021","format":false,"excerpt":"Mythencheck Heuschnupfen: Pollen fliegen nur bei Sonnenschein. Stimmt das? Allergien entstehen nur im Kindesalter \u2013 richtig? Pusten wir Irrt\u00fcmer weg","rel":"","context":"In &quot;Wissenswert&quot;","block_context":{"text":"Wissenswert","link":"https:\/\/www.flora-pharm.de\/blog\/category\/wissenswert\/"},"img":{"alt_text":"Allergie Heuschnupfen Mythen check","src":"https:\/\/i0.wp.com\/www.flora-pharm.de\/blog\/wp-content\/uploads\/2021\/04\/heuschnupfen-mythen.jpg?resize=350%2C200&ssl=1","width":350,"height":200,"srcset":"https:\/\/i0.wp.com\/www.flora-pharm.de\/blog\/wp-content\/uploads\/2021\/04\/heuschnupfen-mythen.jpg?resize=350%2C200&ssl=1 1x, https:\/\/i0.wp.com\/www.flora-pharm.de\/blog\/wp-content\/uploads\/2021\/04\/heuschnupfen-mythen.jpg?resize=525%2C300&ssl=1 1.5x, https:\/\/i0.wp.com\/www.flora-pharm.de\/blog\/wp-content\/uploads\/2021\/04\/heuschnupfen-mythen.jpg?resize=700%2C400&ssl=1 2x"},"classes":[]},{"id":4921,"url":"https:\/\/www.flora-pharm.de\/blog\/akupunktur-bei-heuschnupfen-und-allergie\/","url_meta":{"origin":7102,"position":3},"title":"Akupunktur bei Heuschnupfen und Allergie","author":"Flora Team","date":"9. April 2018","format":false,"excerpt":"Hatschi \u2013 die Pollen sind da!F\u00fcr Heuschnupfengeplagte hat die Zeit der Niesattacken und tr\u00e4nenden Augen begonnen. Feine Nadelstiche lassen hoffen. Hat die Traditionelle Chinesische Medizin (TCM) eine Methode, die Allergikern endlich die Freude am Fr\u00fchling beschert?PS: Lesen Sie auch Heuschnupfen \u2013 Achtung Pollen! Wie funktioniert Akupunktur Akupunktur ist ein wesentlicher\u2026","rel":"","context":"In &quot;Wissenswert&quot;","block_context":{"text":"Wissenswert","link":"https:\/\/www.flora-pharm.de\/blog\/category\/wissenswert\/"},"img":{"alt_text":"Akupunktur bei Heuschnupfen und Allergie","src":"https:\/\/i0.wp.com\/www.flora-pharm.de\/blog\/wp-content\/uploads\/2018\/04\/akupunktur-heuschnupfen.jpg?resize=350%2C200&ssl=1","width":350,"height":200,"srcset":"https:\/\/i0.wp.com\/www.flora-pharm.de\/blog\/wp-content\/uploads\/2018\/04\/akupunktur-heuschnupfen.jpg?resize=350%2C200&ssl=1 1x, https:\/\/i0.wp.com\/www.flora-pharm.de\/blog\/wp-content\/uploads\/2018\/04\/akupunktur-heuschnupfen.jpg?resize=525%2C300&ssl=1 1.5x, https:\/\/i0.wp.com\/www.flora-pharm.de\/blog\/wp-content\/uploads\/2018\/04\/akupunktur-heuschnupfen.jpg?resize=700%2C400&ssl=1 2x"},"classes":[]},{"id":3953,"url":"https:\/\/www.flora-pharm.de\/blog\/heuschnupfen-achtung-pollen\/","url_meta":{"origin":7102,"position":4},"title":"Heuschnupfen &#8211; Achtung Pollen!","author":"Flora Team","date":"14. M\u00e4rz 2017","format":false,"excerpt":"Mit diesen naturheilkundlichen Tipps kommen Sie gut durch die Heuschnupfenzeit! Die ersten Bl\u00fcten sind die Vorboten des lang ersehnten Fr\u00fchlings. Doch nicht alle freuen sich dar\u00fcber. Etwa jeder f\u00fcnfte Erwachsene leidet in Deutschland unter einer Pollenallergie, im Volksmund auch Heuschnupfen genannt. Winzig kleine Pollen als Inhalationsallergene l\u00f6sen bei Betroffenen Niesreiz,\u2026","rel":"","context":"In &quot;Wissenswert&quot;","block_context":{"text":"Wissenswert","link":"https:\/\/www.flora-pharm.de\/blog\/category\/wissenswert\/"},"img":{"alt_text":"","src":"https:\/\/i0.wp.com\/www.flora-pharm.de\/blog\/wp-content\/uploads\/2017\/03\/pollen.jpg?resize=350%2C200&ssl=1","width":350,"height":200,"srcset":"https:\/\/i0.wp.com\/www.flora-pharm.de\/blog\/wp-content\/uploads\/2017\/03\/pollen.jpg?resize=350%2C200&ssl=1 1x, https:\/\/i0.wp.com\/www.flora-pharm.de\/blog\/wp-content\/uploads\/2017\/03\/pollen.jpg?resize=525%2C300&ssl=1 1.5x, https:\/\/i0.wp.com\/www.flora-pharm.de\/blog\/wp-content\/uploads\/2017\/03\/pollen.jpg?resize=700%2C400&ssl=1 2x"},"classes":[]},{"id":6521,"url":"https:\/\/www.flora-pharm.de\/blog\/allergien-auf-dem-vormarsch\/","url_meta":{"origin":7102,"position":5},"title":"Allergien auf dem Vormarsch","author":"Flora Team","date":"5. November 2019","format":false,"excerpt":"Bei immer mehr Menschen scheint das Immunsystem \u00fcberempfindlich zu reagieren. Werden die Ausl\u00f6ser aggressiver? Oder wir empfindlicher? Fakten \u00fcber allergische Erkrankungen Bei etwa 36 Prozent der Frauen und 24 Prozent der M\u00e4nner in Deutschland wird im Lauf des Lebens eine allergische Erkrankung diagnostiziert.Bei 26 Prozent der Kinder und Jugendlichen wird\u2026","rel":"","context":"In &quot;Wissenswert&quot;","block_context":{"text":"Wissenswert","link":"https:\/\/www.flora-pharm.de\/blog\/category\/wissenswert\/"},"img":{"alt_text":"Allergien auf dem Vormarsch","src":"https:\/\/i0.wp.com\/www.flora-pharm.de\/blog\/wp-content\/uploads\/2019\/10\/Allergien-auf-dem-Vormarsch.jpg?resize=350%2C200&ssl=1","width":350,"height":200,"srcset":"https:\/\/i0.wp.com\/www.flora-pharm.de\/blog\/wp-content\/uploads\/2019\/10\/Allergien-auf-dem-Vormarsch.jpg?resize=350%2C200&ssl=1 1x, https:\/\/i0.wp.com\/www.flora-pharm.de\/blog\/wp-content\/uploads\/2019\/10\/Allergien-auf-dem-Vormarsch.jpg?resize=525%2C300&ssl=1 1.5x, https:\/\/i0.wp.com\/www.flora-pharm.de\/blog\/wp-content\/uploads\/2019\/10\/Allergien-auf-dem-Vormarsch.jpg?resize=700%2C400&ssl=1 2x"},"classes":[]}],"jetpack_sharing_enabled":true,"_links":{"self":[{"href":"https:\/\/www.flora-pharm.de\/blog\/wp-json\/wp\/v2\/posts\/7102","targetHints":{"allow":["GET"]}}],"collection":[{"href":"https:\/\/www.flora-pharm.de\/blog\/wp-json\/wp\/v2\/posts"}],"about":[{"href":"https:\/\/www.flora-pharm.de\/blog\/wp-json\/wp\/v2\/types\/post"}],"author":[{"embeddable":true,"href":"https:\/\/www.flora-pharm.de\/blog\/wp-json\/wp\/v2\/users\/1"}],"replies":[{"embeddable":true,"href":"https:\/\/www.flora-pharm.de\/blog\/wp-json\/wp\/v2\/comments?post=7102"}],"version-history":[{"count":3,"href":"https:\/\/www.flora-pharm.de\/blog\/wp-json\/wp\/v2\/posts\/7102\/revisions"}],"predecessor-version":[{"id":7123,"href":"https:\/\/www.flora-pharm.de\/blog\/wp-json\/wp\/v2\/posts\/7102\/revisions\/7123"}],"wp:featuredmedia":[{"embeddable":true,"href":"https:\/\/www.flora-pharm.de\/blog\/wp-json\/wp\/v2\/media\/7088"}],"wp:attachment":[{"href":"https:\/\/www.flora-pharm.de\/blog\/wp-json\/wp\/v2\/media?parent=7102"}],"wp:term":[{"taxonomy":"category","embeddable":true,"href":"https:\/\/www.flora-pharm.de\/blog\/wp-json\/wp\/v2\/categories?post=7102"},{"taxonomy":"post_tag","embeddable":true,"href":"https:\/\/www.flora-pharm.de\/blog\/wp-json\/wp\/v2\/tags?post=7102"}],"curies":[{"name":"wp","href":"https:\/\/api.w.org\/{rel}","templated":true}]}}