{"id":7333,"date":"2020-12-24T07:00:00","date_gmt":"2020-12-24T06:00:00","guid":{"rendered":"https:\/\/www.flora-pharm.de\/blog\/?p=7333"},"modified":"2020-12-21T08:31:33","modified_gmt":"2020-12-21T07:31:33","slug":"frohe-weihnachten-2020","status":"publish","type":"post","link":"https:\/\/www.flora-pharm.de\/blog\/frohe-weihnachten-2020\/","title":{"rendered":"Frohe Weihnachten 2020"},"content":{"rendered":"\n<p>Das Team der Flora-Apotheke w\u00fcnscht Ihnen auch in Zeiten von Abstandsregelungen und geschlossenen L\u00e4den ein beschauliches Weihnachtsfest.<\/p>\n\n\n\n<p>Wir sind an den Werktagen wie gewohnt pers\u00f6nlich f\u00fcr Sie da.<\/p>\n\n\n\n<p>Und f\u00fcr die au\u00dferplanm\u00e4\u00dfigen F\u00e4lle m\u00f6chten wir auf den <a href=\"https:\/\/www.flora-pharm.de\/notdienst\/start.htm\" target=\"_blank\" rel=\"noreferrer noopener\">Apotheken Notdienst-Kalender f\u00fcr Hannover<\/a> auf unserer Website hinweisen.<\/p>\n","protected":false},"excerpt":{"rendered":"<p>Das Team der Flora-Apotheke w\u00fcnscht Ihnen auch in Zeiten von Abstandsregelungen und geschlossenen L\u00e4den ein beschauliches Weihnachtsfest. <\/p>\n","protected":false},"author":1,"featured_media":7332,"comment_status":"open","ping_status":"open","sticky":false,"template":"","format":"standard","meta":{"jetpack_post_was_ever_published":false,"_jetpack_newsletter_access":"","_jetpack_dont_email_post_to_subs":false,"_jetpack_newsletter_tier_id":0,"_jetpack_memberships_contains_paywalled_content":false,"_jetpack_memberships_contains_paid_content":false,"footnotes":""},"categories":[19],"tags":[69],"class_list":["post-7333","post","type-post","status-publish","format-standard","has-post-thumbnail","hentry","category-flora-apotheke","tag-weihnachten","has-post-title","has-post-date","has-post-category","has-post-tag","has-post-comment","has-post-author",""],"jetpack_featured_media_url":"https:\/\/www.flora-pharm.de\/blog\/wp-content\/uploads\/2020\/12\/xmas20-social.jpg","jetpack-related-posts":[{"id":3026,"url":"https:\/\/www.flora-pharm.de\/blog\/die-flora-apotheke-wuenscht-beschauliche-weihnachten-2015\/","url_meta":{"origin":7333,"position":0},"title":"Die Flora Apotheke w\u00fcnscht beschauliche Weihnachten","author":"Flora Team","date":"24. Dezember 2015","format":false,"excerpt":"Nun ist es wieder soweit, Weihnachten steht vor der T\u00fcr. Wir danken Ihnen f\u00fcr das uns \u2013 auch in den Sozialen Medien \u2013 entgegengebrachte Vertrauen. \u00a0 Das Team der Flora Apotheke w\u00fcnscht Ihnen und Ihren Lieben ein frohes und beschauliches Fest. \u00a0 Wie antworten Sie eigentlich auf die Frage, ob\u2026","rel":"","context":"In &quot;Flora Apotheke&quot;","block_context":{"text":"Flora Apotheke","link":"https:\/\/www.flora-pharm.de\/blog\/category\/flora-apotheke\/"},"img":{"alt_text":"","src":"https:\/\/i0.wp.com\/www.flora-pharm.de\/blog\/wp-content\/uploads\/2015\/12\/Flora-Weihnachtskarte-quadrat.jpg?resize=350%2C200&ssl=1","width":350,"height":200,"srcset":"https:\/\/i0.wp.com\/www.flora-pharm.de\/blog\/wp-content\/uploads\/2015\/12\/Flora-Weihnachtskarte-quadrat.jpg?resize=350%2C200&ssl=1 1x, https:\/\/i0.wp.com\/www.flora-pharm.de\/blog\/wp-content\/uploads\/2015\/12\/Flora-Weihnachtskarte-quadrat.jpg?resize=525%2C300&ssl=1 1.5x, https:\/\/i0.wp.com\/www.flora-pharm.de\/blog\/wp-content\/uploads\/2015\/12\/Flora-Weihnachtskarte-quadrat.jpg?resize=700%2C400&ssl=1 2x"},"classes":[]},{"id":3706,"url":"https:\/\/www.flora-pharm.de\/blog\/weihnachten-2016\/","url_meta":{"origin":7333,"position":1},"title":"Weihnachten 2016","author":"Flora Team","date":"24. Dezember 2016","format":false,"excerpt":"Hohoho, vor uns liegt ein langes Wochenende, voll von weihnachtlichem Zauber. Wie auch schon in den letzten Jahren m\u00f6chten wir Ihnen noch eine wundersch\u00f6ne Lekt\u00fcre ans Herz legen: Die unseres Erachtens wohl sch\u00f6nste Antwort auf die Frage ob es einen Weihnachtsmann gibt. \u00a0 Und dann haben wir auch noch ein\u2026","rel":"","context":"In &quot;Aktion&quot;","block_context":{"text":"Aktion","link":"https:\/\/www.flora-pharm.de\/blog\/category\/aktion\/"},"img":{"alt_text":"","src":"","width":0,"height":0},"classes":[]},{"id":8988,"url":"https:\/\/www.flora-pharm.de\/blog\/weihnachten-2023\/","url_meta":{"origin":7333,"position":2},"title":"Weihnachten 2023","author":"Flora Team","date":"22. Dezember 2023","format":false,"excerpt":"Team Flora w\u00fcnscht Ihnen und Ihren Lieben ein friedliches und gesundes Weihnachtsfest und -wochenende.","rel":"","context":"In &quot;Flora Apotheke&quot;","block_context":{"text":"Flora Apotheke","link":"https:\/\/www.flora-pharm.de\/blog\/category\/flora-apotheke\/"},"img":{"alt_text":"Weihnachten 2023","src":"https:\/\/i0.wp.com\/www.flora-pharm.de\/blog\/wp-content\/uploads\/2023\/12\/xmas2023-socials.jpg?resize=350%2C200&ssl=1","width":350,"height":200,"srcset":"https:\/\/i0.wp.com\/www.flora-pharm.de\/blog\/wp-content\/uploads\/2023\/12\/xmas2023-socials.jpg?resize=350%2C200&ssl=1 1x, https:\/\/i0.wp.com\/www.flora-pharm.de\/blog\/wp-content\/uploads\/2023\/12\/xmas2023-socials.jpg?resize=525%2C300&ssl=1 1.5x, https:\/\/i0.wp.com\/www.flora-pharm.de\/blog\/wp-content\/uploads\/2023\/12\/xmas2023-socials.jpg?resize=700%2C400&ssl=1 2x, https:\/\/i0.wp.com\/www.flora-pharm.de\/blog\/wp-content\/uploads\/2023\/12\/xmas2023-socials.jpg?resize=1050%2C600&ssl=1 3x"},"classes":[]},{"id":8013,"url":"https:\/\/www.flora-pharm.de\/blog\/o-tannenbaum-christbaeume-nachhaltig-kaufen\/","url_meta":{"origin":7333,"position":3},"title":"O Tannenbaum &#8211; Christb\u00e4ume nachhaltig kaufen","author":"Flora Team","date":"10. Dezember 2021","format":false,"excerpt":"Knapp 30 Millionen Weihnachtsb\u00e4ume werden j\u00e4hrlich in Deutschland verkauft. \u00d6kobilanz? Alles andere als zum Feiern. So klappt\u2019s mit dem wirklich gr\u00fcnen Baum!","rel":"","context":"In &quot;Wissenswert&quot;","block_context":{"text":"Wissenswert","link":"https:\/\/www.flora-pharm.de\/blog\/category\/wissenswert\/"},"img":{"alt_text":"O Tannenbaum, Christb\u00e4ume nachhaltig kaufen","src":"https:\/\/i0.wp.com\/www.flora-pharm.de\/blog\/wp-content\/uploads\/2021\/12\/tannenbaum-nachhaltig.jpg?resize=350%2C200&ssl=1","width":350,"height":200,"srcset":"https:\/\/i0.wp.com\/www.flora-pharm.de\/blog\/wp-content\/uploads\/2021\/12\/tannenbaum-nachhaltig.jpg?resize=350%2C200&ssl=1 1x, https:\/\/i0.wp.com\/www.flora-pharm.de\/blog\/wp-content\/uploads\/2021\/12\/tannenbaum-nachhaltig.jpg?resize=525%2C300&ssl=1 1.5x, https:\/\/i0.wp.com\/www.flora-pharm.de\/blog\/wp-content\/uploads\/2021\/12\/tannenbaum-nachhaltig.jpg?resize=700%2C400&ssl=1 2x"},"classes":[]},{"id":8011,"url":"https:\/\/www.flora-pharm.de\/blog\/notdienst-alles-schlaeft-einer-wacht\/","url_meta":{"origin":7333,"position":4},"title":"Notdienst &#8211; Alles schl\u00e4ft, Einer wacht","author":"Flora Team","date":"23. Dezember 2021","format":false,"excerpt":"Apotheken-Notdienst auch zu Weihnachten: Wenn wir Heiligabend feiern, beginnt f\u00fcr viele Apotheker im Land eine lange, arbeitsreiche Nacht.","rel":"","context":"In &quot;Wissenswert&quot;","block_context":{"text":"Wissenswert","link":"https:\/\/www.flora-pharm.de\/blog\/category\/wissenswert\/"},"img":{"alt_text":"Apotheken Notdienst - Alles schl\u00e4ft, einer wacht","src":"https:\/\/i0.wp.com\/www.flora-pharm.de\/blog\/wp-content\/uploads\/2021\/12\/notdienst-weihnachten.jpg?resize=350%2C200&ssl=1","width":350,"height":200,"srcset":"https:\/\/i0.wp.com\/www.flora-pharm.de\/blog\/wp-content\/uploads\/2021\/12\/notdienst-weihnachten.jpg?resize=350%2C200&ssl=1 1x, https:\/\/i0.wp.com\/www.flora-pharm.de\/blog\/wp-content\/uploads\/2021\/12\/notdienst-weihnachten.jpg?resize=525%2C300&ssl=1 1.5x, https:\/\/i0.wp.com\/www.flora-pharm.de\/blog\/wp-content\/uploads\/2021\/12\/notdienst-weihnachten.jpg?resize=700%2C400&ssl=1 2x"},"classes":[]},{"id":3645,"url":"https:\/\/www.flora-pharm.de\/blog\/quality-time-advent-weihnachten-wohlfuehlen-geschenke\/","url_meta":{"origin":7333,"position":5},"title":"Qualitytime: Advent &#8211; Weihnachten &#8211; Wohlf\u00fchlen","author":"Flora Team","date":"28. November 2016","format":false,"excerpt":"Wundersch\u00f6ne Adventszeit. Wir haben einen \u00dcbersichtsartikel zum Thema Weihnachten und Vorweihnachtszeit erstellt. Viel Spa\u00df beim St\u00f6bern...","rel":"","context":"In &quot;Flora Apotheke&quot;","block_context":{"text":"Flora Apotheke","link":"https:\/\/www.flora-pharm.de\/blog\/category\/flora-apotheke\/"},"img":{"alt_text":"Advent, Advent - friedliche und besinnliche Tage","src":"https:\/\/i0.wp.com\/www.flora-pharm.de\/blog\/wp-content\/uploads\/2022\/11\/adventszeit-2022.jpg?resize=350%2C200&ssl=1","width":350,"height":200,"srcset":"https:\/\/i0.wp.com\/www.flora-pharm.de\/blog\/wp-content\/uploads\/2022\/11\/adventszeit-2022.jpg?resize=350%2C200&ssl=1 1x, https:\/\/i0.wp.com\/www.flora-pharm.de\/blog\/wp-content\/uploads\/2022\/11\/adventszeit-2022.jpg?resize=525%2C300&ssl=1 1.5x, https:\/\/i0.wp.com\/www.flora-pharm.de\/blog\/wp-content\/uploads\/2022\/11\/adventszeit-2022.jpg?resize=700%2C400&ssl=1 2x, https:\/\/i0.wp.com\/www.flora-pharm.de\/blog\/wp-content\/uploads\/2022\/11\/adventszeit-2022.jpg?resize=1050%2C600&ssl=1 3x"},"classes":[]}],"jetpack_sharing_enabled":true,"_links":{"self":[{"href":"https:\/\/www.flora-pharm.de\/blog\/wp-json\/wp\/v2\/posts\/7333","targetHints":{"allow":["GET"]}}],"collection":[{"href":"https:\/\/www.flora-pharm.de\/blog\/wp-json\/wp\/v2\/posts"}],"about":[{"href":"https:\/\/www.flora-pharm.de\/blog\/wp-json\/wp\/v2\/types\/post"}],"author":[{"embeddable":true,"href":"https:\/\/www.flora-pharm.de\/blog\/wp-json\/wp\/v2\/users\/1"}],"replies":[{"embeddable":true,"href":"https:\/\/www.flora-pharm.de\/blog\/wp-json\/wp\/v2\/comments?post=7333"}],"version-history":[{"count":1,"href":"https:\/\/www.flora-pharm.de\/blog\/wp-json\/wp\/v2\/posts\/7333\/revisions"}],"predecessor-version":[{"id":7334,"href":"https:\/\/www.flora-pharm.de\/blog\/wp-json\/wp\/v2\/posts\/7333\/revisions\/7334"}],"wp:featuredmedia":[{"embeddable":true,"href":"https:\/\/www.flora-pharm.de\/blog\/wp-json\/wp\/v2\/media\/7332"}],"wp:attachment":[{"href":"https:\/\/www.flora-pharm.de\/blog\/wp-json\/wp\/v2\/media?parent=7333"}],"wp:term":[{"taxonomy":"category","embeddable":true,"href":"https:\/\/www.flora-pharm.de\/blog\/wp-json\/wp\/v2\/categories?post=7333"},{"taxonomy":"post_tag","embeddable":true,"href":"https:\/\/www.flora-pharm.de\/blog\/wp-json\/wp\/v2\/tags?post=7333"}],"curies":[{"name":"wp","href":"https:\/\/api.w.org\/{rel}","templated":true}]}}