{"id":7350,"date":"2021-01-25T09:19:00","date_gmt":"2021-01-25T08:19:00","guid":{"rendered":"https:\/\/www.flora-pharm.de\/blog\/?p=7350"},"modified":"2021-10-06T08:49:05","modified_gmt":"2021-10-06T06:49:05","slug":"meerrettich-scharfe-wurzel","status":"publish","type":"post","link":"https:\/\/www.flora-pharm.de\/blog\/meerrettich-scharfe-wurzel\/","title":{"rendered":"Meerrettich &#8211; Scharfe Wurzel"},"content":{"rendered":"\n<p><strong>Meerrettich ist die Heilpflanze des Jahres 2021.<\/strong> Die antiviralen Inhaltsstoffe haben die Jury \u00fcberzeugt.<\/p>\n\n\n\n<p>Im Salat, als Gew\u00fcrzpaste oder zur Verfeinerung von So\u00dfen. Meerrettich ist in der K\u00fcche l\u00e4ngst ein Star. Auch in der Pflanzenheilkunde ist die scharfe Wurzel kein unbeschriebenes Blatt. Dass der Verein NHV Theophrastus den Kreuzbl\u00fctler nun zur \u201e<a href=\"https:\/\/www.flora-pharm.de\/blog\/tag\/heilpflanze\/\">Heilpflanze<\/a> des Jahres 2021\u201c ernennt, hat einen aktuellen Hintergrund.<\/p>\n\n\n\n<p><em>Von Stefanie Happ<\/em><\/p>\n\n\n\n<div style=\"height:50px\" aria-hidden=\"true\" class=\"wp-block-spacer\"><\/div>\n\n\n\n<h2 class=\"wp-block-heading\">Penicillin des Gartens<\/h2>\n\n\n\n<p>Mit seinen Inhaltsstoffen wirkt Meerrettich entz\u00fcndungshemmend bei Atemwegserkrankungen und Infektionen der Harnwege. Wissenschaftliche Studien haben gezeigt: Diese heimische Heilpflanze hat zudem antibakterielle und antivirale Eigenschaften. Daher wird sie auch als \u201ePenicillin des Gartens\u201c bezeichnet. \u201eDies ist vor allem im Hinblick auf die zunehmenden Antibiotikaresistenzen richtungsweisend\u201c, sagt der Erste Vorsitzende des Vereins, Konrad Jungnickel.<\/p>\n\n\n\n<p>Lesen Sie vertiefend auch: <a href=\"https:\/\/www.flora-pharm.de\/blog\/senfoele-aus-grosser-kapuzinerkresse-und-meerrettich-ein-natuerliches-antibiotikum\/\"><strong>Senf\u00f6le aus Gro\u00dfer Kapuzinerkresse und Meerrettich, ein nat\u00fcrliches Antibiotikum<\/strong><\/a><strong><\/strong><\/p>\n\n\n\n<h2 class=\"wp-block-heading\">Gut f\u00fcrs Immunsystem<\/h2>\n\n\n\n<p>Beim Zerkleinern der Meerrettich-Wurzel werden die stark wirksamen Senf\u00f6le frei, die zum einen den scharfen Geschmack ausmachen. Zum anderen k\u00f6nnen diese Substanzen Bakterien und andere Krankheitserreger unsch\u00e4dlich machen. Weitere wichtige Inhaltsstoffe sind Vitamin C, Cumarine und Phenolcarbons\u00e4ure. Dies ist eine Kombination, die das Immunsystem anfeuert und den k\u00f6rpereigenen Abwehrzellen ordentlich einheizt. Der Heilpraktiker und Vereinsvorsitzende Konrad Jungnickel empfiehlt diese Wurzel gegen Viren: \u201eMeerrettich sollte \u2013 zumindest in der kalten Jahreszeit \u2013 Bestandteil des t\u00e4glichen Speiseplans sein.\u201c<\/p>\n\n\n\n<p>Unser befreundeter Kochblog cooking-fun.de empfiehlt, etwas frisch geriebenen Meerrettich \u00fcber eine herzhafte, selbstgekochte <a href=\"http:\/\/www.cooking-fun.de\/huhnersuppe\/\" target=\"_blank\" rel=\"noreferrer noopener\">H\u00fchnersuppe<\/a> zu geben. Aber auch pur und frisch gerieben als Fleischbeilage durchaus eine gute Idee.<\/p>\n\n\n\n<h2 class=\"wp-block-heading\">Sch\u00e4tze der Natur<\/h2>\n\n\n\n<p>Der Verein zur F\u00f6rderung der naturgem\u00e4\u00dfen Heilweise nach Theophrastus Bombastus von Hohenheim, genannt Paracelsus, k\u00fcrt bereits seit 2003 allj\u00e4hrlich die \u201eHeilpflanze des Jahres\u201c. Mit dieser Initiative m\u00f6chten Experten auf die Sch\u00e4tze der Natur aufmerksam machen. Konrad Jungnickel: \u201eMeerrettich hat als Heilpflanze ein gro\u00dfes und leider bisher zu wenig ausgesch\u00f6pftes Potenzial.\u201c Dies soll sich nun \u00e4ndern. In der Apotheke gibt es Meerrettich-Extrakte meist in Verbindung mit Kapuzinerkresse. Kombiniert helfen diese nat\u00fcrlichen Arzneimittel bei Erk\u00e4ltungskrankheiten und Blasenentz\u00fcndungen. Zur Infektabwehr gilt der Appell: \u201eEsst mehr Rettich!\u201c<\/p>\n\n\n\n<div style=\"height:100px\" aria-hidden=\"true\" class=\"wp-block-spacer\"><\/div>\n\n\n\n<p>Mehr Informationen finden Sie auf der Vereinswebsite <a href=\"https:\/\/www.nhv-theophrastus.de\/\">https:\/\/www.nhv-theophrastus.de\/<\/a><br>und <strong>nat\u00fcrlich stehen wir Ihnen gern beratend zur Seite.<\/strong><\/p>\n\n\n\n<div style=\"height:100px\" aria-hidden=\"true\" class=\"wp-block-spacer\"><\/div>\n\n\n\n<div class=\"wp-block-image\"><figure class=\"aligncenter size-medium\"><img loading=\"lazy\" decoding=\"async\" width=\"225\" height=\"300\" data-attachment-id=\"7338\" data-permalink=\"https:\/\/www.flora-pharm.de\/blog\/naturheilkunde-und-gesundheit-cover-01-2021\/\" data-orig-file=\"https:\/\/www.flora-pharm.de\/blog\/wp-content\/uploads\/2021\/01\/naturheilkunde-und-gesundheit-cover-01-2021.jpg\" data-orig-size=\"450,600\" data-comments-opened=\"1\" data-image-meta=\"{&quot;aperture&quot;:&quot;0&quot;,&quot;credit&quot;:&quot;&quot;,&quot;camera&quot;:&quot;&quot;,&quot;caption&quot;:&quot;&quot;,&quot;created_timestamp&quot;:&quot;0&quot;,&quot;copyright&quot;:&quot;&quot;,&quot;focal_length&quot;:&quot;0&quot;,&quot;iso&quot;:&quot;0&quot;,&quot;shutter_speed&quot;:&quot;0&quot;,&quot;title&quot;:&quot;&quot;,&quot;orientation&quot;:&quot;1&quot;}\" data-image-title=\"naturheilkunde-und-gesundheit-cover-01-2021\" data-image-description=\"\" data-image-caption=\"&lt;p&gt;Text mit freundlicher Genehmigung der S &amp;#038; D Verlag GmbH. Das komplette &amp;#8222;Naturheilkunde &amp;#038; Gesundheit&amp;#8220; Heft bekommen Sie auch bei uns in der Apotheke.&lt;\/p&gt;\n\" data-large-file=\"https:\/\/www.flora-pharm.de\/blog\/wp-content\/uploads\/2021\/01\/naturheilkunde-und-gesundheit-cover-01-2021.jpg\" src=\"https:\/\/www.flora-pharm.de\/blog\/wp-content\/uploads\/2021\/01\/naturheilkunde-und-gesundheit-cover-01-2021-225x300.jpg\" alt=\"naturheilkunde-und-gesundheit-cover-01-2021\" class=\"wp-image-7338\" srcset=\"https:\/\/www.flora-pharm.de\/blog\/wp-content\/uploads\/2021\/01\/naturheilkunde-und-gesundheit-cover-01-2021-225x300.jpg 225w, https:\/\/www.flora-pharm.de\/blog\/wp-content\/uploads\/2021\/01\/naturheilkunde-und-gesundheit-cover-01-2021.jpg 450w\" sizes=\"auto, (max-width: 225px) 100vw, 225px\" \/><figcaption>Text mit freundlicher Genehmigung der S &amp; D Verlag GmbH. Das komplette &#8222;Naturheilkunde &amp; Gesundheit&#8220; Heft bekommen Sie auch bei uns in der Apotheke.<\/figcaption><\/figure><\/div>\n","protected":false},"excerpt":{"rendered":"<p>Meerrettich ist die Heilpflanze des Jahres 2021. Die antiviralen Inhaltsstoffe haben die Jury \u00fcberzeugt. Im Salat, als Gew\u00fcrzpaste oder zur Verfeinerung von So\u00dfen. Meerrettich ist in der K\u00fcche l\u00e4ngst ein Star. Auch in der Pflanzenheilkunde ist die scharfe Wurzel kein unbeschriebenes Blatt. Dass der Verein NHV Theophrastus den Kreuzbl\u00fctler nun zur \u201eHeilpflanze des Jahres 2021\u201c [&hellip;]<\/p>\n","protected":false},"author":1,"featured_media":7342,"comment_status":"open","ping_status":"open","sticky":false,"template":"","format":"standard","meta":{"jetpack_post_was_ever_published":false,"_jetpack_newsletter_access":"","_jetpack_dont_email_post_to_subs":false,"_jetpack_newsletter_tier_id":0,"_jetpack_memberships_contains_paywalled_content":false,"_jetpack_memberships_contains_paid_content":false,"footnotes":""},"categories":[676,405,8],"tags":[282,303,653,422,149,431],"class_list":["post-7350","post","type-post","status-publish","format-standard","has-post-thumbnail","hentry","category-heilpflanzen-arzneipflanzen","category-kraeuter-gewuerze","category-wissenswert","tag-antibiotika","tag-heilpflanze","tag-meerrettich","tag-naturheilkunde-und-gesundheit","tag-pflanzenwirkstoffe","tag-phytotherapie","has-post-title","has-post-date","has-post-category","has-post-tag","has-post-comment","has-post-author",""],"jetpack_featured_media_url":"https:\/\/www.flora-pharm.de\/blog\/wp-content\/uploads\/2021\/01\/meerrettich-kren.jpg","jetpack-related-posts":[{"id":2956,"url":"https:\/\/www.flora-pharm.de\/blog\/senfoele-aus-grosser-kapuzinerkresse-und-meerrettich-ein-natuerliches-antibiotikum\/","url_meta":{"origin":7350,"position":0},"title":"Senf\u00f6le aus Gro\u00dfer Kapuzinerkresse und Meerrettich, ein nat\u00fcrliches Antibiotikum","author":"Flora Team","date":"3. November 2015","format":false,"excerpt":"Oftmals werden wir zu ver\u00f6ffentlichten Artikeln angesprochen und stellen fest, dass scheinbar Bedarf nach vertiefenden, erg\u00e4nzenden Informationen besteht. So war es auch mit unserem Artikel \u201eNat\u00fcrliche Antibiotika\u201c: Wir m\u00f6chten daher erg\u00e4nzend auf die Senf\u00f6le aus Kapuzinerkresse und Meerrettich eingehen. Diese finden besonders bei Erk\u00e4ltungen aber auch Blasenentz\u00fcndungen als sanfte \u201escharfe\u2026","rel":"","context":"In &quot;Heilpflanzen \/ Arzneipflanzen&quot;","block_context":{"text":"Heilpflanzen \/ Arzneipflanzen","link":"https:\/\/www.flora-pharm.de\/blog\/category\/heilpflanzen-arzneipflanzen\/"},"img":{"alt_text":"","src":"https:\/\/i0.wp.com\/www.flora-pharm.de\/blog\/wp-content\/uploads\/2015\/11\/natuerliches-antibiotikum.jpg?resize=350%2C200&ssl=1","width":350,"height":200,"srcset":"https:\/\/i0.wp.com\/www.flora-pharm.de\/blog\/wp-content\/uploads\/2015\/11\/natuerliches-antibiotikum.jpg?resize=350%2C200&ssl=1 1x, https:\/\/i0.wp.com\/www.flora-pharm.de\/blog\/wp-content\/uploads\/2015\/11\/natuerliches-antibiotikum.jpg?resize=525%2C300&ssl=1 1.5x, https:\/\/i0.wp.com\/www.flora-pharm.de\/blog\/wp-content\/uploads\/2015\/11\/natuerliches-antibiotikum.jpg?resize=700%2C400&ssl=1 2x"},"classes":[]},{"id":2903,"url":"https:\/\/www.flora-pharm.de\/blog\/gewuerze-scharf-und-gesund\/","url_meta":{"origin":7350,"position":1},"title":"Gew\u00fcrze: Scharf und gesund!","author":"Flora Team","date":"18. September 2015","format":false,"excerpt":"Chili, Ingwer und Co. sorgen f\u00fcr guten Geschmack und bringen den Organismus auf Hochtouren. Gew\u00fcrze geben nicht nur Geschmack, sondern verbessern die Haltbarkeit und Bek\u00f6mmlichkeit von Speisen und tun dem K\u00f6rper gut. Vor allem scharfe Gew\u00fcrze wie Chili, Pfeffer, Ingwer und Meerrettich regen die Speichel- und Magensaftaussch\u00fcttung an. Der Speichelfluss,\u2026","rel":"","context":"In &quot;Kr\u00e4uter &amp; Gew\u00fcrze&quot;","block_context":{"text":"Kr\u00e4uter &amp; Gew\u00fcrze","link":"https:\/\/www.flora-pharm.de\/blog\/category\/kraeuter-gewuerze\/"},"img":{"alt_text":"Linke Seite","src":"https:\/\/i0.wp.com\/www.flora-pharm.de\/blog\/wp-content\/uploads\/2015\/09\/NuG-09-2015-cover-225x300.jpg?resize=350%2C200&ssl=1","width":350,"height":200},"classes":[]},{"id":2711,"url":"https:\/\/www.flora-pharm.de\/blog\/moringa-oleifera\/","url_meta":{"origin":7350,"position":2},"title":"Moringa oleifera","author":"Flora Team","date":"5. Juni 2015","format":false,"excerpt":"Der Wunderbaum gilt als n\u00e4hrstoffreichste Pflanze und ist ein medizinisches Multitalent. Urspr\u00fcnglich stammt der Moringabaum aus Indien, dort am Fu\u00dfe des Himalajagebirges w\u00e4chst er noch heute. Inzwischen ist er in fast allen tropischen und subtropischen Regionen aller Kontinente verbreitet. In den Ursprungsl\u00e4ndern wird Moringa aufgrund seines hohen N\u00e4hrwertes und seiner\u2026","rel":"","context":"In &quot;Heilpflanzen \/ Arzneipflanzen&quot;","block_context":{"text":"Heilpflanzen \/ Arzneipflanzen","link":"https:\/\/www.flora-pharm.de\/blog\/category\/heilpflanzen-arzneipflanzen\/"},"img":{"alt_text":"NuG-05-2015-cover","src":"https:\/\/i0.wp.com\/www.flora-pharm.de\/blog\/wp-content\/uploads\/2015\/06\/NuG-05-2015-cover-225x300.jpg?resize=350%2C200&ssl=1","width":350,"height":200},"classes":[]},{"id":4794,"url":"https:\/\/www.flora-pharm.de\/blog\/blaetter-blueten-wurzeln-der-ursprung-der-medizin\/","url_meta":{"origin":7350,"position":3},"title":"Bl\u00e4tter, Bl\u00fcten, Wurzeln &#8211; Der Ursprung der Medizin","author":"Flora Team","date":"6. Februar 2018","format":false,"excerpt":"Pflanzliche Heilmittel und ihre Anwendungsgebiete sind seit Jahrhunderten \u00fcberliefert. Lange bevor biochemische Vorg\u00e4nge und Strukturformeln von Pflanzenwirkstoffen entschl\u00fcsselt wurden, bereiteten Heilkundige verschiedenster Kulturen aus der \u00bbgr\u00fcnen Apotheke Natur\u00ab wirksame Medizin zu. Ohne die wissenschaftlichen Hintergr\u00fcnde zu kennen, wussten sie, dass Kamille den Magen beruhigt und Brennnessel gegen Gliederschmerzen hilft. Selbst\u2026","rel":"","context":"In &quot;Heilpflanzen \/ Arzneipflanzen&quot;","block_context":{"text":"Heilpflanzen \/ Arzneipflanzen","link":"https:\/\/www.flora-pharm.de\/blog\/category\/heilpflanzen-arzneipflanzen\/"},"img":{"alt_text":"","src":"https:\/\/i0.wp.com\/www.flora-pharm.de\/blog\/wp-content\/uploads\/2018\/02\/blaetter-blueten-wurzeln.jpg?resize=350%2C200&ssl=1","width":350,"height":200,"srcset":"https:\/\/i0.wp.com\/www.flora-pharm.de\/blog\/wp-content\/uploads\/2018\/02\/blaetter-blueten-wurzeln.jpg?resize=350%2C200&ssl=1 1x, https:\/\/i0.wp.com\/www.flora-pharm.de\/blog\/wp-content\/uploads\/2018\/02\/blaetter-blueten-wurzeln.jpg?resize=525%2C300&ssl=1 1.5x, https:\/\/i0.wp.com\/www.flora-pharm.de\/blog\/wp-content\/uploads\/2018\/02\/blaetter-blueten-wurzeln.jpg?resize=700%2C400&ssl=1 2x"},"classes":[]},{"id":9409,"url":"https:\/\/www.flora-pharm.de\/blog\/efeu-und-mehr-heilpflanzen-fuer-die-atemwege\/","url_meta":{"origin":7350,"position":4},"title":"Efeu und mehr Heilpflanzen f\u00fcr die Atemwege","author":"Flora Team","date":"16. Januar 2025","format":false,"excerpt":"Hat es Sie bei diesem Schietwetter erwischt? Die Natur h\u00e4lt einen gro\u00dfen Strau\u00df Arzneikr\u00e4uter bereit, der Sie wirksam durch die Erk\u00e4ltungszeit bringt.","rel":"","context":"In &quot;Heilpflanzen \/ Arzneipflanzen&quot;","block_context":{"text":"Heilpflanzen \/ Arzneipflanzen","link":"https:\/\/www.flora-pharm.de\/blog\/category\/heilpflanzen-arzneipflanzen\/"},"img":{"alt_text":"efeu & weitere Heilpflanzen - atemwege","src":"https:\/\/i0.wp.com\/www.flora-pharm.de\/blog\/wp-content\/uploads\/2024\/12\/efeu.jpg?resize=350%2C200&ssl=1","width":350,"height":200,"srcset":"https:\/\/i0.wp.com\/www.flora-pharm.de\/blog\/wp-content\/uploads\/2024\/12\/efeu.jpg?resize=350%2C200&ssl=1 1x, https:\/\/i0.wp.com\/www.flora-pharm.de\/blog\/wp-content\/uploads\/2024\/12\/efeu.jpg?resize=525%2C300&ssl=1 1.5x, https:\/\/i0.wp.com\/www.flora-pharm.de\/blog\/wp-content\/uploads\/2024\/12\/efeu.jpg?resize=700%2C400&ssl=1 2x, https:\/\/i0.wp.com\/www.flora-pharm.de\/blog\/wp-content\/uploads\/2024\/12\/efeu.jpg?resize=1050%2C600&ssl=1 3x"},"classes":[]},{"id":2494,"url":"https:\/\/www.flora-pharm.de\/blog\/heil-und-arzneipflanze-des-jahres-2015-winner\/","url_meta":{"origin":7350,"position":5},"title":"Heil- und Arzneipflanze des Jahres 2015. And the winner is\u2026","author":"Flora Team","date":"25. November 2014","format":false,"excerpt":"Alle Jahre wieder kommt das Christuskind aber eben auch die Proklamation der Arzneipflanze und der Heilpflanze des Jahres. Es ist kein offizieller Titel, vielmehr haben sich hier fachkundige Initiativen etabliert, die durch die Ernennung Pflanzen aus der Masse hervorheben und auf die Bedeutung der Phytotherapie in Pharmazie und Medizin hinweisen\u2026","rel":"","context":"In &quot;Heilpflanzen \/ Arzneipflanzen&quot;","block_context":{"text":"Heilpflanzen \/ Arzneipflanzen","link":"https:\/\/www.flora-pharm.de\/blog\/category\/heilpflanzen-arzneipflanzen\/"},"img":{"alt_text":"","src":"https:\/\/i0.wp.com\/www.flora-pharm.de\/blog\/wp-content\/uploads\/2014\/11\/Heil-Arzneipflanze-des-Jahres-2015.jpg?resize=350%2C200&ssl=1","width":350,"height":200,"srcset":"https:\/\/i0.wp.com\/www.flora-pharm.de\/blog\/wp-content\/uploads\/2014\/11\/Heil-Arzneipflanze-des-Jahres-2015.jpg?resize=350%2C200&ssl=1 1x, https:\/\/i0.wp.com\/www.flora-pharm.de\/blog\/wp-content\/uploads\/2014\/11\/Heil-Arzneipflanze-des-Jahres-2015.jpg?resize=525%2C300&ssl=1 1.5x, https:\/\/i0.wp.com\/www.flora-pharm.de\/blog\/wp-content\/uploads\/2014\/11\/Heil-Arzneipflanze-des-Jahres-2015.jpg?resize=700%2C400&ssl=1 2x"},"classes":[]}],"jetpack_sharing_enabled":true,"_links":{"self":[{"href":"https:\/\/www.flora-pharm.de\/blog\/wp-json\/wp\/v2\/posts\/7350","targetHints":{"allow":["GET"]}}],"collection":[{"href":"https:\/\/www.flora-pharm.de\/blog\/wp-json\/wp\/v2\/posts"}],"about":[{"href":"https:\/\/www.flora-pharm.de\/blog\/wp-json\/wp\/v2\/types\/post"}],"author":[{"embeddable":true,"href":"https:\/\/www.flora-pharm.de\/blog\/wp-json\/wp\/v2\/users\/1"}],"replies":[{"embeddable":true,"href":"https:\/\/www.flora-pharm.de\/blog\/wp-json\/wp\/v2\/comments?post=7350"}],"version-history":[{"count":3,"href":"https:\/\/www.flora-pharm.de\/blog\/wp-json\/wp\/v2\/posts\/7350\/revisions"}],"predecessor-version":[{"id":7374,"href":"https:\/\/www.flora-pharm.de\/blog\/wp-json\/wp\/v2\/posts\/7350\/revisions\/7374"}],"wp:featuredmedia":[{"embeddable":true,"href":"https:\/\/www.flora-pharm.de\/blog\/wp-json\/wp\/v2\/media\/7342"}],"wp:attachment":[{"href":"https:\/\/www.flora-pharm.de\/blog\/wp-json\/wp\/v2\/media?parent=7350"}],"wp:term":[{"taxonomy":"category","embeddable":true,"href":"https:\/\/www.flora-pharm.de\/blog\/wp-json\/wp\/v2\/categories?post=7350"},{"taxonomy":"post_tag","embeddable":true,"href":"https:\/\/www.flora-pharm.de\/blog\/wp-json\/wp\/v2\/tags?post=7350"}],"curies":[{"name":"wp","href":"https:\/\/api.w.org\/{rel}","templated":true}]}}