{"id":7395,"date":"2021-02-04T09:44:57","date_gmt":"2021-02-04T08:44:57","guid":{"rendered":"https:\/\/www.flora-pharm.de\/blog\/?p=7395"},"modified":"2021-02-04T09:45:04","modified_gmt":"2021-02-04T08:45:04","slug":"hamamelis-die-zaubernuss","status":"publish","type":"post","link":"https:\/\/www.flora-pharm.de\/blog\/hamamelis-die-zaubernuss\/","title":{"rendered":"Hamamelis, die Zaubernuss"},"content":{"rendered":"\n<p>Der \u201eZauber\u201c im Namen verspricht viel. Und kann es auch halten. Allerdings wird die ganze Gattung Zaubernuss genannt. Zu ihr geh\u00f6ren sechs Arten, die vornehmlich in Nordamerika und Ostasien zu finden sind. Wir betrachten hier die Virginische Zaubernuss (<em>Hamamelis virginiana<\/em>), die besonders dadurch auff\u00e4llt, dass ihre zauberhaft goldgelben, fast wie zerfranst aussehenden Bl\u00fcten im Sp\u00e4therbst oder auch erst im Winter herauskommen. Dann, wenn alle anderen Bl\u00fctenpflanzen in den Winterschlaf sinken. Im restlichen Jahr \u00e4hnelt Ihr Wuchs der Haselnuss, was wohl ihre englische Bezeichnung &#8222;Witch Hazel&#8220; (Hexenhasel) begr\u00fcndet.<\/p>\n\n\n\n<div style=\"height:30px\" aria-hidden=\"true\" class=\"wp-block-spacer\"><\/div>\n\n\n\n<h2 class=\"wp-block-heading\">Phytotherapeutische Wirkungen<\/h2>\n\n\n\n<p>Pharmazeutisch kann die Pflanze zwar nicht zaubern, hat aber belegte Qualit\u00e4ten: Hamamelis-Zubereitungen aus Bl\u00e4ttern und Rinde (<em>Hamamelidis folium<\/em>, <em>Hamamelidis cortex<\/em>) wirken adstringierend, entz\u00fcndungshemmend und lokal blutungshemmend (h\u00e4mostyptisch), was sie zu Phytotherapeutika bei Haut- und H\u00e4morrhoidalbeschwerden qualifiziert.<\/p>\n\n\n\n<p>Bereits die nordamerikanischen Ureinwohner nutzten Abkochungen aus Bl\u00e4ttern und Rinde der Zaubernuss u.a. zur Behandlung von Wunden oder Entz\u00fcndungen der Haut. Die sp\u00e4ter einfallenden Siedler bemerkten ebenfalls die entz\u00fcndungshemmenden sowie zudem die blutstillenden Eigenschaften und verwendeten demzufolge getrocknete Bl\u00e4tter als Nasentamponaden, um Nasenbluten zu stoppen. Bl\u00e4tter- und Rindenabkochungen wurden auf ger\u00f6tete Hautpartien aufgebracht. In der nordamerikanischen Fachliteratur des 19.Jh wurde beschrieben, wie H\u00e4morrhoidalleiden mit Hamamelis-Abkochungen zu behandeln seien. Zu uns kam die Zaubernuss durch einen Leipziger Apotheker (Dr. Willmar Schwabe), er brachte 1878 die erste Hamamelis-haltige Salbe in den Handel (heute als Hametum\u00ae bekannt).<\/p>\n\n\n\n<div style=\"height:30px\" aria-hidden=\"true\" class=\"wp-block-spacer\"><\/div>\n\n\n\n<h2 class=\"wp-block-heading\">Verarbeitung<\/h2>\n\n\n\n<p><strong>Extrakt:<\/strong> In w\u00e4ssrigen oder ethanolisch-w\u00e4ssrigen Hamamelis-Ausz\u00fcgen sind es vor allem die Gerbstoffe, die adstringierend und blutstillend wirken.<\/p>\n\n\n\n<p><strong>Destillat:<\/strong> Das sog. \u201eHamameliswasser\u201c, also das Hamamelis-Destillat aus Bl\u00e4ttern und Zweigen, ist gerbstofffrei. Daf\u00fcr enth\u00e4lt es u.a. Alkane und andere fl\u00fcchtige Stoffe, die entz\u00fcndungshemmende, juckreizlindernde und wundheilungsf\u00f6rdernde Wirkung entwickeln.<\/p>\n\n\n\n<p>Pr\u00e4parate auf Basis der Zaubernuss sind bei H\u00e4morrhoiden in den Anfangsstadien (Grad I und II) angezeigt. Sie lindern die typischen Beschwerden dieses Leidens wie Juckreiz, Brennen und leichte Blutungen. Auch Z\u00e4pfchen oder Salben <a href=\"https:\/\/www.flora-pharm.de\/blog\/unterschiedliche-arzneiformen-wozu-und-was-ist-galenik\/\">Galenik<\/a> kommt hier zum Einsatz.<\/p>\n\n\n\n<p>Auch in der <a href=\"https:\/\/www.flora-pharm.de\/blog\/homoeopathie-ein-steckbrief\/\"><strong>Hom\u00f6opathie<\/strong><\/a> und <strong>Anthroposophie<\/strong> finden Pr\u00e4parate auf Basis der Hamamelis virginiana als H\u00e4morrhoidenmittel Verwendung.<\/p>\n\n\n\n<div style=\"height:30px\" aria-hidden=\"true\" class=\"wp-block-spacer\"><\/div>\n\n\n\n<h2 class=\"wp-block-heading\">Kosmetik<\/h2>\n\n\n\n<p>Und wenn eine Pflanze etwas kann, greift fr\u00fcher oder sp\u00e4ter nat\u00fcrlich auch die Kosmetikbranche darauf zur\u00fcck. Hamamelis-Extrakte oder -Destillate finden sich mittlerweile in zahlreichen Gesichts- und K\u00f6rperpflegemitteln, mit der Intention irritierte Haut zu beruhigen, Poren zu verfeinern oder zum Tonisieren.&nbsp;<\/p>\n\n\n\n<p>Haben Sie noch Fragen zur Zaubernuss, bzw. zu Pr\u00e4paraten, Wirkungsweisen oder Anwendungsm\u00f6glichkeiten? <\/p>\n\n\n\n<p><strong><em>Sprechen Sie uns darauf an, wir beraten Sie gern.<\/em><\/strong><\/p>\n\n\n\n<div style=\"height:100px\" aria-hidden=\"true\" class=\"wp-block-spacer\"><\/div>\n\n\n\n<p class=\"has-text-align-right\"><em>Quelle: DAZ online, 24.10.18, \u201eHamamelis \u2013 Zaubernuss wirkt bei H\u00e4morrhoiden\u201c<\/em> mit eigenen Erg\u00e4nzungen<\/p>\n","protected":false},"excerpt":{"rendered":"<p>Der \u201eZauber\u201c im Namen verspricht viel. Und kann es auch halten. Allerdings wird die ganze Gattung Zaubernuss genannt. Zu ihr geh\u00f6ren sechs Arten, die vornehmlich in Nordamerika und Ostasien zu finden sind. Wir betrachten hier die Virginische Zaubernuss (Hamamelis virginiana), die besonders dadurch auff\u00e4llt, dass ihre zauberhaft goldgelben, fast wie zerfranst aussehenden Bl\u00fcten im Sp\u00e4therbst [&hellip;]<\/p>\n","protected":false},"author":1,"featured_media":7397,"comment_status":"open","ping_status":"open","sticky":false,"template":"","format":"standard","meta":{"jetpack_post_was_ever_published":false,"_jetpack_newsletter_access":"","_jetpack_dont_email_post_to_subs":false,"_jetpack_newsletter_tier_id":0,"_jetpack_memberships_contains_paywalled_content":false,"_jetpack_memberships_contains_paid_content":false,"footnotes":""},"categories":[8],"tags":[656,149,431],"class_list":["post-7395","post","type-post","status-publish","format-standard","has-post-thumbnail","hentry","category-wissenswert","tag-haemorrhoiden","tag-pflanzenwirkstoffe","tag-phytotherapie","has-post-title","has-post-date","has-post-category","has-post-tag","has-post-comment","has-post-author",""],"jetpack_featured_media_url":"https:\/\/www.flora-pharm.de\/blog\/wp-content\/uploads\/2021\/02\/hamamelis-zaubernuss-witchhasel.jpg","jetpack-related-posts":[{"id":6895,"url":"https:\/\/www.flora-pharm.de\/blog\/akne-natuerlich-rein\/","url_meta":{"origin":7395,"position":0},"title":"Akne &#8211; Nat\u00fcrlich rein","author":"Flora Team","date":"8. Juni 2020","format":false,"excerpt":"Endlich Schluss mit Akne. Die Natur hilft dabei. Akne (Akne vulgaris) ist die mit Abstand h\u00e4ufigste Hauterkrankung bei jungen Menschen. Man sch\u00e4tzt, mehr als 80 Prozent der Jugendlichen leiden unter Pickeln, Pusteln und verstopften Poren. Die Hoffnung, dass sich dieses Problem mit den Jahren von allein l\u00f6st, erf\u00fcllt sich leider\u2026","rel":"","context":"In &quot;Wissenswert&quot;","block_context":{"text":"Wissenswert","link":"https:\/\/www.flora-pharm.de\/blog\/category\/wissenswert\/"},"img":{"alt_text":"Akne nat\u00fcrlich behandeln","src":"https:\/\/i0.wp.com\/www.flora-pharm.de\/blog\/wp-content\/uploads\/2020\/05\/natuerlich-gegen-akne.jpg?resize=350%2C200&ssl=1","width":350,"height":200,"srcset":"https:\/\/i0.wp.com\/www.flora-pharm.de\/blog\/wp-content\/uploads\/2020\/05\/natuerlich-gegen-akne.jpg?resize=350%2C200&ssl=1 1x, https:\/\/i0.wp.com\/www.flora-pharm.de\/blog\/wp-content\/uploads\/2020\/05\/natuerlich-gegen-akne.jpg?resize=525%2C300&ssl=1 1.5x, https:\/\/i0.wp.com\/www.flora-pharm.de\/blog\/wp-content\/uploads\/2020\/05\/natuerlich-gegen-akne.jpg?resize=700%2C400&ssl=1 2x"},"classes":[]},{"id":5866,"url":"https:\/\/www.flora-pharm.de\/blog\/hautpflege-fuer-die-zeichen-der-zeit\/","url_meta":{"origin":7395,"position":1},"title":"Hautpflege f\u00fcr die Zeichen der Zeit","author":"Flora Team","date":"8. Februar 2019","format":false,"excerpt":"Falten machen ein Gesicht erst sch\u00f6n. Sie sind Spuren des Lebens. Deshalb sollten wir die Zeichen der Zeit akzeptieren und unsere Sch\u00f6nheit unterstreichen mit Pflegeprodukten von A wie Aloe Vera bis Z wie Zaubernuss. \u00a0 Von Stefanie Deckers. \u00a0 Falten sind nicht gleich Falten. Deshalb sprechen wir nicht per se\u2026","rel":"","context":"In &quot;Wissenswert&quot;","block_context":{"text":"Wissenswert","link":"https:\/\/www.flora-pharm.de\/blog\/category\/wissenswert\/"},"img":{"alt_text":"Hautpflege f\u00fcr die Zeichen der Zeit","src":"https:\/\/i0.wp.com\/www.flora-pharm.de\/blog\/wp-content\/uploads\/2019\/02\/zeichen-der-zeit-hautpflege.jpg?resize=350%2C200&ssl=1","width":350,"height":200,"srcset":"https:\/\/i0.wp.com\/www.flora-pharm.de\/blog\/wp-content\/uploads\/2019\/02\/zeichen-der-zeit-hautpflege.jpg?resize=350%2C200&ssl=1 1x, https:\/\/i0.wp.com\/www.flora-pharm.de\/blog\/wp-content\/uploads\/2019\/02\/zeichen-der-zeit-hautpflege.jpg?resize=525%2C300&ssl=1 1.5x, https:\/\/i0.wp.com\/www.flora-pharm.de\/blog\/wp-content\/uploads\/2019\/02\/zeichen-der-zeit-hautpflege.jpg?resize=700%2C400&ssl=1 2x"},"classes":[]},{"id":6900,"url":"https:\/\/www.flora-pharm.de\/blog\/wiesen-dermatitis-schutz-fuer-den-gruenen-daumen\/","url_meta":{"origin":7395,"position":2},"title":"Wiesen-Dermatitis &#8211; Schutz f\u00fcr den gr\u00fcnen Daumen","author":"Flora Team","date":"25. Mai 2020","format":false,"excerpt":"Es gr\u00fcnt und bl\u00fcht. Das G\u00e4rtnerherz lacht jetzt auf, aber die Haut braucht Schutz \u2013 vor Gr\u00e4sern und vor Sonne. Haben Sie den gr\u00fcnen Daumen? Dann haben Sie das vielleicht selbst schon erlebt: Bei der Gartenarbeit an einem sonnigen Tag tauchen pl\u00f6tzlich rote Bl\u00e4schen und Pusteln auf der Haut auf.\u2026","rel":"","context":"In &quot;Wissenswert&quot;","block_context":{"text":"Wissenswert","link":"https:\/\/www.flora-pharm.de\/blog\/category\/wissenswert\/"},"img":{"alt_text":"Wiesen-Dermatitis","src":"https:\/\/i0.wp.com\/www.flora-pharm.de\/blog\/wp-content\/uploads\/2020\/05\/wiesen-dermatitis.jpg?resize=350%2C200&ssl=1","width":350,"height":200,"srcset":"https:\/\/i0.wp.com\/www.flora-pharm.de\/blog\/wp-content\/uploads\/2020\/05\/wiesen-dermatitis.jpg?resize=350%2C200&ssl=1 1x, https:\/\/i0.wp.com\/www.flora-pharm.de\/blog\/wp-content\/uploads\/2020\/05\/wiesen-dermatitis.jpg?resize=525%2C300&ssl=1 1.5x, https:\/\/i0.wp.com\/www.flora-pharm.de\/blog\/wp-content\/uploads\/2020\/05\/wiesen-dermatitis.jpg?resize=700%2C400&ssl=1 2x"},"classes":[]},{"id":8404,"url":"https:\/\/www.flora-pharm.de\/blog\/was-braucht-die-maennerhaut\/","url_meta":{"origin":7395,"position":3},"title":"Was braucht die M\u00e4nnerhaut","author":"Flora Team","date":"18. Oktober 2022","format":false,"excerpt":"Hautpflege ist Frauensache? Liebe M\u00e4nner, so einfach ist das nicht. Auch wenn M\u00e4nnerhaut einige Vorteile gegen\u00fcber den Damen bietet","rel":"","context":"In &quot;Wissenswert&quot;","block_context":{"text":"Wissenswert","link":"https:\/\/www.flora-pharm.de\/blog\/category\/wissenswert\/"},"img":{"alt_text":"maennerhaut","src":"https:\/\/i0.wp.com\/www.flora-pharm.de\/blog\/wp-content\/uploads\/2022\/09\/maennerhaut.jpg?resize=350%2C200&ssl=1","width":350,"height":200,"srcset":"https:\/\/i0.wp.com\/www.flora-pharm.de\/blog\/wp-content\/uploads\/2022\/09\/maennerhaut.jpg?resize=350%2C200&ssl=1 1x, https:\/\/i0.wp.com\/www.flora-pharm.de\/blog\/wp-content\/uploads\/2022\/09\/maennerhaut.jpg?resize=525%2C300&ssl=1 1.5x, https:\/\/i0.wp.com\/www.flora-pharm.de\/blog\/wp-content\/uploads\/2022\/09\/maennerhaut.jpg?resize=700%2C400&ssl=1 2x, https:\/\/i0.wp.com\/www.flora-pharm.de\/blog\/wp-content\/uploads\/2022\/09\/maennerhaut.jpg?resize=1050%2C600&ssl=1 3x"},"classes":[]},{"id":6666,"url":"https:\/\/www.flora-pharm.de\/blog\/gepflegt-durch-den-winter\/","url_meta":{"origin":7395,"position":4},"title":"Gepflegt durch den Winter","author":"Flora Team","date":"20. Januar 2020","format":false,"excerpt":"Balsam, Butter und \u00d6l. Was Haut und Haare bei Minusgraden dringend brauchen. Drau\u00dfen weht ein eisiger Wind, drinnen flirrt die trockene Heizungsluft. F\u00fcr Haut und Haare sind die winterlichen Bedingungen der pure Stress. Sie werden trocken und spr\u00f6de. Das liegt daran, dass die Talgdr\u00fcsen in der Haut ihre Arbeit drastisch\u2026","rel":"","context":"In &quot;Wissenswert&quot;","block_context":{"text":"Wissenswert","link":"https:\/\/www.flora-pharm.de\/blog\/category\/wissenswert\/"},"img":{"alt_text":"gepflegt durch den winter","src":"https:\/\/i0.wp.com\/www.flora-pharm.de\/blog\/wp-content\/uploads\/2020\/01\/gepflegt-durch-den-winter.jpg?resize=350%2C200&ssl=1","width":350,"height":200,"srcset":"https:\/\/i0.wp.com\/www.flora-pharm.de\/blog\/wp-content\/uploads\/2020\/01\/gepflegt-durch-den-winter.jpg?resize=350%2C200&ssl=1 1x, https:\/\/i0.wp.com\/www.flora-pharm.de\/blog\/wp-content\/uploads\/2020\/01\/gepflegt-durch-den-winter.jpg?resize=525%2C300&ssl=1 1.5x, https:\/\/i0.wp.com\/www.flora-pharm.de\/blog\/wp-content\/uploads\/2020\/01\/gepflegt-durch-den-winter.jpg?resize=700%2C400&ssl=1 2x"},"classes":[]},{"id":11864,"url":"https:\/\/www.flora-pharm.de\/blog\/nuesse-knackig-kernig-koestlich\/","url_meta":{"origin":7395,"position":5},"title":"N\u00fcsse &#8211; Knackig, kernig, k\u00f6stlich","author":"Flora Team","date":"8. Dezember 2025","format":false,"excerpt":"N\u00fcsse begleiten uns durch den Advent. Sie geh\u00f6ren zu Weihnachten und eine Handvoll ist sogar gesund. PS: Botanisch sind nicht alle N\u00fcsse N\u00fcsse\u2026","rel":"","context":"In &quot;Wissenswert&quot;","block_context":{"text":"Wissenswert","link":"https:\/\/www.flora-pharm.de\/blog\/category\/wissenswert\/"},"img":{"alt_text":"Knackige, kernige N\u00fcsse. Im Bild sind verschiedene Sorten zu sehen. Der Text \"Alles N\u00fcsse, oder was?\" deutet darauf hin, dass manche N\u00fcsse botanisch gar keine sind.","src":"https:\/\/i0.wp.com\/www.flora-pharm.de\/blog\/wp-content\/uploads\/2025\/11\/nuesse-kernig-knackig.jpg?resize=350%2C200&ssl=1","width":350,"height":200,"srcset":"https:\/\/i0.wp.com\/www.flora-pharm.de\/blog\/wp-content\/uploads\/2025\/11\/nuesse-kernig-knackig.jpg?resize=350%2C200&ssl=1 1x, https:\/\/i0.wp.com\/www.flora-pharm.de\/blog\/wp-content\/uploads\/2025\/11\/nuesse-kernig-knackig.jpg?resize=525%2C300&ssl=1 1.5x, https:\/\/i0.wp.com\/www.flora-pharm.de\/blog\/wp-content\/uploads\/2025\/11\/nuesse-kernig-knackig.jpg?resize=700%2C400&ssl=1 2x, https:\/\/i0.wp.com\/www.flora-pharm.de\/blog\/wp-content\/uploads\/2025\/11\/nuesse-kernig-knackig.jpg?resize=1050%2C600&ssl=1 3x"},"classes":[]}],"jetpack_sharing_enabled":true,"_links":{"self":[{"href":"https:\/\/www.flora-pharm.de\/blog\/wp-json\/wp\/v2\/posts\/7395","targetHints":{"allow":["GET"]}}],"collection":[{"href":"https:\/\/www.flora-pharm.de\/blog\/wp-json\/wp\/v2\/posts"}],"about":[{"href":"https:\/\/www.flora-pharm.de\/blog\/wp-json\/wp\/v2\/types\/post"}],"author":[{"embeddable":true,"href":"https:\/\/www.flora-pharm.de\/blog\/wp-json\/wp\/v2\/users\/1"}],"replies":[{"embeddable":true,"href":"https:\/\/www.flora-pharm.de\/blog\/wp-json\/wp\/v2\/comments?post=7395"}],"version-history":[{"count":1,"href":"https:\/\/www.flora-pharm.de\/blog\/wp-json\/wp\/v2\/posts\/7395\/revisions"}],"predecessor-version":[{"id":7398,"href":"https:\/\/www.flora-pharm.de\/blog\/wp-json\/wp\/v2\/posts\/7395\/revisions\/7398"}],"wp:featuredmedia":[{"embeddable":true,"href":"https:\/\/www.flora-pharm.de\/blog\/wp-json\/wp\/v2\/media\/7397"}],"wp:attachment":[{"href":"https:\/\/www.flora-pharm.de\/blog\/wp-json\/wp\/v2\/media?parent=7395"}],"wp:term":[{"taxonomy":"category","embeddable":true,"href":"https:\/\/www.flora-pharm.de\/blog\/wp-json\/wp\/v2\/categories?post=7395"},{"taxonomy":"post_tag","embeddable":true,"href":"https:\/\/www.flora-pharm.de\/blog\/wp-json\/wp\/v2\/tags?post=7395"}],"curies":[{"name":"wp","href":"https:\/\/api.w.org\/{rel}","templated":true}]}}