{"id":7399,"date":"2021-02-11T09:24:54","date_gmt":"2021-02-11T08:24:54","guid":{"rendered":"https:\/\/www.flora-pharm.de\/blog\/?p=7399"},"modified":"2021-02-11T09:24:58","modified_gmt":"2021-02-11T08:24:58","slug":"gut-geoelt","status":"publish","type":"post","link":"https:\/\/www.flora-pharm.de\/blog\/gut-geoelt\/","title":{"rendered":"Gut ge\u00f6lt"},"content":{"rendered":"\n<p>Was die Haut auf der Schwelle vom Winter in den Fr\u00fchling braucht, sind Gesichts\u00f6le aus der Apotheke, wei\u00df <em>Stefanie Happ<\/em>.<\/p>\n\n\n\n<p>Fast geschafft! Der Winter neigt sich dem Ende zu. Auf der Haut hat er jedoch seine Spuren hinterlassen. Trockenheitsf\u00e4ltchen, R\u00f6tungen, kleine Pickelchen und Bl\u00e4sse sollen verschwunden sein, wenn der Fr\u00fchling bald Einzug h\u00e4lt. Beim Wechsel von der kalten in die warme Jahreszeit braucht die Haut Unterst\u00fctzung. Mit Gesichts\u00f6len aus der Apotheke schaffen Sie (fast) jedes winterliche Hautproblem aus der Welt.<\/p>\n\n\n\n<p>Weitere Pflege- sowie Wohlf\u00fchltipps und mehr rund um den Winter finden Sie auch hier im Blog unter dem <a href=\"https:\/\/www.flora-pharm.de\/blog\/tag\/winter\/\">Schlagwort WINTER<\/a>.<\/p>\n\n\n\n<h1 class=\"wp-block-heading\">Trockene Haut<\/h1>\n\n\n\n<p>Drau\u00dfen eisiger Wind, innen warme Heizungsluft. Winterliche Bedingungen mit starken Temperaturschwankungen sind Strapazen f\u00fcr die Haut. Sie f\u00fchlt sich trocken an, spannt und legt sich in Knitterf\u00e4ltchen. SOS-Hilfe bieten Gesichts\u00f6le mit nat\u00fcrlichen Wirkstoffen, die den Feuchtigkeitshaushalt der Haut zur\u00fcck ins Gleichgewicht bringen. Gut geeignet ist kalt gepresstes Aprikosenkern\u00f6l. Mit seinem hohen Anteil an unges\u00e4ttigten Fetts\u00e4uren st\u00e4rkt es die Hautbarriere und hilft, Feuchtigkeit zu speichern. S\u00fc\u00dfes Mandel\u00f6l hat reichlich N\u00e4hrstoffe, vor allem Vitamin E, das die Haut weich und geschmeidig macht. Ideal f\u00fcr reife Haut, die zu Falten neigt, ist das Nachtkerzen\u00f6l. Es enth\u00e4lt wertvolle Gamma-Linolens\u00e4uren, die hauterneuernd wirken, f\u00fcr Elastizit\u00e4t sorgen und einen gewissen Jungbrunnen- Effekt haben.<\/p>\n\n\n\n<h1 class=\"wp-block-heading\">Empfindliche Haut<\/h1>\n\n\n\n<p>Rissig, rau und leicht ger\u00f6tet? Sieht so die Haut im Winter aus, dann hat sie sich rauschfreies Hanfsamen\u00f6l verdient. Mit seinen vielen N\u00e4hrstoffen wirkt es entz\u00fcndungshemmend und wundheilend zugleich. Auch bei Neurodermitis und anderen Hauterkrankungen kann es eine gute Unterst\u00fctzung sein. Der Duft von dunklem Hanfsamen\u00f6l ist gew\u00f6hnungsbed\u00fcrftig. Daher der Tipp: mit s\u00fc\u00dfem Mandel\u00f6l mischen und abends vor dem Schlafengehen in kleiner Menge auftragen. Der Klassiker f\u00fcr die empfindliche Haut ist Ringelblumen\u00f6l. Es hat antibakterielle Eigenschaften, f\u00f6rdert die Regeneration und ist dabei besonders mild.<\/p>\n\n\n\n<h1 class=\"wp-block-heading\">Unreine Haut<\/h1>\n\n\n\n<p>Gesichts\u00f6l bei fettiger Haut und Pickeln? Blo\u00df nicht, denken viele. Doch es kommt auf das richtige Produkt an. Argan\u00f6l fettet nicht. Es reguliert die Talgproduktion und suggeriert der Haut, weniger Fett zu produzieren. Beim Einmassieren dringen die Inhaltsstoffe tief ein und wirken wie ein Entz\u00fcndungsblocker von innen. Das Hautbild wird feiner, Unreinheiten verschwinden nach und nach. Auf \u00e4hnliche Weise wirkt naturbelassenes Traubenkern\u00f6l. Dies ist ein leichtes \u00d6l, das schnell einzieht. Es befreit die Poren von Schmutz, hemmt Bakterien und lindert Verhornungen. Ideal f\u00fcr Mischhaut und bei Akne.<\/p>\n\n\n\n<h1 class=\"wp-block-heading\">Rosiger Teint<\/h1>\n\n\n\n<p>Weg mit der Winterbl\u00e4sse. Her mit der Fr\u00fchlingsfrische. F\u00fcr einen rosigen Teint sorgt das vielseitige Hagebuttenkern\u00f6l aus der Hundsrose. Man nennt es auch Wildrosen\u00f6l. Es ist reich an Vitaminen und an Lycopin. Dieser Stoff geh\u00f6rt zu den Carotinoiden und ist ein Pflanzenfarbstoff mit zellsch\u00fctzenden Eigenschaften. Mit seinem N\u00e4hrstoff-Cocktail bringt Hagebuttenkern\u00f6l fahle Haut zum Strahlen und hellt gleichzeitig Verf\u00e4rbungen und Altersflecken auf. Weil es Falten optisch gl\u00e4tten kann, dabei Feuchtigkeit schenkt und die Poren reinigt, gilt es als Allroundtalent mit Anti-Aging- Potenzial. Das Gesicht wirkt ebenm\u00e4\u00dfiger und j\u00fcnger. Morgens und abends nach der Reinigung erst mit erfrischendem Rosenwasser befeuchten, dann wenige Tropfen Hagebuttenkern\u00f6l auf Wangen, Kinn und Stirn massieren \u2013 so kommt der gew\u00fcnschte Glow zustande und der Fr\u00fchling kann kommen.<\/p>\n\n\n\n<div style=\"height:100px\" aria-hidden=\"true\" class=\"wp-block-spacer\"><\/div>\n\n\n\n<p><em>Nutzen Sie auch die Suchfunktion des Blogs f\u00fcr weitere Informationen oder sprechen Sie uns gern auf das Thema an und lassen Sie sich von uns ganz individuell beraten.<\/em><\/p>\n\n\n\n<div style=\"height:100px\" aria-hidden=\"true\" class=\"wp-block-spacer\"><\/div>\n\n\n\n<div class=\"wp-block-image\"><figure class=\"aligncenter size-medium\"><img loading=\"lazy\" decoding=\"async\" width=\"225\" height=\"300\" data-attachment-id=\"7388\" data-permalink=\"https:\/\/www.flora-pharm.de\/blog\/naturheilkunde-und-gesundheit-cover-02-2021\/\" data-orig-file=\"https:\/\/www.flora-pharm.de\/blog\/wp-content\/uploads\/2021\/02\/naturheilkunde-und-gesundheit-cover-02-2021.jpg\" data-orig-size=\"450,600\" data-comments-opened=\"1\" data-image-meta=\"{&quot;aperture&quot;:&quot;0&quot;,&quot;credit&quot;:&quot;&quot;,&quot;camera&quot;:&quot;&quot;,&quot;caption&quot;:&quot;&quot;,&quot;created_timestamp&quot;:&quot;0&quot;,&quot;copyright&quot;:&quot;&quot;,&quot;focal_length&quot;:&quot;0&quot;,&quot;iso&quot;:&quot;0&quot;,&quot;shutter_speed&quot;:&quot;0&quot;,&quot;title&quot;:&quot;&quot;,&quot;orientation&quot;:&quot;1&quot;}\" data-image-title=\"\" data-image-description=\"\" data-image-caption=\"&lt;p&gt;Text mit freundlicher Genehmigung der S &amp;#038; D Verlag GmbH. Das komplette &amp;#8222;Naturheilkunde &amp;#038; Gesundheit&amp;#8220; Heft bekommen Sie auch bei uns in der Apotheke.&lt;\/p&gt;\n\" data-large-file=\"https:\/\/www.flora-pharm.de\/blog\/wp-content\/uploads\/2021\/02\/naturheilkunde-und-gesundheit-cover-02-2021.jpg\" src=\"https:\/\/www.flora-pharm.de\/blog\/wp-content\/uploads\/2021\/02\/naturheilkunde-und-gesundheit-cover-02-2021-225x300.jpg\" alt=\"Naturheilkunde &amp; Gesundheit Cover 2\/21\" class=\"wp-image-7388\" srcset=\"https:\/\/www.flora-pharm.de\/blog\/wp-content\/uploads\/2021\/02\/naturheilkunde-und-gesundheit-cover-02-2021-225x300.jpg 225w, https:\/\/www.flora-pharm.de\/blog\/wp-content\/uploads\/2021\/02\/naturheilkunde-und-gesundheit-cover-02-2021.jpg 450w\" sizes=\"auto, (max-width: 225px) 100vw, 225px\" \/><figcaption>Text mit freundlicher Genehmigung der S &amp; D Verlag GmbH. Das komplette &#8222;Naturheilkunde &amp; Gesundheit&#8220; Heft bekommen Sie auch bei uns in der Apotheke.<\/figcaption><\/figure><\/div>\n\n\n\n<p><\/p>\n","protected":false},"excerpt":{"rendered":"<p>Was die Haut auf der Schwelle vom Winter in den Fr\u00fchling braucht, sind Gesichts\u00f6le aus der Apotheke, wei\u00df Stefanie Happ. Fast geschafft! Der Winter neigt sich dem Ende zu. Auf der Haut hat er jedoch seine Spuren hinterlassen. Trockenheitsf\u00e4ltchen, R\u00f6tungen, kleine Pickelchen und Bl\u00e4sse sollen verschwunden sein, wenn der Fr\u00fchling bald Einzug h\u00e4lt. Beim Wechsel [&hellip;]<\/p>\n","protected":false},"author":1,"featured_media":7390,"comment_status":"open","ping_status":"open","sticky":false,"template":"","format":"standard","meta":{"jetpack_post_was_ever_published":false,"_jetpack_newsletter_access":"","_jetpack_dont_email_post_to_subs":false,"_jetpack_newsletter_tier_id":0,"_jetpack_memberships_contains_paywalled_content":false,"_jetpack_memberships_contains_paid_content":false,"footnotes":""},"categories":[8],"tags":[344,26,422,24],"class_list":["post-7399","post","type-post","status-publish","format-standard","has-post-thumbnail","hentry","category-wissenswert","tag-haut","tag-koerperpflege","tag-naturheilkunde-und-gesundheit","tag-winter","has-post-title","has-post-date","has-post-category","has-post-tag","has-post-comment","has-post-author",""],"jetpack_featured_media_url":"https:\/\/www.flora-pharm.de\/blog\/wp-content\/uploads\/2021\/02\/koerperpflege-oel.jpg","jetpack-related-posts":[{"id":8147,"url":"https:\/\/www.flora-pharm.de\/blog\/frisch-in-den-fruehling\/","url_meta":{"origin":7399,"position":0},"title":"Frisch in den Fr\u00fchling","author":"Flora Team","date":"8. M\u00e4rz 2022","format":false,"excerpt":"Winter ade! Wenn die Natur zu neuem Leben erwacht, sollten wir auch unsere Haut in Fr\u00fchlingsstimmung bringen \u2013 von Kopf bis Fu\u00df","rel":"","context":"In &quot;Wissenswert&quot;","block_context":{"text":"Wissenswert","link":"https:\/\/www.flora-pharm.de\/blog\/category\/wissenswert\/"},"img":{"alt_text":"Frisch in den Fr\u00fchling","src":"https:\/\/i0.wp.com\/www.flora-pharm.de\/blog\/wp-content\/uploads\/2022\/03\/frisch-in-den-fruehling.jpg?resize=350%2C200&ssl=1","width":350,"height":200,"srcset":"https:\/\/i0.wp.com\/www.flora-pharm.de\/blog\/wp-content\/uploads\/2022\/03\/frisch-in-den-fruehling.jpg?resize=350%2C200&ssl=1 1x, https:\/\/i0.wp.com\/www.flora-pharm.de\/blog\/wp-content\/uploads\/2022\/03\/frisch-in-den-fruehling.jpg?resize=525%2C300&ssl=1 1.5x, https:\/\/i0.wp.com\/www.flora-pharm.de\/blog\/wp-content\/uploads\/2022\/03\/frisch-in-den-fruehling.jpg?resize=700%2C400&ssl=1 2x"},"classes":[]},{"id":4902,"url":"https:\/\/www.flora-pharm.de\/blog\/fruehlingsfrisch-von-kopf-bis-fuss\/","url_meta":{"origin":7399,"position":1},"title":"Fr\u00fchlingsfrisch von Kopf bis Fu\u00df","author":"Flora Team","date":"29. M\u00e4rz 2018","format":false,"excerpt":"Die Natur erwacht zu neuem Leben. Mit dem Wechsel der Jahreszeiten ver\u00e4ndern sich auch die Bed\u00fcrfnisse unserer Haut. Der optimale Zeitpunkt f\u00fcr eine Fr\u00fchjahrskur ist genau jetzt. \u00a0 Der lange Winter hat deutliche Spuren hinterlassen. Kalte Luft drau\u00dfen und trockene Heizungsluft innen haben der Haut Fett und Feuchtigkeit entzogen. Falten\u2026","rel":"","context":"In &quot;Wissenswert&quot;","block_context":{"text":"Wissenswert","link":"https:\/\/www.flora-pharm.de\/blog\/category\/wissenswert\/"},"img":{"alt_text":"Pflege zum Fr\u00fchling - Haut zeigen","src":"https:\/\/i0.wp.com\/www.flora-pharm.de\/blog\/wp-content\/uploads\/2018\/03\/fruehlingsfrisch.jpg?resize=350%2C200&ssl=1","width":350,"height":200,"srcset":"https:\/\/i0.wp.com\/www.flora-pharm.de\/blog\/wp-content\/uploads\/2018\/03\/fruehlingsfrisch.jpg?resize=350%2C200&ssl=1 1x, https:\/\/i0.wp.com\/www.flora-pharm.de\/blog\/wp-content\/uploads\/2018\/03\/fruehlingsfrisch.jpg?resize=525%2C300&ssl=1 1.5x, https:\/\/i0.wp.com\/www.flora-pharm.de\/blog\/wp-content\/uploads\/2018\/03\/fruehlingsfrisch.jpg?resize=700%2C400&ssl=1 2x"},"classes":[]},{"id":6666,"url":"https:\/\/www.flora-pharm.de\/blog\/gepflegt-durch-den-winter\/","url_meta":{"origin":7399,"position":2},"title":"Gepflegt durch den Winter","author":"Flora Team","date":"20. Januar 2020","format":false,"excerpt":"Balsam, Butter und \u00d6l. Was Haut und Haare bei Minusgraden dringend brauchen. Drau\u00dfen weht ein eisiger Wind, drinnen flirrt die trockene Heizungsluft. F\u00fcr Haut und Haare sind die winterlichen Bedingungen der pure Stress. Sie werden trocken und spr\u00f6de. Das liegt daran, dass die Talgdr\u00fcsen in der Haut ihre Arbeit drastisch\u2026","rel":"","context":"In &quot;Wissenswert&quot;","block_context":{"text":"Wissenswert","link":"https:\/\/www.flora-pharm.de\/blog\/category\/wissenswert\/"},"img":{"alt_text":"gepflegt durch den winter","src":"https:\/\/i0.wp.com\/www.flora-pharm.de\/blog\/wp-content\/uploads\/2020\/01\/gepflegt-durch-den-winter.jpg?resize=350%2C200&ssl=1","width":350,"height":200,"srcset":"https:\/\/i0.wp.com\/www.flora-pharm.de\/blog\/wp-content\/uploads\/2020\/01\/gepflegt-durch-den-winter.jpg?resize=350%2C200&ssl=1 1x, https:\/\/i0.wp.com\/www.flora-pharm.de\/blog\/wp-content\/uploads\/2020\/01\/gepflegt-durch-den-winter.jpg?resize=525%2C300&ssl=1 1.5x, https:\/\/i0.wp.com\/www.flora-pharm.de\/blog\/wp-content\/uploads\/2020\/01\/gepflegt-durch-den-winter.jpg?resize=700%2C400&ssl=1 2x"},"classes":[]},{"id":4669,"url":"https:\/\/www.flora-pharm.de\/blog\/haut-winterpflege\/","url_meta":{"origin":7399,"position":3},"title":"Haut Winterpflege","author":"Flora Team","date":"5. Dezember 2017","format":false,"excerpt":"Was braucht meine Haut jetzt? Eisiger Wind drau\u00dfen, trockene Heizungsluft drinnen: Zu dieser Jahreszeit w\u00fcnscht sich unsere Haut etwas Unterst\u00fctzung. Normalerweise h\u00e4lt unsere angeborene Schutzh\u00fclle durch einen eigenen Fettfilm ihre Feuchtigkeit aufrecht und schirmt \u00e4u\u00dfere Einfl\u00fcsse gut ab. Halten wir uns jedoch dauerhaft in einer Umgebung mit geringer Luftfeuchte auf\u2026","rel":"","context":"In &quot;Wissenswert&quot;","block_context":{"text":"Wissenswert","link":"https:\/\/www.flora-pharm.de\/blog\/category\/wissenswert\/"},"img":{"alt_text":"Haut Winter Pflege","src":"https:\/\/i0.wp.com\/www.flora-pharm.de\/blog\/wp-content\/uploads\/2017\/12\/haut-winter.jpg?resize=350%2C200&ssl=1","width":350,"height":200,"srcset":"https:\/\/i0.wp.com\/www.flora-pharm.de\/blog\/wp-content\/uploads\/2017\/12\/haut-winter.jpg?resize=350%2C200&ssl=1 1x, https:\/\/i0.wp.com\/www.flora-pharm.de\/blog\/wp-content\/uploads\/2017\/12\/haut-winter.jpg?resize=525%2C300&ssl=1 1.5x, https:\/\/i0.wp.com\/www.flora-pharm.de\/blog\/wp-content\/uploads\/2017\/12\/haut-winter.jpg?resize=700%2C400&ssl=1 2x"},"classes":[]},{"id":7313,"url":"https:\/\/www.flora-pharm.de\/blog\/im-kaeltestress-typische-winter-hautprobleme\/","url_meta":{"origin":7399,"position":4},"title":"Im K\u00e4ltestress \u2013 typische Winter-Hautprobleme","author":"Flora Team","date":"11. Januar 2021","format":false,"excerpt":"Trotz guter Haut-Pflege spannt und juckt es? Wir verraten Ihnen, wie Sie typische Winter-Hautprobleme in den Griff bekommen.","rel":"","context":"In &quot;Wissenswert&quot;","block_context":{"text":"Wissenswert","link":"https:\/\/www.flora-pharm.de\/blog\/category\/wissenswert\/"},"img":{"alt_text":"K\u00e4ltestress, typische Winter-Hautprobleme","src":"https:\/\/i0.wp.com\/www.flora-pharm.de\/blog\/wp-content\/uploads\/1607\/86\/kaeltestress-haut-winter.jpg?resize=350%2C200&ssl=1","width":350,"height":200,"srcset":"https:\/\/i0.wp.com\/www.flora-pharm.de\/blog\/wp-content\/uploads\/1607\/86\/kaeltestress-haut-winter.jpg?resize=350%2C200&ssl=1 1x, https:\/\/i0.wp.com\/www.flora-pharm.de\/blog\/wp-content\/uploads\/1607\/86\/kaeltestress-haut-winter.jpg?resize=525%2C300&ssl=1 1.5x, https:\/\/i0.wp.com\/www.flora-pharm.de\/blog\/wp-content\/uploads\/1607\/86\/kaeltestress-haut-winter.jpg?resize=700%2C400&ssl=1 2x"},"classes":[]},{"id":7311,"url":"https:\/\/www.flora-pharm.de\/blog\/glanzvoll-durch-den-winter\/","url_meta":{"origin":7399,"position":5},"title":"Glanzvoll durch den Winter","author":"Flora Team","date":"18. Januar 2021","format":false,"excerpt":"Fliegende Haare, gespaltene Spitzen, juckende Kopfhaut. Die kalte Jahreszeit geht auch an der pr\u00e4chtigsten L\u00f6wenm\u00e4hne nicht spurlos vor\u00fcber\u2026","rel":"","context":"In &quot;Wissenswert&quot;","block_context":{"text":"Wissenswert","link":"https:\/\/www.flora-pharm.de\/blog\/category\/wissenswert\/"},"img":{"alt_text":"Haarpflege im Winter","src":"https:\/\/i0.wp.com\/www.flora-pharm.de\/blog\/wp-content\/uploads\/1607\/86\/haare-glanzvoll-durch-den-winter.jpg?resize=350%2C200&ssl=1","width":350,"height":200,"srcset":"https:\/\/i0.wp.com\/www.flora-pharm.de\/blog\/wp-content\/uploads\/1607\/86\/haare-glanzvoll-durch-den-winter.jpg?resize=350%2C200&ssl=1 1x, https:\/\/i0.wp.com\/www.flora-pharm.de\/blog\/wp-content\/uploads\/1607\/86\/haare-glanzvoll-durch-den-winter.jpg?resize=525%2C300&ssl=1 1.5x, https:\/\/i0.wp.com\/www.flora-pharm.de\/blog\/wp-content\/uploads\/1607\/86\/haare-glanzvoll-durch-den-winter.jpg?resize=700%2C400&ssl=1 2x"},"classes":[]}],"jetpack_sharing_enabled":true,"_links":{"self":[{"href":"https:\/\/www.flora-pharm.de\/blog\/wp-json\/wp\/v2\/posts\/7399","targetHints":{"allow":["GET"]}}],"collection":[{"href":"https:\/\/www.flora-pharm.de\/blog\/wp-json\/wp\/v2\/posts"}],"about":[{"href":"https:\/\/www.flora-pharm.de\/blog\/wp-json\/wp\/v2\/types\/post"}],"author":[{"embeddable":true,"href":"https:\/\/www.flora-pharm.de\/blog\/wp-json\/wp\/v2\/users\/1"}],"replies":[{"embeddable":true,"href":"https:\/\/www.flora-pharm.de\/blog\/wp-json\/wp\/v2\/comments?post=7399"}],"version-history":[{"count":2,"href":"https:\/\/www.flora-pharm.de\/blog\/wp-json\/wp\/v2\/posts\/7399\/revisions"}],"predecessor-version":[{"id":7434,"href":"https:\/\/www.flora-pharm.de\/blog\/wp-json\/wp\/v2\/posts\/7399\/revisions\/7434"}],"wp:featuredmedia":[{"embeddable":true,"href":"https:\/\/www.flora-pharm.de\/blog\/wp-json\/wp\/v2\/media\/7390"}],"wp:attachment":[{"href":"https:\/\/www.flora-pharm.de\/blog\/wp-json\/wp\/v2\/media?parent=7399"}],"wp:term":[{"taxonomy":"category","embeddable":true,"href":"https:\/\/www.flora-pharm.de\/blog\/wp-json\/wp\/v2\/categories?post=7399"},{"taxonomy":"post_tag","embeddable":true,"href":"https:\/\/www.flora-pharm.de\/blog\/wp-json\/wp\/v2\/tags?post=7399"}],"curies":[{"name":"wp","href":"https:\/\/api.w.org\/{rel}","templated":true}]}}