{"id":7468,"date":"2021-02-23T09:29:33","date_gmt":"2021-02-23T08:29:33","guid":{"rendered":"https:\/\/www.flora-pharm.de\/blog\/?p=7468"},"modified":"2021-06-25T08:42:22","modified_gmt":"2021-06-25T06:42:22","slug":"radtour-apotheke","status":"publish","type":"post","link":"https:\/\/www.flora-pharm.de\/blog\/radtour-apotheke\/","title":{"rendered":"Radtour-Apotheke"},"content":{"rendered":"\n<p>Endlich, den Schnee haben wir hinter uns gelassen und die ersten warmen Sonnentage machen Lust auf Fahrradfahren. Und Fahrradfahren ist gesund, richtig gesund. Es hat positive Wirkungen auf Herz, Durchblutung, Blutdruck, Lunge, Kondition, Atemmuskulatur, Gehirnfunktion, Gleichgewichtssinn und viele mehr. Dazu ist Radfahren auch noch verh\u00e4ltnism\u00e4\u00dfig gelenkschonend. Ach ja, letztlich ist man auch noch an der frischen Luft und tankt ein wenig Sonne f\u00fcr den <a href=\"https:\/\/www.flora-pharm.de\/blog\/tag\/vitamin-d\/\">Vitamin D<\/a> Haushalt (<a href=\"https:\/\/www.flora-pharm.de\/blog\/die-natur-haelt-fit\/\">Die Natur h\u00e4lt fit<\/a>). Okay, das wissen wir ja alles schon. Was aber gilt es vor einer Radrunde zu beachten?<\/p>\n\n\n\n<p>Egal ob im Alltag, auf einem Ausflug oder gar einem Radurlaub, die Herausforderung lautet: kleines Gep\u00e4ck, wenig Gewicht aber notwendige Versorgung.<\/p>\n\n\n\n<p>Ein erster Ansatz ist der Blick auf Dauer und Strecke. Geht es nur zum Einkaufszentrum drei Stra\u00dfenecken weiter, braucht man kein Flickzeug oder gar eine Tour-Apotheke mitzuschleppen, da das Rad notfalls auch in heimische Gefilde zur\u00fcckgeschoben werden kann. Bei einem Tagesausflug durch die W\u00e4lder kann es mit der Versorgungslage schon ganz anders aussehen. Was macht man dort bei einem platten Reifen, einer gerissenen Kette, einem gel\u00f6sten Schutzblech oder gar bei einem heftigeren Sturz?<\/p>\n\n\n\n<p>Tja, w\u00e4hrend die einen gar nicht erst daran denken vorzusorgen, r\u00fcsten sich die anderen f\u00fcr alle Eventualit\u00e4ten. Hier kommen sicherlich Risikobereitschaft und Erfahrungswerte hinzu. Wir m\u00f6chten Ihnen hier ein paar Anregungen geben, um f\u00fcr sich die passende Ausr\u00fcstung zusammenzustellen. Wenn Sie gerade erst in das Radfahren einsteigen, sprechen Sie auch einfach mit anderen Radlern, in aller Regel hilft man sich gern gegenseitig weiter.<\/p>\n\n\n\n<div style=\"height:50px\" aria-hidden=\"true\" class=\"wp-block-spacer\"><\/div>\n\n\n\n<h1 class=\"wp-block-heading\">Immer dabei<\/h1>\n\n\n\n<p>F\u00fcr jede auch noch so kurze Strecke ist es wichtig, das Fahrrad auf <strong>Verkehrstauglichkeit<\/strong> gecheckt zu haben. Ist genug Luft auf den Reifen, funktioniert das Licht und die Klingel? Derzeit sollte auch immer eine OP oder FFP2 <strong>Maske<\/strong> und eventuell ein Desinfektionsmittel mitgef\u00fchrt werden. Zudem m\u00f6chten wir das Tragen eines <strong>Helms<\/strong> anraten, denn egal wie sicher Sie auf dem Fahrrad unterwegs sind, Sie sind nicht allein und ein Sturz durch Fremdeinwirkung kann gerade im Stadtverkehr schnell geschehen. Als Utensilien sind sonst ein <strong>Schloss<\/strong> und eventuell eine <strong>Luftpumpe<\/strong> ganz sinnvoll. <strong>Taschent\u00fccher<\/strong> sind immer gut. F\u00fcr die Nase, die H\u00e4nde oder wenn doch eine Fliege ins Auge fliegt.<\/p>\n\n\n\n<div style=\"height:50px\" aria-hidden=\"true\" class=\"wp-block-spacer\"><\/div>\n\n\n\n<h1 class=\"wp-block-heading\">Der kleine Ausflug<\/h1>\n\n\n\n<p><strong>Geld:<\/strong> Stellen Sie sich vor, Sie bleiben irgendwo auf Ihrer Tour liegen. Wie k\u00f6nnen Sie wieder zur\u00fcck kommen? Notfalls sollten Sie immer ein wenig Geld dabei haben f\u00fcr ein Zugticket oder ein Taxi. Auch ein Getr\u00e4nk, ein Snack oder die Einkehr in eine Restauration wollen bezahlt werden.<\/p>\n\n\n\n<p><strong>Werkzeug:<\/strong> Je nach L\u00e4nge des Ausflugs sollten Sie an Flickzeug oder besser einen Ersatzschlauch (geht schneller) und geeignetes Werkzeug sowie eine gute Luftpumpe denken. Und k\u00f6nnen Sie es anwenden? Haben Sie alle Komponenten dabei? Wenn Sie z.B. heftig Offroad unterwegs sind und einen Kettennieter mitf\u00fchren, brauchen Sie zur Kettenreparatur auch einen zu Ihrer Kette passenden Kettennietstift.<\/p>\n\n\n\n<p><strong>Technik:<\/strong> Laden Sie externe Ansteck-Lampen vor der Fahrt voll auf. Wenn Sie das Handy zur Navigation nutzen, kann der Akku schnell leer werden, daher ist ggf. eine aufgeladene, ausreichend dimensionierte Powerbank mit passendem Ladekabel sinnvoll. E-Bike Besitzer sollten je nach Tourl\u00e4nge und geplanten Stopps an Ladekabel denken und ggf. im Vorfeld nach Ladem\u00f6glichkeiten auf der Tour suchen. Installieren Sie sich eventuell auch eine Pannenhilfe-App und ggf. eine Erste-Hilfe-Anleitungs-App f\u00fcr unvorhergesehene Situationen.<\/p>\n\n\n\n<p><strong>Versorgung:<\/strong> Insbesondere bei steigenden Temperaturen ausreichend <a href=\"https:\/\/www.flora-pharm.de\/blog\/wasser-ist-lebenswichtig\/\">Wasser<\/a> trinken und am besten eine volle Trinkflasche mitf\u00fchren. Ebenso leichte Snacks f\u00fcr zwischendurch. Sind sie extrem-sportlich unterwegs, so sind hier entsprechend hochwertige Nahrungskomponenten angesagt.<\/p>\n\n\n\n<p><strong>Kleidung:<\/strong> Wetterfeste, bequeme und leichte Kleidung. Eventuell \u2013 je nach Wetterlage &#8211; in einer Satteltasche leichte Regenschutzkleidung oder eine w\u00e4rmende Zwischenschicht mitnehmen. Sie sollten weder frieren noch durchn\u00e4ssen. Das Zwiebelschichtprinzip ist ideal und modular anwendbar. Zudem ist eine Sonnenbrille bestens geeignet, die Augen nicht nur vor Sonneneinstrahlung, sondern auch vor tieffliegenden Insekten zu sch\u00fctzen.<\/p>\n\n\n\n<p><strong>Apotheke:<\/strong> Sie kennen sich und wissen um Ihre gesundheitliche Situation. Denken Sie insbesondere bei l\u00e4ngeren Touren an notwendige <strong>Dauermedikationen<\/strong>. Als <strong>Diabetiker<\/strong> sollten Sie ggf. Insulin mitf\u00fchren, als <strong>Allergiker<\/strong> entsprechende Medikamente oder gar Notfallsets. Blasen- und <strong>Wundpflaster<\/strong> bis hin zu Kompressen und Verband, abh\u00e4ngig davon, ob Sie einmal um den Stadtteich radeln oder mit Salti eine Downhillstrecke zwischen B\u00e4umen runterschie\u00dfen. F\u00fcr extremere Touren sind eventuell sogar <strong>Schmerzmedikamente<\/strong> und ein k\u00fchlendes Schmerzgel sinnvoll. F\u00fcr alle Radfahrer gilt insbesondere bei starkem Sonnenschein an den <strong>Sonnenschutz<\/strong> zu denken, zu schnell f\u00e4ngt man sich einen <a href=\"https:\/\/www.flora-pharm.de\/blog\/sonne-geniessen-ohne-sonnenbrand\/\">Sonnenbrand<\/a> ein. Abh\u00e4ngig von Witterung und geplanter Route eventuell noch Mittelchen gegen <strong>Insektenstiche <\/strong>bzw. zu deren nachtr\u00e4glicher Versorgung und eine Pinzette oder besser noch eine <strong>Zeckenkarte<\/strong> zum Entfernen dieser <a href=\"https:\/\/www.flora-pharm.de\/blog\/zecken-hannover-eilenriede\/\">Plagegeister<\/a>.<\/p>\n\n\n\n<p>Wenn Sie mit <strong>Kindern<\/strong> unterwegs sind&#8230; aber das m\u00fcssen wir Ihnen ja nicht erz\u00e4hlen\u2026<\/p>\n\n\n\n<div style=\"height:50px\" aria-hidden=\"true\" class=\"wp-block-spacer\"><\/div>\n\n\n\n<h1 class=\"wp-block-heading\">Der gr\u00f6\u00dfere Ausflug<\/h1>\n\n\n\n<p>Es gelten \u2013 entsprechend dimensioniert \u2013 die oben genannten Empfehlungen, jedoch kann die <strong>Ausweitung der Tour-Apotheke<\/strong> sinnvoll werden: Desinfektionsmittel, Medikamente gegen Magen-Darm-Beschwerden, Utensilien zur Wundversorgung, Verbandsmaterial, fiebersenkende Mittel, Schmerzmittel, M\u00fccken- und Insektenspray, Nasenspray, Mittel gegen Halsschmerzen etc.<\/p>\n\n\n\n<p>Hinzu kommen ggf. Zelt, Schlafsack, Handt\u00fccher, Nachtw\u00e4sche, Zahn-\/K\u00f6rperpflege, Waschmittel, Reisedokumente etc.<\/p>\n\n\n\n<p>Umso wichtiger ist die Ausstattung mit Ihren Basismedikamenten, wenn die Radtour ins <strong>Ausland<\/strong> geht und\/oder fern ab von Nachschub-Versorgungsstellen verl\u00e4uft. Lesen Sie auch weitere <a href=\"https:\/\/www.flora-pharm.de\/blog\/tag\/reise\/\">Artikel zum Thema Reisen<\/a> hier im Blog.<\/p>\n\n\n\n<div style=\"height:50px\" aria-hidden=\"true\" class=\"wp-block-spacer\"><\/div>\n\n\n\n<p>Wie gesagt, die Balance zwischen \u201eGewicht einsparen\u201c und \u201eVersorgung sicherstellen\u201c obliegt ganz Ihnen und wir wollen nur ein paar Ideen geben. Zudem ist die Bandbreite von \u201eRadfahren\u201c ja auch riesig. Der eine radelt um den Block oder zur Arbeit, der n\u00e4chste spurtet auf der Landstra\u00dfe im Peloton, wieder einer macht lange Radwanderungen und ein anderer macht Kunstspr\u00fcnge w\u00e4hrend noch einer downhill den Berg runderfliegt. Auch die Dauer unterscheidet sich von ein paar Minuten zur Arbeit \u00fcber die Tagestour bis zum Urlaub. Letztlich bleibt auch die Frage, ob Kinder mitfahren. Da kann es einfach keine generellen Empfehlungen geben.<\/p>\n\n\n\n<p><strong><em>Wir w\u00fcnschen Ihnen auf jeden Fall eine sch\u00f6ne und pannen- sowie unfallfreie Fahrradsaison. Wenn wir Ihnen die Tour-Apotheke<\/em><\/strong> <strong><em>auff\u00fcllen sollen oder Sie weitere Fragen haben, sprechen Sie uns einfach an. Wir beraten Sie gern.<\/em><\/strong><\/p>\n\n\n\n<p>Was darf bei Ihnen auf keiner Tour fehlen? Haben wir etwas vergessen zu erw\u00e4hnen? Nutzen Sie auch gern die Kommentarfunktion.<\/p>\n","protected":false},"excerpt":{"rendered":"<p>Endlich, den Schnee haben wir hinter uns gelassen und die ersten warmen Sonnentage machen Lust auf Fahrradfahren. Und Fahrradfahren ist gesund, richtig gesund. Es hat positive Wirkungen auf Herz, Durchblutung, Blutdruck, Lunge, Kondition, Atemmuskulatur, Gehirnfunktion, Gleichgewichtssinn und viele mehr. Dazu ist Radfahren auch noch verh\u00e4ltnism\u00e4\u00dfig gelenkschonend. Ach ja, letztlich ist man auch noch an der [&hellip;]<\/p>\n","protected":false},"author":1,"featured_media":7467,"comment_status":"open","ping_status":"open","sticky":false,"template":"","format":"standard","meta":{"jetpack_post_was_ever_published":false,"_jetpack_newsletter_access":"","_jetpack_dont_email_post_to_subs":false,"_jetpack_newsletter_tier_id":0,"_jetpack_memberships_contains_paywalled_content":false,"_jetpack_memberships_contains_paid_content":false,"footnotes":""},"categories":[19,8],"tags":[658,669,189,205,240],"class_list":["post-7468","post","type-post","status-publish","format-standard","has-post-thumbnail","hentry","category-flora-apotheke","category-wissenswert","tag-fahrrad","tag-handy","tag-reise","tag-sonne","tag-sport","has-post-title","has-post-date","has-post-category","has-post-tag","has-post-comment","has-post-author",""],"jetpack_featured_media_url":"https:\/\/www.flora-pharm.de\/blog\/wp-content\/uploads\/2021\/02\/rad-tour-apotheke.jpg","jetpack-related-posts":[{"id":4607,"url":"https:\/\/www.flora-pharm.de\/blog\/copd-ganzheitlich-behandeln-hilfe-fuer-die-lunge\/","url_meta":{"origin":7468,"position":0},"title":"COPD ganzheitlich behandeln &#8211; Hilfe f\u00fcr die Lunge","author":"Flora Team","date":"14. November 2017","format":false,"excerpt":"Der typische COPD-Erkrankte ist Ende 40 und seit Jahren starker Raucher. Morgens hustet er Schleim ins Waschbecken und beim Treppensteigen ist er schnell au\u00dfer Atem. Im Anfangsstadium wird COPD oft als \u201eRaucherlunge\u201c verharmlost. In Wirklichkeit verbirgt sich hinter diesen vier Buchstaben eine schwere Erkrankung der Atemwege, die unbehandelt voranschreitet, bis\u2026","rel":"","context":"In &quot;Heilpflanzen \/ Arzneipflanzen&quot;","block_context":{"text":"Heilpflanzen \/ Arzneipflanzen","link":"https:\/\/www.flora-pharm.de\/blog\/category\/heilpflanzen-arzneipflanzen\/"},"img":{"alt_text":"Raucherlunge COPD","src":"https:\/\/i0.wp.com\/www.flora-pharm.de\/blog\/wp-content\/uploads\/2017\/11\/copd-raucherlunge.jpg?resize=350%2C200&ssl=1","width":350,"height":200,"srcset":"https:\/\/i0.wp.com\/www.flora-pharm.de\/blog\/wp-content\/uploads\/2017\/11\/copd-raucherlunge.jpg?resize=350%2C200&ssl=1 1x, https:\/\/i0.wp.com\/www.flora-pharm.de\/blog\/wp-content\/uploads\/2017\/11\/copd-raucherlunge.jpg?resize=525%2C300&ssl=1 1.5x, https:\/\/i0.wp.com\/www.flora-pharm.de\/blog\/wp-content\/uploads\/2017\/11\/copd-raucherlunge.jpg?resize=700%2C400&ssl=1 2x"},"classes":[]},{"id":8374,"url":"https:\/\/www.flora-pharm.de\/blog\/leichte-beine-im-sommer\/","url_meta":{"origin":7468,"position":1},"title":"Leichte Beine im Sommer","author":"Flora Team","date":"9. August 2022","format":false,"excerpt":"Bei hohen Temperaturen haben besonders Frauen mit geschwollenen Kn\u00f6cheln und Schmerzen in Waden und Co. zu k\u00e4mpfen. Ein paar Tipps\u2026","rel":"","context":"In &quot;Wissenswert&quot;","block_context":{"text":"Wissenswert","link":"https:\/\/www.flora-pharm.de\/blog\/category\/wissenswert\/"},"img":{"alt_text":"leichte beine im sommer","src":"https:\/\/i0.wp.com\/www.flora-pharm.de\/blog\/wp-content\/uploads\/2022\/08\/leichte-beine-im-sommer.jpg?resize=350%2C200&ssl=1","width":350,"height":200,"srcset":"https:\/\/i0.wp.com\/www.flora-pharm.de\/blog\/wp-content\/uploads\/2022\/08\/leichte-beine-im-sommer.jpg?resize=350%2C200&ssl=1 1x, https:\/\/i0.wp.com\/www.flora-pharm.de\/blog\/wp-content\/uploads\/2022\/08\/leichte-beine-im-sommer.jpg?resize=525%2C300&ssl=1 1.5x, https:\/\/i0.wp.com\/www.flora-pharm.de\/blog\/wp-content\/uploads\/2022\/08\/leichte-beine-im-sommer.jpg?resize=700%2C400&ssl=1 2x, https:\/\/i0.wp.com\/www.flora-pharm.de\/blog\/wp-content\/uploads\/2022\/08\/leichte-beine-im-sommer.jpg?resize=1050%2C600&ssl=1 3x"},"classes":[]},{"id":7105,"url":"https:\/\/www.flora-pharm.de\/blog\/fuer-starke-herzen-weissdorn-und-co\/","url_meta":{"origin":7468,"position":2},"title":"F\u00fcr starke Herzen (Wei\u00dfdorn und Co.)","author":"Flora Team","date":"21. September 2020","format":false,"excerpt":"Hand aufs Herz: Tragen wir nicht alle ab und zu das Herz auf der Zunge? Wenn uns etwas sehr ans Herz geht, sch\u00fctten wir es aus oder geben dem Herzen einen Ruck. Redewendungen wie diese zeigen, dass uns Herzenssachen tief ber\u00fchren. Gro\u00dfe Gef\u00fchle k\u00f6nnen bewirken, dass uns das Herz bis\u2026","rel":"","context":"In &quot;Wissenswert&quot;","block_context":{"text":"Wissenswert","link":"https:\/\/www.flora-pharm.de\/blog\/category\/wissenswert\/"},"img":{"alt_text":"Weissdorn f\u00fcrs Herz","src":"https:\/\/i0.wp.com\/www.flora-pharm.de\/blog\/wp-content\/uploads\/2020\/08\/weissdorn-herz.jpg?resize=350%2C200&ssl=1","width":350,"height":200,"srcset":"https:\/\/i0.wp.com\/www.flora-pharm.de\/blog\/wp-content\/uploads\/2020\/08\/weissdorn-herz.jpg?resize=350%2C200&ssl=1 1x, https:\/\/i0.wp.com\/www.flora-pharm.de\/blog\/wp-content\/uploads\/2020\/08\/weissdorn-herz.jpg?resize=525%2C300&ssl=1 1.5x, https:\/\/i0.wp.com\/www.flora-pharm.de\/blog\/wp-content\/uploads\/2020\/08\/weissdorn-herz.jpg?resize=700%2C400&ssl=1 2x"},"classes":[]},{"id":9413,"url":"https:\/\/www.flora-pharm.de\/blog\/mein-oeko-jahr\/","url_meta":{"origin":7468,"position":3},"title":"Mein \u00d6ko-Jahr","author":"Flora Team","date":"17. Februar 2025","format":false,"excerpt":"Aktiv zum Klima- und Artenschutz beitragen, nachhaltig denken und naturverbunden handeln. Monats-\u00d6ko-Etappen f\u00fcr ein ganzes Jahr.","rel":"","context":"In &quot;Wissenswert&quot;","block_context":{"text":"Wissenswert","link":"https:\/\/www.flora-pharm.de\/blog\/category\/wissenswert\/"},"img":{"alt_text":"mein \u00f6ko-jahr","src":"https:\/\/i0.wp.com\/www.flora-pharm.de\/blog\/wp-content\/uploads\/2024\/12\/mein-oeko-jahr.jpg?resize=350%2C200&ssl=1","width":350,"height":200,"srcset":"https:\/\/i0.wp.com\/www.flora-pharm.de\/blog\/wp-content\/uploads\/2024\/12\/mein-oeko-jahr.jpg?resize=350%2C200&ssl=1 1x, https:\/\/i0.wp.com\/www.flora-pharm.de\/blog\/wp-content\/uploads\/2024\/12\/mein-oeko-jahr.jpg?resize=525%2C300&ssl=1 1.5x, https:\/\/i0.wp.com\/www.flora-pharm.de\/blog\/wp-content\/uploads\/2024\/12\/mein-oeko-jahr.jpg?resize=700%2C400&ssl=1 2x, https:\/\/i0.wp.com\/www.flora-pharm.de\/blog\/wp-content\/uploads\/2024\/12\/mein-oeko-jahr.jpg?resize=1050%2C600&ssl=1 3x"},"classes":[]},{"id":8270,"url":"https:\/\/www.flora-pharm.de\/blog\/fitnesscenter-forst\/","url_meta":{"origin":7468,"position":4},"title":"Fitnesscenter Forst","author":"Flora Team","date":"27. Juni 2022","format":false,"excerpt":"Sport im Wald - in der Natur die Ausdauer verbessern, die Muckis kr\u00e4ftigen und \u00fcberfl\u00fcssigen Pfunden nachhaltig zu Leibe r\u00fccken.","rel":"","context":"In &quot;Wissenswert&quot;","block_context":{"text":"Wissenswert","link":"https:\/\/www.flora-pharm.de\/blog\/category\/wissenswert\/"},"img":{"alt_text":"Fitnesscenter Wald","src":"https:\/\/i0.wp.com\/www.flora-pharm.de\/blog\/wp-content\/uploads\/2022\/06\/fitnesscenter-forst.jpg?resize=350%2C200&ssl=1","width":350,"height":200,"srcset":"https:\/\/i0.wp.com\/www.flora-pharm.de\/blog\/wp-content\/uploads\/2022\/06\/fitnesscenter-forst.jpg?resize=350%2C200&ssl=1 1x, https:\/\/i0.wp.com\/www.flora-pharm.de\/blog\/wp-content\/uploads\/2022\/06\/fitnesscenter-forst.jpg?resize=525%2C300&ssl=1 1.5x, https:\/\/i0.wp.com\/www.flora-pharm.de\/blog\/wp-content\/uploads\/2022\/06\/fitnesscenter-forst.jpg?resize=700%2C400&ssl=1 2x"},"classes":[]},{"id":4820,"url":"https:\/\/www.flora-pharm.de\/blog\/fibromyalgie-ein-schmerz-mit-1000-gesichtern\/","url_meta":{"origin":7468,"position":5},"title":"Fibromyalgie &#8211; Ein Schmerz mit 1000 Gesichtern","author":"Flora Team","date":"19. Februar 2018","format":false,"excerpt":"Fibromyalgie ganzheitlich behandeln Nach der jahrelangen Odyssee von einem Arzt zum anderen ist eines geblieben: der unertr\u00e4gliche Schmerz. Nicht nur die Erkrankung selbst belastet die Patienten, sondern auch die Prognose. Denn Fibromyalgie gilt in der Schulmedizin als unheilbar. Aus naturheilkundlicher Sicht kann die Sache anders aussehen. Schmerzen \u2013 immer und\u2026","rel":"","context":"In &quot;Wissenswert&quot;","block_context":{"text":"Wissenswert","link":"https:\/\/www.flora-pharm.de\/blog\/category\/wissenswert\/"},"img":{"alt_text":"","src":"https:\/\/i0.wp.com\/www.flora-pharm.de\/blog\/wp-content\/uploads\/2018\/02\/fms-schmerz-ganzheitlich.jpg?resize=350%2C200&ssl=1","width":350,"height":200,"srcset":"https:\/\/i0.wp.com\/www.flora-pharm.de\/blog\/wp-content\/uploads\/2018\/02\/fms-schmerz-ganzheitlich.jpg?resize=350%2C200&ssl=1 1x, https:\/\/i0.wp.com\/www.flora-pharm.de\/blog\/wp-content\/uploads\/2018\/02\/fms-schmerz-ganzheitlich.jpg?resize=525%2C300&ssl=1 1.5x, https:\/\/i0.wp.com\/www.flora-pharm.de\/blog\/wp-content\/uploads\/2018\/02\/fms-schmerz-ganzheitlich.jpg?resize=700%2C400&ssl=1 2x"},"classes":[]}],"jetpack_sharing_enabled":true,"_links":{"self":[{"href":"https:\/\/www.flora-pharm.de\/blog\/wp-json\/wp\/v2\/posts\/7468","targetHints":{"allow":["GET"]}}],"collection":[{"href":"https:\/\/www.flora-pharm.de\/blog\/wp-json\/wp\/v2\/posts"}],"about":[{"href":"https:\/\/www.flora-pharm.de\/blog\/wp-json\/wp\/v2\/types\/post"}],"author":[{"embeddable":true,"href":"https:\/\/www.flora-pharm.de\/blog\/wp-json\/wp\/v2\/users\/1"}],"replies":[{"embeddable":true,"href":"https:\/\/www.flora-pharm.de\/blog\/wp-json\/wp\/v2\/comments?post=7468"}],"version-history":[{"count":8,"href":"https:\/\/www.flora-pharm.de\/blog\/wp-json\/wp\/v2\/posts\/7468\/revisions"}],"predecessor-version":[{"id":7776,"href":"https:\/\/www.flora-pharm.de\/blog\/wp-json\/wp\/v2\/posts\/7468\/revisions\/7776"}],"wp:featuredmedia":[{"embeddable":true,"href":"https:\/\/www.flora-pharm.de\/blog\/wp-json\/wp\/v2\/media\/7467"}],"wp:attachment":[{"href":"https:\/\/www.flora-pharm.de\/blog\/wp-json\/wp\/v2\/media?parent=7468"}],"wp:term":[{"taxonomy":"category","embeddable":true,"href":"https:\/\/www.flora-pharm.de\/blog\/wp-json\/wp\/v2\/categories?post=7468"},{"taxonomy":"post_tag","embeddable":true,"href":"https:\/\/www.flora-pharm.de\/blog\/wp-json\/wp\/v2\/tags?post=7468"}],"curies":[{"name":"wp","href":"https:\/\/api.w.org\/{rel}","templated":true}]}}