{"id":7499,"date":"2021-04-16T09:42:27","date_gmt":"2021-04-16T07:42:27","guid":{"rendered":"https:\/\/www.flora-pharm.de\/blog\/?p=7499"},"modified":"2021-10-06T08:51:54","modified_gmt":"2021-10-06T06:51:54","slug":"myrrhe","status":"publish","type":"post","link":"https:\/\/www.flora-pharm.de\/blog\/myrrhe\/","title":{"rendered":"Myrrhe"},"content":{"rendered":"\n<p>Der Myrrhenbaum ist die <a href=\"https:\/\/www.flora-pharm.de\/blog\/tag\/arzneipflanze\/\">Arzneipflanze<\/a> des Jahres 2021. Sein gro\u00dfes Zukunftspotenzial hat die Jury \u00fcberzeugt.<\/p>\n\n\n\n<p><em>Von Stefanie Happ<\/em><\/p>\n\n\n\n<p>Die Echte Myrrhe (Commiphora myrrha, syn. Commiphora molmol) ist eines der \u00e4ltesten Heilmittel der Welt. Gleichzeitig gilt sie als Naturmedizin der Zukunft. Bis heute l\u00e4sst der geschichtstr\u00e4chtige Myrrhenbaum immer wieder neue und pharmazeutisch wichtige Erkenntnisse zu. Neuerdings gelten Myrrhe-Mittel in der Begleittherapie chronisch-entz\u00fcndlicher Darmerkrankungen als Taktgeber. Eine aktuelle Studienlage liefert den ausschlaggebenden Grund, dass ein Arbeitskreis der Universit\u00e4t W\u00fcrzburg den traditionellen Myrrhenbaum zur Arzneipflanze des Jahres 2021 ernennt.<\/p>\n\n\n\n<h1 class=\"wp-block-heading\">Heilendes Harz<\/h1>\n\n\n\n<p>Untersuchungen haben ergeben, dass Myrrhe-Extrakte einen wesentlichen Beitrag zur <a href=\"https:\/\/www.flora-pharm.de\/blog\/darmgesundheit\/\">Darmgesundheit<\/a> leisten k\u00f6nnen. Mit ihren antientz\u00fcndlichen und antimikrobiellen Eigenschaften st\u00e4rken sie die Schleimh\u00e4ute im Verdauungstrakt und stabilisieren die nat\u00fcrliche Funktion von Magen und Darm. In Kombination mit Kamillenbl\u00fcten und Kaffeekohle hat sich das heilsame Harz des Myrrhenbaumes als besonders wirkungsvoll erwiesen. Dieses Pflanzen-Trio kann Menschen mit wiederkehrenden Entz\u00fcndungsprozessen im Darm helfen, auf lange Zeit beschwerdefrei zu bleiben. Colitis ulcerosa ist eine solche chronische Darmerkrankung, f\u00fcr die es seit Kurzem eine aktualisierte S3-Leitlinie gibt. Die Rede ist von einer medizinischen Leitlinie von h\u00f6chster wissenschaftlicher Qualit\u00e4t, die ausschlie\u00dflich Therapien empfiehlt, deren Wirksamkeit und Sicherheit durch hochwertige klinische Studien belegt sind. Best\u00e4tigt ist folglich, dass die pflanzliche Myrrhe-Arznei bei Colitis ulcerosa neue Erkrankungssch\u00fcbe hinausz\u00f6gern und die guten Phasen verl\u00e4ngern kann. F\u00fcr Patienten mit <a href=\"https:\/\/www.flora-pharm.de\/blog\/unsere-mitte-entscheidet-frieden-im-darm\/\">chronisch-entz\u00fcndlichen Darmerkrankungen<\/a> kann die Myrrhe eine Hoffnungstr\u00e4gerin sein, um die Lebensqualit\u00e4t entscheidend zu verbessern.<\/p>\n\n\n\n<h1 class=\"wp-block-heading\">Meilenstein in der Naturmedizin<\/h1>\n\n\n\n<p>Dass die Myrrhe ein Geschenk ist, wissen die meisten von uns, weil sie die biblische Geschichte um die Heiligen Drei K\u00f6nige und ihre Gaben an das Jesuskind kennen: Gold, Weihrauch und die kostbare Myrrhe. Die lange Geschichte dieser Heilpflanze geht sogar bis in die Antike zur\u00fcck. Die alten \u00c4gypter setzten Teile dieses Balsambaumgew\u00e4chses bei Husten und zur Wundheilung ein. Aus \u00dcberlieferungen ist bekannt, dass die Kr\u00e4uterkundige <a href=\"https:\/\/www.flora-pharm.de\/blog\/fasten-nach-hildegard-von-bingen\/\">Hildegard von Bingen<\/a> (1098\u20131179) die Myrrhe verwendete, um Magenbeschwerden zu lindern und um Fieber zu senken. Seit dem Mittelalter haben sich die Einsatzgebiete des Myrrhenbaumes stetig erweitert. Heute fokussiert man sich auf die Anwendungen bei Entz\u00fcndungen in Mund und Rachen sowie in Magen und Darm. Die positive Bewertung bei Colitis ulcerosa ist ein weiterer Meilenstein in der langen Medizingeschichte des Myrrhenbaumes.<\/p>\n\n\n\n<h1 class=\"wp-block-heading\">In der Rinde steckt die Kraft<\/h1>\n\n\n\n<p>Die Myrrhe ist ein dorniger Baum, der in den Trockengebieten Afrikas und in Arabien heimisch ist und dort eine H\u00f6he von rund vier Metern erreichen kann. Medizinisch verwendet wird das aromatisch-duftende Gummiharz, das aus der Rinde gewonnen wird. Es enth\u00e4lt viele \u00e4therische \u00d6le, Gerb- und Bitterstoffe, die Haut und Schleimh\u00e4ute sch\u00fctzen k\u00f6nnen. In der Apotheke gibt es Mundsprays und Tinkturen zur Behandlung von Halsentz\u00fcndungen, Problemen mit dem Zahnfleisch durch Prothesendruckstellen und zur Linderung von Aphthen in der Mundschleimhaut. Myrrhe-Mittel bei Verdauungsst\u00f6rungen sind im Kommen.<\/p>\n\n\n\n<div style=\"height:50px\" aria-hidden=\"true\" class=\"wp-block-spacer\"><\/div>\n\n\n\n<h1 class=\"wp-block-heading\">Zwei Auszeichnungen<\/h1>\n\n\n\n<p>Der interdisziplin\u00e4re Studienkreis des Instituts f\u00fcr Geschichte und Medizin an der Universit\u00e4t W\u00fcrzburg k\u00fcrt seit 1999 die <strong>Arzneipflanze<\/strong> des Jahres. Mit dem Myrrhenbaum machen die Experten erneut auf eine altbekannte Heilpflanze aufmerksam, die dank ihres gro\u00dfen therapeutischen Nutzens Anerkennung verdient hat.<\/p>\n\n\n\n<p>Nicht zu verwechseln ist diese Auszeichnung mit der <a href=\"https:\/\/www.flora-pharm.de\/blog\/tag\/heilpflanze\/\"><strong>Heilpflanze<\/strong><\/a> des Jahres, die der NHV Theophrastus j\u00e4hrlich w\u00e4hlt. 2021 hat der <a href=\"https:\/\/www.flora-pharm.de\/blog\/meerrettich-scharfe-wurzel\/\">Meerrettich (Armoracia rusticana)<\/a> mit seinen antiviralen und antibakteriellen Eigenschaften die Jury \u00fcberzeugt.<\/p>\n\n\n\n<p>Das perfekte Pendant dazu ist die antientz\u00fcndliche Myrrhe als <a href=\"https:\/\/www.flora-pharm.de\/blog\/tag\/arzneipflanze\/\">Arzneipflanze<\/a> des Jahres.<\/p>\n\n\n\n<div style=\"height:50px\" aria-hidden=\"true\" class=\"wp-block-spacer\"><\/div>\n\n\n\n<p><strong><em>Sprechen Sie uns gern auf das Thema an.<\/em><\/strong><\/p>\n\n\n\n<div style=\"height:100px\" aria-hidden=\"true\" class=\"wp-block-spacer\"><\/div>\n\n\n\n<div class=\"wp-block-image\"><figure class=\"aligncenter size-medium\"><img loading=\"lazy\" decoding=\"async\" width=\"225\" height=\"300\" data-attachment-id=\"7485\" data-permalink=\"https:\/\/www.flora-pharm.de\/blog\/naturheilkunde-und-gesundheit-cover-03-2021\/\" data-orig-file=\"https:\/\/www.flora-pharm.de\/blog\/wp-content\/uploads\/2021\/03\/naturheilkunde-und-gesundheit-cover-03-2021.jpg\" data-orig-size=\"450,600\" data-comments-opened=\"1\" data-image-meta=\"{&quot;aperture&quot;:&quot;0&quot;,&quot;credit&quot;:&quot;&quot;,&quot;camera&quot;:&quot;&quot;,&quot;caption&quot;:&quot;&quot;,&quot;created_timestamp&quot;:&quot;0&quot;,&quot;copyright&quot;:&quot;&quot;,&quot;focal_length&quot;:&quot;0&quot;,&quot;iso&quot;:&quot;0&quot;,&quot;shutter_speed&quot;:&quot;0&quot;,&quot;title&quot;:&quot;&quot;,&quot;orientation&quot;:&quot;1&quot;}\" data-image-title=\"\" data-image-description=\"\" data-image-caption=\"&lt;p&gt;Text mit freundlicher Genehmigung der S &amp;#038; D Verlag GmbH. Das komplette &amp;#8222;Naturheilkunde &amp;#038; Gesundheit&amp;#8220; Heft bekommen Sie auch bei uns in der Apotheke.&lt;\/p&gt;\n\" data-large-file=\"https:\/\/www.flora-pharm.de\/blog\/wp-content\/uploads\/2021\/03\/naturheilkunde-und-gesundheit-cover-03-2021.jpg\" src=\"https:\/\/www.flora-pharm.de\/blog\/wp-content\/uploads\/2021\/03\/naturheilkunde-und-gesundheit-cover-03-2021-225x300.jpg\" alt=\"naturheilkunde-und-gesundheit-cover-03-2021\" class=\"wp-image-7485\" srcset=\"https:\/\/www.flora-pharm.de\/blog\/wp-content\/uploads\/2021\/03\/naturheilkunde-und-gesundheit-cover-03-2021-225x300.jpg 225w, https:\/\/www.flora-pharm.de\/blog\/wp-content\/uploads\/2021\/03\/naturheilkunde-und-gesundheit-cover-03-2021.jpg 450w\" sizes=\"auto, (max-width: 225px) 100vw, 225px\" \/><figcaption>Text mit freundlicher Genehmigung der S &amp; D Verlag GmbH. Das komplette &#8222;Naturheilkunde &amp; Gesundheit&#8220; Heft bekommen Sie auch bei uns in der Apotheke.<\/figcaption><\/figure><\/div>\n","protected":false},"excerpt":{"rendered":"<p>Der Myrrhenbaum ist die Arzneipflanze des Jahres 2021. Sein gro\u00dfes Zukunftspotenzial hat die Jury \u00fcberzeugt. Von Stefanie Happ Die Echte Myrrhe (Commiphora myrrha, syn. Commiphora molmol) ist eines der \u00e4ltesten Heilmittel der Welt. Gleichzeitig gilt sie als Naturmedizin der Zukunft. Bis heute l\u00e4sst der geschichtstr\u00e4chtige Myrrhenbaum immer wieder neue und pharmazeutisch wichtige Erkenntnisse zu. Neuerdings [&hellip;]<\/p>\n","protected":false},"author":1,"featured_media":7492,"comment_status":"open","ping_status":"open","sticky":false,"template":"","format":"standard","meta":{"jetpack_post_was_ever_published":false,"_jetpack_newsletter_access":"","_jetpack_dont_email_post_to_subs":false,"_jetpack_newsletter_tier_id":0,"_jetpack_memberships_contains_paywalled_content":false,"_jetpack_memberships_contains_paid_content":false,"footnotes":""},"categories":[676,405,8],"tags":[304,341,422,149,431],"class_list":["post-7499","post","type-post","status-publish","format-standard","has-post-thumbnail","hentry","category-heilpflanzen-arzneipflanzen","category-kraeuter-gewuerze","category-wissenswert","tag-arzneipflanze","tag-darm","tag-naturheilkunde-und-gesundheit","tag-pflanzenwirkstoffe","tag-phytotherapie","has-post-title","has-post-date","has-post-category","has-post-tag","has-post-comment","has-post-author",""],"jetpack_featured_media_url":"https:\/\/www.flora-pharm.de\/blog\/wp-content\/uploads\/2021\/03\/myrrhe.jpg","jetpack-related-posts":[{"id":7649,"url":"https:\/\/www.flora-pharm.de\/blog\/ruhe-im-reizdarm\/","url_meta":{"origin":7499,"position":0},"title":"Ruhe im Reizdarm","author":"Flora Team","date":"7. Juni 2021","format":false,"excerpt":"Hilfe f\u00fcr die Verdauung: Das Reizdarm-Syndrom hat viele Gesichter. Was hilft wem am besten? Die Natur kennt zahlreiche Mittel und Wege.","rel":"","context":"In &quot;Wissenswert&quot;","block_context":{"text":"Wissenswert","link":"https:\/\/www.flora-pharm.de\/blog\/category\/wissenswert\/"},"img":{"alt_text":"Reizdarm beruhigen","src":"https:\/\/i0.wp.com\/www.flora-pharm.de\/blog\/wp-content\/uploads\/2021\/04\/reizdarm.jpg?resize=350%2C200&ssl=1","width":350,"height":200,"srcset":"https:\/\/i0.wp.com\/www.flora-pharm.de\/blog\/wp-content\/uploads\/2021\/04\/reizdarm.jpg?resize=350%2C200&ssl=1 1x, https:\/\/i0.wp.com\/www.flora-pharm.de\/blog\/wp-content\/uploads\/2021\/04\/reizdarm.jpg?resize=525%2C300&ssl=1 1.5x, https:\/\/i0.wp.com\/www.flora-pharm.de\/blog\/wp-content\/uploads\/2021\/04\/reizdarm.jpg?resize=700%2C400&ssl=1 2x"},"classes":[]},{"id":7505,"url":"https:\/\/www.flora-pharm.de\/blog\/spuelen-bitte\/","url_meta":{"origin":7499,"position":1},"title":"Sp\u00fclen, bitte","author":"Flora Team","date":"14. April 2021","format":false,"excerpt":"Z\u00e4hneputzen ist gut. Zus\u00e4tzlich den Mund sp\u00fclen ist noch besser f\u00fcr die Mundgesundheit. \u00c4therische \u00d6le sorgen zudem f\u00fcr einen nat\u00fcrlich frischen Atem, berichtet Stefanie Happ. In unserer Mundh\u00f6hle wohnen rund tausend verschiedene Bakterien- und Pilzarten. Manche davon sind gut zu uns, sie haben sogar eine Schutzfunktion. Doch das feucht-warme Milieu\u2026","rel":"","context":"In &quot;Wissenswert&quot;","block_context":{"text":"Wissenswert","link":"https:\/\/www.flora-pharm.de\/blog\/category\/wissenswert\/"},"img":{"alt_text":"Mundsp\u00fclung","src":"https:\/\/i0.wp.com\/www.flora-pharm.de\/blog\/wp-content\/uploads\/2021\/03\/mundspuelung.jpg?resize=350%2C200&ssl=1","width":350,"height":200,"srcset":"https:\/\/i0.wp.com\/www.flora-pharm.de\/blog\/wp-content\/uploads\/2021\/03\/mundspuelung.jpg?resize=350%2C200&ssl=1 1x, https:\/\/i0.wp.com\/www.flora-pharm.de\/blog\/wp-content\/uploads\/2021\/03\/mundspuelung.jpg?resize=525%2C300&ssl=1 1.5x, https:\/\/i0.wp.com\/www.flora-pharm.de\/blog\/wp-content\/uploads\/2021\/03\/mundspuelung.jpg?resize=700%2C400&ssl=1 2x"},"classes":[]},{"id":6255,"url":"https:\/\/www.flora-pharm.de\/blog\/schwedenkraeuter\/","url_meta":{"origin":7499,"position":2},"title":"Schwedenkr\u00e4uter","author":"Flora Team","date":"1. Juli 2019","format":false,"excerpt":"Die Tinktur gilt bis heute als traditionelles Naturheilmittel gegen diverse Alltagsleiden. Elf Heilpflanzen in einem definierten Mischungsverh\u00e4ltnis. Die \u00c4rzte Dr. Claus Samst und Urban Hj\u00e4rne mixten die Schwedenkr\u00e4uter im 17. Jahrhundert und waren von der gesundheitsf\u00f6rdernden Wirkung des \u201ebitteren Heilmittels zum langen Leben\u201c \u00fcberzeugt. Beide stammen aus Schweden, daher der\u2026","rel":"","context":"In &quot;Flora Apotheke&quot;","block_context":{"text":"Flora Apotheke","link":"https:\/\/www.flora-pharm.de\/blog\/category\/flora-apotheke\/"},"img":{"alt_text":"Schwedenkraeuter","src":"https:\/\/i0.wp.com\/www.flora-pharm.de\/blog\/wp-content\/uploads\/2019\/06\/schwedenkraeuter.jpg?resize=350%2C200&ssl=1","width":350,"height":200,"srcset":"https:\/\/i0.wp.com\/www.flora-pharm.de\/blog\/wp-content\/uploads\/2019\/06\/schwedenkraeuter.jpg?resize=350%2C200&ssl=1 1x, https:\/\/i0.wp.com\/www.flora-pharm.de\/blog\/wp-content\/uploads\/2019\/06\/schwedenkraeuter.jpg?resize=525%2C300&ssl=1 1.5x, https:\/\/i0.wp.com\/www.flora-pharm.de\/blog\/wp-content\/uploads\/2019\/06\/schwedenkraeuter.jpg?resize=700%2C400&ssl=1 2x"},"classes":[]},{"id":8489,"url":"https:\/\/www.flora-pharm.de\/blog\/blick-ins-oberstuebchen-gruene-gedaechtnis-booster\/","url_meta":{"origin":7499,"position":3},"title":"Blick ins Oberst\u00fcbchen + Gr\u00fcne Ged\u00e4chtnis-Booster","author":"Flora Team","date":"21. November 2022","format":false,"excerpt":"Unser Ged\u00e4chtnis ist be-merkenswert. Was passiert da hinter der Stirn? Mit welchen nat\u00fcrlichen Mitteln kann ich das Ged\u00e4chtnis boostern?","rel":"","context":"In &quot;Wissenswert&quot;","block_context":{"text":"Wissenswert","link":"https:\/\/www.flora-pharm.de\/blog\/category\/wissenswert\/"},"img":{"alt_text":"Ged\u00e4chtnis - der Blick ins Oberst\u00fcbchen und gr\u00fcne Booster","src":"https:\/\/i0.wp.com\/www.flora-pharm.de\/blog\/wp-content\/uploads\/2022\/11\/gruene-gedaechtnis-booster-blick-ins-oberstuebchen.jpg?resize=350%2C200&ssl=1","width":350,"height":200,"srcset":"https:\/\/i0.wp.com\/www.flora-pharm.de\/blog\/wp-content\/uploads\/2022\/11\/gruene-gedaechtnis-booster-blick-ins-oberstuebchen.jpg?resize=350%2C200&ssl=1 1x, https:\/\/i0.wp.com\/www.flora-pharm.de\/blog\/wp-content\/uploads\/2022\/11\/gruene-gedaechtnis-booster-blick-ins-oberstuebchen.jpg?resize=525%2C300&ssl=1 1.5x, https:\/\/i0.wp.com\/www.flora-pharm.de\/blog\/wp-content\/uploads\/2022\/11\/gruene-gedaechtnis-booster-blick-ins-oberstuebchen.jpg?resize=700%2C400&ssl=1 2x, https:\/\/i0.wp.com\/www.flora-pharm.de\/blog\/wp-content\/uploads\/2022\/11\/gruene-gedaechtnis-booster-blick-ins-oberstuebchen.jpg?resize=1050%2C600&ssl=1 3x"},"classes":[]},{"id":9241,"url":"https:\/\/www.flora-pharm.de\/blog\/reizdarm-von-a-bis-z\/","url_meta":{"origin":7499,"position":4},"title":"Reizdarm von A bis Z","author":"Flora Team","date":"6. Januar 2025","format":false,"excerpt":"Reizdarmsyndrom (RDS): Etwa 11 Mio. Deutsche plagen sich mit wiederkehrenden Beschwerden wie Bauchkr\u00e4mpfen, Durchfall und Verstopfung. Von A bis Z.","rel":"","context":"In &quot;Wissenswert&quot;","block_context":{"text":"Wissenswert","link":"https:\/\/www.flora-pharm.de\/blog\/category\/wissenswert\/"},"img":{"alt_text":"Reizdarm FAQ A-Z","src":"https:\/\/i0.wp.com\/www.flora-pharm.de\/blog\/wp-content\/uploads\/2024\/06\/reizdarm-von-a-bis-z.jpg?resize=350%2C200&ssl=1","width":350,"height":200,"srcset":"https:\/\/i0.wp.com\/www.flora-pharm.de\/blog\/wp-content\/uploads\/2024\/06\/reizdarm-von-a-bis-z.jpg?resize=350%2C200&ssl=1 1x, https:\/\/i0.wp.com\/www.flora-pharm.de\/blog\/wp-content\/uploads\/2024\/06\/reizdarm-von-a-bis-z.jpg?resize=525%2C300&ssl=1 1.5x, https:\/\/i0.wp.com\/www.flora-pharm.de\/blog\/wp-content\/uploads\/2024\/06\/reizdarm-von-a-bis-z.jpg?resize=700%2C400&ssl=1 2x, https:\/\/i0.wp.com\/www.flora-pharm.de\/blog\/wp-content\/uploads\/2024\/06\/reizdarm-von-a-bis-z.jpg?resize=1050%2C600&ssl=1 3x"},"classes":[]},{"id":8159,"url":"https:\/\/www.flora-pharm.de\/blog\/moenchspfeffer\/","url_meta":{"origin":7499,"position":5},"title":"M\u00f6nchspfeffer","author":"Flora Team","date":"25. April 2022","format":false,"excerpt":"M\u00f6nchspfeffer (Vitex agnus-castus) wurde zur \u201eArzneipflanze des Jahres 2022\u201c gew\u00e4hlt, es gilt z.B. in der Frauenheilkunde als Naturheilmittel No1.","rel":"","context":"In &quot;Heilpflanzen \/ Arzneipflanzen&quot;","block_context":{"text":"Heilpflanzen \/ Arzneipflanzen","link":"https:\/\/www.flora-pharm.de\/blog\/category\/heilpflanzen-arzneipflanzen\/"},"img":{"alt_text":"M\u00f6nchspfeffer - Arzneipflanze 2022","src":"https:\/\/i0.wp.com\/www.flora-pharm.de\/blog\/wp-content\/uploads\/2022\/03\/moenchspfeffer.jpg?resize=350%2C200&ssl=1","width":350,"height":200,"srcset":"https:\/\/i0.wp.com\/www.flora-pharm.de\/blog\/wp-content\/uploads\/2022\/03\/moenchspfeffer.jpg?resize=350%2C200&ssl=1 1x, https:\/\/i0.wp.com\/www.flora-pharm.de\/blog\/wp-content\/uploads\/2022\/03\/moenchspfeffer.jpg?resize=525%2C300&ssl=1 1.5x, https:\/\/i0.wp.com\/www.flora-pharm.de\/blog\/wp-content\/uploads\/2022\/03\/moenchspfeffer.jpg?resize=700%2C400&ssl=1 2x"},"classes":[]}],"jetpack_sharing_enabled":true,"_links":{"self":[{"href":"https:\/\/www.flora-pharm.de\/blog\/wp-json\/wp\/v2\/posts\/7499","targetHints":{"allow":["GET"]}}],"collection":[{"href":"https:\/\/www.flora-pharm.de\/blog\/wp-json\/wp\/v2\/posts"}],"about":[{"href":"https:\/\/www.flora-pharm.de\/blog\/wp-json\/wp\/v2\/types\/post"}],"author":[{"embeddable":true,"href":"https:\/\/www.flora-pharm.de\/blog\/wp-json\/wp\/v2\/users\/1"}],"replies":[{"embeddable":true,"href":"https:\/\/www.flora-pharm.de\/blog\/wp-json\/wp\/v2\/comments?post=7499"}],"version-history":[{"count":2,"href":"https:\/\/www.flora-pharm.de\/blog\/wp-json\/wp\/v2\/posts\/7499\/revisions"}],"predecessor-version":[{"id":7654,"href":"https:\/\/www.flora-pharm.de\/blog\/wp-json\/wp\/v2\/posts\/7499\/revisions\/7654"}],"wp:featuredmedia":[{"embeddable":true,"href":"https:\/\/www.flora-pharm.de\/blog\/wp-json\/wp\/v2\/media\/7492"}],"wp:attachment":[{"href":"https:\/\/www.flora-pharm.de\/blog\/wp-json\/wp\/v2\/media?parent=7499"}],"wp:term":[{"taxonomy":"category","embeddable":true,"href":"https:\/\/www.flora-pharm.de\/blog\/wp-json\/wp\/v2\/categories?post=7499"},{"taxonomy":"post_tag","embeddable":true,"href":"https:\/\/www.flora-pharm.de\/blog\/wp-json\/wp\/v2\/tags?post=7499"}],"curies":[{"name":"wp","href":"https:\/\/api.w.org\/{rel}","templated":true}]}}