{"id":7651,"date":"2021-04-22T09:31:21","date_gmt":"2021-04-22T07:31:21","guid":{"rendered":"https:\/\/www.flora-pharm.de\/blog\/?p=7651"},"modified":"2021-04-22T09:31:25","modified_gmt":"2021-04-22T07:31:25","slug":"sensible-kinderhaut","status":"publish","type":"post","link":"https:\/\/www.flora-pharm.de\/blog\/sensible-kinderhaut\/","title":{"rendered":"Sensible Kinderhaut"},"content":{"rendered":"\n<p>Gereizt, ger\u00f6tet und \u00e4u\u00dferst schutzbed\u00fcrftig: Die Haut von Babys und Kleinkindern braucht besondere Pflege. Wie die aussieht, erkl\u00e4rt unsere Expertin.<\/p>\n\n\n\n<p><em>Von Saskia Fechte<\/em><\/p>\n\n\n\n<p>Kinderhaut ist sehr d\u00fcnn. Sie erreicht erst mit zw\u00f6lf Jahren ihre vollst\u00e4ndige Schutzfunktion. Bis dahin arbeiten Schwei\u00df- und Talgdr\u00fcsen eingeschr\u00e4nkt, der S\u00e4ureschutzmantel bildet sich erst allm\u00e4hlich. Daher ist junge Haut oft trocken und reagiert empfindlich auf Umwelteinfl\u00fcsse oder reizende Substanzen. Welche Pflegema\u00dfnahmen helfen, erkl\u00e4rt im Interview: Silke Megens, pharmazeutisch-technische Assistentin (Goch).<\/p>\n\n\n\n<p>Lesen Sie auch weitere Artikel zum <a href=\"https:\/\/www.flora-pharm.de\/blog\/tag\/kleinkind\/\">Thema Kleinkind<\/a> hier im Blog, wie z.B.: <a href=\"https:\/\/www.flora-pharm.de\/blog\/natuerliche-babypflege\/\">Nat\u00fcrliche Babypflege<\/a>.<\/p>\n\n\n\n<p><strong><em>Frau Megens, sollen Babys und Kinder t\u00e4glich eingecremt werden?<\/em><\/strong><\/p>\n\n\n\n<p>Die Beschaffenheit der Haut ist von Mensch zu Mensch unterschiedlich, auch bei Kindern. Generell gilt hier das Motto \u201eWeniger ist mehr\u201d. Entscheidend ist aber die aktuelle Situation. Sobald die Haut rau wird oder juckt, sollte sie mit einer Feuchtigkeitscreme versorgt werden. Denn empfindliche Haut ist weniger anf\u00e4llig, wenn sie gut gepflegt ist. Geht es mit den Kleinen nach drau\u00dfen, sch\u00fctzt eine Gesichtscreme vor Wind und Wetter. Denken Sie im Fr\u00fchling unbedingt auch an ausreichenden UV-Schutz!<\/p>\n\n\n\n<p><strong><em>Was hat die Naturkosmetik f\u00fcr Kinderhaut zu bieten?<\/em><\/strong><\/p>\n\n\n\n<p>Da die junge Haut sehr sensibel ist, sind Pflegeprodukte ohne Mineral\u00f6le, synthetische Farb-, Duft- und Konservierungsstoffe sowie andere reizende Zutaten optimal. Hier kann Naturkosmetik punkten. Viele Pflegeserien f\u00fcr Kinder nutzen bew\u00e4hrte Hautschmeichler auf der Basis von Heilpflanzen, pflanzlichen Fetten oder Bienenwachs. Sie sind besonders mild und auf die speziellen Bed\u00fcrfnisse abgestimmt.<\/p>\n\n\n\n<p><strong><em>Was hilft bei gereizter Haut und leichten Sch\u00fcrfwunden?<\/em><\/strong><\/p>\n\n\n\n<p>Hier sind Wundschutzcremes mit Calendula, also Ringelblume, eine gute Wahl. Sie beruhigen sowohl ger\u00f6tete als auch leicht verletzte Haut und unterst\u00fctzen den Heilprozess. Einige Produkte enthalten zus\u00e4tzlich Bienen- oder Wollwachs. Diese nat\u00fcrlichen Zutaten machen trockene Haut wieder geschmeidig und sch\u00fctzen vor Feuchtigkeitsverlusten. Gut f\u00fcr trockene Haut sind sogenannte Coldcreams. Ihr hoher Anteil an pflegenden Fetten bewirkt einen beruhigenden, leicht k\u00fchlenden Effekt und lindert die typischen Spannungsgef\u00fchle.<\/p>\n\n\n\n<p><strong><em>Sind \u00d6le f\u00fcr die Kinderhautpflege geeignet?<\/em><\/strong><\/p>\n\n\n\n<p>Ja, insbesondere <a href=\"https:\/\/www.flora-pharm.de\/blog\/gut-geoelt\/\">Mandel\u00f6l<\/a> ist toll f\u00fcr sensible Haut. Es ist auch ein typisches Massage\u00f6l, beispielsweise f\u00fcr die Babymassage. Dazu sollte es unbedingt vorgew\u00e4rmt werden, um die wohltuende Wirkung des K\u00f6rperkontaktes zu verst\u00e4rken. Als Zutat in Dusch\u00f6len und Waschlotionen dienen noch andere hochwertige Pflanzen\u00f6le, etwa aus Nachtkerzensamen. Sie verhindern ein Austrocknen w\u00e4hrend des Waschens und geben empfindlicher Haut pflegende Fette zur\u00fcck. Achtung: \u00d6le sind mit einer erh\u00f6hten Rutschgefahr verbunden. Hier ist besondere Aufmerksamkeit gefragt, vor allem bei kleinen Kindern.<\/p>\n\n\n\n<p><strong><em>Ein h\u00e4ufiges Thema ist die sogenannte Windeldermatitis. Was hilft bei einem wunden Babypo?<\/em><\/strong><\/p>\n\n\n\n<p>Im feuchten Milieu unter der Windel reagiert die Haut schnell gereizt. Sie quillt auf und wird anf\u00e4llig f\u00fcr Infektionen und Entz\u00fcndungen. Eine Salbe mit <a href=\"https:\/\/www.flora-pharm.de\/blog\/zink-essentielles-spurenelement\/\">Zink<\/a>oxid unterst\u00fctzt die Heilung und hilft, n\u00e4ssende Stellen zu trocknen. Zudem dient sie als Schutzschicht, die neue Feuchtigkeit von der Haut fernh\u00e4lt. Zur Reinigung des Babypos empfehle ich weiche Baumwollt\u00fccher, die in Schwarztee getr\u00e4nkt sind. Die enthaltenen Gerbstoffe k\u00f6nnen die strapazierte Region beruhigen und die Wundheilung beschleunigen.<\/p>\n\n\n\n<p><strong><em>Was raten Sie bei Verdacht auf Neurodermitis oder anderen Hauterkrankungen?<\/em><\/strong><\/p>\n\n\n\n<p>Ausgepr\u00e4gte Hautprobleme und unklare Beschwerden geh\u00f6ren in die H\u00e4nde des Kinderarztes. Selbst frei verk\u00e4ufliche Cremes und Salben k\u00f6nnen Wirkstoffe enthalten, die nicht auf die Kinderhaut geh\u00f6ren. Hier sollte der Arzt zun\u00e4chst eine Diagnose stellen und geeignete Pr\u00e4parate empfehlen. Dann helfen wir in der Apotheke gerne weiter.<\/p>\n\n\n\n<div style=\"height:50px\" aria-hidden=\"true\" class=\"wp-block-spacer\"><\/div>\n\n\n\n<p><strong>Pflegeprodukte f\u00fcr Kinder und kompetente Beratung erhalten Sie individuell auf Sie abgestimmt auch bei uns, in Ihrer Flora Apotheke Hannover. Sprechen Sie uns gern an.<\/strong><\/p>\n\n\n\n<div style=\"height:100px\" aria-hidden=\"true\" class=\"wp-block-spacer\"><\/div>\n\n\n\n<div class=\"wp-block-image\"><figure class=\"aligncenter size-medium\"><img loading=\"lazy\" decoding=\"async\" width=\"225\" height=\"300\" data-attachment-id=\"7625\" data-permalink=\"https:\/\/www.flora-pharm.de\/blog\/naturheilkunde-und-gesundheit-cover-04-2021\/\" data-orig-file=\"https:\/\/www.flora-pharm.de\/blog\/wp-content\/uploads\/2021\/04\/naturheilkunde-und-gesundheit-cover-04-2021.jpg\" data-orig-size=\"450,600\" data-comments-opened=\"1\" data-image-meta=\"{&quot;aperture&quot;:&quot;0&quot;,&quot;credit&quot;:&quot;&quot;,&quot;camera&quot;:&quot;&quot;,&quot;caption&quot;:&quot;&quot;,&quot;created_timestamp&quot;:&quot;0&quot;,&quot;copyright&quot;:&quot;&quot;,&quot;focal_length&quot;:&quot;0&quot;,&quot;iso&quot;:&quot;0&quot;,&quot;shutter_speed&quot;:&quot;0&quot;,&quot;title&quot;:&quot;&quot;,&quot;orientation&quot;:&quot;1&quot;}\" data-image-title=\"\" data-image-description=\"\" data-image-caption=\"&lt;p&gt;Text mit freundlicher Genehmigung der S &amp;#038; D Verlag GmbH. Das komplette &amp;#8222;Naturheilkunde &amp;#038; Gesundheit&amp;#8220; Heft bekommen Sie auch bei uns in der Apotheke.&lt;\/p&gt;\n\" data-large-file=\"https:\/\/www.flora-pharm.de\/blog\/wp-content\/uploads\/2021\/04\/naturheilkunde-und-gesundheit-cover-04-2021.jpg\" src=\"https:\/\/www.flora-pharm.de\/blog\/wp-content\/uploads\/2021\/04\/naturheilkunde-und-gesundheit-cover-04-2021-225x300.jpg\" alt=\"naturheilkunde-und-gesundheit 4-21\" class=\"wp-image-7625\" srcset=\"https:\/\/www.flora-pharm.de\/blog\/wp-content\/uploads\/2021\/04\/naturheilkunde-und-gesundheit-cover-04-2021-225x300.jpg 225w, https:\/\/www.flora-pharm.de\/blog\/wp-content\/uploads\/2021\/04\/naturheilkunde-und-gesundheit-cover-04-2021.jpg 450w\" sizes=\"auto, (max-width: 225px) 100vw, 225px\" \/><figcaption>Text mit freundlicher Genehmigung der S &amp; D Verlag GmbH. Das komplette &#8222;Naturheilkunde &amp; Gesundheit&#8220; Heft bekommen Sie auch bei uns in der Apotheke.<\/figcaption><\/figure><\/div>\n","protected":false},"excerpt":{"rendered":"<p>Gereizt, ger\u00f6tet und \u00e4u\u00dferst schutzbed\u00fcrftig: Die Haut von Babys und Kleinkindern braucht besondere Pflege. Wie die aussieht, erkl\u00e4rt unsere Expertin. Von Saskia Fechte Kinderhaut ist sehr d\u00fcnn. Sie erreicht erst mit zw\u00f6lf Jahren ihre vollst\u00e4ndige Schutzfunktion. Bis dahin arbeiten Schwei\u00df- und Talgdr\u00fcsen eingeschr\u00e4nkt, der S\u00e4ureschutzmantel bildet sich erst allm\u00e4hlich. Daher ist junge Haut oft trocken [&hellip;]<\/p>\n","protected":false},"author":1,"featured_media":7633,"comment_status":"open","ping_status":"open","sticky":false,"template":"","format":"standard","meta":{"jetpack_post_was_ever_published":false,"_jetpack_newsletter_access":"","_jetpack_dont_email_post_to_subs":false,"_jetpack_newsletter_tier_id":0,"_jetpack_memberships_contains_paywalled_content":false,"_jetpack_memberships_contains_paid_content":false,"footnotes":""},"categories":[8],"tags":[344,64,26,422],"class_list":["post-7651","post","type-post","status-publish","format-standard","has-post-thumbnail","hentry","category-wissenswert","tag-haut","tag-kleinkind","tag-koerperpflege","tag-naturheilkunde-und-gesundheit","has-post-title","has-post-date","has-post-category","has-post-tag","has-post-comment","has-post-author",""],"jetpack_featured_media_url":"https:\/\/www.flora-pharm.de\/blog\/wp-content\/uploads\/2021\/04\/sensible-kinderhaut.jpg","jetpack-related-posts":[{"id":4898,"url":"https:\/\/www.flora-pharm.de\/blog\/pflegestufe-zwei-gutes-fuer-mama-baby\/","url_meta":{"origin":7651,"position":0},"title":"Pflegestufe Zwei &#8211; Gutes f\u00fcr Mama &#038; Baby","author":"Flora Team","date":"26. M\u00e4rz 2018","format":false,"excerpt":"\u201eF\u00fcr Mutter und Baby beginnt nach der Geburt eine spannende Zeit\u201c, sagt Cathrin H\u00e4usser, pharmazeutisch-technische Assistentin in Weissach. \u201eBesonders beim ersten Kind ist alles neu. Viele M\u00fctter sind unsicher, welche Pflegeprodukte und Arzneimittel sie verwenden k\u00f6nnen und d\u00fcrfen.\u201c PS: Lesen Sie auch unseren Artikel Nat\u00fcrliche Babypflege. Alles f\u00fcr Mutter und\u2026","rel":"","context":"In &quot;Wissenswert&quot;","block_context":{"text":"Wissenswert","link":"https:\/\/www.flora-pharm.de\/blog\/category\/wissenswert\/"},"img":{"alt_text":"","src":"https:\/\/i0.wp.com\/www.flora-pharm.de\/blog\/wp-content\/uploads\/2018\/03\/pflegestufe-zwei.jpg?resize=350%2C200&ssl=1","width":350,"height":200,"srcset":"https:\/\/i0.wp.com\/www.flora-pharm.de\/blog\/wp-content\/uploads\/2018\/03\/pflegestufe-zwei.jpg?resize=350%2C200&ssl=1 1x, https:\/\/i0.wp.com\/www.flora-pharm.de\/blog\/wp-content\/uploads\/2018\/03\/pflegestufe-zwei.jpg?resize=525%2C300&ssl=1 1.5x, https:\/\/i0.wp.com\/www.flora-pharm.de\/blog\/wp-content\/uploads\/2018\/03\/pflegestufe-zwei.jpg?resize=700%2C400&ssl=1 2x"},"classes":[]},{"id":3416,"url":"https:\/\/www.flora-pharm.de\/blog\/natuerliche-babypflege\/","url_meta":{"origin":7651,"position":1},"title":"Nat\u00fcrliche Babypflege","author":"Flora Team","date":"12. September 2016","format":false,"excerpt":"Zartes muss sanft gepflegt werden! Zur Geburt eines Babys bekommen frisch gebackene Eltern eine Menge Empfehlungen und Tipps. Viele neue Aufgaben wollen bew\u00e4ltigt werden, darunter die S\u00e4uglingspflege. Dabei ist eine nat\u00fcrliche Babypflege recht einfach. Es gilt die Devise: Weniger ist mehr! Lassen Sie sich nicht verunsichern. Vieles, wie Windeln wechseln,\u2026","rel":"","context":"In &quot;Wissenswert&quot;","block_context":{"text":"Wissenswert","link":"https:\/\/www.flora-pharm.de\/blog\/category\/wissenswert\/"},"img":{"alt_text":"","src":"https:\/\/i0.wp.com\/www.flora-pharm.de\/blog\/wp-content\/uploads\/2016\/09\/babypflege.jpg?resize=350%2C200&ssl=1","width":350,"height":200,"srcset":"https:\/\/i0.wp.com\/www.flora-pharm.de\/blog\/wp-content\/uploads\/2016\/09\/babypflege.jpg?resize=350%2C200&ssl=1 1x, https:\/\/i0.wp.com\/www.flora-pharm.de\/blog\/wp-content\/uploads\/2016\/09\/babypflege.jpg?resize=525%2C300&ssl=1 1.5x, https:\/\/i0.wp.com\/www.flora-pharm.de\/blog\/wp-content\/uploads\/2016\/09\/babypflege.jpg?resize=700%2C400&ssl=1 2x"},"classes":[]},{"id":3275,"url":"https:\/\/www.flora-pharm.de\/blog\/sonne-geniessen-ohne-sonnenbrand\/","url_meta":{"origin":7651,"position":2},"title":"Sonne genie\u00dfen \u2013 ohne Sonnenbrand!","author":"Flora Team","date":"6. Juni 2016","format":false,"excerpt":"Die Sonne strahlt, w\u00e4rmt und macht gl\u00fccklich! Doch wer zu viel Sonne abbekommt, erh\u00f6ht sein Risiko f\u00fcr Hautkrebs! \u00a0 Wie k\u00f6nnen Sie sich sch\u00fctzen? Sonnenlicht tut gut! Es regt den Stoffwechsel an und hilft bei der Bildung von Vitamin D. Doch zu viel Sonne kann die Haut sch\u00e4digen und l\u00e4sst\u2026","rel":"","context":"In &quot;Wissenswert&quot;","block_context":{"text":"Wissenswert","link":"https:\/\/www.flora-pharm.de\/blog\/category\/wissenswert\/"},"img":{"alt_text":"","src":"https:\/\/i0.wp.com\/www.flora-pharm.de\/blog\/wp-content\/uploads\/2016\/05\/sonne__copyright-joerg-buetehorn.jpg?resize=350%2C200&ssl=1","width":350,"height":200,"srcset":"https:\/\/i0.wp.com\/www.flora-pharm.de\/blog\/wp-content\/uploads\/2016\/05\/sonne__copyright-joerg-buetehorn.jpg?resize=350%2C200&ssl=1 1x, https:\/\/i0.wp.com\/www.flora-pharm.de\/blog\/wp-content\/uploads\/2016\/05\/sonne__copyright-joerg-buetehorn.jpg?resize=525%2C300&ssl=1 1.5x"},"classes":[]},{"id":7682,"url":"https:\/\/www.flora-pharm.de\/blog\/windeln-gut-gewickelt\/","url_meta":{"origin":7651,"position":3},"title":"Windeln &#8211; Gut gewickelt","author":"Flora Team","date":"26. Mai 2021","format":false,"excerpt":"Gesucht sind: \u00d6kologische Alternativen zur herk\u00f6mmlichen Wegwerfwindel. Welche M\u00f6glichkeiten gibt es? Sind sie wirklich umweltfreundlicher?","rel":"","context":"In &quot;Wissenswert&quot;","block_context":{"text":"Wissenswert","link":"https:\/\/www.flora-pharm.de\/blog\/category\/wissenswert\/"},"img":{"alt_text":"Baby Windel Mehrweg","src":"https:\/\/i0.wp.com\/www.flora-pharm.de\/blog\/wp-content\/uploads\/2021\/04\/gut-gewickelt.jpg?resize=350%2C200&ssl=1","width":350,"height":200,"srcset":"https:\/\/i0.wp.com\/www.flora-pharm.de\/blog\/wp-content\/uploads\/2021\/04\/gut-gewickelt.jpg?resize=350%2C200&ssl=1 1x, https:\/\/i0.wp.com\/www.flora-pharm.de\/blog\/wp-content\/uploads\/2021\/04\/gut-gewickelt.jpg?resize=525%2C300&ssl=1 1.5x, https:\/\/i0.wp.com\/www.flora-pharm.de\/blog\/wp-content\/uploads\/2021\/04\/gut-gewickelt.jpg?resize=700%2C400&ssl=1 2x"},"classes":[]},{"id":9048,"url":"https:\/\/www.flora-pharm.de\/blog\/kompetente-kinderapotheke\/","url_meta":{"origin":7651,"position":4},"title":"Kompetente Kinderapotheke","author":"Flora Team","date":"27. Februar 2024","format":false,"excerpt":"Ihr Kind ist krank? In der Vor-Ort-Apotheke bekommen Eltern passgenaue Medikamente und auch gesunde Tipps aus erster Hand.","rel":"","context":"In &quot;Wissenswert&quot;","block_context":{"text":"Wissenswert","link":"https:\/\/www.flora-pharm.de\/blog\/category\/wissenswert\/"},"img":{"alt_text":"Kompetente Kinderapotheke","src":"https:\/\/i0.wp.com\/www.flora-pharm.de\/blog\/wp-content\/uploads\/2024\/02\/kompetente-kinderapotheke.jpg?resize=350%2C200&ssl=1","width":350,"height":200,"srcset":"https:\/\/i0.wp.com\/www.flora-pharm.de\/blog\/wp-content\/uploads\/2024\/02\/kompetente-kinderapotheke.jpg?resize=350%2C200&ssl=1 1x, https:\/\/i0.wp.com\/www.flora-pharm.de\/blog\/wp-content\/uploads\/2024\/02\/kompetente-kinderapotheke.jpg?resize=525%2C300&ssl=1 1.5x, https:\/\/i0.wp.com\/www.flora-pharm.de\/blog\/wp-content\/uploads\/2024\/02\/kompetente-kinderapotheke.jpg?resize=700%2C400&ssl=1 2x, https:\/\/i0.wp.com\/www.flora-pharm.de\/blog\/wp-content\/uploads\/2024\/02\/kompetente-kinderapotheke.jpg?resize=1050%2C600&ssl=1 3x"},"classes":[]},{"id":249,"url":"https:\/\/www.flora-pharm.de\/blog\/kinder-und-arzneimittel\/","url_meta":{"origin":7651,"position":5},"title":"Kinder und Arzneimittel","author":"Flora Team","date":"14. M\u00e4rz 2014","format":false,"excerpt":"Oft werden Eltern mit ihrem kranken Kind und den Medikamenten allein gelassen, dabei stehen Kind und Eltern jetzt vor der Bew\u00e4hrungsprobe, die Medikamente einzunehmen bzw. verabreichen zu m\u00fcssen. Dabei entwickelt manch kleiner Liebling kreative Verweigerungsmethoden, die durch unkontrollierte Bewegungen auch durchaus schmerzhaft enden k\u00f6nnen, da ist lautes Schreien fast schon\u2026","rel":"","context":"In &quot;Flora Apotheke&quot;","block_context":{"text":"Flora Apotheke","link":"https:\/\/www.flora-pharm.de\/blog\/category\/flora-apotheke\/"},"img":{"alt_text":"","src":"https:\/\/i0.wp.com\/www.flora-pharm.de\/blog\/wp-content\/uploads\/2014\/03\/kapsel-kind-mrz14.jpg?resize=350%2C200&ssl=1","width":350,"height":200,"srcset":"https:\/\/i0.wp.com\/www.flora-pharm.de\/blog\/wp-content\/uploads\/2014\/03\/kapsel-kind-mrz14.jpg?resize=350%2C200&ssl=1 1x, https:\/\/i0.wp.com\/www.flora-pharm.de\/blog\/wp-content\/uploads\/2014\/03\/kapsel-kind-mrz14.jpg?resize=525%2C300&ssl=1 1.5x"},"classes":[]}],"jetpack_sharing_enabled":true,"_links":{"self":[{"href":"https:\/\/www.flora-pharm.de\/blog\/wp-json\/wp\/v2\/posts\/7651","targetHints":{"allow":["GET"]}}],"collection":[{"href":"https:\/\/www.flora-pharm.de\/blog\/wp-json\/wp\/v2\/posts"}],"about":[{"href":"https:\/\/www.flora-pharm.de\/blog\/wp-json\/wp\/v2\/types\/post"}],"author":[{"embeddable":true,"href":"https:\/\/www.flora-pharm.de\/blog\/wp-json\/wp\/v2\/users\/1"}],"replies":[{"embeddable":true,"href":"https:\/\/www.flora-pharm.de\/blog\/wp-json\/wp\/v2\/comments?post=7651"}],"version-history":[{"count":2,"href":"https:\/\/www.flora-pharm.de\/blog\/wp-json\/wp\/v2\/posts\/7651\/revisions"}],"predecessor-version":[{"id":7657,"href":"https:\/\/www.flora-pharm.de\/blog\/wp-json\/wp\/v2\/posts\/7651\/revisions\/7657"}],"wp:featuredmedia":[{"embeddable":true,"href":"https:\/\/www.flora-pharm.de\/blog\/wp-json\/wp\/v2\/media\/7633"}],"wp:attachment":[{"href":"https:\/\/www.flora-pharm.de\/blog\/wp-json\/wp\/v2\/media?parent=7651"}],"wp:term":[{"taxonomy":"category","embeddable":true,"href":"https:\/\/www.flora-pharm.de\/blog\/wp-json\/wp\/v2\/categories?post=7651"},{"taxonomy":"post_tag","embeddable":true,"href":"https:\/\/www.flora-pharm.de\/blog\/wp-json\/wp\/v2\/tags?post=7651"}],"curies":[{"name":"wp","href":"https:\/\/api.w.org\/{rel}","templated":true}]}}