{"id":7689,"date":"2021-05-25T09:31:40","date_gmt":"2021-05-25T07:31:40","guid":{"rendered":"https:\/\/www.flora-pharm.de\/blog\/?p=7689"},"modified":"2021-06-29T10:53:59","modified_gmt":"2021-06-29T08:53:59","slug":"mythencheck-die-wahrheit-ueber-heuschnupfen","status":"publish","type":"post","link":"https:\/\/www.flora-pharm.de\/blog\/mythencheck-die-wahrheit-ueber-heuschnupfen\/","title":{"rendered":"Mythencheck: Die Wahrheit \u00fcber Heuschnupfen"},"content":{"rendered":"\n<p>Pollen fliegen nur bei Sonnenschein. Stimmt das? Allergien entstehen nur im Kindesalter \u2013 richtig? <em>Stefanie Happ<\/em> deckt auf und pustet die h\u00e4ufigsten <a href=\"https:\/\/www.flora-pharm.de\/blog\/tag\/mythos\/\">Irrt\u00fcmer<\/a> weg.<\/p>\n\n\n\n<p>PS: Lesen Sie auch <a href=\"https:\/\/www.flora-pharm.de\/blog\/allergie-fehldeutung-des-immunsystems\/\">Allergie \u2013 Fehldeutung des Immunsystems<\/a> sowie weitere Artikel zum <a href=\"https:\/\/www.flora-pharm.de\/blog\/tag\/allergie\/\">Thema Allergie<\/a> bzw. zum <a href=\"https:\/\/www.flora-pharm.de\/blog\/tag\/heuschnupfen\/\">Thema Heuschnupfen<\/a>.<\/p>\n\n\n\n<div style=\"height:50px\" aria-hidden=\"true\" class=\"wp-block-spacer\"><\/div>\n\n\n\n<h2 class=\"wp-block-heading\">Mythos: Bei Regen pollenfreie Zone<\/h2>\n\n\n\n<p><strong>Teilweise richtig.<\/strong> Bei bedecktem Himmel und Nieselregen k\u00f6nnen viele Allergiker in der Tat aufatmen. Denn die N\u00e4sse dr\u00fcckt die Pollen zu Boden und ihre Konzentration in der Luft nimmt ab. Anders sieht die Lage aus, wenn ein pl\u00f6tzliches Sommergewitter die Gr\u00e4serpollen aufwirbelt. Im heftigen Regenschauer platzen die Pollen und feinste allergene Partikel werden freigesetzt. Diese k\u00f6nnen tief in die Atemwege eindringen und den Heuschnupfen verschlimmern.<\/p>\n\n\n\n<h2 class=\"wp-block-heading\">Mythos: Pollenflug nur im Fr\u00fchling<\/h2>\n\n\n\n<p><strong>Stimmt leider nicht (mehr).<\/strong> Schuld ist der Klimawandel. Milde Winter bewirken, dass viele Pflanzen verfr\u00fcht anfangen zu bl\u00fchen und ihren Bl\u00fctenstaub bereits ab Januar verteilen. Vor allem Erle und Haselnuss sind dann schon aktiv. Die Allergiezeit hat sich insgesamt verl\u00e4ngert, weil Pflanzen aus anderen Teilen der Erde inzwischen bei uns heimisch sind. <a href=\"https:\/\/www.flora-pharm.de\/blog\/ambrosia-der-albtraum-fuer-allergiker\/\">Ambrosia<\/a> zum Beispiel stammt urspr\u00fcnglich aus Amerika und verbreitet sich hierzulande rasend schnell. Ihre Allergene gelten als besonders aggressiv. Die Hauptbl\u00fctezeit der Ambrosia ist erst ab August. Fr\u00fcher hatten Heuschnupfengeplagte im Sp\u00e4tsommer das Schlimmste \u00fcberstanden. Heute ist das nicht mehr so.<\/p>\n\n\n\n<h2 class=\"wp-block-heading\">Mythos: Lieber nur abends l\u00fcften<\/h2>\n\n\n\n<p><strong>Halbwahr.<\/strong> Es kommt darauf, wo Sie wohnen. Auf dem Land soll die Pollenbelastung in den fr\u00fchen Morgenstunden am h\u00f6chsten sein. In der Stadt hingegen eher am Abend. Fakt ist: Allergene Partikel sind so winzig klein, sie kommen auch durch die geschlossenen Fenster und fallen zu Boden. Wenn dann gel\u00fcftet wird, treibt der Lufthauch die Pollen auf und der Niesanfall kann beginnen. Allergiker sollten daher spezielle Pollengitter an ihren Fenstern anbringen. Detaillierte Informationen zum <a href=\"https:\/\/www.flora-pharm.de\/pollenflug.htm\" target=\"_blank\" rel=\"noreferrer noopener\">Pollenflug<\/a> in Ihrer Region gibt es auf der Webseite der <a href=\"https:\/\/www.pollenstiftung.de\/\" target=\"_blank\" rel=\"noreferrer noopener\">Stiftung Deutscher Polleninformationsdienst<\/a>.<\/p>\n\n\n\n<h2 class=\"wp-block-heading\">Mythos: Joghurt beugt Heuschnupfen vor<\/h2>\n\n\n\n<p><strong>Da ist was dran.<\/strong> Experten haben festgestellt, dass das Mikrobiom m\u00f6glicherweise einen Einfluss auf Allergien hat. Im Darm sitzt bekanntlich ein wichtiger Teil unseres Immunsystems. Ist dort die Bakterienflora intakt, sind wir in gewisser Weise vor Allergien gesch\u00fctzt. Ern\u00e4hrungsberater raten daher, t\u00e4glich probiotischen Joghurt zu essen. Dieser enth\u00e4lt Bakterien, die den <a href=\"https:\/\/www.flora-pharm.de\/blog\/darmgesundheit\/\">Darm gesund<\/a> halten. Probiotika in Form von Kapseln, Pulver oder Trinkampullen gibt es in Ihrer Apotheke.<\/p>\n\n\n\n<p><strong>\u00dcbrigens:<\/strong> Manche Obst- und Gem\u00fcsesorten wie \u00c4pfel oder Tomaten bewirken das Gegenteil und k\u00f6nnen Kreuzallergien hervorrufen.<\/p>\n\n\n\n<h2 class=\"wp-block-heading\">Mythos: Erwachsene bekommen keine Allergie<\/h2>\n\n\n\n<p><strong>Sch\u00f6n w\u00e4r\u2019s.<\/strong> In Wahrheit ist niemand gefeit. Allergien entwickeln sich im Lauf des Lebens. Vom Kindergartenkind bis zum Senior kann es jeden erwischen. J\u00fcngst beobachten Fachleute, dass die Sp\u00e4tmanifestation von Heuschnupfen und Co. sogar zunimmt. Immer mehr Menschen ab der Lebensmitte, also \u00fcber 40, klagen pl\u00f6tzlich \u00fcber die typischen Symptome: Niesattacken, laufende Nasen, gereizte und juckende Augen. M\u00f6glicherweise liegt auch dies am Klimawandel, an eingewanderten Pflanzenarten wie Ambrosia und an erh\u00f6hter <a href=\"https:\/\/www.flora-pharm.de\/blog\/tag\/feinstaub\/\">Feinstaub<\/a>-Belastung.<\/p>\n\n\n\n<h2 class=\"wp-block-heading\">Mythos: Die Seele verst\u00e4rkt Heuschnupfen<\/h2>\n\n\n\n<p><strong>Immerhin denkbar.<\/strong> Manche Betroffene m\u00fcssen schon niesen, wenn sie ein Foto von einer Birke sehen. Sie reagieren reflexartig, weil sich der Anblick von Bl\u00fcten als Schl\u00fcsselreiz in ihrer Psyche verankert hat. Aus psychosomatischer Sicht kann <a href=\"https:\/\/www.flora-pharm.de\/blog\/tag\/stress\/\">Stress<\/a> die Heuschnupfen-Symptome verschlimmern. Ein Allergie-Tagebuch zu f\u00fchren, kann helfen, verst\u00e4rkenden Ausl\u00f6sern auf die Schliche zu kommen. <a href=\"https:\/\/www.flora-pharm.de\/blog\/tag\/entspannung\/\">Entspannungsmethoden<\/a> und eine ausgewogene Work-Live-Balance sind sinnvoll, um das k\u00f6rperliche und seelische Wohlbefinden zu bessern.<\/p>\n\n\n\n<h2 class=\"wp-block-heading\">Mythos: Nur Medikamente auf Rezept helfen<\/h2>\n\n\n\n<p><strong>\u00dcberhaupt nicht:<\/strong> Insbesondere bei leichten bis mittelschweren Symptomen k\u00f6nnen auch freiverk\u00e4ufliche Pr\u00e4parate aus der Apotheke sehr gut helfen. Empfehlenswert sind die Mittel mit nat\u00fcrlichen Inhaltsstoffen. Augentropfen mit Extrakten aus der <a href=\"https:\/\/www.flora-pharm.de\/blog\/augentrost-euphrasia-entspannte-aussichten\/\">Euphrasia<\/a>-Heilpflanze haben sich bei tr\u00e4nenden Augen bew\u00e4hrt. Sie lindern das unangenehme Jucken und Brennen. Der deutsche Name der Euphrasia lautet \u00fcbrigens Augentrost, weil sich ihre Extrakte wie ein Schutzfilm auf die entz\u00fcndete Bindehaut legen. F\u00fchlen sich die Augen trocken und gereizt an, ist Malve die Arzneipflanze der Wahl. Die Tropfen mit Malve-Wirkstoffen beruhigen die Augen, befeuchten sie und stabilisieren den Tr\u00e4nenfilm. Weil bei Heuschnupfen auch die Nase stark in Mitleidenschaft gezogen ist, braucht sie spezielle Pflege. Nasenspray mit Aloe Vera und isotonischer Kochsalzl\u00f6sung erleichtern das Durchatmen, l\u00f6sen festsitzendes Sekret und f\u00f6rdern die Wundheilung der Nasenschleimhaut. Bei den nat\u00fcrlichen Helfern ist kein Gew\u00f6hnungseffekt zu bef\u00fcrchten. Daher sind sie f\u00fcr die Langzeitanwendung gut geeignet. Fragen Sie Ihren Arzt.<\/p>\n\n\n\n<p>Ausf\u00fchrliche Informationen finden Sie auch beim <a href=\"http:\/\/www.daab.de\" target=\"_blank\" rel=\"noreferrer noopener\">Deutschen Allergie- und Asthmabund<\/a> (DAAB).<\/p>\n\n\n\n<div style=\"height:50px\" aria-hidden=\"true\" class=\"wp-block-spacer\"><\/div>\n\n\n\n<p><strong><em>Passende Produkte und kompetente Beratung erhalten Sie individuell auf Sie abgestimmt auch bei uns, in Ihrer Flora Apotheke Hannover. Sprechen Sie uns gern an.<\/em><\/strong><\/p>\n\n\n\n<div style=\"height:100px\" aria-hidden=\"true\" class=\"wp-block-spacer\"><\/div>\n\n\n\n<div class=\"wp-block-image\"><figure class=\"aligncenter size-medium\"><img loading=\"lazy\" decoding=\"async\" width=\"225\" height=\"300\" data-attachment-id=\"7667\" data-permalink=\"https:\/\/www.flora-pharm.de\/blog\/naturheilkunde-und-gesundheit-cover-05-2021\/\" data-orig-file=\"https:\/\/www.flora-pharm.de\/blog\/wp-content\/uploads\/2021\/04\/naturheilkunde-und-gesundheit-cover-05-2021.jpg\" data-orig-size=\"450,600\" data-comments-opened=\"1\" data-image-meta=\"{&quot;aperture&quot;:&quot;0&quot;,&quot;credit&quot;:&quot;&quot;,&quot;camera&quot;:&quot;&quot;,&quot;caption&quot;:&quot;&quot;,&quot;created_timestamp&quot;:&quot;0&quot;,&quot;copyright&quot;:&quot;&quot;,&quot;focal_length&quot;:&quot;0&quot;,&quot;iso&quot;:&quot;0&quot;,&quot;shutter_speed&quot;:&quot;0&quot;,&quot;title&quot;:&quot;&quot;,&quot;orientation&quot;:&quot;1&quot;}\" data-image-title=\"naturheilkunde-und-gesundheit-cover-05-2021\" data-image-description=\"\" data-image-caption=\"&lt;p&gt;Text mit freundlicher Genehmigung der S &amp;#038; D Verlag GmbH. Das komplette &amp;#8222;Naturheilkunde &amp;#038; Gesundheit&amp;#8220; Heft bekommen Sie auch bei uns in der Apotheke.&lt;\/p&gt;\n\" data-large-file=\"https:\/\/www.flora-pharm.de\/blog\/wp-content\/uploads\/2021\/04\/naturheilkunde-und-gesundheit-cover-05-2021.jpg\" src=\"https:\/\/www.flora-pharm.de\/blog\/wp-content\/uploads\/2021\/04\/naturheilkunde-und-gesundheit-cover-05-2021-225x300.jpg\" alt=\"NuG 5\/21\" class=\"wp-image-7667\" srcset=\"https:\/\/www.flora-pharm.de\/blog\/wp-content\/uploads\/2021\/04\/naturheilkunde-und-gesundheit-cover-05-2021-225x300.jpg 225w, https:\/\/www.flora-pharm.de\/blog\/wp-content\/uploads\/2021\/04\/naturheilkunde-und-gesundheit-cover-05-2021.jpg 450w\" sizes=\"auto, (max-width: 225px) 100vw, 225px\" \/><figcaption>Text mit freundlicher Genehmigung der S &amp; D Verlag GmbH. Das komplette &#8222;Naturheilkunde &amp; Gesundheit&#8220; Heft bekommen Sie auch bei uns in der Apotheke.<\/figcaption><\/figure><\/div>\n","protected":false},"excerpt":{"rendered":"<p>Mythencheck Heuschnupfen: Pollen fliegen nur bei Sonnenschein. Stimmt das? Allergien entstehen nur im Kindesalter \u2013 richtig? Pusten wir Irrt\u00fcmer weg<\/p>\n","protected":false},"author":1,"featured_media":7675,"comment_status":"open","ping_status":"open","sticky":false,"template":"","format":"standard","meta":{"jetpack_post_was_ever_published":false,"_jetpack_newsletter_access":"","_jetpack_dont_email_post_to_subs":false,"_jetpack_newsletter_tier_id":0,"_jetpack_memberships_contains_paywalled_content":false,"_jetpack_memberships_contains_paid_content":false,"footnotes":""},"categories":[8],"tags":[362,632,646,422],"class_list":["post-7689","post","type-post","status-publish","format-standard","has-post-thumbnail","hentry","category-wissenswert","tag-allergie","tag-heuschnupfen","tag-mythos","tag-naturheilkunde-und-gesundheit","has-post-title","has-post-date","has-post-category","has-post-tag","has-post-comment","has-post-author",""],"jetpack_featured_media_url":"https:\/\/www.flora-pharm.de\/blog\/wp-content\/uploads\/2021\/04\/heuschnupfen-mythen.jpg","jetpack-related-posts":[{"id":5906,"url":"https:\/\/www.flora-pharm.de\/blog\/bevor-die-pollen-fliegen-heuschnupfen-vorbeugen\/","url_meta":{"origin":7689,"position":0},"title":"Bevor die Pollen fliegen &#8211; Heuschnupfen vorbeugen","author":"Flora Team","date":"14. Februar 2019","format":false,"excerpt":"Immer fr\u00fcher beginnt f\u00fcr Pollenallergiker die Leidenszeit. Etwa jeder sechste Deutsche leidet unter Heuschnupfen. Welche nat\u00fcrlichen Mittel eignen sich zur Vorbeugung? \u00a0 Ein Beitrag von Saskia Fechte. \u00a0 Das Gef\u00fchl tr\u00fcgt nicht: Der Deutsche Allergie- und Asthmabund e. V. best\u00e4tigt, dass sich der Pollenflug im Lauf der letzten Jahre aufgrund\u2026","rel":"","context":"In &quot;Wissenswert&quot;","block_context":{"text":"Wissenswert","link":"https:\/\/www.flora-pharm.de\/blog\/category\/wissenswert\/"},"img":{"alt_text":"Heuschnupfen nat\u00fcrlich vorbeugen","src":"https:\/\/i0.wp.com\/www.flora-pharm.de\/blog\/wp-content\/uploads\/2019\/02\/heuschnupfen-pollenflug-vorbeugung.jpg?resize=350%2C200&ssl=1","width":350,"height":200,"srcset":"https:\/\/i0.wp.com\/www.flora-pharm.de\/blog\/wp-content\/uploads\/2019\/02\/heuschnupfen-pollenflug-vorbeugung.jpg?resize=350%2C200&ssl=1 1x, https:\/\/i0.wp.com\/www.flora-pharm.de\/blog\/wp-content\/uploads\/2019\/02\/heuschnupfen-pollenflug-vorbeugung.jpg?resize=525%2C300&ssl=1 1.5x, https:\/\/i0.wp.com\/www.flora-pharm.de\/blog\/wp-content\/uploads\/2019\/02\/heuschnupfen-pollenflug-vorbeugung.jpg?resize=700%2C400&ssl=1 2x"},"classes":[]},{"id":3953,"url":"https:\/\/www.flora-pharm.de\/blog\/heuschnupfen-achtung-pollen\/","url_meta":{"origin":7689,"position":1},"title":"Heuschnupfen &#8211; Achtung Pollen!","author":"Flora Team","date":"14. M\u00e4rz 2017","format":false,"excerpt":"Mit diesen naturheilkundlichen Tipps kommen Sie gut durch die Heuschnupfenzeit! Die ersten Bl\u00fcten sind die Vorboten des lang ersehnten Fr\u00fchlings. Doch nicht alle freuen sich dar\u00fcber. Etwa jeder f\u00fcnfte Erwachsene leidet in Deutschland unter einer Pollenallergie, im Volksmund auch Heuschnupfen genannt. Winzig kleine Pollen als Inhalationsallergene l\u00f6sen bei Betroffenen Niesreiz,\u2026","rel":"","context":"In &quot;Wissenswert&quot;","block_context":{"text":"Wissenswert","link":"https:\/\/www.flora-pharm.de\/blog\/category\/wissenswert\/"},"img":{"alt_text":"","src":"https:\/\/i0.wp.com\/www.flora-pharm.de\/blog\/wp-content\/uploads\/2017\/03\/pollen.jpg?resize=350%2C200&ssl=1","width":350,"height":200,"srcset":"https:\/\/i0.wp.com\/www.flora-pharm.de\/blog\/wp-content\/uploads\/2017\/03\/pollen.jpg?resize=350%2C200&ssl=1 1x, https:\/\/i0.wp.com\/www.flora-pharm.de\/blog\/wp-content\/uploads\/2017\/03\/pollen.jpg?resize=525%2C300&ssl=1 1.5x, https:\/\/i0.wp.com\/www.flora-pharm.de\/blog\/wp-content\/uploads\/2017\/03\/pollen.jpg?resize=700%2C400&ssl=1 2x"},"classes":[]},{"id":4921,"url":"https:\/\/www.flora-pharm.de\/blog\/akupunktur-bei-heuschnupfen-und-allergie\/","url_meta":{"origin":7689,"position":2},"title":"Akupunktur bei Heuschnupfen und Allergie","author":"Flora Team","date":"9. April 2018","format":false,"excerpt":"Hatschi \u2013 die Pollen sind da!F\u00fcr Heuschnupfengeplagte hat die Zeit der Niesattacken und tr\u00e4nenden Augen begonnen. Feine Nadelstiche lassen hoffen. Hat die Traditionelle Chinesische Medizin (TCM) eine Methode, die Allergikern endlich die Freude am Fr\u00fchling beschert?PS: Lesen Sie auch Heuschnupfen \u2013 Achtung Pollen! Wie funktioniert Akupunktur Akupunktur ist ein wesentlicher\u2026","rel":"","context":"In &quot;Wissenswert&quot;","block_context":{"text":"Wissenswert","link":"https:\/\/www.flora-pharm.de\/blog\/category\/wissenswert\/"},"img":{"alt_text":"Akupunktur bei Heuschnupfen und Allergie","src":"https:\/\/i0.wp.com\/www.flora-pharm.de\/blog\/wp-content\/uploads\/2018\/04\/akupunktur-heuschnupfen.jpg?resize=350%2C200&ssl=1","width":350,"height":200,"srcset":"https:\/\/i0.wp.com\/www.flora-pharm.de\/blog\/wp-content\/uploads\/2018\/04\/akupunktur-heuschnupfen.jpg?resize=350%2C200&ssl=1 1x, https:\/\/i0.wp.com\/www.flora-pharm.de\/blog\/wp-content\/uploads\/2018\/04\/akupunktur-heuschnupfen.jpg?resize=525%2C300&ssl=1 1.5x, https:\/\/i0.wp.com\/www.flora-pharm.de\/blog\/wp-content\/uploads\/2018\/04\/akupunktur-heuschnupfen.jpg?resize=700%2C400&ssl=1 2x"},"classes":[]},{"id":6825,"url":"https:\/\/www.flora-pharm.de\/blog\/adieu-allergie-mit-schuessler-salzen\/","url_meta":{"origin":7689,"position":3},"title":"Adieu, Allergie &#8211; mit Sch\u00fc\u00dfler-Salzen","author":"Flora Team","date":"16. April 2020","format":false,"excerpt":"Den Fr\u00fchling genie\u00dfen \u2013 ohne Heuschnupfen. Mit Sch\u00fc\u00dfler-Salzen kommen Sie gut durch die Pollenzeit. Alles bl\u00fcht, alles gr\u00fcnt \u2013 herrlich! Nicht f\u00fcr Heuschnupfen-Geplagte. Die Pollen der B\u00e4ume, Str\u00e4ucher und Gr\u00e4ser l\u00f6sen bei ihnen die typischen Symptome aus. Die Nase l\u00e4uft und kribbelt. St\u00e4ndige Niesattacken sind eine Qual. Die Augen sind\u2026","rel":"","context":"In &quot;Wissenswert&quot;","block_context":{"text":"Wissenswert","link":"https:\/\/www.flora-pharm.de\/blog\/category\/wissenswert\/"},"img":{"alt_text":"Adieu, Allergie - Sch\u00fc\u00dfler-Salze","src":"https:\/\/i0.wp.com\/www.flora-pharm.de\/blog\/wp-content\/uploads\/2020\/04\/allergie-schuessler-salze.jpg?resize=350%2C200&ssl=1","width":350,"height":200,"srcset":"https:\/\/i0.wp.com\/www.flora-pharm.de\/blog\/wp-content\/uploads\/2020\/04\/allergie-schuessler-salze.jpg?resize=350%2C200&ssl=1 1x, https:\/\/i0.wp.com\/www.flora-pharm.de\/blog\/wp-content\/uploads\/2020\/04\/allergie-schuessler-salze.jpg?resize=525%2C300&ssl=1 1.5x, https:\/\/i0.wp.com\/www.flora-pharm.de\/blog\/wp-content\/uploads\/2020\/04\/allergie-schuessler-salze.jpg?resize=700%2C400&ssl=1 2x"},"classes":[]},{"id":9082,"url":"https:\/\/www.flora-pharm.de\/blog\/heuschnupfen\/","url_meta":{"origin":7689,"position":4},"title":"Heuschnupfen?","author":"Flora Team","date":"8. April 2024","format":false,"excerpt":"Kaum steht der Fr\u00fchling in den Startl\u00f6chern, l\u00e4uft auch schon die Nase und die Augen jucken ebenfalls. Pollenallergie. Heuschnupfen. Und nun?","rel":"","context":"In &quot;Wissenswert&quot;","block_context":{"text":"Wissenswert","link":"https:\/\/www.flora-pharm.de\/blog\/category\/wissenswert\/"},"img":{"alt_text":"Nat\u00fcrlich gegen den Heuschnupfen","src":"https:\/\/i0.wp.com\/www.flora-pharm.de\/blog\/wp-content\/uploads\/2024\/03\/heuschnupfen-natuerlich-nicht.jpg?resize=350%2C200&ssl=1","width":350,"height":200,"srcset":"https:\/\/i0.wp.com\/www.flora-pharm.de\/blog\/wp-content\/uploads\/2024\/03\/heuschnupfen-natuerlich-nicht.jpg?resize=350%2C200&ssl=1 1x, https:\/\/i0.wp.com\/www.flora-pharm.de\/blog\/wp-content\/uploads\/2024\/03\/heuschnupfen-natuerlich-nicht.jpg?resize=525%2C300&ssl=1 1.5x, https:\/\/i0.wp.com\/www.flora-pharm.de\/blog\/wp-content\/uploads\/2024\/03\/heuschnupfen-natuerlich-nicht.jpg?resize=700%2C400&ssl=1 2x, https:\/\/i0.wp.com\/www.flora-pharm.de\/blog\/wp-content\/uploads\/2024\/03\/heuschnupfen-natuerlich-nicht.jpg?resize=1050%2C600&ssl=1 3x"},"classes":[]},{"id":9471,"url":"https:\/\/www.flora-pharm.de\/blog\/11-tipps-gegen-heuschnupfen\/","url_meta":{"origin":7689,"position":5},"title":"11 Tipps gegen Heuschnupfen","author":"Flora Team","date":"14. M\u00e4rz 2025","format":false,"excerpt":"Freuen Sie sich auf den Fr\u00fchling? Heuschnupfen-Geplagte eher nicht. Wir geben Tipps f\u00fcr nat\u00fcrliche Hilfe in der Pollensaison.","rel":"","context":"In &quot;Wissenswert&quot;","block_context":{"text":"Wissenswert","link":"https:\/\/www.flora-pharm.de\/blog\/category\/wissenswert\/"},"img":{"alt_text":"11 tipps gegen heuschnupfen. Hoffentlich helfen die der Frau auf dem Sofa, die sich gerade die Nase mit einem Taschentuch putzt","src":"https:\/\/i0.wp.com\/www.flora-pharm.de\/blog\/wp-content\/uploads\/2025\/02\/11-tipps-gegen-heuschnupfen.jpg?resize=350%2C200&ssl=1","width":350,"height":200,"srcset":"https:\/\/i0.wp.com\/www.flora-pharm.de\/blog\/wp-content\/uploads\/2025\/02\/11-tipps-gegen-heuschnupfen.jpg?resize=350%2C200&ssl=1 1x, https:\/\/i0.wp.com\/www.flora-pharm.de\/blog\/wp-content\/uploads\/2025\/02\/11-tipps-gegen-heuschnupfen.jpg?resize=525%2C300&ssl=1 1.5x, https:\/\/i0.wp.com\/www.flora-pharm.de\/blog\/wp-content\/uploads\/2025\/02\/11-tipps-gegen-heuschnupfen.jpg?resize=700%2C400&ssl=1 2x, https:\/\/i0.wp.com\/www.flora-pharm.de\/blog\/wp-content\/uploads\/2025\/02\/11-tipps-gegen-heuschnupfen.jpg?resize=1050%2C600&ssl=1 3x"},"classes":[]}],"jetpack_sharing_enabled":true,"_links":{"self":[{"href":"https:\/\/www.flora-pharm.de\/blog\/wp-json\/wp\/v2\/posts\/7689","targetHints":{"allow":["GET"]}}],"collection":[{"href":"https:\/\/www.flora-pharm.de\/blog\/wp-json\/wp\/v2\/posts"}],"about":[{"href":"https:\/\/www.flora-pharm.de\/blog\/wp-json\/wp\/v2\/types\/post"}],"author":[{"embeddable":true,"href":"https:\/\/www.flora-pharm.de\/blog\/wp-json\/wp\/v2\/users\/1"}],"replies":[{"embeddable":true,"href":"https:\/\/www.flora-pharm.de\/blog\/wp-json\/wp\/v2\/comments?post=7689"}],"version-history":[{"count":4,"href":"https:\/\/www.flora-pharm.de\/blog\/wp-json\/wp\/v2\/posts\/7689\/revisions"}],"predecessor-version":[{"id":7705,"href":"https:\/\/www.flora-pharm.de\/blog\/wp-json\/wp\/v2\/posts\/7689\/revisions\/7705"}],"wp:featuredmedia":[{"embeddable":true,"href":"https:\/\/www.flora-pharm.de\/blog\/wp-json\/wp\/v2\/media\/7675"}],"wp:attachment":[{"href":"https:\/\/www.flora-pharm.de\/blog\/wp-json\/wp\/v2\/media?parent=7689"}],"wp:term":[{"taxonomy":"category","embeddable":true,"href":"https:\/\/www.flora-pharm.de\/blog\/wp-json\/wp\/v2\/categories?post=7689"},{"taxonomy":"post_tag","embeddable":true,"href":"https:\/\/www.flora-pharm.de\/blog\/wp-json\/wp\/v2\/tags?post=7689"}],"curies":[{"name":"wp","href":"https:\/\/api.w.org\/{rel}","templated":true}]}}