{"id":7725,"date":"2021-07-27T09:18:00","date_gmt":"2021-07-27T07:18:00","guid":{"rendered":"https:\/\/www.flora-pharm.de\/blog\/?p=7725"},"modified":"2021-07-27T09:23:24","modified_gmt":"2021-07-27T07:23:24","slug":"gegen-das-uebel","status":"publish","type":"post","link":"https:\/\/www.flora-pharm.de\/blog\/gegen-das-uebel\/","title":{"rendered":"Gegen das \u00dcbel"},"content":{"rendered":"\n<p>Schwummrig, koddrig, bl\u00fcmerant \u2013 viele Begriffe umschreiben das Unwohlsein, das seine Quelle scheinbar im oberen Bauchraum hat und manchmal von Schwindelgef\u00fchlen begleitet wird. Es ereilt einen bei einem akuten Infekt, in der Schwangerschaft oder durch einen Wetterumschwung. \u00dcbelkeit ist auch eine bekannte Begleiterscheinung bei Nahrungsmittelunvertr\u00e4glichkeit und Migr\u00e4ne. Die intensive Empfindung wird durch widerspr\u00fcchliche Informationen an das Gehirn ausgel\u00f6st. Wenn die Augen, das Gleichgewichtsorgan im Innenohr und die Rezeptoren in den Muskeln unterschiedliche Botschaften \u00fcber die Lage des K\u00f6rpers senden, ist das Denkorgan verwirrt. Die Folgen sind nicht gef\u00e4hrlich, aber h\u00f6chst unangenehm. Treten zus\u00e4tzliche Symptome oder wiederholte \u00dcbelkeitsattacken auf, ist ein Arztbesuch ratsam. &#8211; <em>Von Saskia Fechte<\/em><\/p>\n\n\n\n<h2 class=\"wp-block-heading\">Ingwer<\/h2>\n\n\n\n<p>In der gelben Wurzel stecken \u00e4therische \u00d6le, die Verdauungsbeschwerden sowie \u00dcbelkeit lindern. Dazu kleine Scheiben frischen Ingwer langsam und gr\u00fcndlich kauen. Wer das nicht mag, kann Ingwertee in kleinen Schlucken trinken oder Fertigpr\u00e4parate in Kapselform oder Tropfen einnehmen. Achtung: Ingwer gilt als Wehen f\u00f6rdernde Heilpflanze. Die Anwendung w\u00e4hrend der Schwangerschaft sollte nur nach \u00e4rztlicher Absprache erfolgen.<\/p>\n\n\n\n<h2 class=\"wp-block-heading\">Vitamin B6<\/h2>\n\n\n\n<p>Der pl\u00f6tzliche Anstieg des Schwangerschaftshormons HCG bringt den Hormonhaushalt durcheinander, infolgedessen wird es vielen Frauen in den ersten Schwangerschaftswochen vor allem morgens schlecht. Hier kann die Einnahme von Vitamin B6 Erleichterung verschaffen. Der N\u00e4hrstoff reguliert den aus der Bahn geratenen Hormonhaushalt und stoppt die typischen Beschwerden. Lesen Sie mehr \u00fcber den <a href=\"https:\/\/www.flora-pharm.de\/blog\/vitamin-b-komplex-teamplayer-vitamine\/\">Vitamin B-Komplex<\/a>.<\/p>\n\n\n\n<h2 class=\"wp-block-heading\">Hom\u00f6opathie<\/h2>\n\n\n\n<p>Je nach Situation sind unterschiedliche Mittel geeignet. Cocculus und Tabacum wirken bei Reise\u00fcbelkeit, Kopfschmerz und Schwindel. Nux vomica ist bei flauem Magen in Verbindung mit stressbedingten Verdauungsst\u00f6rungen angezeigt, Arsenicum album bei akuten Magen-Darm-Infekten. Nach \u00fcppigem Essen und bei dauerhaften Beschwerden hilft Ipecacuanha. Im Fall von \u00dcberempfindlichkeit gegen\u00fcber Ger\u00fcchen in der Schwangerschaft wird Colchicum empfohlen. Lesen Sie auch: <a href=\"https:\/\/www.flora-pharm.de\/blog\/homoeopathie-ein-steckbrief\/\">Hom\u00f6opathie \u2013 ein Steckbrief<\/a>.<\/p>\n\n\n\n<h2 class=\"wp-block-heading\">Heilpflanzen<\/h2>\n\n\n\n<p>Bitteres Schleifenkraut, Angelikawurzel und Mariendistelfr\u00fcchte k\u00f6nnen sensible Nerven im Verdauungstrakt beruhigen. Sie werden in der Regel als Kombination mit Extrakten aus Kamille, Melisse und Pfefferminze angeboten. Entsprechende Tropfen gibt es in der Apotheke.<\/p>\n\n\n\n<h2 class=\"wp-block-heading\">Anis-Fenchel-K\u00fcmmel<\/h2>\n\n\n\n<p>Die klassische Magen-Darm-Kombination wirkt auch gegen aufkommenden Brechreiz. Als Teeaufguss einige Minuten ziehen lassen und in kleinen Schlucken trinken. Kamille, Melisse und Pfefferminze sind ebenfalls bew\u00e4hrte Verdauungshelfer und einen Versuch wert.<\/p>\n\n\n\n<h2 class=\"wp-block-heading\">Minz\u00f6l<\/h2>\n\n\n\n<p>Die \u00e4therischen \u00d6le wirken nicht nur gegen Kopfweh. Im Bedarfsfall einige Tropfen auf die Stirn, Schl\u00e4fen oder im Nacken auftragen. In der Apotheke gibt es au\u00dferdem praktische Roll-on-Stifte f\u00fcr unterwegs.<\/p>\n\n\n\n<div style=\"height:26px\" aria-hidden=\"true\" class=\"wp-block-spacer\"><\/div>\n\n\n\n<h2 class=\"wp-block-heading\">E X P E R T E N R A T<\/h2>\n\n\n\n<p><strong>Unbeschwert unterwegs<\/strong><\/p>\n\n\n\n<p>\u00bbReise\u00fcbelkeit ist weitverbreitet \u00ab, sagt Cathrin Weller, pharmazeutisch-technische Assistentin in Sindelfingen. \u00bbSchon beim Autofahren haben viele Menschen mit Unwohlsein zu k\u00e4mpfen, vor allem auf der R\u00fcckbank und bei kurvigen Strecken. Wer zu solchen Beschwerden neigt, kann eines der hier genannten Mittel vorbeugend kurz vor Beginn der Fahrt zu sich nehmen. Sie wirken aber auch im Akutfall. Eine weitere M\u00f6glichkeit sind Armb\u00e4nder, die einen dosierten Druck auf einen bestimmten Akupressurpunkt aus\u00fcben. Mein zus\u00e4tzlicher Tipp: Oft hilft es, in die Ferne auf den Horizont zu schauen.\u00ab<\/p>\n\n\n\n<div style=\"height:50px\" aria-hidden=\"true\" class=\"wp-block-spacer\"><\/div>\n\n\n\n<p><strong><em>Passende Produkte und kompetente Beratung erhalten Sie individuell auf Sie abgestimmt auch bei uns, in Ihrer Flora Apotheke Hannover. Sprechen Sie uns gern an.<\/em><\/strong><\/p>\n\n\n\n<div style=\"height:100px\" aria-hidden=\"true\" class=\"wp-block-spacer\"><\/div>\n\n\n\n<div class=\"wp-block-image\"><figure class=\"aligncenter size-medium\"><img loading=\"lazy\" decoding=\"async\" width=\"225\" height=\"300\" data-attachment-id=\"7710\" data-permalink=\"https:\/\/www.flora-pharm.de\/blog\/nug-special-cover-06-2021\/\" data-orig-file=\"https:\/\/www.flora-pharm.de\/blog\/wp-content\/uploads\/2021\/05\/nug-special-cover-06-2021.jpg\" data-orig-size=\"450,600\" data-comments-opened=\"1\" data-image-meta=\"{&quot;aperture&quot;:&quot;0&quot;,&quot;credit&quot;:&quot;&quot;,&quot;camera&quot;:&quot;&quot;,&quot;caption&quot;:&quot;&quot;,&quot;created_timestamp&quot;:&quot;0&quot;,&quot;copyright&quot;:&quot;&quot;,&quot;focal_length&quot;:&quot;0&quot;,&quot;iso&quot;:&quot;0&quot;,&quot;shutter_speed&quot;:&quot;0&quot;,&quot;title&quot;:&quot;&quot;,&quot;orientation&quot;:&quot;1&quot;}\" data-image-title=\"\" data-image-description=\"\" data-image-caption=\"&lt;p&gt;Text mit freundlicher Genehmigung der S&amp;#038;D Verlag GmbH. Das komplette &amp;#8222;special&amp;#8220; bekommen Sie auch bei uns in der Apotheke als Beilage in der &amp;#8222;Naturheilkunde &amp;#038; Gesundheit&amp;#8220;.&lt;\/p&gt;\n\" data-large-file=\"https:\/\/www.flora-pharm.de\/blog\/wp-content\/uploads\/2021\/05\/nug-special-cover-06-2021.jpg\" src=\"https:\/\/www.flora-pharm.de\/blog\/wp-content\/uploads\/2021\/05\/nug-special-cover-06-2021-225x300.jpg\" alt=\"nug-special-cover-06-2021\" class=\"wp-image-7710\" srcset=\"https:\/\/www.flora-pharm.de\/blog\/wp-content\/uploads\/2021\/05\/nug-special-cover-06-2021-225x300.jpg 225w, https:\/\/www.flora-pharm.de\/blog\/wp-content\/uploads\/2021\/05\/nug-special-cover-06-2021.jpg 450w\" sizes=\"auto, (max-width: 225px) 100vw, 225px\" \/><figcaption>Text mit freundlicher Genehmigung der S&amp;D Verlag GmbH. Das komplette &#8222;special&#8220; bekommen Sie auch bei uns in der Apotheke als Beilage in der &#8222;Naturheilkunde &amp; Gesundheit&#8220;.<\/figcaption><\/figure><\/div>\n","protected":false},"excerpt":{"rendered":"<p>Flaues Gef\u00fchl im Bauch? Schwummrig, koddrig, bl\u00fcmerant? Versuchen Sie es mal mit diesen ganz nat\u00fcrlichen Gegenmitteln!<\/p>\n","protected":false},"author":1,"featured_media":7712,"comment_status":"open","ping_status":"open","sticky":false,"template":"","format":"standard","meta":{"jetpack_post_was_ever_published":false,"_jetpack_newsletter_access":"","_jetpack_dont_email_post_to_subs":false,"_jetpack_newsletter_tier_id":0,"_jetpack_memberships_contains_paywalled_content":false,"_jetpack_memberships_contains_paid_content":false,"footnotes":""},"categories":[8],"tags":[285,422],"class_list":["post-7725","post","type-post","status-publish","format-standard","has-post-thumbnail","hentry","category-wissenswert","tag-magen","tag-naturheilkunde-und-gesundheit","has-post-title","has-post-date","has-post-category","has-post-tag","has-post-comment","has-post-author",""],"jetpack_featured_media_url":"https:\/\/www.flora-pharm.de\/blog\/wp-content\/uploads\/2021\/05\/gegen-das-uebel.jpg","jetpack-related-posts":[{"id":7049,"url":"https:\/\/www.flora-pharm.de\/blog\/sanfte-hilfe-fuer-andere-umstaende\/","url_meta":{"origin":7725,"position":0},"title":"Sanfte Hilfe f\u00fcr andere Umst\u00e4nde","author":"Flora Team","date":"20. Juli 2020","format":false,"excerpt":"Hurra, ein Baby kommt! Allerdings k\u00f6nnen \u00dcbelkeit, Sodbrennen und andere typische Beschwerden die Vorfreude tr\u00fcben. Haus- und Naturheilmittel helfen dann sanft und sicher. Finden Sie auch hier im Blog weitere Artikel zum Thema Schwangerschaft. Von Verena Munde Es sind die sch\u00f6nsten und aufregendsten Monate, wenn ein neues Leben heranw\u00e4chst und\u2026","rel":"","context":"In &quot;Wissenswert&quot;","block_context":{"text":"Wissenswert","link":"https:\/\/www.flora-pharm.de\/blog\/category\/wissenswert\/"},"img":{"alt_text":"Sanfte Hilfe in der Schwangerschaft - Das Bild zeigt einen prallen Babybauch","src":"https:\/\/i0.wp.com\/www.flora-pharm.de\/blog\/wp-content\/uploads\/2020\/06\/sanfte-hilfe-fuer-andere-umstaende.jpg?resize=350%2C200&ssl=1","width":350,"height":200,"srcset":"https:\/\/i0.wp.com\/www.flora-pharm.de\/blog\/wp-content\/uploads\/2020\/06\/sanfte-hilfe-fuer-andere-umstaende.jpg?resize=350%2C200&ssl=1 1x, https:\/\/i0.wp.com\/www.flora-pharm.de\/blog\/wp-content\/uploads\/2020\/06\/sanfte-hilfe-fuer-andere-umstaende.jpg?resize=525%2C300&ssl=1 1.5x, https:\/\/i0.wp.com\/www.flora-pharm.de\/blog\/wp-content\/uploads\/2020\/06\/sanfte-hilfe-fuer-andere-umstaende.jpg?resize=700%2C400&ssl=1 2x"},"classes":[]},{"id":6401,"url":"https:\/\/www.flora-pharm.de\/blog\/migraene-nicht-einfach-kopfweh\/","url_meta":{"origin":7725,"position":1},"title":"Migr\u00e4ne, nicht einfach Kopfweh","author":"Flora Team","date":"16. September 2019","format":false,"excerpt":"Kein Vorwand, sondern echte Qual. Trotzdem werden Migr\u00e4nepatientinnen oft nicht ernst genommen.Beispielhaft und vor dem Hintergrund der Gendermedizin zeigen wir im Zusammenhang mit dieser Problematik auch das Vorurteil auf, mit dem betroffene Frauen zus\u00e4tzlich zu k\u00e4mpfen haben. \u00a0 Von Saskia Fechte \u00a0 Das Vorurteil Migr\u00e4ne, eine Erfindung schlecht gelaunter Frauen?\u2026","rel":"","context":"In &quot;Wissenswert&quot;","block_context":{"text":"Wissenswert","link":"https:\/\/www.flora-pharm.de\/blog\/category\/wissenswert\/"},"img":{"alt_text":"Migr\u00e4ne","src":"https:\/\/i0.wp.com\/www.flora-pharm.de\/blog\/wp-content\/uploads\/2019\/09\/migraene-frau.jpg?resize=350%2C200&ssl=1","width":350,"height":200,"srcset":"https:\/\/i0.wp.com\/www.flora-pharm.de\/blog\/wp-content\/uploads\/2019\/09\/migraene-frau.jpg?resize=350%2C200&ssl=1 1x, https:\/\/i0.wp.com\/www.flora-pharm.de\/blog\/wp-content\/uploads\/2019\/09\/migraene-frau.jpg?resize=525%2C300&ssl=1 1.5x, https:\/\/i0.wp.com\/www.flora-pharm.de\/blog\/wp-content\/uploads\/2019\/09\/migraene-frau.jpg?resize=700%2C400&ssl=1 2x"},"classes":[]},{"id":8839,"url":"https:\/\/www.flora-pharm.de\/blog\/seekrank\/","url_meta":{"origin":7725,"position":2},"title":"Seekrank","author":"Flora Team","date":"7. Juli 2023","format":false,"excerpt":"Seekrank \u2013 Schiffstouren & Kreuzfahrten sind beliebt. Doch nicht selten spielen Magen und Kreislauf auf dem Boot verr\u00fcckt. Was kann dagegen helfen?","rel":"","context":"In &quot;Wissenswert&quot;","block_context":{"text":"Wissenswert","link":"https:\/\/www.flora-pharm.de\/blog\/category\/wissenswert\/"},"img":{"alt_text":"Seekrank - wenn es zu sehr schaukelt","src":"https:\/\/i0.wp.com\/www.flora-pharm.de\/blog\/wp-content\/uploads\/2023\/07\/seekrank.jpg?resize=350%2C200&ssl=1","width":350,"height":200,"srcset":"https:\/\/i0.wp.com\/www.flora-pharm.de\/blog\/wp-content\/uploads\/2023\/07\/seekrank.jpg?resize=350%2C200&ssl=1 1x, https:\/\/i0.wp.com\/www.flora-pharm.de\/blog\/wp-content\/uploads\/2023\/07\/seekrank.jpg?resize=525%2C300&ssl=1 1.5x, https:\/\/i0.wp.com\/www.flora-pharm.de\/blog\/wp-content\/uploads\/2023\/07\/seekrank.jpg?resize=700%2C400&ssl=1 2x, https:\/\/i0.wp.com\/www.flora-pharm.de\/blog\/wp-content\/uploads\/2023\/07\/seekrank.jpg?resize=1050%2C600&ssl=1 3x"},"classes":[]},{"id":11531,"url":"https:\/\/www.flora-pharm.de\/blog\/gar-nicht-uebel-schwangerschaftsuebelkeit-co\/","url_meta":{"origin":7725,"position":3},"title":"Gar nicht \u00fcbel &#8211; Schwangerschafts\u00fcbelkeit &amp; Co.","author":"Flora Team","date":"20. April 2026","format":false,"excerpt":"Schwangerschafts\u00fcbelkeit, eins von vielen typischen Wehwehchen. So beugen Sie vor. Und f\u00fcr den Ernstfall gibt es sanfte Mittel.","rel":"","context":"In &quot;Wissenswert&quot;","block_context":{"text":"Wissenswert","link":"https:\/\/www.flora-pharm.de\/blog\/category\/wissenswert\/"},"img":{"alt_text":"Gar nicht \u00fcbel - Das Bild zeigt eine schwangere Frau mit Babybauch im Profil, von hinten beleuchtet. Es teast Probleme wie die Schwangerschafts\u00fcbelkeit an.","src":"https:\/\/i0.wp.com\/www.flora-pharm.de\/blog\/wp-content\/uploads\/2025\/08\/schwangerschaftsuebelkeit-vermeiden.jpg?resize=350%2C200&ssl=1","width":350,"height":200,"srcset":"https:\/\/i0.wp.com\/www.flora-pharm.de\/blog\/wp-content\/uploads\/2025\/08\/schwangerschaftsuebelkeit-vermeiden.jpg?resize=350%2C200&ssl=1 1x, https:\/\/i0.wp.com\/www.flora-pharm.de\/blog\/wp-content\/uploads\/2025\/08\/schwangerschaftsuebelkeit-vermeiden.jpg?resize=525%2C300&ssl=1 1.5x, https:\/\/i0.wp.com\/www.flora-pharm.de\/blog\/wp-content\/uploads\/2025\/08\/schwangerschaftsuebelkeit-vermeiden.jpg?resize=700%2C400&ssl=1 2x, https:\/\/i0.wp.com\/www.flora-pharm.de\/blog\/wp-content\/uploads\/2025\/08\/schwangerschaftsuebelkeit-vermeiden.jpg?resize=1050%2C600&ssl=1 3x"},"classes":[]},{"id":4242,"url":"https:\/\/www.flora-pharm.de\/blog\/7-typische-sommerkrankheiten\/","url_meta":{"origin":7725,"position":4},"title":"7 typische Sommerkrankheiten","author":"Flora Team","date":"12. Juni 2017","format":false,"excerpt":"Das ganze Jahr haben wir darauf gewartet: Sommer, Sonne, Strand und Meer. Und dann das: die Nase l\u00e4uft, der Hals brennt, das Fieber steigt. Im Urlaub lauern Bakterien, Keime und Viren an jeder Ecke. Lassen Sie sich die sch\u00f6nsten Tage des Jahres nicht vermiesen und sch\u00fctzen Sie sich vor den\u2026","rel":"","context":"In &quot;Wissenswert&quot;","block_context":{"text":"Wissenswert","link":"https:\/\/www.flora-pharm.de\/blog\/category\/wissenswert\/"},"img":{"alt_text":"Sommerkrankheiten","src":"https:\/\/i0.wp.com\/www.flora-pharm.de\/blog\/wp-content\/uploads\/2017\/06\/Sommerkrankheiten.jpg?resize=350%2C200&ssl=1","width":350,"height":200,"srcset":"https:\/\/i0.wp.com\/www.flora-pharm.de\/blog\/wp-content\/uploads\/2017\/06\/Sommerkrankheiten.jpg?resize=350%2C200&ssl=1 1x, https:\/\/i0.wp.com\/www.flora-pharm.de\/blog\/wp-content\/uploads\/2017\/06\/Sommerkrankheiten.jpg?resize=525%2C300&ssl=1 1.5x, https:\/\/i0.wp.com\/www.flora-pharm.de\/blog\/wp-content\/uploads\/2017\/06\/Sommerkrankheiten.jpg?resize=700%2C400&ssl=1 2x"},"classes":[]},{"id":2380,"url":"https:\/\/www.flora-pharm.de\/blog\/verbotene-fruechtchen\/","url_meta":{"origin":7725,"position":5},"title":"Verbotene Fr\u00fcchtchen","author":"Flora Team","date":"4. September 2014","format":false,"excerpt":"Im sp\u00e4ten Sommer mehren sich an Hecken, B\u00fcschen und Str\u00e4uchern die vielen bunten Beeren und man ist gut damit beraten, ein wachsames Auge auf den jungen Nachwuchs oder den Hund zu haben, damit nicht eine eventuell unbek\u00f6mmliche oder gar giftige Frucht im Mund verschwindet. Bei nur einer giftigen Beere (aus\u2026","rel":"","context":"In &quot;Wissenswert&quot;","block_context":{"text":"Wissenswert","link":"https:\/\/www.flora-pharm.de\/blog\/category\/wissenswert\/"},"img":{"alt_text":"","src":"https:\/\/i0.wp.com\/www.flora-pharm.de\/blog\/wp-content\/uploads\/2014\/09\/giftpflanzen_1-150x150.jpg?resize=350%2C200&ssl=1","width":350,"height":200,"srcset":"https:\/\/i0.wp.com\/www.flora-pharm.de\/blog\/wp-content\/uploads\/2014\/09\/giftpflanzen_1-150x150.jpg?resize=350%2C200&ssl=1 1x, https:\/\/i0.wp.com\/www.flora-pharm.de\/blog\/wp-content\/uploads\/2014\/09\/giftpflanzen_1-150x150.jpg?resize=525%2C300&ssl=1 1.5x, https:\/\/i0.wp.com\/www.flora-pharm.de\/blog\/wp-content\/uploads\/2014\/09\/giftpflanzen_1-150x150.jpg?resize=700%2C400&ssl=1 2x"},"classes":[]}],"jetpack_sharing_enabled":true,"_links":{"self":[{"href":"https:\/\/www.flora-pharm.de\/blog\/wp-json\/wp\/v2\/posts\/7725","targetHints":{"allow":["GET"]}}],"collection":[{"href":"https:\/\/www.flora-pharm.de\/blog\/wp-json\/wp\/v2\/posts"}],"about":[{"href":"https:\/\/www.flora-pharm.de\/blog\/wp-json\/wp\/v2\/types\/post"}],"author":[{"embeddable":true,"href":"https:\/\/www.flora-pharm.de\/blog\/wp-json\/wp\/v2\/users\/1"}],"replies":[{"embeddable":true,"href":"https:\/\/www.flora-pharm.de\/blog\/wp-json\/wp\/v2\/comments?post=7725"}],"version-history":[{"count":2,"href":"https:\/\/www.flora-pharm.de\/blog\/wp-json\/wp\/v2\/posts\/7725\/revisions"}],"predecessor-version":[{"id":7820,"href":"https:\/\/www.flora-pharm.de\/blog\/wp-json\/wp\/v2\/posts\/7725\/revisions\/7820"}],"wp:featuredmedia":[{"embeddable":true,"href":"https:\/\/www.flora-pharm.de\/blog\/wp-json\/wp\/v2\/media\/7712"}],"wp:attachment":[{"href":"https:\/\/www.flora-pharm.de\/blog\/wp-json\/wp\/v2\/media?parent=7725"}],"wp:term":[{"taxonomy":"category","embeddable":true,"href":"https:\/\/www.flora-pharm.de\/blog\/wp-json\/wp\/v2\/categories?post=7725"},{"taxonomy":"post_tag","embeddable":true,"href":"https:\/\/www.flora-pharm.de\/blog\/wp-json\/wp\/v2\/tags?post=7725"}],"curies":[{"name":"wp","href":"https:\/\/api.w.org\/{rel}","templated":true}]}}