{"id":7799,"date":"2021-08-05T09:48:19","date_gmt":"2021-08-05T07:48:19","guid":{"rendered":"https:\/\/www.flora-pharm.de\/blog\/?p=7799"},"modified":"2021-08-05T09:48:23","modified_gmt":"2021-08-05T07:48:23","slug":"umweltfreundlich-zaehne-putzen","status":"publish","type":"post","link":"https:\/\/www.flora-pharm.de\/blog\/umweltfreundlich-zaehne-putzen\/","title":{"rendered":"Umweltfreundlich Z\u00e4hne putzen"},"content":{"rendered":"\n<p>Die gute Nachricht: ja, durchaus. Immer mehr \u00f6kologische Alternativen zur Kunststoffb\u00fcrste und Plastiktube sind im Handel erh\u00e4ltlich. Und das hilft nicht nur der Natur, sondern auch uns Anwendern selbst: Neben dem guten Gef\u00fchl, einen Beitrag f\u00fcr den Umweltschutz zu leisten, sind wir mit biologisch vertr\u00e4glichen Produkten auch in Sachen Mundhygiene auf der sicheren Seite. Schlie\u00dflich pflegen sie unser Zahnfleisch und die Z\u00e4hne mit Inhaltsstoffen, die f\u00fcr unsere Gesundheit unbedenklich sind. Und entscheiden wir uns f\u00fcr biologisch abbaubare Zahnpasta, k\u00f6nnen wir deren Reste nach dem Putzen unbeschwert aus dem Waschbecken sp\u00fclen, denn sie belasten das Abwasser nicht. <em>&#8211; Von Stephanie Dr\u00f6nner<\/em><\/p>\n\n\n\n<p>Finden Sie viele weitere <a href=\"https:\/\/www.flora-pharm.de\/blog\/tag\/zaehne\/\">Artikel \u00fcber Z\u00e4hne und Zahngesundheit hier<\/a> im Blog.<\/p>\n\n\n\n<h2 class=\"wp-block-heading\">Putzen ohne Paste<\/h2>\n\n\n\n<p>Wer au\u00dferdem mithelfen m\u00f6chte, die Kunststoff-M\u00fcllberge zu reduzieren, kann statt der klassischen Plastiktube auf kompostierbare Verpackungen, Zahnpasta im Glas sowie Zahnputzpulver und -tabletten aus der Apotheke zur\u00fcckgreifen. Experten empfehlen, auf eine ausreichende Menge Fluorid zu achten, um die kariessch\u00fctzende Wirkung zu gew\u00e4hrleisten. Von selbst angemischten Rezepturen raten die Fachleute \u00fcberwiegend ab: In den Do-it-yourself-Pasten ist kein Fluorid enthalten. Zudem k\u00f6nnen die Mixturen zu viele abrasive, das hei\u00dft abreibende Stoffe enthalten, die unn\u00f6tig Zahnmaterial abtragen. Und: Die Wirksamkeit der individuellen Mischungen ist im Gegensatz zu den k\u00e4uflichen Varianten nicht durch vielf\u00e4ltige Untersuchungen und Studien gepr\u00fcft und belegt.<\/p>\n\n\n\n<h2 class=\"wp-block-heading\">Komm runter, CO2<\/h2>\n\n\n\n<p>Nat\u00fcrlich nehmen wir zur Zahnpflege neben Zahnpasta noch diverse weitere Hilfsmittel in den Mund. Und auch die schneiden auf dem \u00d6ko-Pr\u00fcfstand h\u00e4ufig nicht ganz so gut ab. Ob es nun die Zahnb\u00fcrste mit Plastikgriff und Nylonborsten oder die elektrische Variante ist, die neben Kunststoff weitere die Natur belastende Inhaltsstoffe enth\u00e4lt: F\u00fcr viele von uns gibt\u2019s im Bereich umweltfreundlicher Mundpflege noch Luft nach oben. Zugegeben, bei der elektrischen Zahnb\u00fcrste haben wir noch nicht allzu viele nachhaltige M\u00f6glichkeiten, aber immerhin: Aufs\u00e4tze aus pflanzenbasiertem und recyclebarem Biokunststoff mit Borsten aus Rizinus\u00f6l verbessern die CO2-Bilanz. Und die Nutzung von \u00d6kostrom sowie die geeignete Entsorgung, wenn das Ger\u00e4t mal nicht mehr funktioniert, erleichtern das gr\u00fcne Gewissen.<\/p>\n\n\n\n<h2 class=\"wp-block-heading\">Garn im Glas<\/h2>\n\n\n\n<p>Bei Verzicht auf die E-B\u00fcrste hat das Klima besser lachen: Hand-Varianten mit Griffen aus Holz und dem schnell nachwachsenden Bambus sind heute problemlos in Apotheken erh\u00e4ltlich \u2013 tsch\u00fcss, Plastik! Ein wenig schwieriger wird es hinsichtlich der Borsten: Solche aus Tierhaar halten Zahnmediziner f\u00fcr kritisch, da sie schnell von Keimen besiedelt werden. Eine gute Alternative sind Borsten aus Bio-Nylon: Das Material kann ohne Erd\u00f6l produziert werden.<\/p>\n\n\n\n<p>Auch andere clevere Helfer, die die Mundhygiene erg\u00e4nzen, gibt es in nachhaltiger Ausf\u00fchrung: F\u00fcr Zungenreiniger aus Edelstahl oder Bambus und Interdentalb\u00fcrsten mit Holzgriff und Bio-Kunststoffborsten machen wir doch gleich viel lieber den Mund auf. Zahnseide darf nat\u00fcrlich nicht fehlen: Produkte aus echter Seide oder als vegane L\u00f6sung Maisseide, beide mit Wachs verkleidet, sind ein klein wenig Luxus f\u00fcr die Zahnzwischenr\u00e4ume. Und statt in Plastikverpackung steckt das geniale Garn in wiederbef\u00fcllbaren Flakons aus Glas oder Edelstahl \u2013 eine rundum saubere Sache! <\/p>\n\n\n\n<div style=\"height:50px\" aria-hidden=\"true\" class=\"wp-block-spacer\"><\/div>\n\n\n\n<p><strong><em>Gesundheit aus Ihrer Apotheke \u2013 die Beratung gibt es nat\u00fcrlich kostenlos, individuell und gern dazu.<\/em><\/strong><\/p>\n\n\n\n<div style=\"height:100px\" aria-hidden=\"true\" class=\"wp-block-spacer\"><\/div>\n\n\n\n<div class=\"wp-block-image\"><figure class=\"aligncenter size-medium\"><img loading=\"lazy\" decoding=\"async\" width=\"225\" height=\"300\" data-attachment-id=\"7782\" data-permalink=\"https:\/\/www.flora-pharm.de\/blog\/nug-special-cover-07-2021-6\/\" data-orig-file=\"https:\/\/www.flora-pharm.de\/blog\/wp-content\/uploads\/2021\/06\/nug-special-cover-07-2021-6-scaled.jpg\" data-orig-size=\"1920,2560\" data-comments-opened=\"1\" data-image-meta=\"{&quot;aperture&quot;:&quot;0&quot;,&quot;credit&quot;:&quot;&quot;,&quot;camera&quot;:&quot;&quot;,&quot;caption&quot;:&quot;&quot;,&quot;created_timestamp&quot;:&quot;0&quot;,&quot;copyright&quot;:&quot;&quot;,&quot;focal_length&quot;:&quot;0&quot;,&quot;iso&quot;:&quot;0&quot;,&quot;shutter_speed&quot;:&quot;0&quot;,&quot;title&quot;:&quot;&quot;,&quot;orientation&quot;:&quot;1&quot;}\" data-image-title=\"\" data-image-description=\"\" data-image-caption=\"&lt;p&gt;Text mit freundlicher Genehmigung der S&amp;#038;D Verlag GmbH. Das komplette &amp;#8222;special&amp;#8220; bekommen Sie auch bei uns in der Apotheke als Beilage in der &amp;#8222;Naturheilkunde &amp;#038; Gesundheit&amp;#8220;.&lt;\/p&gt;\n\" data-large-file=\"https:\/\/www.flora-pharm.de\/blog\/wp-content\/uploads\/2021\/06\/nug-special-cover-07-2021-6-600x800.jpg\" src=\"https:\/\/www.flora-pharm.de\/blog\/wp-content\/uploads\/2021\/06\/nug-special-cover-07-2021-6-225x300.jpg\" alt=\"nug-special-cover-07-2021\" class=\"wp-image-7782\" srcset=\"https:\/\/www.flora-pharm.de\/blog\/wp-content\/uploads\/2021\/06\/nug-special-cover-07-2021-6-225x300.jpg 225w, https:\/\/www.flora-pharm.de\/blog\/wp-content\/uploads\/2021\/06\/nug-special-cover-07-2021-6-600x800.jpg 600w, https:\/\/www.flora-pharm.de\/blog\/wp-content\/uploads\/2021\/06\/nug-special-cover-07-2021-6-1152x1536.jpg 1152w, https:\/\/www.flora-pharm.de\/blog\/wp-content\/uploads\/2021\/06\/nug-special-cover-07-2021-6-1536x2048.jpg 1536w, https:\/\/www.flora-pharm.de\/blog\/wp-content\/uploads\/2021\/06\/nug-special-cover-07-2021-6-scaled.jpg 1920w\" sizes=\"auto, (max-width: 225px) 100vw, 225px\" \/><figcaption>Text mit freundlicher Genehmigung der S&amp;D Verlag GmbH. Das komplette &#8222;special&#8220; bekommen Sie auch bei uns in der Apotheke als Beilage in der &#8222;Naturheilkunde &amp; Gesundheit&#8220;.<\/figcaption><\/figure><\/div>\n\n\n\n<p><\/p>\n","protected":false},"excerpt":{"rendered":"<p>168 Millionen Zahnb\u00fcrsten und 413 Millionen Tuben Zahnpasta verbrauchen die Deutschen pro Jahr \u2013 und fast alles aus Plastik. Geht Zahnpflege vielleicht auch ein bisschen nachhaltiger?<\/p>\n","protected":false},"author":1,"featured_media":7788,"comment_status":"open","ping_status":"open","sticky":false,"template":"","format":"standard","meta":{"jetpack_post_was_ever_published":false,"_jetpack_newsletter_access":"","_jetpack_dont_email_post_to_subs":false,"_jetpack_newsletter_tier_id":0,"_jetpack_memberships_contains_paywalled_content":false,"_jetpack_memberships_contains_paid_content":false,"footnotes":""},"categories":[8],"tags":[655,422,30],"class_list":["post-7799","post","type-post","status-publish","format-standard","has-post-thumbnail","hentry","category-wissenswert","tag-nachhaltigkeit","tag-naturheilkunde-und-gesundheit","tag-zaehne","has-post-title","has-post-date","has-post-category","has-post-tag","has-post-comment","has-post-author",""],"jetpack_featured_media_url":"https:\/\/www.flora-pharm.de\/blog\/wp-content\/uploads\/2021\/06\/umweltfreundliche-Zahnpflege.jpg","jetpack-related-posts":[{"id":8924,"url":"https:\/\/www.flora-pharm.de\/blog\/zero-waste-im-badezimmer\/","url_meta":{"origin":7799,"position":0},"title":"Zero Waste im Badezimmer","author":"Flora Team","date":"17. Januar 2024","format":false,"excerpt":"Tipps, um im Badezimmer die Wegwerfartikel zu reduzieren, ohne auf Lebensqualit\u00e4t und K\u00f6rperpflege verzichten zu m\u00fcssen.","rel":"","context":"In &quot;Wissenswert&quot;","block_context":{"text":"Wissenswert","link":"https:\/\/www.flora-pharm.de\/blog\/category\/wissenswert\/"},"img":{"alt_text":"Nachhaltigkeit im Bad","src":"https:\/\/i0.wp.com\/www.flora-pharm.de\/blog\/wp-content\/uploads\/2023\/10\/zero-waste-im-badezimmer.jpg?resize=350%2C200&ssl=1","width":350,"height":200,"srcset":"https:\/\/i0.wp.com\/www.flora-pharm.de\/blog\/wp-content\/uploads\/2023\/10\/zero-waste-im-badezimmer.jpg?resize=350%2C200&ssl=1 1x, https:\/\/i0.wp.com\/www.flora-pharm.de\/blog\/wp-content\/uploads\/2023\/10\/zero-waste-im-badezimmer.jpg?resize=525%2C300&ssl=1 1.5x, https:\/\/i0.wp.com\/www.flora-pharm.de\/blog\/wp-content\/uploads\/2023\/10\/zero-waste-im-badezimmer.jpg?resize=700%2C400&ssl=1 2x, https:\/\/i0.wp.com\/www.flora-pharm.de\/blog\/wp-content\/uploads\/2023\/10\/zero-waste-im-badezimmer.jpg?resize=1050%2C600&ssl=1 3x"},"classes":[]},{"id":3396,"url":"https:\/\/www.flora-pharm.de\/blog\/schoene-zaehne-zeigen\/","url_meta":{"origin":7799,"position":1},"title":"Sch\u00f6ne Z\u00e4hne zeigen","author":"Flora Team","date":"29. August 2016","format":false,"excerpt":"Nur mit einer optimalen Pflege bleiben Ihre Z\u00e4hne gesund und sch\u00f6n! Was m\u00fcssen Sie beachten? Schon jedes dritte Kind hat Karies und kaum ein Erwachsener hat noch gesunde Z\u00e4hne. Und etwa 80 Prozent der Deutschen \u00fcber 30 Jahre leiden an einer entz\u00fcndlichen Zahnfleischerkrankung. Karies entsteht durch eine Demineralisierung der Z\u00e4hne.\u2026","rel":"","context":"In &quot;Wissenswert&quot;","block_context":{"text":"Wissenswert","link":"https:\/\/www.flora-pharm.de\/blog\/category\/wissenswert\/"},"img":{"alt_text":"","src":"https:\/\/i0.wp.com\/www.flora-pharm.de\/blog\/wp-content\/uploads\/2016\/08\/schoene-zaehne.jpg?resize=350%2C200&ssl=1","width":350,"height":200,"srcset":"https:\/\/i0.wp.com\/www.flora-pharm.de\/blog\/wp-content\/uploads\/2016\/08\/schoene-zaehne.jpg?resize=350%2C200&ssl=1 1x, https:\/\/i0.wp.com\/www.flora-pharm.de\/blog\/wp-content\/uploads\/2016\/08\/schoene-zaehne.jpg?resize=525%2C300&ssl=1 1.5x, https:\/\/i0.wp.com\/www.flora-pharm.de\/blog\/wp-content\/uploads\/2016\/08\/schoene-zaehne.jpg?resize=700%2C400&ssl=1 2x"},"classes":[]},{"id":6448,"url":"https:\/\/www.flora-pharm.de\/blog\/gesunde-zaehne-gesundes-tier\/","url_meta":{"origin":7799,"position":2},"title":"Gesunde Z\u00e4hne \u2013 gesundes Tier","author":"Flora Team","date":"2. Oktober 2019","format":false,"excerpt":"Warum regelm\u00e4\u00dfige Zahnpflege f\u00fcr Hunde und Katzen so wichtig ist. Eine effektive Gesundheitsvorsorge beginnt schon im Maul. Denn leiden Hunde oder Katzen unter Zahnproblemen, k\u00f6nnen sie ihr Futter nicht mehr richtig kleinbei\u00dfen und zerkauen. Das kann dann nachfolgend schnell zu Problemen im Verdauungstrakt f\u00fchren und sich negativ auf das Allgemeinbefinden\u2026","rel":"","context":"In &quot;Haustiere&quot;","block_context":{"text":"Haustiere","link":"https:\/\/www.flora-pharm.de\/blog\/category\/haustiere\/"},"img":{"alt_text":"Haustier Zahngesundheit","src":"https:\/\/i0.wp.com\/www.flora-pharm.de\/blog\/wp-content\/uploads\/2019\/09\/zahngesundheit-haustier.jpg?resize=350%2C200&ssl=1","width":350,"height":200,"srcset":"https:\/\/i0.wp.com\/www.flora-pharm.de\/blog\/wp-content\/uploads\/2019\/09\/zahngesundheit-haustier.jpg?resize=350%2C200&ssl=1 1x, https:\/\/i0.wp.com\/www.flora-pharm.de\/blog\/wp-content\/uploads\/2019\/09\/zahngesundheit-haustier.jpg?resize=525%2C300&ssl=1 1.5x, https:\/\/i0.wp.com\/www.flora-pharm.de\/blog\/wp-content\/uploads\/2019\/09\/zahngesundheit-haustier.jpg?resize=700%2C400&ssl=1 2x"},"classes":[]},{"id":7505,"url":"https:\/\/www.flora-pharm.de\/blog\/spuelen-bitte\/","url_meta":{"origin":7799,"position":3},"title":"Sp\u00fclen, bitte","author":"Flora Team","date":"14. April 2021","format":false,"excerpt":"Z\u00e4hneputzen ist gut. Zus\u00e4tzlich den Mund sp\u00fclen ist noch besser f\u00fcr die Mundgesundheit. \u00c4therische \u00d6le sorgen zudem f\u00fcr einen nat\u00fcrlich frischen Atem, berichtet Stefanie Happ. In unserer Mundh\u00f6hle wohnen rund tausend verschiedene Bakterien- und Pilzarten. Manche davon sind gut zu uns, sie haben sogar eine Schutzfunktion. Doch das feucht-warme Milieu\u2026","rel":"","context":"In &quot;Wissenswert&quot;","block_context":{"text":"Wissenswert","link":"https:\/\/www.flora-pharm.de\/blog\/category\/wissenswert\/"},"img":{"alt_text":"Mundsp\u00fclung","src":"https:\/\/i0.wp.com\/www.flora-pharm.de\/blog\/wp-content\/uploads\/2021\/03\/mundspuelung.jpg?resize=350%2C200&ssl=1","width":350,"height":200,"srcset":"https:\/\/i0.wp.com\/www.flora-pharm.de\/blog\/wp-content\/uploads\/2021\/03\/mundspuelung.jpg?resize=350%2C200&ssl=1 1x, https:\/\/i0.wp.com\/www.flora-pharm.de\/blog\/wp-content\/uploads\/2021\/03\/mundspuelung.jpg?resize=525%2C300&ssl=1 1.5x, https:\/\/i0.wp.com\/www.flora-pharm.de\/blog\/wp-content\/uploads\/2021\/03\/mundspuelung.jpg?resize=700%2C400&ssl=1 2x"},"classes":[]},{"id":9456,"url":"https:\/\/www.flora-pharm.de\/blog\/bioindikatoren-hilfreiche-hellseher\/","url_meta":{"origin":7799,"position":4},"title":"Bioindikatoren &#8211; hilfreiche Hellseher","author":"Flora Team","date":"10. Februar 2025","format":false,"excerpt":"Ohne Moos nix los \u2013 Bioindikatoren, Zeichen der Natur: Sie verraten uns viel \u00fcber den Zustand unserer Umwelt und sie sollten beachtet werden.","rel":"","context":"In &quot;Wissenswert&quot;","block_context":{"text":"Wissenswert","link":"https:\/\/www.flora-pharm.de\/blog\/category\/wissenswert\/"},"img":{"alt_text":"Bioindikatoren - Zeichen der Natur","src":"https:\/\/i0.wp.com\/www.flora-pharm.de\/blog\/wp-content\/uploads\/2024\/08\/bioindikatoren.jpg?resize=350%2C200&ssl=1","width":350,"height":200,"srcset":"https:\/\/i0.wp.com\/www.flora-pharm.de\/blog\/wp-content\/uploads\/2024\/08\/bioindikatoren.jpg?resize=350%2C200&ssl=1 1x, https:\/\/i0.wp.com\/www.flora-pharm.de\/blog\/wp-content\/uploads\/2024\/08\/bioindikatoren.jpg?resize=525%2C300&ssl=1 1.5x, https:\/\/i0.wp.com\/www.flora-pharm.de\/blog\/wp-content\/uploads\/2024\/08\/bioindikatoren.jpg?resize=700%2C400&ssl=1 2x, https:\/\/i0.wp.com\/www.flora-pharm.de\/blog\/wp-content\/uploads\/2024\/08\/bioindikatoren.jpg?resize=1050%2C600&ssl=1 3x"},"classes":[]},{"id":6286,"url":"https:\/\/www.flora-pharm.de\/blog\/strahlendes-gesicht\/","url_meta":{"origin":7799,"position":5},"title":"Strahlendes Gesicht","author":"Flora Team","date":"16. Juli 2019","format":false,"excerpt":"Augen und Z\u00e4hne sollen strahlen, daf\u00fcr sorgen wir t\u00e4glich. Doch Nase, Ohren und Zunge geh\u00f6ren auch zum Gesicht und haben auch ein Recht auf Sauberkeit. Was wird womit sauber? Saskia Fechte sagt es Ihnen. Augen reinigen Weil sich Schmutz, Tr\u00e4nenfl\u00fcssigkeit und Schminke an Lidr\u00e4ndern und im Augenwinkel festsetzen. Oder ungeschickte\u2026","rel":"","context":"In &quot;Wissenswert&quot;","block_context":{"text":"Wissenswert","link":"https:\/\/www.flora-pharm.de\/blog\/category\/wissenswert\/"},"img":{"alt_text":"Strahlendes Gesicht","src":"https:\/\/i0.wp.com\/www.flora-pharm.de\/blog\/wp-content\/uploads\/2019\/07\/strahlendes-gesicht.jpg?resize=350%2C200&ssl=1","width":350,"height":200,"srcset":"https:\/\/i0.wp.com\/www.flora-pharm.de\/blog\/wp-content\/uploads\/2019\/07\/strahlendes-gesicht.jpg?resize=350%2C200&ssl=1 1x, https:\/\/i0.wp.com\/www.flora-pharm.de\/blog\/wp-content\/uploads\/2019\/07\/strahlendes-gesicht.jpg?resize=525%2C300&ssl=1 1.5x, https:\/\/i0.wp.com\/www.flora-pharm.de\/blog\/wp-content\/uploads\/2019\/07\/strahlendes-gesicht.jpg?resize=700%2C400&ssl=1 2x"},"classes":[]}],"jetpack_sharing_enabled":true,"_links":{"self":[{"href":"https:\/\/www.flora-pharm.de\/blog\/wp-json\/wp\/v2\/posts\/7799","targetHints":{"allow":["GET"]}}],"collection":[{"href":"https:\/\/www.flora-pharm.de\/blog\/wp-json\/wp\/v2\/posts"}],"about":[{"href":"https:\/\/www.flora-pharm.de\/blog\/wp-json\/wp\/v2\/types\/post"}],"author":[{"embeddable":true,"href":"https:\/\/www.flora-pharm.de\/blog\/wp-json\/wp\/v2\/users\/1"}],"replies":[{"embeddable":true,"href":"https:\/\/www.flora-pharm.de\/blog\/wp-json\/wp\/v2\/comments?post=7799"}],"version-history":[{"count":2,"href":"https:\/\/www.flora-pharm.de\/blog\/wp-json\/wp\/v2\/posts\/7799\/revisions"}],"predecessor-version":[{"id":7822,"href":"https:\/\/www.flora-pharm.de\/blog\/wp-json\/wp\/v2\/posts\/7799\/revisions\/7822"}],"wp:featuredmedia":[{"embeddable":true,"href":"https:\/\/www.flora-pharm.de\/blog\/wp-json\/wp\/v2\/media\/7788"}],"wp:attachment":[{"href":"https:\/\/www.flora-pharm.de\/blog\/wp-json\/wp\/v2\/media?parent=7799"}],"wp:term":[{"taxonomy":"category","embeddable":true,"href":"https:\/\/www.flora-pharm.de\/blog\/wp-json\/wp\/v2\/categories?post=7799"},{"taxonomy":"post_tag","embeddable":true,"href":"https:\/\/www.flora-pharm.de\/blog\/wp-json\/wp\/v2\/tags?post=7799"}],"curies":[{"name":"wp","href":"https:\/\/api.w.org\/{rel}","templated":true}]}}