{"id":7954,"date":"2021-12-20T09:16:00","date_gmt":"2021-12-20T08:16:00","guid":{"rendered":"https:\/\/www.flora-pharm.de\/blog\/?p=7954"},"modified":"2021-12-20T09:18:18","modified_gmt":"2021-12-20T08:18:18","slug":"wie-riecht-glueck","status":"publish","type":"post","link":"https:\/\/www.flora-pharm.de\/blog\/wie-riecht-glueck\/","title":{"rendered":"Wie riecht Gl\u00fcck?"},"content":{"rendered":"\n<p>Es soll ja Menschen geben, die Dauerregen m\u00f6gen. Diejenigen, die sich erst so richtig pudelwohl f\u00fchlen, wenn die Welt im feuchten, tristen Novembernebel versinkt, sto\u00dfen auch auf Gegenmeinungen. Sch\u00e4tzungen zufolge packt n\u00e4mlich jeden dritten Deutschen der Winterblues, sobald das d\u00fcstere Einheitsgrau zur dominanten Farbe am Himmel geworden ist. Tr\u00fcbes Wetter \u2013 finstere Stimmung? Dagegen hilft ein einfaches Mittel: riechen! Denn das Gl\u00fcck liegt direkt vor unserer Nase. \u2013 <em>Von Stefanie Happ<\/em><\/p>\n\n\n\n<p><strong><em>Das Wort \u201e\u00e4therisch\u201c stammt vom griechischen \u201eAether\u201c und heisst \u00fcbersetzt \u201eHimmelsluft\u201c! Und sie finden hier im Blog viele Artikel \u00fcber <\/em><\/strong><a href=\"https:\/\/www.flora-pharm.de\/blog\/tag\/aetherische-oele\/\"><strong><em>\u00e4therische \u00d6le<\/em><\/strong><\/a><strong><em>.<\/em><\/strong><\/p>\n\n\n\n<div style=\"height:20px\" aria-hidden=\"true\" class=\"wp-block-spacer\"><\/div>\n\n\n\n<h2 class=\"wp-block-heading\">D\u00fcfte f\u00fcr Geist und Seele<\/h2>\n\n\n\n<p>Dass D\u00fcfte wirken, k\u00f6nnen Riechforscher eindeutig best\u00e4tigen. Verschiedene Studien haben gezeigt, dass naturreine \u00e4therische \u00d6le die Hirnwellen beeinflussen und unser Wohlbefinden ma\u00dfgeblich steigern k\u00f6nnen. Das liegt daran, dass die Aromen zwar in die Nase steigen, dort bleiben sie aber nicht. Rund zehn Millionen Sinneszellen, die sich in unserer Riechschleimhaut verbergen, sorgen daf\u00fcr, dass Duftmolek\u00fcle auf direktem Weg ins Gehirn gelangen \u2013 genauer gesagt ins sogenannte limbische System. Dies ist das Hirnareal, das all unsere Gef\u00fchle erzeugt. Manche D\u00fcfte sind sogar in der Lage, Endorphine anzuregen. Jene Gl\u00fcckshormone werden \u00fcber die Hirnanhangdr\u00fcse ausgesch\u00fcttet und verhelfen uns zum ersehnten emotionalen Gleichgewicht. Der Clou ist: Es dauert nur Bruchteile einer Sekunde, bis die fl\u00fcchtigen Riechsubstanzen das Gehirn erreichen und ihre seelisch-geistige Wirkung ausl\u00f6sen. Anders ausgedr\u00fcckt: Schon mit dem ersten Einatmen eines Duftes kann sich die Gem\u00fctslage merklich verbessern. Die Melancholie an wolkenverhangenen Tagen kann sich mithilfe der Aromatherapie in eine zufriedene Heiterkeit verwandeln. Und aus der m\u00fcden Lustlosigkeit, die f\u00fcr viele eine l\u00e4stige Begleiterin in der dunklen, kalten Jahreszeit ist, wird pl\u00f6tzlich ein dynamischer Tatendrang. Es ist alles nur eine Frage des Duftes. Und bei der Wahl der passenden Aroma\u00f6le hei\u00dft es: Immer der Nase nach \u2026<\/p>\n\n\n\n<h2 class=\"wp-block-heading\">Die Mischung macht\u2018s<\/h2>\n\n\n\n<p>Diese Zitrusd\u00fcfte wirken stimmungsaufhellend: <a href=\"https:\/\/www.flora-pharm.de\/blog\/bergamotte-lichtbringerin\/\">Bergamotte<\/a>, Grapefruit und Limette riechen fruchtig-herb, machen gute Laune und f\u00f6rdern die Konzentration. Krautiges Flair aus Lemongras, Pfefferminze und Rosmarin hat au\u00dferdem einen stimulierenden Effekt und vertreibt die M\u00fcdigkeit. Wer sich hingegen unruhig, gereizt und gestresst f\u00fchlt, sollte sich mit blumigen Noten umgeben. Jasmin, Orangenbl\u00fcte und Palmarosa sind gut zur Entspannung, sie st\u00e4rken die Nerven und sorgen f\u00fcr innere Ausgeglichenheit. Naturreine Aromen, die aus H\u00f6lzern und Wurzeln hergestellt werden, schaffen eine Waldatmosph\u00e4re zu Hause, weil sie mit ihren Inhaltsstoffen f\u00fcr eine reine Luft sorgen. Solche Baum\u00f6le wie <a href=\"https:\/\/www.flora-pharm.de\/blog\/tannen-traeume\/\">Fichtennadel<\/a>, Sandelholz, Wei\u00dftanne und Zeder duften balsamisch-w\u00fcrzig, wirken erdend und geben ein Gef\u00fchl von Stabilit\u00e4t und St\u00e4rke.<\/p>\n\n\n\n<p>\u00c4therische \u00d6le sind duftende Helfer in allen Lebenslagen. Sie k\u00f6nnen einzeln verwendet werden oder in Mischungen. Die g\u00e4ngigste Anwendung ist in der Aromalampe oder im elektrischen Vernebler. Es geht aber auch anders, zum Beispiel im Entspannungsbad oder als Wohlf\u00fchlmassage. Da ist die <a href=\"https:\/\/www.flora-pharm.de\/blog\/gesunde-daempfe-aromatherapie\/\">Aromatherapie<\/a> eine \u00e4u\u00dferst vielseitige Behandlungsmethode \u2013 nat\u00fcrlich und wirksam zugleich.<\/p>\n\n\n\n<div style=\"height:100px\" aria-hidden=\"true\" class=\"wp-block-spacer\"><\/div>\n\n\n\n<h2 class=\"wp-block-heading\">Ein paar DIY-Inspirationen:<\/h2>\n\n\n\n<h3 class=\"wp-block-heading\">Aromalampe f\u00fcr gute Laune<\/h3>\n\n\n\n<ul class=\"wp-block-list\"><li>3 Tropfen Bergamotte<\/li><li>3 Tropfen Limette<\/li><li>2 Tropfen Orange<\/li><\/ul>\n\n\n\n<p>\u00c4therische \u00d6le zusammen mit ausreichend Wasser in die Aromalampe oder den Vernebler geben, auf der Fensterbank oder einem Sideboard platzieren und sich an der gel\u00f6sten Atmosph\u00e4re erfreuen.<\/p>\n\n\n\n<div style=\"height:20px\" aria-hidden=\"true\" class=\"wp-block-spacer\"><\/div>\n\n\n\n<h3 class=\"wp-block-heading\">Aromamassage zur Belebung<\/h3>\n\n\n\n<ul class=\"wp-block-list\"><li>2 Tropfen Lemongras<\/li><li>2 Tropfen Orangenbl\u00fcte<\/li><li>2 Tropfen Pfefferminze<\/li><li>2 Tropfen Rosmarin<\/li><li>10 ml Basis\u00f6l, z. B. Jojoba\u00f6l oder Mandel\u00f6l<\/li><\/ul>\n\n\n\n<p>\u00c4therische \u00d6le d\u00fcrfen nicht pur auf die Haut, daher immer mit einem Basis\u00f6l mischen. Die Mischung in einer Schale \u00fcber einem Teelicht leicht anw\u00e4rmen und auf den K\u00f6rper oder einzelne Partien streichen, dabei sanft einmassieren und den stimulierenden Effekt genie\u00dfen.<\/p>\n\n\n\n<div style=\"height:20px\" aria-hidden=\"true\" class=\"wp-block-spacer\"><\/div>\n\n\n\n<h3 class=\"wp-block-heading\">Aromabad zur Entspannung<\/h3>\n\n\n\n<ul class=\"wp-block-list\"><li>5 Tropfen Lavendel<\/li><li>5 Tropfen Wei\u00dftanne<\/li><li>5 Tropfen Rose<\/li><li>5 Tropfen Sandelholz<\/li><li>200 ml Emulgator, z. B. Sahne, Milch oder Weizenkeim\u00f6l<\/li><\/ul>\n\n\n\n<p>\u00c4therische \u00d6le sind nicht wasserl\u00f6slich, daher immer mit einem Emulgator als Tr\u00e4gersubstanz ins einlaufende Badewasser geben. Nicht w\u00e4rmer als 36 bis 38 Grad sollte es sein. Ab in die Wanne und die Seele baumeln lassen.<\/p>\n\n\n\n<div style=\"height:20px\" aria-hidden=\"true\" class=\"wp-block-spacer\"><\/div>\n\n\n\n<p>Noch ein Tipp: Weniger ist mehr, \u00e4therische \u00d6le immer nur tropfenweise dosieren.<\/p>\n\n\n\n<p>PS: <a href=\"https:\/\/www.flora-pharm.de\/blog\/wie-duftet-weihnachten\/\"><strong>Wie duftet Weihnachten?<\/strong><\/a><strong><\/strong><\/p>\n\n\n\n<div style=\"height:100px\" aria-hidden=\"true\" class=\"wp-block-spacer\"><\/div>\n\n\n\n<p><strong><em>Sprechen Sie uns gern auf das Thema an und lassen Sie sich von uns ganz individuell beraten.<\/em><\/strong><\/p>\n\n\n\n<div style=\"height:100px\" aria-hidden=\"true\" class=\"wp-block-spacer\"><\/div>\n\n\n\n<div class=\"wp-block-image\"><figure class=\"aligncenter size-medium\"><img loading=\"lazy\" decoding=\"async\" width=\"225\" height=\"300\" data-attachment-id=\"7945\" data-permalink=\"https:\/\/www.flora-pharm.de\/blog\/naturheilkunde-und-gesundheit-cover-11-2021\/\" data-orig-file=\"https:\/\/www.flora-pharm.de\/blog\/wp-content\/uploads\/2021\/10\/naturheilkunde-und-gesundheit-cover-11-2021.jpg\" data-orig-size=\"450,600\" data-comments-opened=\"1\" data-image-meta=\"{&quot;aperture&quot;:&quot;0&quot;,&quot;credit&quot;:&quot;&quot;,&quot;camera&quot;:&quot;&quot;,&quot;caption&quot;:&quot;&quot;,&quot;created_timestamp&quot;:&quot;0&quot;,&quot;copyright&quot;:&quot;&quot;,&quot;focal_length&quot;:&quot;0&quot;,&quot;iso&quot;:&quot;0&quot;,&quot;shutter_speed&quot;:&quot;0&quot;,&quot;title&quot;:&quot;&quot;,&quot;orientation&quot;:&quot;1&quot;}\" data-image-title=\"naturheilkunde-und-gesundheit-cover-11-2021\" data-image-description=\"\" data-image-caption=\"&lt;p&gt;Text mit freundlicher Genehmigung der S &amp;#038; D Verlag GmbH. Das komplette &amp;#8222;Naturheilkunde &amp;#038; Gesundheit&amp;#8220; Heft bekommen Sie auch bei uns in der Apotheke.&lt;\/p&gt;\n\" data-large-file=\"https:\/\/www.flora-pharm.de\/blog\/wp-content\/uploads\/2021\/10\/naturheilkunde-und-gesundheit-cover-11-2021.jpg\" src=\"https:\/\/www.flora-pharm.de\/blog\/wp-content\/uploads\/2021\/10\/naturheilkunde-und-gesundheit-cover-11-2021-225x300.jpg\" alt=\"Naturheilkunde &amp; Gesundheit 11-21\" class=\"wp-image-7945\" srcset=\"https:\/\/www.flora-pharm.de\/blog\/wp-content\/uploads\/2021\/10\/naturheilkunde-und-gesundheit-cover-11-2021-225x300.jpg 225w, https:\/\/www.flora-pharm.de\/blog\/wp-content\/uploads\/2021\/10\/naturheilkunde-und-gesundheit-cover-11-2021.jpg 450w\" sizes=\"auto, (max-width: 225px) 100vw, 225px\" \/><figcaption>Text mit freundlicher Genehmigung der S &amp; D Verlag GmbH. Das komplette &#8222;Naturheilkunde &amp; Gesundheit&#8220; Heft bekommen Sie auch bei uns in der Apotheke.<\/figcaption><\/figure><\/div>\n","protected":false},"excerpt":{"rendered":"<p>Jasminduft zur Entspannung, Zitrus f\u00fcr die gute Laune und Rose gegen Einsamkeit. Aroma\u00f6le haben nachweislich positive Effekte auf unsere Gef\u00fchle und tun uns im Herbst besonders gut.<\/p>\n","protected":false},"author":1,"featured_media":7950,"comment_status":"open","ping_status":"open","sticky":false,"template":"","format":"standard","meta":{"jetpack_post_was_ever_published":false,"_jetpack_newsletter_access":"","_jetpack_dont_email_post_to_subs":false,"_jetpack_newsletter_tier_id":0,"_jetpack_memberships_contains_paywalled_content":false,"_jetpack_memberships_contains_paid_content":false,"footnotes":""},"categories":[8],"tags":[460,156,598,436,422],"class_list":["post-7954","post","type-post","status-publish","format-standard","has-post-thumbnail","hentry","category-wissenswert","tag-aromatherapie","tag-aetherische-oele","tag-diy","tag-duftstoffe","tag-naturheilkunde-und-gesundheit","has-post-title","has-post-date","has-post-category","has-post-tag","has-post-comment","has-post-author",""],"jetpack_featured_media_url":"https:\/\/www.flora-pharm.de\/blog\/wp-content\/uploads\/2021\/10\/wie-riecht-glueck.jpg","jetpack-related-posts":[{"id":3083,"url":"https:\/\/www.flora-pharm.de\/blog\/aromatherapie\/","url_meta":{"origin":7954,"position":0},"title":"Aromatherapie","author":"Flora Team","date":"2. Februar 2016","format":false,"excerpt":"Ob in der Duftlampe, im Massage\u00f6l oder im Badezusatz \u2013 duftende \u00e4therische \u00d6le bringen Wohlbefinden und Gesundheit. \u00a0 Schon mittelalterliche \u00c4rzte verwendeten Bl\u00fcten\u00f6le und Kr\u00e4uteressenzen, um bei ihren Patienten Erkrankungen und Gef\u00fchle zu beeinflussen. Heute ist bekannt, wie \u00e4therische \u00d6le auf K\u00f6rper, Geist und Seele wirken. Der Riechsinn, die Olfaktorik,\u2026","rel":"","context":"In &quot;Kr\u00e4uter &amp; Gew\u00fcrze&quot;","block_context":{"text":"Kr\u00e4uter &amp; Gew\u00fcrze","link":"https:\/\/www.flora-pharm.de\/blog\/category\/kraeuter-gewuerze\/"},"img":{"alt_text":"Mit freundlicher Genehmigung der S & D Verlag GmbH. Das komplette Naturheilkunde und Gesundheit Heft bekommen Sie auch bei uns in der Apotheke.","src":"https:\/\/i0.wp.com\/www.flora-pharm.de\/blog\/wp-content\/uploads\/2016\/02\/naturheilkunde-und-gesundheit-cover-02-2016-225x300.jpg?resize=350%2C200&ssl=1","width":350,"height":200},"classes":[]},{"id":9355,"url":"https:\/\/www.flora-pharm.de\/blog\/doktor-duft\/","url_meta":{"origin":7954,"position":1},"title":"Doktor Duft","author":"Flora Team","date":"16. Dezember 2024","format":false,"excerpt":"Duftstoffe aus Pflanzen haben nachweislich positive Effekte auf K\u00f6rper, Geist und Seele. Wertvolle Tipps f\u00fcr Nutzer der Aromatherapie bei uns im Blog\u2026","rel":"","context":"In &quot;Wissenswert&quot;","block_context":{"text":"Wissenswert","link":"https:\/\/www.flora-pharm.de\/blog\/category\/wissenswert\/"},"img":{"alt_text":"Aromatherapie kann viele Beschwerden lindern","src":"https:\/\/i0.wp.com\/www.flora-pharm.de\/blog\/wp-content\/uploads\/2024\/10\/doktor-duft.jpg?resize=350%2C200&ssl=1","width":350,"height":200,"srcset":"https:\/\/i0.wp.com\/www.flora-pharm.de\/blog\/wp-content\/uploads\/2024\/10\/doktor-duft.jpg?resize=350%2C200&ssl=1 1x, https:\/\/i0.wp.com\/www.flora-pharm.de\/blog\/wp-content\/uploads\/2024\/10\/doktor-duft.jpg?resize=525%2C300&ssl=1 1.5x, https:\/\/i0.wp.com\/www.flora-pharm.de\/blog\/wp-content\/uploads\/2024\/10\/doktor-duft.jpg?resize=700%2C400&ssl=1 2x, https:\/\/i0.wp.com\/www.flora-pharm.de\/blog\/wp-content\/uploads\/2024\/10\/doktor-duft.jpg?resize=1050%2C600&ssl=1 3x"},"classes":[]},{"id":4677,"url":"https:\/\/www.flora-pharm.de\/blog\/wie-duftet-weihnachten\/","url_meta":{"origin":7954,"position":2},"title":"Wie duftet Weihnachten?","author":"Flora Team","date":"12. Dezember 2017","format":false,"excerpt":"Lassen Sie doch den Weihnachtsstress drau\u00dfen vor Ihrer T\u00fcr und stimmen Sie sich zu Hause mit angenehmen D\u00fcften auf das Fest ein. \u00c4therische \u00d6le zaubern einen Raumduft, der Geborgenheit und W\u00e4rme schenkt. \u00a0 Aroma\u00f6le f\u00fcr die Adventszeit D\u00fcfte haben eine erstaunliche Wirkung auf unseren K\u00f6rper und unsere Seele. Inzwischen ist\u2026","rel":"","context":"In &quot;Wissenswert&quot;","block_context":{"text":"Wissenswert","link":"https:\/\/www.flora-pharm.de\/blog\/category\/wissenswert\/"},"img":{"alt_text":"Weihnachtsduft Aromatherapie","src":"https:\/\/i0.wp.com\/www.flora-pharm.de\/blog\/wp-content\/uploads\/2017\/12\/weihnachtsduft.jpg?resize=350%2C200&ssl=1","width":350,"height":200,"srcset":"https:\/\/i0.wp.com\/www.flora-pharm.de\/blog\/wp-content\/uploads\/2017\/12\/weihnachtsduft.jpg?resize=350%2C200&ssl=1 1x, https:\/\/i0.wp.com\/www.flora-pharm.de\/blog\/wp-content\/uploads\/2017\/12\/weihnachtsduft.jpg?resize=525%2C300&ssl=1 1.5x, https:\/\/i0.wp.com\/www.flora-pharm.de\/blog\/wp-content\/uploads\/2017\/12\/weihnachtsduft.jpg?resize=700%2C400&ssl=1 2x"},"classes":[]},{"id":4626,"url":"https:\/\/www.flora-pharm.de\/blog\/bergamotte-lichtbringerin\/","url_meta":{"origin":7954,"position":3},"title":"Bergamotte","author":"Flora Team","date":"21. November 2017","format":false,"excerpt":"Die Lichtbringerin (Citrus bergamia) Wenn im November die Nebelschwaden \u00fcbers Land ziehen und die Welt im Einheitsgrau versinkt, haben wir den Eindruck: Es wird gar nicht richtig hell. Der Mangel an nat\u00fcrlichem Tageslicht in Kombination mit den sinkenden Temperaturen schl\u00e4gt vielen von uns aufs Gem\u00fct. Herbstblues macht schlapp, antriebslos und\u2026","rel":"","context":"In &quot;Wissenswert&quot;","block_context":{"text":"Wissenswert","link":"https:\/\/www.flora-pharm.de\/blog\/category\/wissenswert\/"},"img":{"alt_text":"Bergamotte","src":"https:\/\/i0.wp.com\/www.flora-pharm.de\/blog\/wp-content\/uploads\/2017\/11\/bergamotte.jpg?resize=350%2C200&ssl=1","width":350,"height":200,"srcset":"https:\/\/i0.wp.com\/www.flora-pharm.de\/blog\/wp-content\/uploads\/2017\/11\/bergamotte.jpg?resize=350%2C200&ssl=1 1x, https:\/\/i0.wp.com\/www.flora-pharm.de\/blog\/wp-content\/uploads\/2017\/11\/bergamotte.jpg?resize=525%2C300&ssl=1 1.5x, https:\/\/i0.wp.com\/www.flora-pharm.de\/blog\/wp-content\/uploads\/2017\/11\/bergamotte.jpg?resize=700%2C400&ssl=1 2x"},"classes":[]},{"id":5545,"url":"https:\/\/www.flora-pharm.de\/blog\/gesunde-daempfe-aromatherapie\/","url_meta":{"origin":7954,"position":4},"title":"Gesunde D\u00e4mpfe &#8211; Aromatherapie","author":"Flora Team","date":"17. Dezember 2018","format":false,"excerpt":"Schnupfennasen atmen wieder frei, wenn sie diese D\u00fcfte riechen. \u00c4therische \u00d6le spezieller Pflanzen k\u00f6nnen bei Erk\u00e4ltungskrankheiten wahre Wunder wirken. Gesunde Ern\u00e4hrung, viel frische Luft und ausreichend Schlaf st\u00e4rken das Immunsystem. Hat sich trotzdem eine Erk\u00e4ltung eingeschlichen, greifen viele zu Nasensprays und Schmerztabletten. Versuchen Sie es doch mal mit \u00e4therischen \u00d6len\u2026","rel":"","context":"In &quot;Wissenswert&quot;","block_context":{"text":"Wissenswert","link":"https:\/\/www.flora-pharm.de\/blog\/category\/wissenswert\/"},"img":{"alt_text":"Aromatherapie gegen Erk\u00e4ltung","src":"https:\/\/i0.wp.com\/www.flora-pharm.de\/blog\/wp-content\/uploads\/2018\/11\/Gesunde-Daempfe-Aromatherapie.jpg?resize=350%2C200&ssl=1","width":350,"height":200,"srcset":"https:\/\/i0.wp.com\/www.flora-pharm.de\/blog\/wp-content\/uploads\/2018\/11\/Gesunde-Daempfe-Aromatherapie.jpg?resize=350%2C200&ssl=1 1x, https:\/\/i0.wp.com\/www.flora-pharm.de\/blog\/wp-content\/uploads\/2018\/11\/Gesunde-Daempfe-Aromatherapie.jpg?resize=525%2C300&ssl=1 1.5x, https:\/\/i0.wp.com\/www.flora-pharm.de\/blog\/wp-content\/uploads\/2018\/11\/Gesunde-Daempfe-Aromatherapie.jpg?resize=700%2C400&ssl=1 2x"},"classes":[]},{"id":5390,"url":"https:\/\/www.flora-pharm.de\/blog\/herbst-blues-raus-aus-der-murmeltierlaune\/","url_meta":{"origin":7954,"position":5},"title":"Herbst-Blues &#8211; Raus aus der Murmeltierlaune","author":"Flora Team","date":"26. Oktober 2018","format":false,"excerpt":"Mit dem Herbst kommt der Blues. Eine Symphonie aus D\u00fcften, Kr\u00e4utern und anderen Tipps heitert K\u00f6rper und Seele auf. Lesen Sie auch: Im Abendrot des Sommers. \u00a0 Ein Artikel von Stefanie Deckers \u00a0 Jetzt wird der Himmel immer tr\u00fcber. Unsere Stimmung auch. Der Herbsteinbruch schl\u00e4gt vielen aufs Gem\u00fct. Jeder zweite\u2026","rel":"","context":"In &quot;Flora Apotheke&quot;","block_context":{"text":"Flora Apotheke","link":"https:\/\/www.flora-pharm.de\/blog\/category\/flora-apotheke\/"},"img":{"alt_text":"Murmeltierlaune - Herbstdepression","src":"https:\/\/i0.wp.com\/www.flora-pharm.de\/blog\/wp-content\/uploads\/2018\/10\/murmeltierlaune.jpg?resize=350%2C200&ssl=1","width":350,"height":200,"srcset":"https:\/\/i0.wp.com\/www.flora-pharm.de\/blog\/wp-content\/uploads\/2018\/10\/murmeltierlaune.jpg?resize=350%2C200&ssl=1 1x, https:\/\/i0.wp.com\/www.flora-pharm.de\/blog\/wp-content\/uploads\/2018\/10\/murmeltierlaune.jpg?resize=525%2C300&ssl=1 1.5x, https:\/\/i0.wp.com\/www.flora-pharm.de\/blog\/wp-content\/uploads\/2018\/10\/murmeltierlaune.jpg?resize=700%2C400&ssl=1 2x"},"classes":[]}],"jetpack_sharing_enabled":true,"_links":{"self":[{"href":"https:\/\/www.flora-pharm.de\/blog\/wp-json\/wp\/v2\/posts\/7954","targetHints":{"allow":["GET"]}}],"collection":[{"href":"https:\/\/www.flora-pharm.de\/blog\/wp-json\/wp\/v2\/posts"}],"about":[{"href":"https:\/\/www.flora-pharm.de\/blog\/wp-json\/wp\/v2\/types\/post"}],"author":[{"embeddable":true,"href":"https:\/\/www.flora-pharm.de\/blog\/wp-json\/wp\/v2\/users\/1"}],"replies":[{"embeddable":true,"href":"https:\/\/www.flora-pharm.de\/blog\/wp-json\/wp\/v2\/comments?post=7954"}],"version-history":[{"count":2,"href":"https:\/\/www.flora-pharm.de\/blog\/wp-json\/wp\/v2\/posts\/7954\/revisions"}],"predecessor-version":[{"id":8029,"href":"https:\/\/www.flora-pharm.de\/blog\/wp-json\/wp\/v2\/posts\/7954\/revisions\/8029"}],"wp:featuredmedia":[{"embeddable":true,"href":"https:\/\/www.flora-pharm.de\/blog\/wp-json\/wp\/v2\/media\/7950"}],"wp:attachment":[{"href":"https:\/\/www.flora-pharm.de\/blog\/wp-json\/wp\/v2\/media?parent=7954"}],"wp:term":[{"taxonomy":"category","embeddable":true,"href":"https:\/\/www.flora-pharm.de\/blog\/wp-json\/wp\/v2\/categories?post=7954"},{"taxonomy":"post_tag","embeddable":true,"href":"https:\/\/www.flora-pharm.de\/blog\/wp-json\/wp\/v2\/tags?post=7954"}],"curies":[{"name":"wp","href":"https:\/\/api.w.org\/{rel}","templated":true}]}}