{"id":8105,"date":"2022-02-10T09:45:00","date_gmt":"2022-02-10T08:45:00","guid":{"rendered":"https:\/\/www.flora-pharm.de\/blog\/?p=8105"},"modified":"2022-02-10T09:50:45","modified_gmt":"2022-02-10T08:50:45","slug":"tatsaechlich-liebe","status":"publish","type":"post","link":"https:\/\/www.flora-pharm.de\/blog\/tatsaechlich-liebe\/","title":{"rendered":"Tats\u00e4chlich Liebe"},"content":{"rendered":"\n<p>Am 14. Februar ist Valentinstag \u2013 Den Herzensmenschen am Valentinstag mit einem originellen Liebesbeweis verw\u00f6hnen? Unbedingt! Tipp: In Ihrer Apotheke finden Sie das passende Pr\u00e4sent \u2013 f\u00fcr sie, f\u00fcr ihn, f\u00fcr beide.<\/p>\n\n\n\n<p>Das Ger\u00fccht, der Valentinstag sei eine Erfindung cleverer Blumenh\u00e4ndler, h\u00e4lt sich hartn\u00e4ckig. Historiker wissen es besser und k\u00f6nnen belegen, dass der \u201eTag der Liebe\u201c auf eine lange Tradition zur\u00fcckblickt. Namenspate ist vermutlich der Bischof Valentin von Terni, der im 3. Jahrhundert nach Christus Liebespaare verbotenerweise christlich getraut haben soll \u2013 und am 14. Februar 269 hingerichtet wurde. Heute wird der M\u00e4rtyrer als Schutzpatron der Liebenden verehrt.<\/p>\n\n\n\n<p>Auch bei uns ist es ein beliebter Brauch, die Partnerin oder den Partner am Valentinstag mit einer kleinen Aufmerksamkeit zu \u00fcberraschen. Wer Blumen einfallslos findet und sich f\u00fcr rosarote Herzkissen nicht so recht begeistern kann, sollte sich in seiner wohnortnahen Apotheke inspirieren lassen. Hier bekommen Liebende und frisch Verliebte Gesundes, Sch\u00f6nes und N\u00fctzliches f\u00fcreinander. Zugegeben sind Apotheken sicher nicht die erste Shopping-Location f\u00fcr Valentinsgeschenke, die einem in den Sinn kommt, aber lassen Sie sich von <em>Andrea Neuen<\/em> inspirieren:<\/p>\n\n\n\n<h2 class=\"wp-block-heading\" id=\"fur-sie\">F\u00fcr SIE<\/h2>\n\n\n\n<p>Beauty-Elixiere mit 100 Prozent nat\u00fcrlichen Inhaltsstoffen sind Liebesbeweise par excellence. Wie w\u00e4re es mit einer hochwertigen Tagescreme mit feuchtigkeitsspendenden Algenextrakten oder einer reichhaltigen Nachtcreme mit Mandel- oder Traubenkern\u00f6l? <a href=\"https:\/\/www.flora-pharm.de\/blog\/?s=wellness\">Wellness<\/a> pur f\u00fcr kalte Tage: ein W\u00e4rmekissen, gef\u00fcllt mit Kirsch- oder Dinkelkernen, vertreibt Verspannungen und <a href=\"https:\/\/www.flora-pharm.de\/blog\/heilsame-waerme-tipps-fuer-warme-fuesse\/\">kalte F\u00fc\u00dfe<\/a>. Wenn das Winterwetter an den Kr\u00e4ften zehrt, ist ein Immun-Booster gefragt: Trinkampullen mit pflanzlichen Power-Wirkstoffen und ausgesuchten <a href=\"https:\/\/www.flora-pharm.de\/blog\/mineralstoffmangel-vorbeugen\/\">Vitalstoffen<\/a> unterst\u00fctzen die Abwehr.<\/p>\n\n\n\n<h2 class=\"wp-block-heading\" id=\"fur-ihn\">F\u00fcr IHN<\/h2>\n\n\n\n<p>Ein aromatischer <a href=\"https:\/\/www.flora-pharm.de\/blog\/tee-kompositionen\/\">Tee<\/a>, am besten in Bioqualit\u00e4t, l\u00e4dt zum Abschalten ein. Erfrischend schmeckt Fr\u00fcchtetee mit Hibiskusbl\u00fcten und Hagebuttenschalen, beruhigend wirken Melissen- und Lavendeltee, belebend Ingwer- und Matetee. Sportsfreunde freuen sich \u00fcber ein Muskelfluid, zum Beispiel mit Arnikaextrakt, und ein Duschgel mit durchblutungsf\u00f6rderndem Rosmarin\u00f6l. Ein n\u00fctzlicher Begleiter ist ein <a href=\"https:\/\/www.flora-pharm.de\/blog\/radtour-apotheke\/\">Erste-Hilfe-Set<\/a> f\u00fcr die Sporttasche. Der <a href=\"https:\/\/www.flora-pharm.de\/blog\/maennersache-bart-so-wird-er-ein-juwel\/\">Bart bleibt Trend<\/a> \u2013 und will gepflegt werden. Mit Bart\u00f6l und Bartkamm aus der Apotheke setzt der Partner seine Gesichtsbehaarung perfekt in Szene.<\/p>\n\n\n\n<h2 class=\"wp-block-heading\" id=\"fur-uns\">F\u00fcr UNS<\/h2>\n\n\n\n<p>Naturreine <a href=\"https:\/\/www.flora-pharm.de\/blog\/tag\/aetherische-oele\/\">\u00e4therische \u00d6le<\/a> verstr\u00f6men daheim einen himmlischen Wohlgeruch und eignen sich auch f\u00fcr sinnliche Aroma\u00f6lmassagen. Lust auf einen Beauty-Tag zu zweit? In der Apotheke gibt\u2019s die passenden Sch\u00f6nmacher \u2013 von der Haarseife \u00fcber die K\u00f6rperlotion bis zum Fu\u00dfpeeling; nat\u00fcrlich ohne umstrittene Substanzen wie PEG und Parabene. Schenken Sie sich und Ihrem Herzblatt einen ganzen Korb voller Gesundheit: mit hochwertigem Heilpflanzensaft f\u00fcrs Wohlbefinden, hei\u00dfer Zitrone f\u00fcr lausig-kalte Tage, Basenpulver f\u00fcr die n\u00e4chste Fr\u00fchjahrskur und einem entspannenden <a href=\"https:\/\/www.flora-pharm.de\/blog\/sauna-schwitzen-im-winter\/\">Saunaaufguss<\/a> f\u00fcr besondere Augenblicke zu zweit.<\/p>\n\n\n\n<div class=\"wp-block-media-text alignwide is-stacked-on-mobile\" style=\"grid-template-columns:15% auto\"><figure class=\"wp-block-media-text__media\"><img loading=\"lazy\" decoding=\"async\" width=\"150\" height=\"150\" data-attachment-id=\"2510\" data-permalink=\"https:\/\/www.flora-pharm.de\/blog\/flora-genschenkgutscheine-wirken\/geschenkgutscheine\/\" data-orig-file=\"https:\/\/www.flora-pharm.de\/blog\/wp-content\/uploads\/2014\/12\/geschenkgutscheine.jpg\" data-orig-size=\"800,800\" data-comments-opened=\"1\" data-image-meta=\"{&quot;aperture&quot;:&quot;2.2&quot;,&quot;credit&quot;:&quot;&quot;,&quot;camera&quot;:&quot;iPhone 6&quot;,&quot;caption&quot;:&quot;&quot;,&quot;created_timestamp&quot;:&quot;1417518880&quot;,&quot;copyright&quot;:&quot;&quot;,&quot;focal_length&quot;:&quot;4.15&quot;,&quot;iso&quot;:&quot;32&quot;,&quot;shutter_speed&quot;:&quot;0.033333333333333&quot;,&quot;title&quot;:&quot;&quot;,&quot;orientation&quot;:&quot;1&quot;}\" data-image-title=\"geschenkgutscheine\" data-image-description=\"\" data-image-caption=\"\" data-large-file=\"https:\/\/www.flora-pharm.de\/blog\/wp-content\/uploads\/2014\/12\/geschenkgutscheine.jpg\" src=\"https:\/\/www.flora-pharm.de\/blog\/wp-content\/uploads\/2014\/12\/geschenkgutscheine-150x150.jpg\" alt=\"\" class=\"wp-image-2510 size-thumbnail\" srcset=\"https:\/\/www.flora-pharm.de\/blog\/wp-content\/uploads\/2014\/12\/geschenkgutscheine-150x150.jpg 150w, https:\/\/www.flora-pharm.de\/blog\/wp-content\/uploads\/2014\/12\/geschenkgutscheine-300x300.jpg 300w, https:\/\/www.flora-pharm.de\/blog\/wp-content\/uploads\/2014\/12\/geschenkgutscheine.jpg 800w, https:\/\/www.flora-pharm.de\/blog\/wp-content\/uploads\/2014\/12\/geschenkgutscheine-50x50.jpg 50w\" sizes=\"auto, (max-width: 150px) 100vw, 150px\" \/><\/figure><div class=\"wp-block-media-text__content\">\n<p class=\"has-small-font-size\"><strong>Tipp:<\/strong> Keine z\u00fcndende Idee? Zu kurzfristig geplant? Man glaubt es kaum, aber viele Apotheken &#8211; auch wir, Ihre Flora Apotheke &#8211; bieten <a href=\"https:\/\/www.flora-pharm.de\/blog\/flora-genschenkgutscheine-wirken\/\">Geschenkgutscheine<\/a> an, die sind immer eine gute Wahl!<\/p>\n<\/div><\/div>\n\n\n\n<div style=\"height:30px\" aria-hidden=\"true\" class=\"wp-block-spacer\"><\/div>\n\n\n\n<p><strong><em>Passende Produkte, Geschenkgutscheine und kompetente Beratung erhalten Sie individuell abgestimmt auch bei uns, in Ihrer Flora Apotheke Hannover. Sprechen Sie uns gern an.<\/em><\/strong><\/p>\n\n\n\n<div style=\"height:100px\" aria-hidden=\"true\" class=\"wp-block-spacer\"><\/div>\n\n\n\n<div class=\"wp-block-image\"><figure class=\"aligncenter size-medium\"><img loading=\"lazy\" decoding=\"async\" width=\"225\" height=\"300\" data-attachment-id=\"8085\" data-permalink=\"https:\/\/www.flora-pharm.de\/blog\/naturheilkunde-und-gesundheit-cover-02-2022\/\" data-orig-file=\"https:\/\/www.flora-pharm.de\/blog\/wp-content\/uploads\/2022\/01\/naturheilkunde-und-gesundheit-cover-02-2022.jpg\" data-orig-size=\"450,600\" data-comments-opened=\"1\" data-image-meta=\"{&quot;aperture&quot;:&quot;0&quot;,&quot;credit&quot;:&quot;&quot;,&quot;camera&quot;:&quot;&quot;,&quot;caption&quot;:&quot;&quot;,&quot;created_timestamp&quot;:&quot;0&quot;,&quot;copyright&quot;:&quot;&quot;,&quot;focal_length&quot;:&quot;0&quot;,&quot;iso&quot;:&quot;0&quot;,&quot;shutter_speed&quot;:&quot;0&quot;,&quot;title&quot;:&quot;&quot;,&quot;orientation&quot;:&quot;1&quot;}\" data-image-title=\"naturheilkunde-und-gesundheit-cover-02-2022\" data-image-description=\"\" data-image-caption=\"&lt;p&gt;Text mit freundlicher Genehmigung der S &amp;#038; D Verlag GmbH. Das komplette &amp;#8222;Naturheilkunde &amp;#038; Gesundheit&amp;#8220; Heft bekommen Sie auch bei uns in der Apotheke.&lt;\/p&gt;\n\" data-large-file=\"https:\/\/www.flora-pharm.de\/blog\/wp-content\/uploads\/2022\/01\/naturheilkunde-und-gesundheit-cover-02-2022.jpg\" src=\"https:\/\/www.flora-pharm.de\/blog\/wp-content\/uploads\/2022\/01\/naturheilkunde-und-gesundheit-cover-02-2022-225x300.jpg\" alt=\"\" class=\"wp-image-8085\" srcset=\"https:\/\/www.flora-pharm.de\/blog\/wp-content\/uploads\/2022\/01\/naturheilkunde-und-gesundheit-cover-02-2022-225x300.jpg 225w, https:\/\/www.flora-pharm.de\/blog\/wp-content\/uploads\/2022\/01\/naturheilkunde-und-gesundheit-cover-02-2022.jpg 450w\" sizes=\"auto, (max-width: 225px) 100vw, 225px\" \/><figcaption>Text mit freundlicher Genehmigung der S &amp; D Verlag GmbH. Das komplette &#8222;Naturheilkunde &amp; Gesundheit&#8220; Heft bekommen Sie auch bei uns in der Apotheke.<\/figcaption><\/figure><\/div>\n","protected":false},"excerpt":{"rendered":"<p>Den Herzensmenschen am Valentinstag (14. Februar) mit einem Liebesbeweis verw\u00f6hnen? In Ihrer Apotheke finden Sie das passende Pr\u00e4sent \u2013 f\u00fcr sie, f\u00fcr ihn, f\u00fcr beide<\/p>\n","protected":false},"author":1,"featured_media":8092,"comment_status":"open","ping_status":"open","sticky":false,"template":"","format":"standard","meta":{"jetpack_post_was_ever_published":false,"_jetpack_newsletter_access":"","_jetpack_dont_email_post_to_subs":false,"_jetpack_newsletter_tier_id":0,"_jetpack_memberships_contains_paywalled_content":false,"_jetpack_memberships_contains_paid_content":false,"footnotes":""},"categories":[22,8],"tags":[119,422],"class_list":["post-8105","post","type-post","status-publish","format-standard","has-post-thumbnail","hentry","category-kalenderlexikon","category-wissenswert","tag-liebe","tag-naturheilkunde-und-gesundheit","has-post-title","has-post-date","has-post-category","has-post-tag","has-post-comment","has-post-author",""],"jetpack_featured_media_url":"https:\/\/www.flora-pharm.de\/blog\/wp-content\/uploads\/2022\/01\/tatsaechlich-liebe.jpg","jetpack-related-posts":[{"id":9044,"url":"https:\/\/www.flora-pharm.de\/blog\/valentinstag-andere-laender-andere-liebesbeweise\/","url_meta":{"origin":8105,"position":0},"title":"Valentinstag: Andere L\u00e4nder, andere Liebesbeweise","author":"Flora Team","date":"12. Februar 2024","format":false,"excerpt":"Menschen auf der ganzen Welt feiern am 14. Februar den Valentinstag. Doch nicht \u00fcberall gibt es rote Rosen. Einige Br\u00e4uche zur Inspiration...","rel":"","context":"In &quot;Kalenderlexikon&quot;","block_context":{"text":"Kalenderlexikon","link":"https:\/\/www.flora-pharm.de\/blog\/category\/kalenderlexikon\/"},"img":{"alt_text":"Valentinstag Br\u00e4uche aus aller Welt international","src":"https:\/\/i0.wp.com\/www.flora-pharm.de\/blog\/wp-content\/uploads\/2024\/02\/valentinsbraeuche-aus-aller-welt.jpg?resize=350%2C200&ssl=1","width":350,"height":200,"srcset":"https:\/\/i0.wp.com\/www.flora-pharm.de\/blog\/wp-content\/uploads\/2024\/02\/valentinsbraeuche-aus-aller-welt.jpg?resize=350%2C200&ssl=1 1x, https:\/\/i0.wp.com\/www.flora-pharm.de\/blog\/wp-content\/uploads\/2024\/02\/valentinsbraeuche-aus-aller-welt.jpg?resize=525%2C300&ssl=1 1.5x, https:\/\/i0.wp.com\/www.flora-pharm.de\/blog\/wp-content\/uploads\/2024\/02\/valentinsbraeuche-aus-aller-welt.jpg?resize=700%2C400&ssl=1 2x, https:\/\/i0.wp.com\/www.flora-pharm.de\/blog\/wp-content\/uploads\/2024\/02\/valentinsbraeuche-aus-aller-welt.jpg?resize=1050%2C600&ssl=1 3x"},"classes":[]},{"id":216,"url":"https:\/\/www.flora-pharm.de\/blog\/freitag-ist-valentinstag\/","url_meta":{"origin":8105,"position":1},"title":"Freitag ist Valentinstag","author":"Flora Team","date":"10. Februar 2014","format":false,"excerpt":"Nicht vergessen: Freitag, also am 14. Februar ist Valentinstag, da malen Verliebte Herzen auf Karten oder schenken sich Blumen. Mehr Informationen zu Ursprung und Brauchtum finden Sie z.B. auf Wikipedia unter dem Suchwort \"Valentinstag\". Bei uns bekommen Sie (auf Nachfrage und solange der Vorrat reicht) bis inkl. 14.02.2014 zu Ihrem\u2026","rel":"","context":"In &quot;Aktion&quot;","block_context":{"text":"Aktion","link":"https:\/\/www.flora-pharm.de\/blog\/category\/aktion\/"},"img":{"alt_text":"","src":"https:\/\/i0.wp.com\/www.flora-pharm.de\/blog\/wp-content\/uploads\/2014\/02\/rose-tasche.jpg?resize=350%2C200&ssl=1","width":350,"height":200},"classes":[]},{"id":4812,"url":"https:\/\/www.flora-pharm.de\/blog\/morgen-ist-valentinstag-2018\/","url_meta":{"origin":8105,"position":2},"title":"Morgen ist Valentinstag 2018","author":"Flora Team","date":"13. Februar 2018","format":false,"excerpt":"St. Valentin, du wei\u00dft es schon, ist der Liebe Schutzpatron. Er ist\u2018s, der \u00fcber die Liebe wacht, am hellen Tag und in finsterer Nacht. Das Team der Flora Apotheke denkt an Sie und w\u00fcnscht Ihnen morgen einen verliebten Valentinstag.","rel":"","context":"In &quot;Flora Apotheke&quot;","block_context":{"text":"Flora Apotheke","link":"https:\/\/www.flora-pharm.de\/blog\/category\/flora-apotheke\/"},"img":{"alt_text":"Valentinstag","src":"https:\/\/i0.wp.com\/www.flora-pharm.de\/blog\/wp-content\/uploads\/2018\/02\/valentin2.jpg?resize=350%2C200&ssl=1","width":350,"height":200,"srcset":"https:\/\/i0.wp.com\/www.flora-pharm.de\/blog\/wp-content\/uploads\/2018\/02\/valentin2.jpg?resize=350%2C200&ssl=1 1x, https:\/\/i0.wp.com\/www.flora-pharm.de\/blog\/wp-content\/uploads\/2018\/02\/valentin2.jpg?resize=525%2C300&ssl=1 1.5x, https:\/\/i0.wp.com\/www.flora-pharm.de\/blog\/wp-content\/uploads\/2018\/02\/valentin2.jpg?resize=700%2C400&ssl=1 2x"},"classes":[]},{"id":8980,"url":"https:\/\/www.flora-pharm.de\/blog\/das-grosse-gesundheitshoroskop-2024\/","url_meta":{"origin":8105,"position":3},"title":"Das gro\u00dfe Gesundheitshoroskop 2024","author":"Flora Team","date":"4. Januar 2024","format":false,"excerpt":"In den Sternen steht\u2019s geschrieben. Unser gro\u00dfes Gesundheits-Horoskop deutet, was den einzelnen Sternzeichen guttut und wann besonderer Schutz n\u00f6tig wird","rel":"","context":"In &quot;Wissenswert&quot;","block_context":{"text":"Wissenswert","link":"https:\/\/www.flora-pharm.de\/blog\/category\/wissenswert\/"},"img":{"alt_text":"Das gro\u00dfe Gesundheits-Horoskop f\u00fcr 2024 f\u00fcr alle Sternzeichen","src":"https:\/\/i0.wp.com\/www.flora-pharm.de\/blog\/wp-content\/uploads\/2023\/11\/gesundheits-horoskop-2024.jpg?resize=350%2C200&ssl=1","width":350,"height":200,"srcset":"https:\/\/i0.wp.com\/www.flora-pharm.de\/blog\/wp-content\/uploads\/2023\/11\/gesundheits-horoskop-2024.jpg?resize=350%2C200&ssl=1 1x, https:\/\/i0.wp.com\/www.flora-pharm.de\/blog\/wp-content\/uploads\/2023\/11\/gesundheits-horoskop-2024.jpg?resize=525%2C300&ssl=1 1.5x, https:\/\/i0.wp.com\/www.flora-pharm.de\/blog\/wp-content\/uploads\/2023\/11\/gesundheits-horoskop-2024.jpg?resize=700%2C400&ssl=1 2x, https:\/\/i0.wp.com\/www.flora-pharm.de\/blog\/wp-content\/uploads\/2023\/11\/gesundheits-horoskop-2024.jpg?resize=1050%2C600&ssl=1 3x"},"classes":[]},{"id":3141,"url":"https:\/\/www.flora-pharm.de\/blog\/warnsignal-husten-bei-katze-hund\/","url_meta":{"origin":8105,"position":4},"title":"Warnsignal Husten bei Katze &#038; Hund","author":"Flora Team","date":"11. M\u00e4rz 2016","format":false,"excerpt":"Nur allzu gern werden die geliebten Haustiere vermenschlicht. Und in vielen Situationen passt es ja auch irgendwie. Aber es gibt eben auch Punkte, bei denen Vorsicht geboten ist. Wenn ein Mensch hustet, geht er nicht gleich zum Arzt. Dauert das Husten l\u00e4nger an, insbesondere wenn leichte Medikamente wirkungslos bleiben, dann\u2026","rel":"","context":"In &quot;Haustiere&quot;","block_context":{"text":"Haustiere","link":"https:\/\/www.flora-pharm.de\/blog\/category\/haustiere\/"},"img":{"alt_text":"","src":"https:\/\/i0.wp.com\/www.flora-pharm.de\/blog\/wp-content\/uploads\/2013\/11\/cassy-nase.jpg?resize=350%2C200&ssl=1","width":350,"height":200,"srcset":"https:\/\/i0.wp.com\/www.flora-pharm.de\/blog\/wp-content\/uploads\/2013\/11\/cassy-nase.jpg?resize=350%2C200&ssl=1 1x, https:\/\/i0.wp.com\/www.flora-pharm.de\/blog\/wp-content\/uploads\/2013\/11\/cassy-nase.jpg?resize=525%2C300&ssl=1 1.5x, https:\/\/i0.wp.com\/www.flora-pharm.de\/blog\/wp-content\/uploads\/2013\/11\/cassy-nase.jpg?resize=700%2C400&ssl=1 2x"},"classes":[]},{"id":236,"url":"https:\/\/www.flora-pharm.de\/blog\/hannover-helau-karneval-hannover\/","url_meta":{"origin":8105,"position":5},"title":"&#8222;Hannover Helau&#8220; &#8211; Karneval in Hannover","author":"Flora Team","date":"27. Februar 2014","format":false,"excerpt":"Heute, am 27. Februar 2014, ist Weiberfastnacht, das ist der \u00dcbergang vom Sitzungs- zum Stra\u00dfenkarneval am Donnerstag vor Aschermittwoch. \u00a0In den Karnevalshochburgen wird ab 11:11 Uhr kost\u00fcmiert in Kneipen und auf Stra\u00dfen gefeiert. \u00dcbrigens ist es Brauch (selbst manchmal in diesen nordischen Gefilden), dass Frauen den M\u00e4nnern die Krawatte als\u2026","rel":"","context":"In &quot;Flora Apotheke&quot;","block_context":{"text":"Flora Apotheke","link":"https:\/\/www.flora-pharm.de\/blog\/category\/flora-apotheke\/"},"img":{"alt_text":"","src":"https:\/\/i0.wp.com\/www.flora-pharm.de\/blog\/wp-content\/uploads\/2014\/02\/karnevalsmaske-venedig2_jb.jpg?resize=350%2C200&ssl=1","width":350,"height":200,"srcset":"https:\/\/i0.wp.com\/www.flora-pharm.de\/blog\/wp-content\/uploads\/2014\/02\/karnevalsmaske-venedig2_jb.jpg?resize=350%2C200&ssl=1 1x, https:\/\/i0.wp.com\/www.flora-pharm.de\/blog\/wp-content\/uploads\/2014\/02\/karnevalsmaske-venedig2_jb.jpg?resize=525%2C300&ssl=1 1.5x"},"classes":[]}],"jetpack_sharing_enabled":true,"_links":{"self":[{"href":"https:\/\/www.flora-pharm.de\/blog\/wp-json\/wp\/v2\/posts\/8105","targetHints":{"allow":["GET"]}}],"collection":[{"href":"https:\/\/www.flora-pharm.de\/blog\/wp-json\/wp\/v2\/posts"}],"about":[{"href":"https:\/\/www.flora-pharm.de\/blog\/wp-json\/wp\/v2\/types\/post"}],"author":[{"embeddable":true,"href":"https:\/\/www.flora-pharm.de\/blog\/wp-json\/wp\/v2\/users\/1"}],"replies":[{"embeddable":true,"href":"https:\/\/www.flora-pharm.de\/blog\/wp-json\/wp\/v2\/comments?post=8105"}],"version-history":[{"count":6,"href":"https:\/\/www.flora-pharm.de\/blog\/wp-json\/wp\/v2\/posts\/8105\/revisions"}],"predecessor-version":[{"id":8115,"href":"https:\/\/www.flora-pharm.de\/blog\/wp-json\/wp\/v2\/posts\/8105\/revisions\/8115"}],"wp:featuredmedia":[{"embeddable":true,"href":"https:\/\/www.flora-pharm.de\/blog\/wp-json\/wp\/v2\/media\/8092"}],"wp:attachment":[{"href":"https:\/\/www.flora-pharm.de\/blog\/wp-json\/wp\/v2\/media?parent=8105"}],"wp:term":[{"taxonomy":"category","embeddable":true,"href":"https:\/\/www.flora-pharm.de\/blog\/wp-json\/wp\/v2\/categories?post=8105"},{"taxonomy":"post_tag","embeddable":true,"href":"https:\/\/www.flora-pharm.de\/blog\/wp-json\/wp\/v2\/tags?post=8105"}],"curies":[{"name":"wp","href":"https:\/\/api.w.org\/{rel}","templated":true}]}}