{"id":8326,"date":"2022-07-12T09:20:00","date_gmt":"2022-07-12T07:20:00","guid":{"rendered":"https:\/\/www.flora-pharm.de\/blog\/?p=8326"},"modified":"2022-07-12T09:20:59","modified_gmt":"2022-07-12T07:20:59","slug":"gut-fuer-haut-und-koralle-sonnencreme","status":"publish","type":"post","link":"https:\/\/www.flora-pharm.de\/blog\/gut-fuer-haut-und-koralle-sonnencreme\/","title":{"rendered":"Gut f\u00fcr Haut und Koralle &#8211; Sonnencreme"},"content":{"rendered":"\n<p>75% aller Korallenriffe weltweit sind von der Korallenbleiche bedroht. \u00dcbrig bleiben oft nur tote, wei\u00dfe Kalkskelette. Ein Grund scheint die Wahl der Sonnencreme beim Schwimmen und Tauchen zu sein.<\/p>\n\n\n\n<p>Viele Sonnencremes werben inzwischen damit, \u201ekorallenfreundlich\u201c zu sein. Was das f\u00fcr uns und f\u00fcr die Meeresbewohner bedeutet, erkl\u00e4rt <em>Verena Munde<\/em>.<\/p>\n\n\n\n<p>Entscheidend f\u00fcr eine Sonnencreme sind ihre Lichtschutzfilter, die UVA- und UVB-Strahlen zuverl\u00e4ssig abwehren sollen. Einige davon stehen allerdings in Verdacht, unserer Gesundheit und der Umwelt zu schaden, insbesondere den ohnehin bedrohten Korallenriffen. Dabei geht es speziell um die chemischen Lichtschutzfilter Octinoxat, Oxybenzon und Octocrylen. Man vermutet, dass sie bei Menschen hormonaktiv wirken und bei Meeresbewohnern, etwa Korallen, das Erbgut ver\u00e4ndern und ihr Wachstum behindern.<\/p>\n\n\n\n<h2 class=\"wp-block-heading\">Gefahr f\u00fcr die bunten Riffe<\/h2>\n\n\n\n<p>Korallen sind winzigste Organismen, die in ihrem Stoffwechsel Kalk bilden und daraus diese faszinierenden, bunt schillernden Riffe bauen. Diese geh\u00f6ren zu den \u00e4ltesten \u00d6kosystemen der Welt und bieten Lebensraum f\u00fcr etwa ein Viertel aller Meerestiere. Rund drei Viertel der Korallenriffe sind jedoch bedroht, verlieren ihre Farbe, sterben ab und zur\u00fcck bleibt ein totes Kalkger\u00fcst. Experten sprechen von der sogenannten Korallenbleiche. Als verantwortlich gelten neben Klimaerw\u00e4rmung und Meeresverschmutzung auch Chemikalien, zum Beispiel erbgutver\u00e4ndernde UV-Filter.<\/p>\n\n\n\n<h2 class=\"wp-block-heading\">14.000 Tonnen Sonnencreme im Meer<\/h2>\n\n\n\n<p>Sonnenschutzprodukte, selbst die wasserfesten, l\u00f6sen sich beim Baden von der Haut. So gelangen sch\u00e4tzungsweise pro Jahr weltweit 14.000 Tonnen Sonnencreme in die Meere und k\u00f6nnen die Riffe sch\u00e4digen. Besonders betroffen sind die gro\u00dfen Korallengebiete im Pazifik und in der Karibik. Doch auch an der Ostsee wurden die UV-Filter Octinoxat und Oxybenzon bereits im strandnahen Wasser gefunden. Auf Hawaii sind daher seit 2021 beide Substanzen in Sonnencremes verboten. Produkte, die darauf verzichten, tragen das Siegel mit der Aufschrift \u201e<strong>Gem\u00e4\u00df dem Hawaii-Riff-Gesetz<\/strong>\u201c. Der dritte verd\u00e4chtige UV-Filter, Octocrylen, l\u00e4sst sich ebenfalls im Wasser, in Korallen, Fischen und sogar bei Menschen nachweisen. So zeigt eine Studie der Ruhr-Universit\u00e4t Bochum, dass nach der Verwendung von octocrylenhaltiger Sonnencreme im Urin der Probanden noch Spuren des Filters erkennbar sind. Produkte ohne Octocrylen werden als \u201e<strong>korallenfreundlich<\/strong>\u201c ausgewiesen.<\/p>\n\n\n\n<p>Lesen Sie auch: <a href=\"https:\/\/www.flora-pharm.de\/blog\/alte-sonnencreme-wegwerfen\/\"><strong>Alte Sonnencreme wegwerfen?<\/strong><\/a> und <a href=\"https:\/\/www.flora-pharm.de\/blog\/sicher-in-die-sonne\/\"><strong>Sicher in die Sonne<\/strong><\/a>.<\/p>\n\n\n\n<h2 class=\"wp-block-heading\">Ein Blick auf die INCI-Liste<\/h2>\n\n\n\n<p>Die Auswirkungen dieser UV-Filter sind bislang noch nicht eindeutig wissenschaftlich belegt und werden weiter erforscht. Wer auf Nummer sicher gehen will, sollte Produkte mit diesen UV-Filtern meiden und kann einen Blick auf die Inhaltsstoff-Tabelle, die INCI-Liste, werfen. Sie f\u00fchrt s\u00e4mtliche Substanzen auf, allerdings unter ihren englischen oder lateinischen Bezeichnungen. Diese sind im Kleingedruckten nicht immer leicht ausfindig zu machen. Im Zweifelsfall fragen Sie in Ihrer Apotheke.<\/p>\n\n\n\n<h2 class=\"wp-block-heading\">Mineralisch statt chemisch<\/h2>\n\n\n\n<p>Eine Alternative zu chemischen UV-Filtern sind die mineralischen Sonnencremes auf der Basis von Titanoxid oder Titandioxid. Sie legen sich wie kleine Spiegel auf die Haut und reflektieren das Sonnenlicht. Allerdings bilden sie zun\u00e4chst einen wei\u00dflichen Film und kleben ein wenig. Da viele Sonnenanbetende das als unangenehm empfinden, werden mineralische Filter oft in kleinster Form, als Nanopartikel, verwendet und ziehen dann besser ein. Solch winzige Teilchen gelangen aber auch leichter \u00fcber die Haut in den Organismus und man bef\u00fcrchtet, dass sie krebserregend wirken.<\/p>\n\n\n\n<p>Wer sich also f\u00fcr gesundheitlich unbedenklichen Sonnenschutz mit Umwelt-Plus entscheiden m\u00f6chte, sollte auf den Zusatz \u201ekorallenfreundlich\u201c und das Riff-Siegel achten oder kann eine mineralische Sonnencreme ohne Nanopartikel w\u00e4hlen. Nat\u00fcrlich spielen dabei auch Ihr Hauttyp und der Verwendungszweck eine Rolle.<\/p>\n\n\n\n<p><strong>So entdecken Sie die kritischen UV-Filter auf der INCI-Liste:<\/strong><\/p>\n\n\n\n<ul class=\"wp-block-list\"><li>Oxybenzon: Benzophenone-3<\/li><li>Octinoxat: Ethylhexyl Methoxycinnamate<\/li><li>Octocrylen: Octocrylene<\/li><\/ul>\n\n\n\n<div style=\"height:30px\" aria-hidden=\"true\" class=\"wp-block-spacer\"><\/div>\n\n\n\n<p><strong><em>Bei Fragen helfen wir Ihnen nat\u00fcrlich gern weiter und beraten Sie.<\/em><\/strong><\/p>\n\n\n\n<div style=\"height:100px\" aria-hidden=\"true\" class=\"wp-block-spacer\"><\/div>\n\n\n\n<figure class=\"wp-block-image aligncenter size-medium\"><img loading=\"lazy\" decoding=\"async\" width=\"225\" height=\"300\" data-attachment-id=\"8311\" data-permalink=\"https:\/\/www.flora-pharm.de\/blog\/naturheilkunde-und-gesundheit-cover-07-2022\/\" data-orig-file=\"https:\/\/www.flora-pharm.de\/blog\/wp-content\/uploads\/2022\/07\/naturheilkunde-und-gesundheit-cover-07-2022.jpg\" data-orig-size=\"450,600\" data-comments-opened=\"1\" data-image-meta=\"{&quot;aperture&quot;:&quot;0&quot;,&quot;credit&quot;:&quot;&quot;,&quot;camera&quot;:&quot;&quot;,&quot;caption&quot;:&quot;&quot;,&quot;created_timestamp&quot;:&quot;0&quot;,&quot;copyright&quot;:&quot;&quot;,&quot;focal_length&quot;:&quot;0&quot;,&quot;iso&quot;:&quot;0&quot;,&quot;shutter_speed&quot;:&quot;0&quot;,&quot;title&quot;:&quot;&quot;,&quot;orientation&quot;:&quot;1&quot;}\" data-image-title=\"naturheilkunde-und-gesundheit-cover-07-2022\" data-image-description=\"\" data-image-caption=\"&lt;p&gt;Text mit freundlicher Genehmigung der S &amp;#038; D Verlag GmbH. Das komplette &amp;#8222;Naturheilkunde &amp;#038; Gesundheit&amp;#8220; Heft bekommen Sie auch bei uns in der Apotheke.&lt;\/p&gt;\n\" data-large-file=\"https:\/\/www.flora-pharm.de\/blog\/wp-content\/uploads\/2022\/07\/naturheilkunde-und-gesundheit-cover-07-2022.jpg\" src=\"https:\/\/www.flora-pharm.de\/blog\/wp-content\/uploads\/2022\/07\/naturheilkunde-und-gesundheit-cover-07-2022-225x300.jpg\" alt=\"naturheilkunde-und-gesundheit cover-07-2022\" class=\"wp-image-8311\" srcset=\"https:\/\/www.flora-pharm.de\/blog\/wp-content\/uploads\/2022\/07\/naturheilkunde-und-gesundheit-cover-07-2022-225x300.jpg 225w, https:\/\/www.flora-pharm.de\/blog\/wp-content\/uploads\/2022\/07\/naturheilkunde-und-gesundheit-cover-07-2022.jpg 450w\" sizes=\"auto, (max-width: 225px) 100vw, 225px\" \/><figcaption>Text mit freundlicher Genehmigung der S &amp; D Verlag GmbH. Das komplette &#8222;Naturheilkunde &amp; Gesundheit&#8220; Heft bekommen Sie auch bei uns in der Apotheke.<\/figcaption><\/figure>\n","protected":false},"excerpt":{"rendered":"<p>Bestimmte chemische Lichtschutzfilter schaden Korallenriffen. Nun werben Sonnencremes teilweise mit \u201eKorallenfreundlichkeit\u201c. Was bedeutet das?<\/p>\n","protected":false},"author":1,"featured_media":8314,"comment_status":"open","ping_status":"open","sticky":false,"template":"","format":"standard","meta":{"jetpack_post_was_ever_published":false,"_jetpack_newsletter_access":"","_jetpack_dont_email_post_to_subs":false,"_jetpack_newsletter_tier_id":0,"_jetpack_memberships_contains_paywalled_content":false,"_jetpack_memberships_contains_paid_content":false,"footnotes":""},"categories":[8],"tags":[422,205],"class_list":["post-8326","post","type-post","status-publish","format-standard","has-post-thumbnail","hentry","category-wissenswert","tag-naturheilkunde-und-gesundheit","tag-sonne","has-post-title","has-post-date","has-post-category","has-post-tag","has-post-comment","has-post-author",""],"jetpack_featured_media_url":"https:\/\/www.flora-pharm.de\/blog\/wp-content\/uploads\/2022\/07\/haut-und-korallen.jpg","jetpack-related-posts":[{"id":5288,"url":"https:\/\/www.flora-pharm.de\/blog\/meerwasser-becken-nemo-fuer-anfaenger\/","url_meta":{"origin":8326,"position":0},"title":"Meerwasser-Becken: Nemo f\u00fcr Anf\u00e4nger","author":"Flora Team","date":"11. September 2018","format":false,"excerpt":"Viele Aquaristik-Fans trauen sich nicht so recht ans Riffbecken heran. Dabei sind Einrichtung und Pflege eines Meerwasser-Aquariums leichter als vermutet. So f\u00fchlen sich Nemo und Co. im Wohnzimmer wohl. Ein Mini-Ozean mit farbenpr\u00e4chtigen Korallen, exotischen Fischen und bizarren wirbellosen Meeresbewohnern wie Krebsen und Garnelen \u2013 das ist f\u00fcr viele Aquarianer\u2026","rel":"","context":"In &quot;Haustiere&quot;","block_context":{"text":"Haustiere","link":"https:\/\/www.flora-pharm.de\/blog\/category\/haustiere\/"},"img":{"alt_text":"Aquarium Clownfisch","src":"https:\/\/i0.wp.com\/www.flora-pharm.de\/blog\/wp-content\/uploads\/2018\/09\/nemo-fuer-anfaenger.jpg?resize=350%2C200&ssl=1","width":350,"height":200,"srcset":"https:\/\/i0.wp.com\/www.flora-pharm.de\/blog\/wp-content\/uploads\/2018\/09\/nemo-fuer-anfaenger.jpg?resize=350%2C200&ssl=1 1x, https:\/\/i0.wp.com\/www.flora-pharm.de\/blog\/wp-content\/uploads\/2018\/09\/nemo-fuer-anfaenger.jpg?resize=525%2C300&ssl=1 1.5x, https:\/\/i0.wp.com\/www.flora-pharm.de\/blog\/wp-content\/uploads\/2018\/09\/nemo-fuer-anfaenger.jpg?resize=700%2C400&ssl=1 2x"},"classes":[]},{"id":8449,"url":"https:\/\/www.flora-pharm.de\/blog\/muellkippe-meer-mikroplastik\/","url_meta":{"origin":8326,"position":1},"title":"M\u00fcllkippe Meer &#8211; Mikroplastik","author":"Flora Team","date":"15. November 2022","format":false,"excerpt":"Welche Auswirkungen hat die Verm\u00fcllung der Meere u.a. mit Mikroplastik auf Fische und andere maritime Bewohner?","rel":"","context":"In &quot;Wissenswert&quot;","block_context":{"text":"Wissenswert","link":"https:\/\/www.flora-pharm.de\/blog\/category\/wissenswert\/"},"img":{"alt_text":"m\u00fcllkippe meer","src":"https:\/\/i0.wp.com\/www.flora-pharm.de\/blog\/wp-content\/uploads\/2022\/10\/muellkippe-meer.jpg?resize=350%2C200&ssl=1","width":350,"height":200,"srcset":"https:\/\/i0.wp.com\/www.flora-pharm.de\/blog\/wp-content\/uploads\/2022\/10\/muellkippe-meer.jpg?resize=350%2C200&ssl=1 1x, https:\/\/i0.wp.com\/www.flora-pharm.de\/blog\/wp-content\/uploads\/2022\/10\/muellkippe-meer.jpg?resize=525%2C300&ssl=1 1.5x, https:\/\/i0.wp.com\/www.flora-pharm.de\/blog\/wp-content\/uploads\/2022\/10\/muellkippe-meer.jpg?resize=700%2C400&ssl=1 2x, https:\/\/i0.wp.com\/www.flora-pharm.de\/blog\/wp-content\/uploads\/2022\/10\/muellkippe-meer.jpg?resize=1050%2C600&ssl=1 3x"},"classes":[]},{"id":11538,"url":"https:\/\/www.flora-pharm.de\/blog\/sunny\/","url_meta":{"origin":8326,"position":2},"title":"Sunny","author":"Flora Team","date":"8. August 2025","format":false,"excerpt":"Sonne ist Licht f\u00fcr die Seele. Aber: UV-Schutz ist wichtig. Welche Sonnencreme ist die richtige und wie viel davon? Antworten auf Fragen \u2026","rel":"","context":"In &quot;Wissenswert&quot;","block_context":{"text":"Wissenswert","link":"https:\/\/www.flora-pharm.de\/blog\/category\/wissenswert\/"},"img":{"alt_text":"Ein Arm wird mit Sonnencreme eingerieben, gro\u00df der Text SUNNY und links oben eine stilisierte Sonne","src":"https:\/\/i0.wp.com\/www.flora-pharm.de\/blog\/wp-content\/uploads\/2025\/08\/sunny-sonnencreme.jpg?resize=350%2C200&ssl=1","width":350,"height":200,"srcset":"https:\/\/i0.wp.com\/www.flora-pharm.de\/blog\/wp-content\/uploads\/2025\/08\/sunny-sonnencreme.jpg?resize=350%2C200&ssl=1 1x, https:\/\/i0.wp.com\/www.flora-pharm.de\/blog\/wp-content\/uploads\/2025\/08\/sunny-sonnencreme.jpg?resize=525%2C300&ssl=1 1.5x, https:\/\/i0.wp.com\/www.flora-pharm.de\/blog\/wp-content\/uploads\/2025\/08\/sunny-sonnencreme.jpg?resize=700%2C400&ssl=1 2x, https:\/\/i0.wp.com\/www.flora-pharm.de\/blog\/wp-content\/uploads\/2025\/08\/sunny-sonnencreme.jpg?resize=1050%2C600&ssl=1 3x"},"classes":[]},{"id":8363,"url":"https:\/\/www.flora-pharm.de\/blog\/befreiende-bergluft-edelweiss\/","url_meta":{"origin":8326,"position":3},"title":"Befreiende Bergluft &#038; Edelwei\u00df","author":"Flora Team","date":"21. September 2022","format":false,"excerpt":"Die Kombination aus Bergluft und Natur l\u00e4sst uns Stress und Sorgen vergessen. Auch die Gesundheit profitiert. Und mit Gl\u00fcck sieht man hoch oben auch ein Edelwei\u00df.","rel":"","context":"In &quot;Wissenswert&quot;","block_context":{"text":"Wissenswert","link":"https:\/\/www.flora-pharm.de\/blog\/category\/wissenswert\/"},"img":{"alt_text":"bergluft und edelweiss","src":"https:\/\/i0.wp.com\/www.flora-pharm.de\/blog\/wp-content\/uploads\/2022\/08\/bergluft-edelweiss.jpg?resize=350%2C200&ssl=1","width":350,"height":200,"srcset":"https:\/\/i0.wp.com\/www.flora-pharm.de\/blog\/wp-content\/uploads\/2022\/08\/bergluft-edelweiss.jpg?resize=350%2C200&ssl=1 1x, https:\/\/i0.wp.com\/www.flora-pharm.de\/blog\/wp-content\/uploads\/2022\/08\/bergluft-edelweiss.jpg?resize=525%2C300&ssl=1 1.5x, https:\/\/i0.wp.com\/www.flora-pharm.de\/blog\/wp-content\/uploads\/2022\/08\/bergluft-edelweiss.jpg?resize=700%2C400&ssl=1 2x, https:\/\/i0.wp.com\/www.flora-pharm.de\/blog\/wp-content\/uploads\/2022\/08\/bergluft-edelweiss.jpg?resize=1050%2C600&ssl=1 3x"},"classes":[]},{"id":3275,"url":"https:\/\/www.flora-pharm.de\/blog\/sonne-geniessen-ohne-sonnenbrand\/","url_meta":{"origin":8326,"position":4},"title":"Sonne genie\u00dfen \u2013 ohne Sonnenbrand!","author":"Flora Team","date":"6. Juni 2016","format":false,"excerpt":"Die Sonne strahlt, w\u00e4rmt und macht gl\u00fccklich! Doch wer zu viel Sonne abbekommt, erh\u00f6ht sein Risiko f\u00fcr Hautkrebs! \u00a0 Wie k\u00f6nnen Sie sich sch\u00fctzen? Sonnenlicht tut gut! Es regt den Stoffwechsel an und hilft bei der Bildung von Vitamin D. Doch zu viel Sonne kann die Haut sch\u00e4digen und l\u00e4sst\u2026","rel":"","context":"In &quot;Wissenswert&quot;","block_context":{"text":"Wissenswert","link":"https:\/\/www.flora-pharm.de\/blog\/category\/wissenswert\/"},"img":{"alt_text":"","src":"https:\/\/i0.wp.com\/www.flora-pharm.de\/blog\/wp-content\/uploads\/2016\/05\/sonne__copyright-joerg-buetehorn.jpg?resize=350%2C200&ssl=1","width":350,"height":200,"srcset":"https:\/\/i0.wp.com\/www.flora-pharm.de\/blog\/wp-content\/uploads\/2016\/05\/sonne__copyright-joerg-buetehorn.jpg?resize=350%2C200&ssl=1 1x, https:\/\/i0.wp.com\/www.flora-pharm.de\/blog\/wp-content\/uploads\/2016\/05\/sonne__copyright-joerg-buetehorn.jpg?resize=525%2C300&ssl=1 1.5x"},"classes":[]},{"id":2797,"url":"https:\/\/www.flora-pharm.de\/blog\/alte-sonnencreme-wegwerfen\/","url_meta":{"origin":8326,"position":5},"title":"Alte Sonnencreme wegwerfen?","author":"Flora Team","date":"22. Juli 2015","format":false,"excerpt":"Sonnencreme aus dem vergangenen Jahr \u2013 wegwerfen oder noch mal benutzen? Wer sich diese Frage stellt, findet in dem EU-weit einheitlichem PAO-Symbol (period after opening) die Antwort. Dieses zeigt einen offenen Cremetopf, gefolgt von einem Zeitraum, der die Haltbarkeit nach dem \u00d6ffnen angibt. Dies gilt aber nur bei richtiger Lagerung\u2026","rel":"","context":"In &quot;Wissenswert&quot;","block_context":{"text":"Wissenswert","link":"https:\/\/www.flora-pharm.de\/blog\/category\/wissenswert\/"},"img":{"alt_text":"","src":"","width":0,"height":0},"classes":[]}],"jetpack_sharing_enabled":true,"_links":{"self":[{"href":"https:\/\/www.flora-pharm.de\/blog\/wp-json\/wp\/v2\/posts\/8326","targetHints":{"allow":["GET"]}}],"collection":[{"href":"https:\/\/www.flora-pharm.de\/blog\/wp-json\/wp\/v2\/posts"}],"about":[{"href":"https:\/\/www.flora-pharm.de\/blog\/wp-json\/wp\/v2\/types\/post"}],"author":[{"embeddable":true,"href":"https:\/\/www.flora-pharm.de\/blog\/wp-json\/wp\/v2\/users\/1"}],"replies":[{"embeddable":true,"href":"https:\/\/www.flora-pharm.de\/blog\/wp-json\/wp\/v2\/comments?post=8326"}],"version-history":[{"count":1,"href":"https:\/\/www.flora-pharm.de\/blog\/wp-json\/wp\/v2\/posts\/8326\/revisions"}],"predecessor-version":[{"id":8327,"href":"https:\/\/www.flora-pharm.de\/blog\/wp-json\/wp\/v2\/posts\/8326\/revisions\/8327"}],"wp:featuredmedia":[{"embeddable":true,"href":"https:\/\/www.flora-pharm.de\/blog\/wp-json\/wp\/v2\/media\/8314"}],"wp:attachment":[{"href":"https:\/\/www.flora-pharm.de\/blog\/wp-json\/wp\/v2\/media?parent=8326"}],"wp:term":[{"taxonomy":"category","embeddable":true,"href":"https:\/\/www.flora-pharm.de\/blog\/wp-json\/wp\/v2\/categories?post=8326"},{"taxonomy":"post_tag","embeddable":true,"href":"https:\/\/www.flora-pharm.de\/blog\/wp-json\/wp\/v2\/tags?post=8326"}],"curies":[{"name":"wp","href":"https:\/\/api.w.org\/{rel}","templated":true}]}}