{"id":8445,"date":"2022-10-10T10:01:00","date_gmt":"2022-10-10T08:01:00","guid":{"rendered":"https:\/\/www.flora-pharm.de\/blog\/?p=8445"},"modified":"2022-10-10T10:04:02","modified_gmt":"2022-10-10T08:04:02","slug":"heilsamer-herbst","status":"publish","type":"post","link":"https:\/\/www.flora-pharm.de\/blog\/heilsamer-herbst\/","title":{"rendered":"Heilsamer Herbst"},"content":{"rendered":"\n<p>Die dritte Jahreszeit steht in den Startl\u00f6chern; f\u00fcr viele von uns ist sie gedanklich mit Infekten und <a href=\"https:\/\/www.flora-pharm.de\/blog\/herbst-blues-raus-aus-der-murmeltierlaune\/\">Tr\u00fcbnis<\/a> verbunden. Dabei steckt in den kommenden Wochen jede Menge Gesund-Potenzial, das auch noch Laune macht! Auch finden Sie jede Menge <a href=\"https:\/\/www.flora-pharm.de\/blog\/?s=herbst\">Artikel mit Fokus Herbst<\/a> hier im Blog \u00fcber unsere Suchfunktion.<\/p>\n\n\n\n<blockquote class=\"wp-block-quote is-layout-flow wp-block-quote-is-layout-flow\"><p><em>&#8222;Der Herbst ist der Fr\u00fchling des Winters.&#8220;<\/em> <\/p><cite><em>Henri de Toulouse-Lautrec (1864-1901, franz\u00f6sischer Maler)<\/em><\/cite><\/blockquote>\n\n\n\n<p>Die Hitze ist vor\u00fcber; jetzt locken uns angenehme Temperaturen ins Freie. Und da bekommen wir nicht nur eine gute Portion klarer, reiner Herbstluft ab, sondern auch UV-Strahlen, die wir unter anderem zur Bildung von <a href=\"https:\/\/www.flora-pharm.de\/blog\/tag\/vitamin-d\/\">Vitamin D<\/a> ben\u00f6tigen. Vor allem aber bietet das aktuelle Klima die besten Bedingungen f\u00fcr Bewegung, zum Beispiel beim Wandern. Durch raschelndes Herbstlaub kraxeln, auf Schusters Rappen die W\u00e4lder und H\u00fcgel erkunden: Aus dem bel\u00e4chelten Senioren-Hobby ist zu Recht ein Trendsport geworden, der K\u00f6rper und Geist auf vielf\u00e4ltige Weise fordert und zudem Spa\u00df bringt.<\/p>\n\n\n\n<div style=\"height:20px\" aria-hidden=\"true\" class=\"wp-block-spacer\"><\/div>\n\n\n\n<h2 class=\"wp-block-heading\">Gesundheit to go<\/h2>\n\n\n\n<p><a href=\"https:\/\/www.flora-pharm.de\/blog\/wanderlust\/\">Wandern<\/a> gilt als sanftes Ausdauertraining, das unseren gesamten Bewegungsapparat st\u00e4rkt. Zudem hat es positive Effekte auf die Abwehr und den Stoffwechsel. Schon auf gerader Strecke verbrauchen wir dabei etwa 50 Kilokalorien pro Kilometer. Geht\u2019s bergauf, k\u00f6nnen es bis zu 600 Kilokalorien pro Stunde werden! Mit den H\u00f6henmetern beschleunigt sich au\u00dferdem unsere Herzfrequenz; gut f\u00fcr Pumpe und Kreislauf. Auch die Atmung profitiert, wohingegen Bluthochdruck, \u00dcbergewicht und Diabetes das Nachsehen haben: Wer regelm\u00e4\u00dfig wandert, leidet nachweislich seltener darunter. Sind wir schon mal drau\u00dfen, k\u00f6nnen wir gleich gesunde Zutaten f\u00fcr unseren herbstlichen Speiseplan sammeln: <a href=\"https:\/\/www.flora-pharm.de\/blog\/ab-in-pilze\/\"><strong>Pilze<\/strong><\/a>. Sie punkten mit jeder Menge Eiwei\u00df, enthalten kaum Fett \u2013 ideal zum Abnehmen. Daf\u00fcr strotzen die H\u00fctchentr\u00e4ger vor Vitalstoffen wie Vitamin B2, B3, D, Kalium, Phosphor und Eisen. Sie verbessern unsere N\u00e4hrstoffversorgung, pushen das Immunsystem und st\u00e4rken die Knochen.<\/p>\n\n\n\n<p>Lecker sind sie nat\u00fcrlich au\u00dferdem! Frische Waldpilze aber bitte nicht roh verzehren, sondern mindestens 15 Minuten bei 70 Grad Celsius erhitzen, um unter anderem etwaige Larven des gef\u00e4hrlichen Fuchsbandwurms abzut\u00f6ten. Und sammeln Sie nat\u00fcrlich nur die Pilze, die Sie ganz sicher kennen!<\/p>\n\n\n\n<div style=\"height:20px\" aria-hidden=\"true\" class=\"wp-block-spacer\"><\/div>\n\n\n\n<h2 class=\"wp-block-heading\">Beerenstarkes Gem\u00fcse<\/h2>\n\n\n\n<p>Neben Schwammerln hat der Herbst auch viele Gem\u00fcsesorten zu bieten, die nicht nur auf unseren Tellern eine gute Figur machen. Gr\u00fcn- und Rotkohl, Kohlrabi, <a href=\"https:\/\/www.flora-pharm.de\/blog\/rote-bete\/\">Rote Bete<\/a>, Pastinaken, Schwarzwurzeln und Topinambur erleben zurzeit eine wahre Renaissance: Kein Wunder, schlie\u00dflich \u00fcberzeugen die heimischen Gew\u00e4chse nicht nur mit einem vorbildlichen CO2-Abdruck, sondern auch mit guten Inhaltsstoffen. <a href=\"https:\/\/www.flora-pharm.de\/blog\/kohl-das-gute-wintergemuese\/\">Gr\u00fcnkohl<\/a> gilt sogar als wahres Superfood: Neben seinem hohen Vitamingehalt stecken in ihm auch jede Menge Antioxidantien, wie der Radikalf\u00e4nger Betacarotin. Her mit dem aromatischen Jungbrunnen!<br>PS: <a href=\"https:\/\/www.flora-pharm.de\/blog\/so-schmeckt-der-herbst\/\">So schmeckt der Herbst!<\/a><strong><\/strong><\/p>\n\n\n\n<p>Zu diesen K\u00f6stlichkeiten kommt dann noch der K\u00f6nig des Herbstes hinzu: <a href=\"https:\/\/www.flora-pharm.de\/blog\/kuerbis-eine-beere-mit-baerenkraeften\/\">der K\u00fcrbis<\/a>. Botanisch z\u00e4hlt er zu den Beerenfr\u00fcchten, und aufgrund der harten Schale werden die Herbst- und Wintersorten Panzerbeere genannt. W\u00e4hrend das ebenfalls vitaminreiche K\u00fcrbisfleisch als kalorienarm gilt, sieht das bei K\u00fcrbiskernen anders aus: Sie sind sehr gehaltvoll, daf\u00fcr aber auch echte Arzneimittel. Mit ihren Phytosterolen verbessern sie Cholesterinwerte und Herzgesundheit, beeinflussen durch ihren niedrigen glyk\u00e4mischen Index den Blutzuckerspiegel positiv und wirken dank ihrer bioaktiven Inhaltsstoffe gutartiger Prostatavergr\u00f6\u00dferung entgegen. Zudem tragen die kleinen Knacker zur Erhaltung der gesunden Blasenfunktion bei und machen selbst Tumoren das Leben schwer: Wie Studien belegen, kann das Kerneknabbern bestimmten Krebsarten vorbeugen. Wer von der konzentrierten Wirkung der K\u00fcrbiskerne profitieren m\u00f6chte, fragt in der Apotheke nach einem entsprechenden Pr\u00e4parat.<\/p>\n\n\n\n<div style=\"height:20px\" aria-hidden=\"true\" class=\"wp-block-spacer\"><\/div>\n\n\n\n<h2 class=\"wp-block-heading\">Ist das gesund oder kann das weg?<\/h2>\n\n\n\n<p>Zahlreiche (Un-)Kr\u00e4uter haben im Herbst ebenfalls noch Saison: Etwa der <a href=\"https:\/\/www.flora-pharm.de\/blog\/?s=Gundermann\"><strong>Gundermann<\/strong><\/a>, der bereits vor 800 Jahren als Heilpflanze verwendet wurde und volksmedizinisch bei Bronchialerkrankungen und Nieren- sowie Harnwegsleiden zum Einsatz kommt. Auch als hom\u00f6opathische Zubereitung und in der Spagyrik findet das Kraut Anwendung. Von Gartenfans verhasst, von Heilkundigen geliebt ist <a href=\"https:\/\/www.flora-pharm.de\/blog\/?s=Giersch\"><strong>Giersch<\/strong><\/a>: Der hat nachweislich entz\u00fcndungshemmende Wirkung und entw\u00e4ssernde Eigenschaften, strotzt zudem vor Vitamin C. Rheumatische Beschwerden, leichte Hautentz\u00fcndungen sowie Blasenkatarrhe lassen sich durch B\u00e4der, Tee oder auch wie Spinat zubereitetes Giersch-Gem\u00fcse lindern. <a href=\"https:\/\/www.flora-pharm.de\/blog\/spitzwegerich\/\"><strong>Spitzwegerich<\/strong><\/a>-Bl\u00e4tter sind ein traditionelles pflanzliches Arzneimittel und gerade jetzt zu Beginn der Erk\u00e4ltungssaison unverzichtbar. Sie bremsen nicht nur Erkrankungen der oberen Atemwege aus, sondern wirken auch wohltuend bei gereiztem Mund- und Rachenbereich. Die <a href=\"https:\/\/www.flora-pharm.de\/blog\/?s=Schafgarbe\"><strong>Schafgarbe<\/strong><\/a> geh\u00f6rt ebenfalls zu den Heilkr\u00e4uter-Klassikern: Bis heute nutzen wir Sud und Tinktur der Pflanze f\u00fcr alle Leiden rund um Blutungen, von Wunden bis hin zur Menstruation. Schafgarbenkraut wirkt zudem appetitanregend und lindernd bei Verdauungsbeschwerden. Wie Spitzwegerich und Gundermann treibt auch die entkrampfende und beruhigende Schafgarbe im Herbst ein zweites Mal aus, sodass wir jetzt zarte junge Bl\u00e4tter ernten k\u00f6nnen. Alternativ erhalten Sie in Ihrer Apotheke Arzneitees mit den getrockneten Kr\u00e4utern.<\/p>\n\n\n\n<div style=\"height:20px\" aria-hidden=\"true\" class=\"wp-block-spacer\"><\/div>\n\n\n\n<h2 class=\"wp-block-heading\">Wir wollen Wellness!<\/h2>\n\n\n\n<p>Wenn Sie zu denen geh\u00f6ren, die sich im Herbst nach wohltuender W\u00e4rme sehnen, sollten Sie <a href=\"https:\/\/www.flora-pharm.de\/blog\/sauna-schwitzen-im-winter\/\">Sauna<\/a> f\u00fcr sich entdecken: Das Schwitzbad verspricht Entspannung f\u00fcr Geist und K\u00f6rper. Zudem haben regelm\u00e4\u00dfige Saunag\u00e4nge belebende und abh\u00e4rtende Wirkung. Auch der Stoffwechsel wird angeregt, und wir sch\u00fctten Gl\u00fcckshormone aus. Und wenn Sie dann nach einem Besuch in der Therme in die erfrischende Oktoberluft hinaustreten, oder mit einer Tasse hei\u00dfem <a href=\"https:\/\/www.flora-pharm.de\/blog\/tee-kompositionen\/\">Kr\u00e4utertee<\/a> auf Ihrem Balkon sitzen, sehen Sie\u2019s vielleicht \u00e4hnlich wie der Dichter Johann Wolfgang von Goethe: \u201eDer Herbst ist immer unsere beste Zeit.\u201c<\/p>\n\n\n\n<div style=\"height:50px\" aria-hidden=\"true\" class=\"wp-block-spacer\"><\/div>\n\n\n\n<p><strong><em>Heilsame Tees aus Herbstkr\u00e4utern (in Arzneimittel-Qualit\u00e4t) und passende Beratung erhalten Sie individuell auf Sie abgestimmt auch bei uns, in Ihrer Flora Apotheke Hannover. Sprechen Sie uns gern an.<\/em><\/strong><\/p>\n\n\n\n<div style=\"height:100px\" aria-hidden=\"true\" class=\"wp-block-spacer\"><\/div>\n\n\n\n<figure class=\"wp-block-image aligncenter size-medium\"><img loading=\"lazy\" decoding=\"async\" width=\"225\" height=\"300\" data-attachment-id=\"8430\" data-permalink=\"https:\/\/www.flora-pharm.de\/blog\/naturheilkunde-und-gesundheit-cover-10-2022\/\" data-orig-file=\"https:\/\/www.flora-pharm.de\/blog\/wp-content\/uploads\/2022\/10\/naturheilkunde-und-gesundheit-cover-10-2022.jpg\" data-orig-size=\"450,600\" data-comments-opened=\"1\" data-image-meta=\"{&quot;aperture&quot;:&quot;0&quot;,&quot;credit&quot;:&quot;&quot;,&quot;camera&quot;:&quot;&quot;,&quot;caption&quot;:&quot;&quot;,&quot;created_timestamp&quot;:&quot;0&quot;,&quot;copyright&quot;:&quot;&quot;,&quot;focal_length&quot;:&quot;0&quot;,&quot;iso&quot;:&quot;0&quot;,&quot;shutter_speed&quot;:&quot;0&quot;,&quot;title&quot;:&quot;&quot;,&quot;orientation&quot;:&quot;1&quot;}\" data-image-title=\"\" data-image-description=\"\" data-image-caption=\"&lt;p&gt;Text mit freundlicher Genehmigung der S &amp;#038; D Verlag GmbH. Das komplette \u201cNaturheilkunde &amp;#038; Gesundheit\u201d Heft bekommen Sie auch bei uns in der Apotheke.&lt;\/p&gt;\n\" data-large-file=\"https:\/\/www.flora-pharm.de\/blog\/wp-content\/uploads\/2022\/10\/naturheilkunde-und-gesundheit-cover-10-2022.jpg\" src=\"https:\/\/www.flora-pharm.de\/blog\/wp-content\/uploads\/2022\/10\/naturheilkunde-und-gesundheit-cover-10-2022-225x300.jpg\" alt=\"naturheilkunde-und-gesundheit 10-2022\" class=\"wp-image-8430\" srcset=\"https:\/\/www.flora-pharm.de\/blog\/wp-content\/uploads\/2022\/10\/naturheilkunde-und-gesundheit-cover-10-2022-225x300.jpg 225w, https:\/\/www.flora-pharm.de\/blog\/wp-content\/uploads\/2022\/10\/naturheilkunde-und-gesundheit-cover-10-2022.jpg 450w\" sizes=\"auto, (max-width: 225px) 100vw, 225px\" \/><figcaption>Text mit freundlicher Genehmigung der S &amp; D Verlag GmbH. Das komplette \u201cNaturheilkunde &amp; Gesundheit\u201d Heft bekommen Sie auch bei uns in der Apotheke.<\/figcaption><\/figure>\n","protected":false},"excerpt":{"rendered":"<p>Herbst &#8211; Die dritte Jahreszeit steht in den Startl\u00f6chern und bringt ihre ganz eigenen Vorz\u00fcge und K\u00f6stlichkeiten mit. Kein Grund f\u00fcr Tr\u00fcbnis!<\/p>\n","protected":false},"author":1,"featured_media":8432,"comment_status":"open","ping_status":"open","sticky":false,"template":"","format":"standard","meta":{"jetpack_post_was_ever_published":false,"_jetpack_newsletter_access":"","_jetpack_dont_email_post_to_subs":false,"_jetpack_newsletter_tier_id":0,"_jetpack_memberships_contains_paywalled_content":false,"_jetpack_memberships_contains_paid_content":false,"footnotes":""},"categories":[8],"tags":[239,4,13,422],"class_list":["post-8445","post","type-post","status-publish","format-standard","has-post-thumbnail","hentry","category-wissenswert","tag-ernaehrung","tag-herbst","tag-kuerbis","tag-naturheilkunde-und-gesundheit","has-post-title","has-post-date","has-post-category","has-post-tag","has-post-comment","has-post-author",""],"jetpack_featured_media_url":"https:\/\/www.flora-pharm.de\/blog\/wp-content\/uploads\/2022\/10\/heilsamer-herbst.jpg","jetpack-related-posts":[{"id":9325,"url":"https:\/\/www.flora-pharm.de\/blog\/hallo-herbst-2\/","url_meta":{"origin":8445,"position":0},"title":"Hallo Herbst","author":"Flora Team","date":"7. Oktober 2024","format":false,"excerpt":"Herbst, trotz k\u00fcrzerer Tage und k\u00fchlerer Temperaturen hat diese Jahreszeit jede Menge Gro\u00dfartiges zu bieten. Ein paar Anregungen gef\u00e4llig?","rel":"","context":"In &quot;Wissenswert&quot;","block_context":{"text":"Wissenswert","link":"https:\/\/www.flora-pharm.de\/blog\/category\/wissenswert\/"},"img":{"alt_text":"Der Herbst ist da","src":"https:\/\/i0.wp.com\/www.flora-pharm.de\/blog\/wp-content\/uploads\/2024\/10\/hallo-herbst.jpg?resize=350%2C200&ssl=1","width":350,"height":200,"srcset":"https:\/\/i0.wp.com\/www.flora-pharm.de\/blog\/wp-content\/uploads\/2024\/10\/hallo-herbst.jpg?resize=350%2C200&ssl=1 1x, https:\/\/i0.wp.com\/www.flora-pharm.de\/blog\/wp-content\/uploads\/2024\/10\/hallo-herbst.jpg?resize=525%2C300&ssl=1 1.5x, https:\/\/i0.wp.com\/www.flora-pharm.de\/blog\/wp-content\/uploads\/2024\/10\/hallo-herbst.jpg?resize=700%2C400&ssl=1 2x, https:\/\/i0.wp.com\/www.flora-pharm.de\/blog\/wp-content\/uploads\/2024\/10\/hallo-herbst.jpg?resize=1050%2C600&ssl=1 3x"},"classes":[]},{"id":11790,"url":"https:\/\/www.flora-pharm.de\/blog\/herbstkur-mit-schuessler-salzen-welche-nehme-ich\/","url_meta":{"origin":8445,"position":1},"title":"\u201eHerbstkur mit Sch\u00fc\u00dfler\u2013Salzen \u2013 welche nehme ich?\u201c","author":"Flora Team","date":"25. November 2025","format":false,"excerpt":"Eine Herbstkur mit Sch\u00fc\u00dfler-Salzen kann helfen, fit und gesund durch die kalte Jahreszeit zu kommen, unsere Expertin hilft bei der Auswahl.","rel":"","context":"In &quot;Wissenswert&quot;","block_context":{"text":"Wissenswert","link":"https:\/\/www.flora-pharm.de\/blog\/category\/wissenswert\/"},"img":{"alt_text":"Sch\u00fc\u00dfler-Salze Herbst-Kur - Zur optischen Untermalung liegen Tabletten neben Zweigen in einer Holzschale","src":"https:\/\/i0.wp.com\/www.flora-pharm.de\/blog\/wp-content\/uploads\/2025\/10\/schuessler-herbst-kur.jpg?resize=350%2C200&ssl=1","width":350,"height":200,"srcset":"https:\/\/i0.wp.com\/www.flora-pharm.de\/blog\/wp-content\/uploads\/2025\/10\/schuessler-herbst-kur.jpg?resize=350%2C200&ssl=1 1x, https:\/\/i0.wp.com\/www.flora-pharm.de\/blog\/wp-content\/uploads\/2025\/10\/schuessler-herbst-kur.jpg?resize=525%2C300&ssl=1 1.5x, https:\/\/i0.wp.com\/www.flora-pharm.de\/blog\/wp-content\/uploads\/2025\/10\/schuessler-herbst-kur.jpg?resize=700%2C400&ssl=1 2x"},"classes":[]},{"id":4460,"url":"https:\/\/www.flora-pharm.de\/blog\/im-abendrot-des-sommers\/","url_meta":{"origin":8445,"position":2},"title":"Im Abendrot des Sommers","author":"Flora Team","date":"21. September 2017","format":false,"excerpt":"Herbst-Tag-und-Nachtgleiche am 22. September 2017 Der Sommer neigt sich dem Ende zu und der Herbst wirft seine Schatten voraus. F\u00fcr naturverbundene Menschen hat die Zeit um den 22. September eine tiefe und mystische Bedeutung. Dieser Tag gleicht einer Schwelle, denn Tag und Nacht sind dann exakt gleich lang. Wir feiern\u2026","rel":"","context":"In &quot;Kalenderlexikon&quot;","block_context":{"text":"Kalenderlexikon","link":"https:\/\/www.flora-pharm.de\/blog\/category\/kalenderlexikon\/"},"img":{"alt_text":"","src":"https:\/\/i0.wp.com\/www.flora-pharm.de\/blog\/wp-content\/uploads\/2017\/09\/abendrot.jpg?resize=350%2C200&ssl=1","width":350,"height":200,"srcset":"https:\/\/i0.wp.com\/www.flora-pharm.de\/blog\/wp-content\/uploads\/2017\/09\/abendrot.jpg?resize=350%2C200&ssl=1 1x, https:\/\/i0.wp.com\/www.flora-pharm.de\/blog\/wp-content\/uploads\/2017\/09\/abendrot.jpg?resize=525%2C300&ssl=1 1.5x, https:\/\/i0.wp.com\/www.flora-pharm.de\/blog\/wp-content\/uploads\/2017\/09\/abendrot.jpg?resize=700%2C400&ssl=1 2x"},"classes":[]},{"id":6567,"url":"https:\/\/www.flora-pharm.de\/blog\/heilpflanzen-fuer-die-seele\/","url_meta":{"origin":8445,"position":3},"title":"Heilpflanzen f\u00fcr die Seele","author":"Flora Team","date":"22. November 2019","format":false,"excerpt":"M\u00fcde, lustlos, traurig - Herbstblues? Mit unseren Tipps und mit der Unterst\u00fctzung durch diese drei Arzneipflanzen k\u00f6nnen Sie dar\u00fcber hinwegkommen.","rel":"","context":"In &quot;Heilpflanzen \/ Arzneipflanzen&quot;","block_context":{"text":"Heilpflanzen \/ Arzneipflanzen","link":"https:\/\/www.flora-pharm.de\/blog\/category\/heilpflanzen-arzneipflanzen\/"},"img":{"alt_text":"Heilpflanzen f\u00fcr die Seele","src":"https:\/\/i0.wp.com\/www.flora-pharm.de\/blog\/wp-content\/uploads\/2019\/11\/heilpflanzen-seele.jpg?resize=350%2C200&ssl=1","width":350,"height":200,"srcset":"https:\/\/i0.wp.com\/www.flora-pharm.de\/blog\/wp-content\/uploads\/2019\/11\/heilpflanzen-seele.jpg?resize=350%2C200&ssl=1 1x, https:\/\/i0.wp.com\/www.flora-pharm.de\/blog\/wp-content\/uploads\/2019\/11\/heilpflanzen-seele.jpg?resize=525%2C300&ssl=1 1.5x, https:\/\/i0.wp.com\/www.flora-pharm.de\/blog\/wp-content\/uploads\/2019\/11\/heilpflanzen-seele.jpg?resize=700%2C400&ssl=1 2x"},"classes":[]},{"id":6490,"url":"https:\/\/www.flora-pharm.de\/blog\/hallo-herbst\/","url_meta":{"origin":8445,"position":4},"title":"Hallo, Herbst!","author":"Flora Team","date":"11. Oktober 2019","format":false,"excerpt":"Der Sommer ist vorbei, das Schmuddelwetter naht. Zeit, f\u00fcr eine starke Abwehr, ein starkes Immunsystem zu sorgen.By the way: Am 12. Oktober ist Tag der Naturheilkunde! Jetzt werden die Tage immer k\u00fcrzer und allm\u00e4hlich auch k\u00e4lter. Das schl\u00e4gt vielen auf das Gem\u00fct und ist eine Herausforderung f\u00fcr unsere Gesundheit. Ein\u2026","rel":"","context":"In &quot;Wissenswert&quot;","block_context":{"text":"Wissenswert","link":"https:\/\/www.flora-pharm.de\/blog\/category\/wissenswert\/"},"img":{"alt_text":"Hallo Herbst","src":"https:\/\/i0.wp.com\/www.flora-pharm.de\/blog\/wp-content\/uploads\/2019\/10\/hallo-herbst.jpg?resize=350%2C200&ssl=1","width":350,"height":200,"srcset":"https:\/\/i0.wp.com\/www.flora-pharm.de\/blog\/wp-content\/uploads\/2019\/10\/hallo-herbst.jpg?resize=350%2C200&ssl=1 1x, https:\/\/i0.wp.com\/www.flora-pharm.de\/blog\/wp-content\/uploads\/2019\/10\/hallo-herbst.jpg?resize=525%2C300&ssl=1 1.5x, https:\/\/i0.wp.com\/www.flora-pharm.de\/blog\/wp-content\/uploads\/2019\/10\/hallo-herbst.jpg?resize=700%2C400&ssl=1 2x"},"classes":[]},{"id":5390,"url":"https:\/\/www.flora-pharm.de\/blog\/herbst-blues-raus-aus-der-murmeltierlaune\/","url_meta":{"origin":8445,"position":5},"title":"Herbst-Blues &#8211; Raus aus der Murmeltierlaune","author":"Flora Team","date":"26. Oktober 2018","format":false,"excerpt":"Mit dem Herbst kommt der Blues. Eine Symphonie aus D\u00fcften, Kr\u00e4utern und anderen Tipps heitert K\u00f6rper und Seele auf. Lesen Sie auch: Im Abendrot des Sommers. \u00a0 Ein Artikel von Stefanie Deckers \u00a0 Jetzt wird der Himmel immer tr\u00fcber. Unsere Stimmung auch. Der Herbsteinbruch schl\u00e4gt vielen aufs Gem\u00fct. Jeder zweite\u2026","rel":"","context":"In &quot;Flora Apotheke&quot;","block_context":{"text":"Flora Apotheke","link":"https:\/\/www.flora-pharm.de\/blog\/category\/flora-apotheke\/"},"img":{"alt_text":"Murmeltierlaune - Herbstdepression","src":"https:\/\/i0.wp.com\/www.flora-pharm.de\/blog\/wp-content\/uploads\/2018\/10\/murmeltierlaune.jpg?resize=350%2C200&ssl=1","width":350,"height":200,"srcset":"https:\/\/i0.wp.com\/www.flora-pharm.de\/blog\/wp-content\/uploads\/2018\/10\/murmeltierlaune.jpg?resize=350%2C200&ssl=1 1x, https:\/\/i0.wp.com\/www.flora-pharm.de\/blog\/wp-content\/uploads\/2018\/10\/murmeltierlaune.jpg?resize=525%2C300&ssl=1 1.5x, https:\/\/i0.wp.com\/www.flora-pharm.de\/blog\/wp-content\/uploads\/2018\/10\/murmeltierlaune.jpg?resize=700%2C400&ssl=1 2x"},"classes":[]}],"jetpack_sharing_enabled":true,"_links":{"self":[{"href":"https:\/\/www.flora-pharm.de\/blog\/wp-json\/wp\/v2\/posts\/8445","targetHints":{"allow":["GET"]}}],"collection":[{"href":"https:\/\/www.flora-pharm.de\/blog\/wp-json\/wp\/v2\/posts"}],"about":[{"href":"https:\/\/www.flora-pharm.de\/blog\/wp-json\/wp\/v2\/types\/post"}],"author":[{"embeddable":true,"href":"https:\/\/www.flora-pharm.de\/blog\/wp-json\/wp\/v2\/users\/1"}],"replies":[{"embeddable":true,"href":"https:\/\/www.flora-pharm.de\/blog\/wp-json\/wp\/v2\/comments?post=8445"}],"version-history":[{"count":4,"href":"https:\/\/www.flora-pharm.de\/blog\/wp-json\/wp\/v2\/posts\/8445\/revisions"}],"predecessor-version":[{"id":8458,"href":"https:\/\/www.flora-pharm.de\/blog\/wp-json\/wp\/v2\/posts\/8445\/revisions\/8458"}],"wp:featuredmedia":[{"embeddable":true,"href":"https:\/\/www.flora-pharm.de\/blog\/wp-json\/wp\/v2\/media\/8432"}],"wp:attachment":[{"href":"https:\/\/www.flora-pharm.de\/blog\/wp-json\/wp\/v2\/media?parent=8445"}],"wp:term":[{"taxonomy":"category","embeddable":true,"href":"https:\/\/www.flora-pharm.de\/blog\/wp-json\/wp\/v2\/categories?post=8445"},{"taxonomy":"post_tag","embeddable":true,"href":"https:\/\/www.flora-pharm.de\/blog\/wp-json\/wp\/v2\/tags?post=8445"}],"curies":[{"name":"wp","href":"https:\/\/api.w.org\/{rel}","templated":true}]}}