{"id":8453,"date":"2022-10-28T09:36:00","date_gmt":"2022-10-28T07:36:00","guid":{"rendered":"https:\/\/www.flora-pharm.de\/blog\/?p=8453"},"modified":"2022-10-28T09:37:02","modified_gmt":"2022-10-28T07:37:02","slug":"so-riecht-auszeit-aromatherapie","status":"publish","type":"post","link":"https:\/\/www.flora-pharm.de\/blog\/so-riecht-auszeit-aromatherapie\/","title":{"rendered":"So riecht Auszeit &#8211; Aromatherapie"},"content":{"rendered":"\n<p>Lavendel, Rose, Sandelholz. D\u00fcfte sind Balsam f\u00fcrs Wohlbefinden, denn Entspannung geht durch die Nase.<\/p>\n\n\n\n<p>Ger\u00fcche wecken Emotionen und Erinnerungen. So manche D\u00fcfte lassen uns etwa an gl\u00fcckliche Kindheitstage denken. Mandarine riecht nach Weihnachten. Mit Vanille verbinden viele von uns Geborgenheit in trauter Familie. Diese feinsten Duftmolek\u00fcle finden ihren Weg durch die Nase direkt ins Gehirn. Im limbischen System, dem Zentrum f\u00fcr unsere Gef\u00fchle, l\u00f6sen sie Reaktionen aus. D\u00fcfte setzen Nervenimpulse frei, die beruhigend wirken, Stress reduzieren und das Wohlbefinden steigern. Andere Ger\u00fcche k\u00f6nnen wiederum \u00c4ngste hervorrufen. Deshalb ist es so wichtig, den richtigen Duft zu w\u00e4hlen, wenn Sie mithilfe der Aromatherapie mehr Entspannung erleben m\u00f6chten.<\/p>\n\n\n\n<p>Finden Sie weitere Artikel zum <a href=\"https:\/\/www.flora-pharm.de\/blog\/tag\/aromatherapie\/\">Thema Aromatherapie<\/a>.<\/p>\n\n\n\n<p>Um in den Genuss eines wohltuenden Duftes zu kommen, k\u00f6nnen wir Aroma\u00f6le auf drei verschiedene Arten nutzen: in der Aromalampe, im warmen Entspannungsbad oder bei einer Wellnessmassage.<\/p>\n\n\n\n<div style=\"height:20px\" aria-hidden=\"true\" class=\"wp-block-spacer\"><\/div>\n\n\n\n<h2 class=\"wp-block-heading\">Wohlf\u00fchl-Duft im Wohnraum<\/h2>\n\n\n\n<p>F\u00fcr die klassische Raumbeduftung brauchen Sie eine Aromalampe, Wasser, ein Teelicht und \u00e4therische \u00d6le ohne k\u00fcnstliche Zusatzstoffe, aus der Apotheke. Es gibt dort auch elektrische Diffuser mit Wassertank, die keine Kerze ben\u00f6tigen. Mit ihrer Zerst\u00e4uberfunktion dienen sie gleichzeitig als Luftbefeuchter und schaffen eine heimelige Atmosph\u00e4re. PS: <a href=\"https:\/\/www.flora-pharm.de\/blog\/gesunde-daempfe-aromatherapie\/\">Gesunde D\u00e4mpfe \u2013 Aromatherapie<\/a><strong><\/strong><\/p>\n\n\n\n<p>Nachteil: Der Beh\u00e4lter verlangt eine regelm\u00e4\u00dfige Reinigung, sonst k\u00f6nnen sich unangenehme Bakterien bilden, die ebenfalls in die Luft \u00fcbergehen. Das passiert mit einem modernen Ultraschall-Vernebler nicht so schnell. Dieser kommt ganz ohne Wasser aus und verteilt die Aromastoffe in ihrer reinen, unverd\u00fcnnten Form.<\/p>\n\n\n\n<p>Zur Raumbeduftung eines etwa 30 Quadratmeter gro\u00dfen Zimmers gen\u00fcgen schon vier bis f\u00fcnf Tropfen eines Duft\u00f6ls. \u00c4therische \u00d6le sind fl\u00fcchtig, sie gehen in die Atmosph\u00e4re \u00fcber und wirken auf subtile Weise. Nach etwa 20 Minuten haben wir uns an den Duft gew\u00f6hnt und nehmen ihn bewusst kaum noch wahr \u2013 unbewusst aber bleibt der Effekt erhalten.<\/p>\n\n\n\n<div style=\"height:20px\" aria-hidden=\"true\" class=\"wp-block-spacer\"><\/div>\n\n\n\n<h2 class=\"wp-block-heading\">Baden mit Balsamduft<\/h2>\n\n\n\n<p>\u00c4therische \u00d6le sind nicht wasserl\u00f6slich. Daher niemals direkt aus dem Fl\u00e4schchen ins Badewasser geben, sondern immer zusammen mit einer Tr\u00e4gersubstanz wie Sahne, Milch oder Meersalz. F\u00fcr ein normales Vollbad brauchen Sie davon zwei Essl\u00f6ffel und f\u00fcnf bis 15 Tropfen Ihres \u00e4therischen \u00d6les. Die fertige Mischung ins einflie\u00dfende Badewasser geben. PS: <a href=\"https:\/\/www.flora-pharm.de\/blog\/wohltuende-kraeuterbaeder\/\">Wohltuende Kr\u00e4uterb\u00e4der<\/a>.<\/p>\n\n\n\n<div style=\"height:20px\" aria-hidden=\"true\" class=\"wp-block-spacer\"><\/div>\n\n\n\n<h2 class=\"wp-block-heading\">Duftende Wellnessmassage<\/h2>\n\n\n\n<p>Die meisten Aroma\u00f6le d\u00fcrfen Sie nicht direkt auf die Haut auftragen, sondern nur in Verbindung mit einem Tr\u00e4ger\u00f6l. Etwa 20 Milliliter Aprikosenkern\u00f6l, Jojoba\u00f6l oder Nachtkerzen\u00f6l mit maximal zehn Tropfen \u00e4therischem \u00d6l vermischen und anw\u00e4rmen. Bei der <a href=\"https:\/\/www.flora-pharm.de\/blog\/massage-heilsamer-hautkontakt\/\">Massage<\/a> nehmen wir die Duftstoffe sowohl mit der Nase als auch mit der Haut auf. Die Molek\u00fcle dringen von der oberen Haut in tiefere Hautschichten ein und gelangen so in den Blutkreislauf, damit wir von Kopf bis Fu\u00df entspannen.<\/p>\n\n\n\n<div style=\"height:20px\" aria-hidden=\"true\" class=\"wp-block-spacer\"><\/div>\n\n\n\n<h2 class=\"wp-block-heading\">D\u00fcfte zum Entspannen<\/h2>\n\n\n\n<p><strong>Jasmin &#8211; <\/strong>Blumig-s\u00fc\u00dfer Duft. Wirkt beruhigend, entspannend und emotional w\u00e4rmend. Gut bei Melancholie, Niedergeschlagenheit und psychosomatischen Beschwerden. Niedrig dosieren, kann sonst zu Kopfschmerzen f\u00fchren.<\/p>\n\n\n\n<p><strong>Lavendel &#8211; <\/strong>Frischer, blumiger und krautiger Duft. Wirkt aufbauend, nervenst\u00e4rkend und beruhigend. Gut bei Schlafst\u00f6rungen, innerer Unruhe und \u00dcberreiztheit. Lavendelduft wirkt auf die Hirnwellen, die f\u00fcr Entspannung zust\u00e4ndig sind. Nachweislich k\u00f6nnen sich sogar \u00c4ngste l\u00f6sen und Nerven beruhigen. PS: <a href=\"https:\/\/www.flora-pharm.de\/blog\/lavendel-arzneipflanze-des-jahres-2020\/\">Lavendel: Arzneipflanze des Jahres 2020<\/a><\/p>\n\n\n\n<p><strong>Rose &#8211; <\/strong>S\u00fc\u00dfer, weicher und blumiger Duft. Wirkt ausgleichend, beruhigend und harmonisierend. Gut bei Ersch\u00f6pfung, nerv\u00f6sen Spannungen und seelischer Unausgeglichenheit. Rosenduft senkt die Herzfrequenz und lindert Stresssymptome.<\/p>\n\n\n\n<p><strong>Melisse &#8211; <\/strong>Zitrusartiger, frischer Duft. Wirkt harmonisierend, stabilisierend und nervenst\u00e4rkend. Gut bei innerer Anspannung, Herzschmerz und Niedergeschlagenheit. Auch bei Schlafst\u00f6rungen ein geeigneter Duft. PS: <a href=\"https:\/\/www.flora-pharm.de\/blog\/melisse-fuer-die-lippe\/\">Melisse f\u00fcr die Lippe<\/a><\/p>\n\n\n\n<p><strong>Bergamotte &#8211; <\/strong>Fein-herber, zitronenartiger Duft. Wirkt stimmungsaufhellend und stressabbauend. Gut bei Gef\u00fchlsschwankungen, Konzentrationsproblemen und Schlafst\u00f6rungen. Bergamotteist der Duft Nummer eins bei Herbstblues und Depressivit\u00e4t. PS: <a href=\"https:\/\/www.flora-pharm.de\/blog\/bergamotte-lichtbringerin\/\">Bergamotte<\/a><\/p>\n\n\n\n<p><strong>Sandelholz &#8211; <\/strong>Balsamischer, holziger und s\u00fc\u00dfer Duft. Wirkt stimmungsaufhellend, fantasieanregend und ged\u00e4chtnisst\u00e4rkend. Gut bei Nervosit\u00e4t, Gereiztheit und seelischen Blockaden. Sandelholzduft nicht bei Nierenentz\u00fcndungen verwenden.<\/p>\n\n\n\n<p><strong>Vanille &#8211; <\/strong>S\u00fc\u00dfer, balsamischer Duft. Wirkt beruhigend, stimmungsaufhellend und w\u00e4rmend. Gut bei \u00c4rger, Frust und Reizbarkeit. Vanilleduft kann zu allergischen Reaktionen f\u00fchren. PS: <a href=\"https:\/\/www.flora-pharm.de\/blog\/vanille\/\">Vanille<\/a><strong><\/strong><\/p>\n\n\n\n<p><strong>Mandarine &#8211; <\/strong>Fruchtiger, lieblicher und s\u00fc\u00dflicher Duft. Wirkt erheiternd, inspirationsf\u00f6rdernd und seelisch aufbauend. Gut bei nervlicher \u00dcberforderung, seelischen Krisen und \u00c4ngsten \u2013 vor allem bei Kindern ein beliebter Duft.<\/p>\n\n\n\n<p><strong>Ylang-Ylang &#8211; <\/strong>Blumig-exotischer Duft. Wirkt euphorisierend, erheiternd und ausgleichend. Gut bei Entt\u00e4uschung, Nervosit\u00e4t und Schlafst\u00f6rungen. Niedrig dosieren. Kann sonst zu Kopfschmerzen und \u00dcbelkeit f\u00fchren.<\/p>\n\n\n\n<p><strong>Zeder &#8211; <\/strong>S\u00fc\u00dflich-herber Duft. Wirkt stressmindernd, nervenst\u00e4rkend und harmonisierend. Gut bei trauriger Stimmung, Unausgeglichenheit und seelischer Anspannung. Nicht f\u00fcr Kinder, Schwangere und Epileptiker geeignet.<\/p>\n\n\n\n<div style=\"height:50px\" aria-hidden=\"true\" class=\"wp-block-spacer\"><\/div>\n\n\n\n<p><strong><em>Sprechen Sie uns gern auf das Thema an und lassen Sie sich von uns ganz individuell beraten.<\/em><\/strong><\/p>\n\n\n\n<div style=\"height:100px\" aria-hidden=\"true\" class=\"wp-block-spacer\"><\/div>\n\n\n\n<figure class=\"wp-block-image aligncenter size-medium\"><img loading=\"lazy\" decoding=\"async\" width=\"225\" height=\"300\" data-attachment-id=\"8430\" data-permalink=\"https:\/\/www.flora-pharm.de\/blog\/naturheilkunde-und-gesundheit-cover-10-2022\/\" data-orig-file=\"https:\/\/www.flora-pharm.de\/blog\/wp-content\/uploads\/2022\/10\/naturheilkunde-und-gesundheit-cover-10-2022.jpg\" data-orig-size=\"450,600\" data-comments-opened=\"1\" data-image-meta=\"{&quot;aperture&quot;:&quot;0&quot;,&quot;credit&quot;:&quot;&quot;,&quot;camera&quot;:&quot;&quot;,&quot;caption&quot;:&quot;&quot;,&quot;created_timestamp&quot;:&quot;0&quot;,&quot;copyright&quot;:&quot;&quot;,&quot;focal_length&quot;:&quot;0&quot;,&quot;iso&quot;:&quot;0&quot;,&quot;shutter_speed&quot;:&quot;0&quot;,&quot;title&quot;:&quot;&quot;,&quot;orientation&quot;:&quot;1&quot;}\" data-image-title=\"\" data-image-description=\"\" data-image-caption=\"&lt;p&gt;Text mit freundlicher Genehmigung der S &amp;#038; D Verlag GmbH. Das komplette \u201cNaturheilkunde &amp;#038; Gesundheit\u201d Heft bekommen Sie auch bei uns in der Apotheke.&lt;\/p&gt;\n\" data-large-file=\"https:\/\/www.flora-pharm.de\/blog\/wp-content\/uploads\/2022\/10\/naturheilkunde-und-gesundheit-cover-10-2022.jpg\" src=\"https:\/\/www.flora-pharm.de\/blog\/wp-content\/uploads\/2022\/10\/naturheilkunde-und-gesundheit-cover-10-2022-225x300.jpg\" alt=\"naturheilkunde-und-gesundheit 10-2022\" class=\"wp-image-8430\" srcset=\"https:\/\/www.flora-pharm.de\/blog\/wp-content\/uploads\/2022\/10\/naturheilkunde-und-gesundheit-cover-10-2022-225x300.jpg 225w, https:\/\/www.flora-pharm.de\/blog\/wp-content\/uploads\/2022\/10\/naturheilkunde-und-gesundheit-cover-10-2022.jpg 450w\" sizes=\"auto, (max-width: 225px) 100vw, 225px\" \/><figcaption>Text mit freundlicher Genehmigung der S &amp; D Verlag GmbH. Das komplette \u201cNaturheilkunde &amp; Gesundheit\u201d Heft bekommen Sie auch bei uns in der Apotheke.<\/figcaption><\/figure>\n","protected":false},"excerpt":{"rendered":"<p>Ger\u00fcche wecken Emotionen und Erinnerungen. Mit der richtigen Duftauswahl k\u00f6nnen Sie herrliche Entspannung erleben.<\/p>\n","protected":false},"author":1,"featured_media":8436,"comment_status":"open","ping_status":"open","sticky":false,"template":"","format":"standard","meta":{"jetpack_post_was_ever_published":false,"_jetpack_newsletter_access":"","_jetpack_dont_email_post_to_subs":false,"_jetpack_newsletter_tier_id":0,"_jetpack_memberships_contains_paywalled_content":false,"_jetpack_memberships_contains_paid_content":false,"footnotes":""},"categories":[8],"tags":[460,420,422],"class_list":["post-8453","post","type-post","status-publish","format-standard","has-post-thumbnail","hentry","category-wissenswert","tag-aromatherapie","tag-entspannung","tag-naturheilkunde-und-gesundheit","has-post-title","has-post-date","has-post-category","has-post-tag","has-post-comment","has-post-author",""],"jetpack_featured_media_url":"https:\/\/www.flora-pharm.de\/blog\/wp-content\/uploads\/2022\/10\/so-riecht-auszeit-aromatherapie.jpg","jetpack-related-posts":[{"id":7954,"url":"https:\/\/www.flora-pharm.de\/blog\/wie-riecht-glueck\/","url_meta":{"origin":8453,"position":0},"title":"Wie riecht Gl\u00fcck?","author":"Flora Team","date":"20. Dezember 2021","format":false,"excerpt":"Jasminduft zur Entspannung, Zitrus f\u00fcr die gute Laune und Rose gegen Einsamkeit. Aroma\u00f6le haben nachweislich positive Effekte auf unsere Gef\u00fchle und tun uns im Herbst besonders gut.","rel":"","context":"In &quot;Wissenswert&quot;","block_context":{"text":"Wissenswert","link":"https:\/\/www.flora-pharm.de\/blog\/category\/wissenswert\/"},"img":{"alt_text":"Wie riecht Gl\u00fcck","src":"https:\/\/i0.wp.com\/www.flora-pharm.de\/blog\/wp-content\/uploads\/2021\/10\/wie-riecht-glueck.jpg?resize=350%2C200&ssl=1","width":350,"height":200,"srcset":"https:\/\/i0.wp.com\/www.flora-pharm.de\/blog\/wp-content\/uploads\/2021\/10\/wie-riecht-glueck.jpg?resize=350%2C200&ssl=1 1x, https:\/\/i0.wp.com\/www.flora-pharm.de\/blog\/wp-content\/uploads\/2021\/10\/wie-riecht-glueck.jpg?resize=525%2C300&ssl=1 1.5x, https:\/\/i0.wp.com\/www.flora-pharm.de\/blog\/wp-content\/uploads\/2021\/10\/wie-riecht-glueck.jpg?resize=700%2C400&ssl=1 2x"},"classes":[]},{"id":4677,"url":"https:\/\/www.flora-pharm.de\/blog\/wie-duftet-weihnachten\/","url_meta":{"origin":8453,"position":1},"title":"Wie duftet Weihnachten?","author":"Flora Team","date":"12. Dezember 2017","format":false,"excerpt":"Lassen Sie doch den Weihnachtsstress drau\u00dfen vor Ihrer T\u00fcr und stimmen Sie sich zu Hause mit angenehmen D\u00fcften auf das Fest ein. \u00c4therische \u00d6le zaubern einen Raumduft, der Geborgenheit und W\u00e4rme schenkt. \u00a0 Aroma\u00f6le f\u00fcr die Adventszeit D\u00fcfte haben eine erstaunliche Wirkung auf unseren K\u00f6rper und unsere Seele. Inzwischen ist\u2026","rel":"","context":"In &quot;Wissenswert&quot;","block_context":{"text":"Wissenswert","link":"https:\/\/www.flora-pharm.de\/blog\/category\/wissenswert\/"},"img":{"alt_text":"Weihnachtsduft Aromatherapie","src":"https:\/\/i0.wp.com\/www.flora-pharm.de\/blog\/wp-content\/uploads\/2017\/12\/weihnachtsduft.jpg?resize=350%2C200&ssl=1","width":350,"height":200,"srcset":"https:\/\/i0.wp.com\/www.flora-pharm.de\/blog\/wp-content\/uploads\/2017\/12\/weihnachtsduft.jpg?resize=350%2C200&ssl=1 1x, https:\/\/i0.wp.com\/www.flora-pharm.de\/blog\/wp-content\/uploads\/2017\/12\/weihnachtsduft.jpg?resize=525%2C300&ssl=1 1.5x, https:\/\/i0.wp.com\/www.flora-pharm.de\/blog\/wp-content\/uploads\/2017\/12\/weihnachtsduft.jpg?resize=700%2C400&ssl=1 2x"},"classes":[]},{"id":9355,"url":"https:\/\/www.flora-pharm.de\/blog\/doktor-duft\/","url_meta":{"origin":8453,"position":2},"title":"Doktor Duft","author":"Flora Team","date":"16. Dezember 2024","format":false,"excerpt":"Duftstoffe aus Pflanzen haben nachweislich positive Effekte auf K\u00f6rper, Geist und Seele. Wertvolle Tipps f\u00fcr Nutzer der Aromatherapie bei uns im Blog\u2026","rel":"","context":"In &quot;Wissenswert&quot;","block_context":{"text":"Wissenswert","link":"https:\/\/www.flora-pharm.de\/blog\/category\/wissenswert\/"},"img":{"alt_text":"Aromatherapie kann viele Beschwerden lindern","src":"https:\/\/i0.wp.com\/www.flora-pharm.de\/blog\/wp-content\/uploads\/2024\/10\/doktor-duft.jpg?resize=350%2C200&ssl=1","width":350,"height":200,"srcset":"https:\/\/i0.wp.com\/www.flora-pharm.de\/blog\/wp-content\/uploads\/2024\/10\/doktor-duft.jpg?resize=350%2C200&ssl=1 1x, https:\/\/i0.wp.com\/www.flora-pharm.de\/blog\/wp-content\/uploads\/2024\/10\/doktor-duft.jpg?resize=525%2C300&ssl=1 1.5x, https:\/\/i0.wp.com\/www.flora-pharm.de\/blog\/wp-content\/uploads\/2024\/10\/doktor-duft.jpg?resize=700%2C400&ssl=1 2x, https:\/\/i0.wp.com\/www.flora-pharm.de\/blog\/wp-content\/uploads\/2024\/10\/doktor-duft.jpg?resize=1050%2C600&ssl=1 3x"},"classes":[]},{"id":3083,"url":"https:\/\/www.flora-pharm.de\/blog\/aromatherapie\/","url_meta":{"origin":8453,"position":3},"title":"Aromatherapie","author":"Flora Team","date":"2. Februar 2016","format":false,"excerpt":"Ob in der Duftlampe, im Massage\u00f6l oder im Badezusatz \u2013 duftende \u00e4therische \u00d6le bringen Wohlbefinden und Gesundheit. \u00a0 Schon mittelalterliche \u00c4rzte verwendeten Bl\u00fcten\u00f6le und Kr\u00e4uteressenzen, um bei ihren Patienten Erkrankungen und Gef\u00fchle zu beeinflussen. Heute ist bekannt, wie \u00e4therische \u00d6le auf K\u00f6rper, Geist und Seele wirken. Der Riechsinn, die Olfaktorik,\u2026","rel":"","context":"In &quot;Kr\u00e4uter &amp; Gew\u00fcrze&quot;","block_context":{"text":"Kr\u00e4uter &amp; Gew\u00fcrze","link":"https:\/\/www.flora-pharm.de\/blog\/category\/kraeuter-gewuerze\/"},"img":{"alt_text":"Mit freundlicher Genehmigung der S & D Verlag GmbH. Das komplette Naturheilkunde und Gesundheit Heft bekommen Sie auch bei uns in der Apotheke.","src":"https:\/\/i0.wp.com\/www.flora-pharm.de\/blog\/wp-content\/uploads\/2016\/02\/naturheilkunde-und-gesundheit-cover-02-2016-225x300.jpg?resize=350%2C200&ssl=1","width":350,"height":200},"classes":[]},{"id":7042,"url":"https:\/\/www.flora-pharm.de\/blog\/muecken-ausgebrummt\/","url_meta":{"origin":8453,"position":4},"title":"M\u00fccken &#8211; Ausgebrummt","author":"Flora Team","date":"9. Juli 2020","format":false,"excerpt":"M\u00fccken lieben unseren K\u00f6rpergeruch, aber sie hassen pflanzliche D\u00fcfte. So bewahrt die Aromatherapie vor den Plagegeistern des Sommers. Sie sind kaum gr\u00f6\u00dfer als 15 Millimeter und wiegen gerade einmal 2,5 Milligramm. M\u00fccken sind winzige Fliegengewichte, geh\u00f6ren aber zu den gr\u00f6\u00dften Plagegeistern des Sommers. Erst surren sie uns penetrant um die\u2026","rel":"","context":"In &quot;Wissenswert&quot;","block_context":{"text":"Wissenswert","link":"https:\/\/www.flora-pharm.de\/blog\/category\/wissenswert\/"},"img":{"alt_text":"Ausgebrummt - M\u00fccken abwehren","src":"https:\/\/i0.wp.com\/www.flora-pharm.de\/blog\/wp-content\/uploads\/2020\/06\/muecke-ausgebrummt.jpg?resize=350%2C200&ssl=1","width":350,"height":200,"srcset":"https:\/\/i0.wp.com\/www.flora-pharm.de\/blog\/wp-content\/uploads\/2020\/06\/muecke-ausgebrummt.jpg?resize=350%2C200&ssl=1 1x, https:\/\/i0.wp.com\/www.flora-pharm.de\/blog\/wp-content\/uploads\/2020\/06\/muecke-ausgebrummt.jpg?resize=525%2C300&ssl=1 1.5x, https:\/\/i0.wp.com\/www.flora-pharm.de\/blog\/wp-content\/uploads\/2020\/06\/muecke-ausgebrummt.jpg?resize=700%2C400&ssl=1 2x"},"classes":[]},{"id":6681,"url":"https:\/\/www.flora-pharm.de\/blog\/zauberhafte-zirbe\/","url_meta":{"origin":8453,"position":5},"title":"Zauberhafte Zirbe","author":"Flora Team","date":"10. Februar 2020","format":false,"excerpt":"Die \u00e4therischen \u00d6le sind ihr Geheimnis. Der Zirbe werden heilsame und entspannende Wirkungen zugesprochen. Der Nadelbaum mit dem w\u00fcrzigduftenden Holz erlebt zurzeit ein Comeback. Die Zirbelkiefer oder einfach Zirbe zieht in immer mehr Schlafund Wohnzimmern ein. Damit lebt eine uralte Tradition wieder auf, denn in der Alpenregion dient das r\u00f6tliche\u2026","rel":"","context":"In &quot;Wissenswert&quot;","block_context":{"text":"Wissenswert","link":"https:\/\/www.flora-pharm.de\/blog\/category\/wissenswert\/"},"img":{"alt_text":"Zirbe, Nadelbaum","src":"https:\/\/i0.wp.com\/www.flora-pharm.de\/blog\/wp-content\/uploads\/2020\/01\/Zauberhafte-Zirbe.jpg?resize=350%2C200&ssl=1","width":350,"height":200,"srcset":"https:\/\/i0.wp.com\/www.flora-pharm.de\/blog\/wp-content\/uploads\/2020\/01\/Zauberhafte-Zirbe.jpg?resize=350%2C200&ssl=1 1x, https:\/\/i0.wp.com\/www.flora-pharm.de\/blog\/wp-content\/uploads\/2020\/01\/Zauberhafte-Zirbe.jpg?resize=525%2C300&ssl=1 1.5x, https:\/\/i0.wp.com\/www.flora-pharm.de\/blog\/wp-content\/uploads\/2020\/01\/Zauberhafte-Zirbe.jpg?resize=700%2C400&ssl=1 2x"},"classes":[]}],"jetpack_sharing_enabled":true,"_links":{"self":[{"href":"https:\/\/www.flora-pharm.de\/blog\/wp-json\/wp\/v2\/posts\/8453","targetHints":{"allow":["GET"]}}],"collection":[{"href":"https:\/\/www.flora-pharm.de\/blog\/wp-json\/wp\/v2\/posts"}],"about":[{"href":"https:\/\/www.flora-pharm.de\/blog\/wp-json\/wp\/v2\/types\/post"}],"author":[{"embeddable":true,"href":"https:\/\/www.flora-pharm.de\/blog\/wp-json\/wp\/v2\/users\/1"}],"replies":[{"embeddable":true,"href":"https:\/\/www.flora-pharm.de\/blog\/wp-json\/wp\/v2\/comments?post=8453"}],"version-history":[{"count":2,"href":"https:\/\/www.flora-pharm.de\/blog\/wp-json\/wp\/v2\/posts\/8453\/revisions"}],"predecessor-version":[{"id":8477,"href":"https:\/\/www.flora-pharm.de\/blog\/wp-json\/wp\/v2\/posts\/8453\/revisions\/8477"}],"wp:featuredmedia":[{"embeddable":true,"href":"https:\/\/www.flora-pharm.de\/blog\/wp-json\/wp\/v2\/media\/8436"}],"wp:attachment":[{"href":"https:\/\/www.flora-pharm.de\/blog\/wp-json\/wp\/v2\/media?parent=8453"}],"wp:term":[{"taxonomy":"category","embeddable":true,"href":"https:\/\/www.flora-pharm.de\/blog\/wp-json\/wp\/v2\/categories?post=8453"},{"taxonomy":"post_tag","embeddable":true,"href":"https:\/\/www.flora-pharm.de\/blog\/wp-json\/wp\/v2\/tags?post=8453"}],"curies":[{"name":"wp","href":"https:\/\/api.w.org\/{rel}","templated":true}]}}