{"id":8494,"date":"2022-12-02T09:50:34","date_gmt":"2022-12-02T08:50:34","guid":{"rendered":"https:\/\/www.flora-pharm.de\/blog\/?p=8494"},"modified":"2023-02-03T12:36:06","modified_gmt":"2023-02-03T11:36:06","slug":"keine-gewissensbisse","status":"publish","type":"post","link":"https:\/\/www.flora-pharm.de\/blog\/keine-gewissensbisse\/","title":{"rendered":"Keine Gewissensbisse"},"content":{"rendered":"\n<p>L\u00e4sst sich Stress einfach wegessen? Und warum sind Schokolade und Schuldgef\u00fchle scheinbar untrennbar miteinander verwoben? Unbestritten ist: Bei jeder Mahlzeit sitzen haufenweise Emotionen mit am Tisch.<\/p>\n\n\n\n<p>In stressigen und belastenden Situationen w\u00e4chst der innere Drang nach Seelenfutter. Doch kaum sind die Kekse dann verputzt, regt sich das schlechte Gewissen. Wie eng Essen und der Umgang mit Emotionen verbunden sind, erkl\u00e4rt Cornelia Fiechtl im Interview mit <em>Saskia Fechte<\/em>. Fiechtl ist Klinische Psychologin mit dem Schwerpunkt \u201eEssverhalten und K\u00f6rpergef\u00fchl\u201c in Wien. In ihrer \u201eACHTSAM ESSEN AKADEMIE\u201c hilft sie Menschen, ein entspanntes Verh\u00e4ltnis zum Essen und ein gesundes Essverhalten zu entwickeln.<\/p>\n\n\n\n<p>Hinweis: Finden Sie viele weiterf\u00fchrende <a href=\"https:\/\/www.flora-pharm.de\/blog\/tag\/ernaehrung\/\">Artikel zum Thema Ern\u00e4hrung<\/a> hier bei uns im Blog. Nutzen Sie auch die Suchfunktion.<\/p>\n\n\n\n<div style=\"height:15px\" aria-hidden=\"true\" class=\"wp-block-spacer\"><\/div>\n\n\n\n<p><strong><em>Frau Fiechtl, wie stark beeinflussen Emotionen unser Essverhalten?<\/em><\/strong><\/p>\n\n\n\n<p>Im Prinzip werden der gesamte K\u00f6rper und das gesamte menschliche Verhalten durch Emotionen beeinflusst, so auch das Essen. Beispielsweise steigt die Lust auf Essen bei guter Laune: In Gesellschaft langen wir meist gro\u00dfz\u00fcgig zu und essen mit besonderem Genuss. Stress und Trauer hingegen schlagen oft auf den Appetit, wir essen weniger. Unter chronischem Stress ver\u00e4ndern sich unsere Bed\u00fcrfnisse in Richtung energiereichere Speisen. In dem Fall erf\u00fcllt Essen den Zweck, Emotionen zu regulieren. Es dient gewisserma\u00dfen als Bew\u00e4ltigungsstrategie.<\/p>\n\n\n\n<div style=\"height:15px\" aria-hidden=\"true\" class=\"wp-block-spacer\"><\/div>\n\n\n\n<p><strong><em>Frustessen und Seelennahrung sind also keine Einbildung?<\/em><\/strong><\/p>\n\n\n\n<p>Wenn die innere Anspannung steigt, kann Essen eine Strategie sein, auf die Belastung zu reagieren. Durch Essanf\u00e4lle in solchen Phasen versuchen viele Menschen oft unbewusst, dieser Situation entgegenzuwirken. In ausgedehntem Umfang passiert dies beim sogenannten \u201eBinge-Eating\u201c, dem Verschlingen von unverh\u00e4ltnism\u00e4\u00dfig gro\u00dfen Nahrungsmengen innerhalb kurzer Zeit. In kleinerem Ma\u00dfe m\u00fcndet es in einen akuten Essdrang.<\/p>\n\n\n\n<div style=\"height:15px\" aria-hidden=\"true\" class=\"wp-block-spacer\"><\/div>\n\n\n\n<p><strong><em>Worin besteht der Unterschied zwischen wirklichem Hunger und Essdrang?<\/em><\/strong><\/p>\n\n\n\n<p>Einfach gesagt, kommt echter Hunger aus dem Bauch, er entsteht langsam von innen. Der Essdrang ist definiert durch ein eher pl\u00f6tzlich auftretendes Verlangen nach ganz bestimmten Lebensmitteln, das mehr in der Mundgegend entsteht.<\/p>\n\n\n\n<div style=\"height:15px\" aria-hidden=\"true\" class=\"wp-block-spacer\"><\/div>\n\n\n\n<p><strong><em>Wie kann ich vermeiden, bei Stress in die \u201eKeksfalle\u201c zu tappen?<\/em><\/strong><\/p>\n\n\n\n<p>Wer sich solcher Automatismen bewusst wird, kann andere Methoden zur Entspannung einsetzen, zum Beispiel Meditieren, moderate Bewegung oder eine gezielte Auszeit anderer Art. Die Voraussetzung daf\u00fcr ist, erst einmal zu bemerken, welche Mechanismen da in Kopf und K\u00f6rper unter Stress ablaufen.<\/p>\n\n\n\n<p>Sich das eigene Essverhalten bewusst zu machen, kann mit \u00dcbungen zum K\u00f6rpergef\u00fchl gelingen. Wenn ich mir dar\u00fcber klar werde, was ich in bestimmten Momenten sp\u00fcre, wie ich Hunger wahrnehme und was diese Gef\u00fchle f\u00fcr mich bedeuten, komme ich meinen Gewohnheiten auf die Spur. Dabei kann es helfen, die Beobachtungen aufzuschreiben: Welche k\u00f6rperlichen Anzeichen sp\u00fcre ich? Welche Gedanken sind in diesem Moment mit dem Essen verkn\u00fcpft?<\/p>\n\n\n\n<div style=\"height:15px\" aria-hidden=\"true\" class=\"wp-block-spacer\"><\/div>\n\n\n\n<p><strong><em>M\u00fcssen wir diese Selbstbeobachtung neu lernen?<\/em><\/strong><\/p>\n\n\n\n<p>Meine Erfahrung zeigt, dass viele Menschen gut sp\u00fcren k\u00f6nnen, was gro\u00dfer Hunger bedeutet. Ebenso kennen viele das Gef\u00fchl, gar keinen Hunger zu versp\u00fcren. Die Grauzonen dazwischen sind meist schwieriger zu erfassen. Es ist kein leichter Prozess, diese f\u00fcr sich einzuordnen, denn allzu oft ist das Essen viel zu sehr mit Emotionen verkn\u00fcpft. Zudem ist Ern\u00e4hrung immer ein individuelles Verhalten, keine pauschale Angelegenheit. Es gibt viele richtige Formen, sich zu ern\u00e4hren und mit dem Thema Essen umzugehen. Um dorthin zu gelangen, kann professionelle Unterst\u00fctzung helfen.<\/p>\n\n\n\n<div style=\"height:15px\" aria-hidden=\"true\" class=\"wp-block-spacer\"><\/div>\n\n\n\n<p><strong><em>Warum wird Essen so oft negativ bewertet?<\/em><\/strong><\/p>\n\n\n\n<p>Ich nehme einen gro\u00dfen Druck seitens der Gesellschaft wahr. Die Sicht auf das K\u00f6rperbild ist, insbesondere f\u00fcr Frauen, \u00e4u\u00dferst streng. Nicht dem Schlankheitsideal zu entsprechen, wird gleichgesetzt mit negativen Eigenschaften, L\u00e4cherlichkeit und Disziplinlosigkeit. Schlanksein bedeutet f\u00fcr viele automatisch Erfolg, Willensst\u00e4rke und Gesundheit.<\/p>\n\n\n\n<p>Doch solch ein Schwarz-Wei\u00df-Denken ist weder korrekt noch sinnvoll. Es sorgt vielmehr daf\u00fcr, dass den Themen Gewicht und Essen eine viel zu gro\u00dfe Bedeutung zugemessen wird.<\/p>\n\n\n\n<div style=\"height:15px\" aria-hidden=\"true\" class=\"wp-block-spacer\"><\/div>\n\n\n\n<p><strong><em>Welche Bedeutung hat das K\u00f6rpergewicht f\u00fcr das Ern\u00e4hrungsverhalten?<\/em><\/strong><\/p>\n\n\n\n<p>Gar keine. Wir sollten uns verabschieden von einem diskriminierenden Verhalten jenen Menschen gegen\u00fcber, die Kurven haben. Der Blick auf das Essverhalten folgt einem gewichtsneutralen Ansatz. Egal, was die Waage anzeigt, die ausschlaggebende Frage lautet immer: Wie ist der pers\u00f6nliche Zugang zum Essen? Das Prinzip des In-sich-hinein-Sp\u00fcrens und bewussten Essens ist f\u00fcr jeden gleich hilfreich. Das Ziel ist eine gute Lebensqualit\u00e4t, nicht eine spezielle Kleidergr\u00f6\u00dfe.<\/p>\n\n\n\n<div style=\"height:15px\" aria-hidden=\"true\" class=\"wp-block-spacer\"><\/div>\n\n\n\n<p><strong><em>Wie sieht gesundes Essverhalten aus?<\/em><\/strong><\/p>\n\n\n\n<p>Aus meiner Sicht ist ein befreiter Zugang zum Thema Essen w\u00fcnschenswert. Weg von einer st\u00e4ndigen Bewertung von guten oder schlechten Lebensmitteln. Nicht unentwegt \u00fcber Portionen oder Kalorien nachdenken, sondern ohne negative Gedanken essen. Optimal ist es, wenn ich die Kekse mit Genuss essen kann, wenn ich Lust darauf habe. Und sie nicht deshalb weglege, weil ich ein schlechtes Gewissen habe, sondern weil ich merke, dass ich genug habe. Aus ern\u00e4hrungsphysiologischer Sicht ist zudem nat\u00fcrlich ein abwechslungsreicher, vielf\u00e4ltiger Speiseplan w\u00fcnschenswert.<\/p>\n\n\n\n<p>\u00dcber \u201eintuitives Essen\u201c finden Sie hier noch einen weiteren Artikel: <a href=\"https:\/\/www.flora-pharm.de\/blog\/das-beste-essen-aller-zeiten\/\"><strong>Das beste Essen aller Zeiten<\/strong><\/a><strong><\/strong><\/p>\n\n\n\n<div style=\"height:50px\" aria-hidden=\"true\" class=\"wp-block-spacer\"><\/div>\n\n\n\n<h2 class=\"wp-block-heading\">Informationen und Ansprechpartner:<\/h2>\n\n\n\n<ul class=\"wp-block-list\">\n<li>BerufsVerband Oecotrophologie e. V. (VDOE): <a href=\"http:\/\/www.vdoe.de\/\" target=\"_blank\" rel=\"noreferrer noopener nofollow\">www.vdoe.de<\/a><\/li>\n\n\n\n<li>Bundesfachverband Essst\u00f6rungen (BFE): <a href=\"http:\/\/www.bundesfachverbandessstoerungen.de\/\" target=\"_blank\" rel=\"noreferrer noopener nofollow\">www.bundesfachverbandessstoerungen.de<\/a><\/li>\n\n\n\n<li>Bundeszentrale f\u00fcr gesundheitliche Aufkl\u00e4rung (BZgA): <a href=\"http:\/\/www.bzga-essstoerungen.de\/\" target=\"_blank\" rel=\"noreferrer noopener nofollow\">www.bzga-essstoerungen.de<\/a><\/li>\n\n\n\n<li>Bundeszentrum f\u00fcr Ern\u00e4hrung (BZfE): <a href=\"http:\/\/www.bzfe.de\/\" target=\"_blank\" rel=\"noreferrer noopener nofollow\">www.bzfe.de<\/a><\/li>\n\n\n\n<li>Vereine f\u00fcr Unabh\u00e4ngige Gesundheitsberatung (UGB): <a href=\"http:\/\/www.ugb.de\/\" target=\"_blank\" rel=\"noreferrer noopener nofollow\">www.ugb.de<\/a><\/li>\n<\/ul>\n\n\n\n<div style=\"height:50px\" aria-hidden=\"true\" class=\"wp-block-spacer\"><\/div>\n\n\n\n<p>Hilfreiche Informationen erhalten Sie au\u00dferdem bei Apothekern mit der Zusatzbezeichnung \u201eErn\u00e4hrungsberater\u201c. Das w\u00e4re in der Flora Apotheke z.B. unsere Apothekerin Frau Carstensen. Aber nat\u00fcrlich steht Ihnen unser ganzes Team gern beratend zur Seite.<\/p>\n\n\n\n<div style=\"height:100px\" aria-hidden=\"true\" class=\"wp-block-spacer\"><\/div>\n\n\n\n<figure class=\"wp-block-image aligncenter size-medium\"><img loading=\"lazy\" decoding=\"async\" width=\"225\" height=\"300\" data-attachment-id=\"8480\" data-permalink=\"https:\/\/www.flora-pharm.de\/blog\/naturheilkunde-und-gesundheit-cover-11-2022\/\" data-orig-file=\"https:\/\/www.flora-pharm.de\/blog\/wp-content\/uploads\/2022\/11\/naturheilkunde-und-gesundheit-cover-11-2022.jpg\" data-orig-size=\"450,600\" data-comments-opened=\"1\" data-image-meta=\"{&quot;aperture&quot;:&quot;0&quot;,&quot;credit&quot;:&quot;&quot;,&quot;camera&quot;:&quot;&quot;,&quot;caption&quot;:&quot;&quot;,&quot;created_timestamp&quot;:&quot;0&quot;,&quot;copyright&quot;:&quot;&quot;,&quot;focal_length&quot;:&quot;0&quot;,&quot;iso&quot;:&quot;0&quot;,&quot;shutter_speed&quot;:&quot;0&quot;,&quot;title&quot;:&quot;&quot;,&quot;orientation&quot;:&quot;1&quot;}\" data-image-title=\"naturheilkunde-und-gesundheit-cover-11-2022\" data-image-description=\"\" data-image-caption=\"&lt;p&gt;Text mit freundlicher Genehmigung der S &amp;#038; D Verlag GmbH. Das komplette \u201cNaturheilkunde &amp;#038; Gesundheit\u201d Heft bekommen Sie auch bei uns in der Apotheke.&lt;\/p&gt;\n\" data-large-file=\"https:\/\/www.flora-pharm.de\/blog\/wp-content\/uploads\/2022\/11\/naturheilkunde-und-gesundheit-cover-11-2022.jpg\" src=\"https:\/\/www.flora-pharm.de\/blog\/wp-content\/uploads\/2022\/11\/naturheilkunde-und-gesundheit-cover-11-2022-225x300.jpg\" alt=\"naturheilkunde und gesundheit, cover 11-2022\" class=\"wp-image-8480\" srcset=\"https:\/\/www.flora-pharm.de\/blog\/wp-content\/uploads\/2022\/11\/naturheilkunde-und-gesundheit-cover-11-2022-225x300.jpg 225w, https:\/\/www.flora-pharm.de\/blog\/wp-content\/uploads\/2022\/11\/naturheilkunde-und-gesundheit-cover-11-2022.jpg 450w\" sizes=\"auto, (max-width: 225px) 100vw, 225px\" \/><figcaption class=\"wp-element-caption\">Text mit freundlicher Genehmigung der S &amp; D Verlag GmbH. Das komplette \u201cNaturheilkunde &amp; Gesundheit\u201d Heft bekommen Sie auch bei uns in der Apotheke.<\/figcaption><\/figure>\n","protected":false},"excerpt":{"rendered":"<p>Bei jeder Mahlzeit sitzen haufenweise Emotionen mit am Tisch. Stress und Kummer mit Schokolade wegessen? Wie Emotionen das Essverhalten beeinflussen.<\/p>\n","protected":false},"author":1,"featured_media":8484,"comment_status":"open","ping_status":"open","sticky":false,"template":"","format":"standard","meta":{"jetpack_post_was_ever_published":false,"_jetpack_newsletter_access":"","_jetpack_dont_email_post_to_subs":false,"_jetpack_newsletter_tier_id":0,"_jetpack_memberships_contains_paywalled_content":false,"_jetpack_memberships_contains_paid_content":false,"footnotes":""},"categories":[8],"tags":[132,239,702,422,76,268],"class_list":["post-8494","post","type-post","status-publish","format-standard","has-post-thumbnail","hentry","category-wissenswert","tag-depression","tag-ernaehrung","tag-ernaehrungsberatung","tag-naturheilkunde-und-gesundheit","tag-schokolade","tag-stress","has-post-title","has-post-date","has-post-category","has-post-tag","has-post-comment","has-post-author",""],"jetpack_featured_media_url":"https:\/\/www.flora-pharm.de\/blog\/wp-content\/uploads\/2022\/11\/keine-gewissensbisse-emotionen-und-essverhalten.jpg","jetpack-related-posts":[{"id":6765,"url":"https:\/\/www.flora-pharm.de\/blog\/gesundes-essen-ist-lebensfreude\/","url_meta":{"origin":8494,"position":0},"title":"Gesundes Essen ist Lebensfreude","author":"Flora Team","date":"6. M\u00e4rz 2020","format":false,"excerpt":"Am 7. M\u00e4rz ist \u201eTag der gesunden Ern\u00e4hrung\u201cRegional, naturnah, vielseitig: Wer \u201eartgerecht\u201c isst, kann Krankheiten vorbeugen und Beschwerden loswerden. Das wei\u00df TV-Ern\u00e4hrungs-Doc Matthias Riedl aus Erfahrung. Im Interview spricht der Arzt und Buchautor \u00fcber Gem\u00fcse, Gesundheit und Genuss: \u201eArtgerechte Ern\u00e4hrung sch\u00f6pft aus dem Vollen und ist extrem vielseitig.\u201c St\u00f6bern Sie\u2026","rel":"","context":"In &quot;Wissenswert&quot;","block_context":{"text":"Wissenswert","link":"https:\/\/www.flora-pharm.de\/blog\/category\/wissenswert\/"},"img":{"alt_text":"gesundes Essen","src":"https:\/\/i0.wp.com\/www.flora-pharm.de\/blog\/wp-content\/uploads\/2020\/03\/gesundes-essen-lebensfreude.jpg?resize=350%2C200&ssl=1","width":350,"height":200,"srcset":"https:\/\/i0.wp.com\/www.flora-pharm.de\/blog\/wp-content\/uploads\/2020\/03\/gesundes-essen-lebensfreude.jpg?resize=350%2C200&ssl=1 1x, https:\/\/i0.wp.com\/www.flora-pharm.de\/blog\/wp-content\/uploads\/2020\/03\/gesundes-essen-lebensfreude.jpg?resize=525%2C300&ssl=1 1.5x, https:\/\/i0.wp.com\/www.flora-pharm.de\/blog\/wp-content\/uploads\/2020\/03\/gesundes-essen-lebensfreude.jpg?resize=700%2C400&ssl=1 2x"},"classes":[]},{"id":9139,"url":"https:\/\/www.flora-pharm.de\/blog\/du-bist-was-du-isst-tcm\/","url_meta":{"origin":8494,"position":1},"title":"Du bist, was Du isst \/ TCM","author":"Flora Team","date":"18. April 2024","format":false,"excerpt":"TCM: Jeder Mensch kann genau jene Gerichte zubereiten, die K\u00f6rper, Geist und Seele guttun - \u201eKarma \u00e0 la carte\u201c","rel":"","context":"In &quot;Wissenswert&quot;","block_context":{"text":"Wissenswert","link":"https:\/\/www.flora-pharm.de\/blog\/category\/wissenswert\/"},"img":{"alt_text":"Du bist, was Du isst","src":"https:\/\/i0.wp.com\/www.flora-pharm.de\/blog\/wp-content\/uploads\/2024\/04\/du-bisst-was-du-isst.jpg?resize=350%2C200&ssl=1","width":350,"height":200,"srcset":"https:\/\/i0.wp.com\/www.flora-pharm.de\/blog\/wp-content\/uploads\/2024\/04\/du-bisst-was-du-isst.jpg?resize=350%2C200&ssl=1 1x, https:\/\/i0.wp.com\/www.flora-pharm.de\/blog\/wp-content\/uploads\/2024\/04\/du-bisst-was-du-isst.jpg?resize=525%2C300&ssl=1 1.5x, https:\/\/i0.wp.com\/www.flora-pharm.de\/blog\/wp-content\/uploads\/2024\/04\/du-bisst-was-du-isst.jpg?resize=700%2C400&ssl=1 2x, https:\/\/i0.wp.com\/www.flora-pharm.de\/blog\/wp-content\/uploads\/2024\/04\/du-bisst-was-du-isst.jpg?resize=1050%2C600&ssl=1 3x"},"classes":[]},{"id":3367,"url":"https:\/\/www.flora-pharm.de\/blog\/heisshunger-10-strategien-dagegen\/","url_meta":{"origin":8494,"position":2},"title":"Hei\u00dfhunger, 10 Strategien dagegen","author":"Flora Team","date":"12. August 2016","format":false,"excerpt":"Wie k\u00f6nnen Sie sich wirkungsvoll gegen Essattacken wehren? Stress mit dem Partner, \u00c4rger im Job und nichts klappt oder sind Sie schwanger? Da schl\u00e4gt oft der Hei\u00dfhunger zu! Pl\u00f6tzlich m\u00fcssen dringend bestimmte Lebensmittel gegessen werden. S\u00fc\u00dfes oder Pikantes wie Kekse, Schokolade, Chips, Eis, K\u00e4se oder Fastfood tr\u00f6sten f\u00fcr einen Moment\u2026","rel":"","context":"In &quot;Wissenswert&quot;","block_context":{"text":"Wissenswert","link":"https:\/\/www.flora-pharm.de\/blog\/category\/wissenswert\/"},"img":{"alt_text":"","src":"https:\/\/i0.wp.com\/www.flora-pharm.de\/blog\/wp-content\/uploads\/2016\/08\/heisshunger.jpg?resize=350%2C200&ssl=1","width":350,"height":200,"srcset":"https:\/\/i0.wp.com\/www.flora-pharm.de\/blog\/wp-content\/uploads\/2016\/08\/heisshunger.jpg?resize=350%2C200&ssl=1 1x, https:\/\/i0.wp.com\/www.flora-pharm.de\/blog\/wp-content\/uploads\/2016\/08\/heisshunger.jpg?resize=525%2C300&ssl=1 1.5x, https:\/\/i0.wp.com\/www.flora-pharm.de\/blog\/wp-content\/uploads\/2016\/08\/heisshunger.jpg?resize=700%2C400&ssl=1 2x"},"classes":[]},{"id":6985,"url":"https:\/\/www.flora-pharm.de\/blog\/nahrungsergaenzungsmittel-auf-dem-pruefstand-5-neg-mythen\/","url_meta":{"origin":8494,"position":3},"title":"Nahrungserg\u00e4nzungsmittel auf dem Pr\u00fcfstand \u2013 5 NEG Mythen","author":"Flora Team","date":"19. Juni 2020","format":false,"excerpt":"Nahrungserg\u00e4nzungsmittel, oft als NEM abgek\u00fcrzt, boomen \u2013 besonders in diesen Corona-Zeiten. Was k\u00f6nnen sie, was nicht? Stefanie Happ hat 5 Mythen f\u00fcr Sie aufgedeckt. \u00a0 Ersatz f\u00fcr Obst? Vitamintabletten sind wie Obst \u2013 nur in Kapselform. Stimmt oder stimmt nicht? Auf diese Frage hat die Deutsche Gesellschaft f\u00fcr Ern\u00e4hrung (DGE)\u2026","rel":"","context":"In &quot;Orthomolekulare Medizin&quot;","block_context":{"text":"Orthomolekulare Medizin","link":"https:\/\/www.flora-pharm.de\/blog\/category\/orthomolekulare-medizin\/"},"img":{"alt_text":"Nahrungserg\u00e4nzungsmittel Mythen","src":"https:\/\/i0.wp.com\/www.flora-pharm.de\/blog\/wp-content\/uploads\/2020\/06\/neg-5-mythen-pruefstand.jpg?resize=350%2C200&ssl=1","width":350,"height":200,"srcset":"https:\/\/i0.wp.com\/www.flora-pharm.de\/blog\/wp-content\/uploads\/2020\/06\/neg-5-mythen-pruefstand.jpg?resize=350%2C200&ssl=1 1x, https:\/\/i0.wp.com\/www.flora-pharm.de\/blog\/wp-content\/uploads\/2020\/06\/neg-5-mythen-pruefstand.jpg?resize=525%2C300&ssl=1 1.5x, https:\/\/i0.wp.com\/www.flora-pharm.de\/blog\/wp-content\/uploads\/2020\/06\/neg-5-mythen-pruefstand.jpg?resize=700%2C400&ssl=1 2x"},"classes":[]},{"id":8438,"url":"https:\/\/www.flora-pharm.de\/blog\/kraeuter-koennen-viel\/","url_meta":{"origin":8494,"position":4},"title":"Kr\u00e4uter k\u00f6nnen viel","author":"Flora Team","date":"7. Oktober 2022","format":false,"excerpt":"Kr\u00e4uter geben Aroma und wirken als sanfte Medizin. Beispielhaft ein Herbst-Rezept: Gebratener Chicor\u00e9e mit Birne und Lavendel-Rosmarin-Topping","rel":"","context":"In &quot;Kr\u00e4uter &amp; Gew\u00fcrze&quot;","block_context":{"text":"Kr\u00e4uter &amp; Gew\u00fcrze","link":"https:\/\/www.flora-pharm.de\/blog\/category\/kraeuter-gewuerze\/"},"img":{"alt_text":"kr\u00e4uter - herbst","src":"https:\/\/i0.wp.com\/www.flora-pharm.de\/blog\/wp-content\/uploads\/2022\/10\/kraeuter-herbst.jpg?resize=350%2C200&ssl=1","width":350,"height":200,"srcset":"https:\/\/i0.wp.com\/www.flora-pharm.de\/blog\/wp-content\/uploads\/2022\/10\/kraeuter-herbst.jpg?resize=350%2C200&ssl=1 1x, https:\/\/i0.wp.com\/www.flora-pharm.de\/blog\/wp-content\/uploads\/2022\/10\/kraeuter-herbst.jpg?resize=525%2C300&ssl=1 1.5x, https:\/\/i0.wp.com\/www.flora-pharm.de\/blog\/wp-content\/uploads\/2022\/10\/kraeuter-herbst.jpg?resize=700%2C400&ssl=1 2x, https:\/\/i0.wp.com\/www.flora-pharm.de\/blog\/wp-content\/uploads\/2022\/10\/kraeuter-herbst.jpg?resize=1050%2C600&ssl=1 3x"},"classes":[]},{"id":4612,"url":"https:\/\/www.flora-pharm.de\/blog\/dosha-ayurveda-typenlehre\/","url_meta":{"origin":8494,"position":5},"title":"Welcher Dosha sind Sie? Typenlehre nach ayurvedischen Grundlagen","author":"Flora Team","date":"17. November 2017","format":false,"excerpt":"Ayurveda (Ayurveda, was ist das?) ist so alt wie die Menschheit. Aus altindischen Sanskritschriften \u00fcbersetzt bedeutet Ayurveda \u201eDas Wissen vom Leben\u201c. Ayurveda ist eine Wissenschaft und sie besch\u00e4ftigt sich mit der Gesundheit von K\u00f6rper, Seele und Geist. Die Dreieinigkeit findet sich in der Konstitutionslehre der Dosha wieder. Der Begriff Dosha\u2026","rel":"","context":"In &quot;Kr\u00e4uter &amp; Gew\u00fcrze&quot;","block_context":{"text":"Kr\u00e4uter &amp; Gew\u00fcrze","link":"https:\/\/www.flora-pharm.de\/blog\/category\/kraeuter-gewuerze\/"},"img":{"alt_text":"Dosha Ayurveda Typenlehre","src":"https:\/\/i0.wp.com\/www.flora-pharm.de\/blog\/wp-content\/uploads\/2017\/11\/dosha-ayurveda-typen.jpg?resize=350%2C200&ssl=1","width":350,"height":200,"srcset":"https:\/\/i0.wp.com\/www.flora-pharm.de\/blog\/wp-content\/uploads\/2017\/11\/dosha-ayurveda-typen.jpg?resize=350%2C200&ssl=1 1x, https:\/\/i0.wp.com\/www.flora-pharm.de\/blog\/wp-content\/uploads\/2017\/11\/dosha-ayurveda-typen.jpg?resize=525%2C300&ssl=1 1.5x, https:\/\/i0.wp.com\/www.flora-pharm.de\/blog\/wp-content\/uploads\/2017\/11\/dosha-ayurveda-typen.jpg?resize=700%2C400&ssl=1 2x"},"classes":[]}],"jetpack_sharing_enabled":true,"_links":{"self":[{"href":"https:\/\/www.flora-pharm.de\/blog\/wp-json\/wp\/v2\/posts\/8494","targetHints":{"allow":["GET"]}}],"collection":[{"href":"https:\/\/www.flora-pharm.de\/blog\/wp-json\/wp\/v2\/posts"}],"about":[{"href":"https:\/\/www.flora-pharm.de\/blog\/wp-json\/wp\/v2\/types\/post"}],"author":[{"embeddable":true,"href":"https:\/\/www.flora-pharm.de\/blog\/wp-json\/wp\/v2\/users\/1"}],"replies":[{"embeddable":true,"href":"https:\/\/www.flora-pharm.de\/blog\/wp-json\/wp\/v2\/comments?post=8494"}],"version-history":[{"count":2,"href":"https:\/\/www.flora-pharm.de\/blog\/wp-json\/wp\/v2\/posts\/8494\/revisions"}],"predecessor-version":[{"id":8559,"href":"https:\/\/www.flora-pharm.de\/blog\/wp-json\/wp\/v2\/posts\/8494\/revisions\/8559"}],"wp:featuredmedia":[{"embeddable":true,"href":"https:\/\/www.flora-pharm.de\/blog\/wp-json\/wp\/v2\/media\/8484"}],"wp:attachment":[{"href":"https:\/\/www.flora-pharm.de\/blog\/wp-json\/wp\/v2\/media?parent=8494"}],"wp:term":[{"taxonomy":"category","embeddable":true,"href":"https:\/\/www.flora-pharm.de\/blog\/wp-json\/wp\/v2\/categories?post=8494"},{"taxonomy":"post_tag","embeddable":true,"href":"https:\/\/www.flora-pharm.de\/blog\/wp-json\/wp\/v2\/tags?post=8494"}],"curies":[{"name":"wp","href":"https:\/\/api.w.org\/{rel}","templated":true}]}}