{"id":8665,"date":"2023-03-02T10:24:57","date_gmt":"2023-03-02T09:24:57","guid":{"rendered":"https:\/\/www.flora-pharm.de\/blog\/?p=8665"},"modified":"2023-03-02T10:25:02","modified_gmt":"2023-03-02T09:25:02","slug":"chronotypen-die-lerche-wird-zum-loewen","status":"publish","type":"post","link":"https:\/\/www.flora-pharm.de\/blog\/chronotypen-die-lerche-wird-zum-loewen\/","title":{"rendered":"Chronotypen &#8211; Die Lerche wird zum L\u00f6wen"},"content":{"rendered":"\n<p>Manche Menschen sind morgens topfit, f\u00fcr andere geht vor 10 Uhr und ohne Kaffee nichts. Unsere <strong>innere Uhr<\/strong> liegt uns in den Genen und bestimmt unseren Chronotypen. Richten wir uns danach, schlafen wir besser.<\/p>\n\n\n\n<p>Mehr \u00fcber die <a href=\"https:\/\/www.flora-pharm.de\/blog\/tag\/innere-uhr\/\">innere Uhr<\/a> sowie \u00fcber <a href=\"https:\/\/www.flora-pharm.de\/blog\/tag\/schlafstoerung\/\">Schlafst\u00f6rungen<\/a> und <a href=\"https:\/\/www.flora-pharm.de\/blog\/tag\/schlafhygiene\/\">Schlafhygiene<\/a> finden Sie auch hier im Blog, Nutzen gern auch die Suchfunktion.<\/p>\n\n\n\n<p>Unser <strong>zirkadianer Rhythmus<\/strong>, wie Fachleute die innere Uhr nennen, herrscht als Taktgeber \u00fcber unser Leben und unsere Schlaf-Wach-Phasen. Die verschiedenen Auspr\u00e4gungen werden als Chronotypen bezeichnet. W\u00e4hrend fr\u00fcher meist von Eulen und Lerchen die Rede war, sind Schlafforscher heute \u00fcberzeugt, dass es zwischen diesen beiden Extremen diverse Mischtypen gibt. Der amerikanische Psychologe Dr. Michael Breus, als \u201eSleep Doctor\u201c aus dem US-Fernsehen bekannt, unterscheidet vier verschiedene Chrono-Pers\u00f6nlichkeiten. Erkennen Sie sich in den Einteilungen wieder, k\u00f6nnen Ihnen die entsprechenden Tipps zu erholsamerem Schlummer verhelfen.<\/p>\n\n\n\n<div style=\"height:30px\" aria-hidden=\"true\" class=\"wp-block-spacer\"><\/div>\n\n\n\n<h2 class=\"wp-block-heading\">Chronotyp B\u00e4r<\/h2>\n\n\n\n<p>B\u00e4ren sind tagaktive Tiere. Das ist bei menschlichen B\u00e4ren \u00e4hnlich: Ihr Schlaf-Wach-Rhythmus richtet sich nach der Sonne. Nicht nur im Winter schlummert Meister Petz gern ausgiebig. B\u00e4rige Personen sind vormittags und am fr\u00fchen Nachmittag besonders fit; kreative Aufgaben l\u00f6sen sie am besten sp\u00e4tnachmittags.<\/p>\n\n\n\n<p><strong>B\u00e4ren sind \u2026<\/strong><\/p>\n\n\n\n<ul class=\"wp-block-list\">\n<li>kommunikativ<\/li>\n\n\n\n<li>rational<\/li>\n\n\n\n<li>unvoreingenommen<\/li>\n\n\n\n<li>ausgeglichen<\/li>\n<\/ul>\n\n\n\n<p><strong>Tipps:<\/strong> B\u00e4ren brauchen viel Schlaf, rund acht Stunden. Am besten schlummern sie, wenn sie gegen 23 Uhr zu Bett gehen und den Wecker nicht vor 7 Uhr stellen m\u00fcssen. Morgens empfiehlt sich ein proteinreiches Fr\u00fchst\u00fcck. Ideal ist eine Sporteinheit gegen 18 Uhr und darauffolgend ein leichtes Abendessen: So finden Frau und Herr B\u00e4r am besten in Morpheus\u2019 Arme.<\/p>\n\n\n\n<div style=\"height:30px\" aria-hidden=\"true\" class=\"wp-block-spacer\"><\/div>\n\n\n\n<h2 class=\"wp-block-heading\">Chronotyp L\u00f6we<\/h2>\n\n\n\n<p>Dem Typus L\u00f6we Angeh\u00f6rende sind wahre Fr\u00fchaufsteher, die von selbst vor dem Wecker aufwachen und am Morgen voller Tatendrang sind. Anlaufphase? Brauchen L\u00f6wen nicht, sie sind sofort nach dem Erwachen aktiv und leistungsf\u00e4hig. Daf\u00fcr \u201eschw\u00e4cheln\u201c sie ab dem fr\u00fchen Nachmittag.<\/p>\n\n\n\n<p><strong>L\u00f6wen sind \u2026<\/strong><\/p>\n\n\n\n<ul class=\"wp-block-list\">\n<li>gewissenhaft<\/li>\n\n\n\n<li>zielstrebig<\/li>\n\n\n\n<li>verantwortungsvoll<\/li>\n\n\n\n<li>optimistisch<\/li>\n<\/ul>\n\n\n\n<p><strong>Tipps:<\/strong> L\u00f6wen sollten ihre To-do-Liste m\u00f6glichst bis mittags abarbeiten. Ein Work-out ist gegen 17 Uhr noch drin, danach ein eiwei\u00dfreiches Dinner, das etwas Energie f\u00fcr den Abend verleiht. Dieser sollte jedoch sp\u00e4testens um 22 Uhr enden. Gehen die Raubtiere sp\u00e4ter zu Bett, erwachen sie am n\u00e4chsten Tag dennoch fr\u00fch \u2013 aber groggy.<\/p>\n\n\n\n<div style=\"height:30px\" aria-hidden=\"true\" class=\"wp-block-spacer\"><\/div>\n\n\n\n<h2 class=\"wp-block-heading\">Chronotyp Delfin<\/h2>\n\n\n\n<p>Die tierischen Gattungsvertreter haben einen leichten Schlaf, und so ist es auch bei Delfin-Menschen. Sie schlummern tendenziell (zu) wenig und eher schlecht, denn sie neigen zum Gr\u00fcbeln und reagieren sensibel auf \u00e4u\u00dfere Einfl\u00fcsse. Ihr Leistungshoch liegt meist am Nachmittag: Dann ist die Konzentration am gr\u00f6\u00dften.<\/p>\n\n\n\n<p><strong>Delfin-Typen sind \u2026<\/strong><\/p>\n\n\n\n<ul class=\"wp-block-list\">\n<li>einf\u00fchlsam<\/li>\n\n\n\n<li>nachdenklich<\/li>\n\n\n\n<li>vorsichtig<\/li>\n\n\n\n<li>friedliebend<\/li>\n<\/ul>\n\n\n\n<p><strong>Tipps:<\/strong> Als Delfin geh\u00f6rt Regelm\u00e4\u00dfigkeit zur Schlafhygiene. Das hei\u00dft, stets zur gleichen Zeit aufzustehen und ins Bett zu gehen \u2013 gegen 23 Uhr, da vorher ohnehin an Schlaf nicht zu denken ist. Delfin-Typen sollten auf ihre Fl\u00fcssigkeitszufuhr achten und abends kohlenhydratreich essen. Mittags-Naps sind tabu. Wichtig: Smartphone &amp; Co. ab 20 Uhr zur Seite legen.<\/p>\n\n\n\n<div style=\"height:30px\" aria-hidden=\"true\" class=\"wp-block-spacer\"><\/div>\n\n\n\n<h2 class=\"wp-block-heading\">Chronotyp Wolf<\/h2>\n\n\n\n<p>Schl\u00e4fer des Typs Isegrim sind wie ihre tierischen Vertreter nachtaktiv. Daf\u00fcr werden W\u00f6lfe erst zum sp\u00e4ten Vormittag fit. Die meiste Tagesenergie versp\u00fcren sie nachmittags, sollten wichtige Aufgaben also nicht vor 15 Uhr einplanen.<\/p>\n\n\n\n<p><strong>W\u00f6lfe sind \u2026<\/strong><\/p>\n\n\n\n<ul class=\"wp-block-list\">\n<li>kreativ<\/li>\n\n\n\n<li>abenteuerlustig<\/li>\n\n\n\n<li>gesellig<\/li>\n\n\n\n<li>spontan<\/li>\n<\/ul>\n\n\n\n<p><strong>Tipps:<\/strong> Die Fr\u00fchschicht ist nichts f\u00fcr W\u00f6lfe. Es lohnt sich kaum f\u00fcr sie, vor Mitternacht zu Bett zu gehen. Zwar haben die Rudeltiere nach dem Aufwachen wenig Appetit, sollten aber trotzdem fr\u00fchst\u00fccken und dann ein Training an der frischen Luft absolvieren. Das Abendessen darf sp\u00e4t stattfinden, aber bitte mit gesunden Zutaten. Auf Alkohol verzichten; er beeinflusst den Schlaf negativ.<\/p>\n\n\n\n<div style=\"height:50px\" aria-hidden=\"true\" class=\"wp-block-spacer\"><\/div>\n\n\n\n<p><strong><em>Selbstverst\u00e4ndlich haben wir f\u00fcr Ihre Fragen ein offenes Ohr und beraten Sie gern sowie individuell abgestimmt. Sprechen Sie uns einfach auf das Thema an.<\/em><\/strong><\/p>\n\n\n\n<div style=\"height:100px\" aria-hidden=\"true\" class=\"wp-block-spacer\"><\/div>\n\n\n\n<figure class=\"wp-block-image aligncenter size-medium\"><img loading=\"lazy\" decoding=\"async\" width=\"225\" height=\"300\" data-attachment-id=\"8657\" data-permalink=\"https:\/\/www.flora-pharm.de\/blog\/naturheilkunde-und-gesundheit-cover-02-2023\/\" data-orig-file=\"https:\/\/www.flora-pharm.de\/blog\/wp-content\/uploads\/2023\/01\/naturheilkunde-und-gesundheit-cover-02-2023.jpg\" data-orig-size=\"450,600\" data-comments-opened=\"1\" data-image-meta=\"{&quot;aperture&quot;:&quot;0&quot;,&quot;credit&quot;:&quot;&quot;,&quot;camera&quot;:&quot;&quot;,&quot;caption&quot;:&quot;&quot;,&quot;created_timestamp&quot;:&quot;0&quot;,&quot;copyright&quot;:&quot;&quot;,&quot;focal_length&quot;:&quot;0&quot;,&quot;iso&quot;:&quot;0&quot;,&quot;shutter_speed&quot;:&quot;0&quot;,&quot;title&quot;:&quot;&quot;,&quot;orientation&quot;:&quot;1&quot;}\" data-image-title=\"naturheilkunde-und-gesundheit-cover-02-2023\" data-image-description=\"\" data-image-caption=\"&lt;p&gt;Text mit freundlicher Genehmigung der S &amp;#038; D Verlag GmbH. Das komplette \u201cNaturheilkunde &amp;#038; Gesundheit\u201d Heft bekommen Sie auch bei uns in der Apotheke.&lt;\/p&gt;\n\" data-large-file=\"https:\/\/www.flora-pharm.de\/blog\/wp-content\/uploads\/2023\/01\/naturheilkunde-und-gesundheit-cover-02-2023.jpg\" src=\"https:\/\/www.flora-pharm.de\/blog\/wp-content\/uploads\/2023\/01\/naturheilkunde-und-gesundheit-cover-02-2023-225x300.jpg\" alt=\"\" class=\"wp-image-8657\" srcset=\"https:\/\/www.flora-pharm.de\/blog\/wp-content\/uploads\/2023\/01\/naturheilkunde-und-gesundheit-cover-02-2023-225x300.jpg 225w, https:\/\/www.flora-pharm.de\/blog\/wp-content\/uploads\/2023\/01\/naturheilkunde-und-gesundheit-cover-02-2023.jpg 450w\" sizes=\"auto, (max-width: 225px) 100vw, 225px\" \/><figcaption class=\"wp-element-caption\">Text mit freundlicher Genehmigung der S &amp; D Verlag GmbH. Das komplette \u201cNaturheilkunde &amp; Gesundheit\u201d Heft bekommen Sie auch bei uns in der Apotheke.<\/figcaption><\/figure>\n","protected":false},"excerpt":{"rendered":"<p>Unser zirkadianer Rhythmus (innere Uhr) herrscht als Taktgeber \u00fcber unsere Schlaf-Wach-Phasen. Die verschiedenen Auspr\u00e4gungen hei\u00dfen Chronotypen.<\/p>\n","protected":false},"author":1,"featured_media":8658,"comment_status":"open","ping_status":"open","sticky":false,"template":"","format":"standard","meta":{"jetpack_post_was_ever_published":false,"_jetpack_newsletter_access":"","_jetpack_dont_email_post_to_subs":false,"_jetpack_newsletter_tier_id":0,"_jetpack_memberships_contains_paywalled_content":false,"_jetpack_memberships_contains_paid_content":false,"footnotes":""},"categories":[8],"tags":[221,422,556,150],"class_list":["post-8665","post","type-post","status-publish","format-standard","has-post-thumbnail","hentry","category-wissenswert","tag-innere-uhr","tag-naturheilkunde-und-gesundheit","tag-schlafhygiene","tag-schlafstoerung","has-post-title","has-post-date","has-post-category","has-post-tag","has-post-comment","has-post-author",""],"jetpack_featured_media_url":"https:\/\/www.flora-pharm.de\/blog\/wp-content\/uploads\/2023\/01\/chronotypen.jpg","jetpack-related-posts":[{"id":4574,"url":"https:\/\/www.flora-pharm.de\/blog\/schlafstoerungen-allgemein-und-speziell-zur-zeitumstellung\/","url_meta":{"origin":8665,"position":0},"title":"Schlafst\u00f6rungen \u2013 allgemein und speziell zur Zeitumstellung","author":"Flora Team","date":"27. Oktober 2017","format":false,"excerpt":"M\u00fcde bin ich, finde doch keine Ruh Essen, Trinken und Schlafen sind unsere Lebenspfeiler. Werden diese elementaren biologischen Funktionen gest\u00f6rt, geht es uns schlecht. W\u00e4hrend uns aber Hunger und Durst heftig darauf aufmerksam machen, dass wir unseren K\u00f6rper unterversorgt lie\u00dfen, ist das mit einem Mangel an Schlaf nicht ganz so\u2026","rel":"","context":"In &quot;Wissenswert&quot;","block_context":{"text":"Wissenswert","link":"https:\/\/www.flora-pharm.de\/blog\/category\/wissenswert\/"},"img":{"alt_text":"Schlafst\u00f6rungen Jetlag Zeitumstellung","src":"https:\/\/i0.wp.com\/www.flora-pharm.de\/blog\/wp-content\/uploads\/2017\/10\/schlafstoerungen.jpg?resize=350%2C200&ssl=1","width":350,"height":200,"srcset":"https:\/\/i0.wp.com\/www.flora-pharm.de\/blog\/wp-content\/uploads\/2017\/10\/schlafstoerungen.jpg?resize=350%2C200&ssl=1 1x, https:\/\/i0.wp.com\/www.flora-pharm.de\/blog\/wp-content\/uploads\/2017\/10\/schlafstoerungen.jpg?resize=525%2C300&ssl=1 1.5x, https:\/\/i0.wp.com\/www.flora-pharm.de\/blog\/wp-content\/uploads\/2017\/10\/schlafstoerungen.jpg?resize=700%2C400&ssl=1 2x"},"classes":[]},{"id":9075,"url":"https:\/\/www.flora-pharm.de\/blog\/biorhythmus-in-balance\/","url_meta":{"origin":8665,"position":1},"title":"Biorhythmus in Balance","author":"Flora Team","date":"26. M\u00e4rz 2024","format":false,"excerpt":"Den Biorhythmus (unsere innere Uhr) als Richtschnur nutzen, um den Tag entsprechend unseren eigenen Energiewellen zu planen...","rel":"","context":"In &quot;Wissenswert&quot;","block_context":{"text":"Wissenswert","link":"https:\/\/www.flora-pharm.de\/blog\/category\/wissenswert\/"},"img":{"alt_text":"biorhythmus in balance","src":"https:\/\/i0.wp.com\/www.flora-pharm.de\/blog\/wp-content\/uploads\/2024\/03\/biorhythmus-in-balance.jpg?resize=350%2C200&ssl=1","width":350,"height":200,"srcset":"https:\/\/i0.wp.com\/www.flora-pharm.de\/blog\/wp-content\/uploads\/2024\/03\/biorhythmus-in-balance.jpg?resize=350%2C200&ssl=1 1x, https:\/\/i0.wp.com\/www.flora-pharm.de\/blog\/wp-content\/uploads\/2024\/03\/biorhythmus-in-balance.jpg?resize=525%2C300&ssl=1 1.5x, https:\/\/i0.wp.com\/www.flora-pharm.de\/blog\/wp-content\/uploads\/2024\/03\/biorhythmus-in-balance.jpg?resize=700%2C400&ssl=1 2x, https:\/\/i0.wp.com\/www.flora-pharm.de\/blog\/wp-content\/uploads\/2024\/03\/biorhythmus-in-balance.jpg?resize=1050%2C600&ssl=1 3x"},"classes":[]},{"id":7180,"url":"https:\/\/www.flora-pharm.de\/blog\/laesst-sich-schlaf-nachholen-der-mythen-check\/","url_meta":{"origin":8665,"position":2},"title":"L\u00e4sst sich Schlaf nachholen? Der Mythen-Check.","author":"Flora Team","date":"23. Oktober 2020","format":false,"excerpt":"Jeder kennt sie seit Kindertagen: die alten Weisheiten, die sich um unsere Gesundheit ranken. Sind sie wahr oder falsch? Sonntags lange im Bett bleiben, herrlich! So k\u00f6nnen wir das Schlafdefizit einer ganzen Woche ausgleichen. Stimmt das? Von Stefanie Happ Jojo-Schlaf Endlich Wochenende. Kein Wecker, der gnadenlos die Tr\u00e4ume unterbricht. Ausschlafen\u2026","rel":"","context":"In &quot;Wissenswert&quot;","block_context":{"text":"Wissenswert","link":"https:\/\/www.flora-pharm.de\/blog\/category\/wissenswert\/"},"img":{"alt_text":"Mythen auf dem Pr\u00fcfstand: L\u00e4sst sich Schlaf nachholen?","src":"https:\/\/i0.wp.com\/www.flora-pharm.de\/blog\/wp-content\/uploads\/2020\/10\/mythos-schlaf-nachholen.jpg?resize=350%2C200&ssl=1","width":350,"height":200,"srcset":"https:\/\/i0.wp.com\/www.flora-pharm.de\/blog\/wp-content\/uploads\/2020\/10\/mythos-schlaf-nachholen.jpg?resize=350%2C200&ssl=1 1x, https:\/\/i0.wp.com\/www.flora-pharm.de\/blog\/wp-content\/uploads\/2020\/10\/mythos-schlaf-nachholen.jpg?resize=525%2C300&ssl=1 1.5x, https:\/\/i0.wp.com\/www.flora-pharm.de\/blog\/wp-content\/uploads\/2020\/10\/mythos-schlaf-nachholen.jpg?resize=700%2C400&ssl=1 2x"},"classes":[]},{"id":4636,"url":"https:\/\/www.flora-pharm.de\/blog\/licht-lebenswichtiger-taktgeber\/","url_meta":{"origin":8665,"position":3},"title":"LICHT &#8211; Lebenswichtiger Taktgeber","author":"Flora Team","date":"24. November 2017","format":false,"excerpt":"Zahlreiche K\u00f6rperfunktionen sind darauf angewiesen, dass wir uns ins rechte Licht setzen. Ver\u00e4nderungen von Helligkeit und Lichtfarbe im Lauf des Tages regulieren den Schlaf-Wach-Rhythmus, einen wichtigen Bestandteil unserer inneren Uhr (Circadianer Rhythmus). Je nach Lichtspektrum erh\u00e4lt der K\u00f6rper \u00fcber spezielle Rezeptoren im Auge entsprechende Signale. Die Steuerung dieses zirkadianen 24-Stunden-Taktes\u2026","rel":"","context":"In &quot;Wissenswert&quot;","block_context":{"text":"Wissenswert","link":"https:\/\/www.flora-pharm.de\/blog\/category\/wissenswert\/"},"img":{"alt_text":"Licht Taktgeber innere Uhr","src":"https:\/\/i0.wp.com\/www.flora-pharm.de\/blog\/wp-content\/uploads\/2017\/11\/licht-sonne-taktgeber.jpg?resize=350%2C200&ssl=1","width":350,"height":200,"srcset":"https:\/\/i0.wp.com\/www.flora-pharm.de\/blog\/wp-content\/uploads\/2017\/11\/licht-sonne-taktgeber.jpg?resize=350%2C200&ssl=1 1x, https:\/\/i0.wp.com\/www.flora-pharm.de\/blog\/wp-content\/uploads\/2017\/11\/licht-sonne-taktgeber.jpg?resize=525%2C300&ssl=1 1.5x, https:\/\/i0.wp.com\/www.flora-pharm.de\/blog\/wp-content\/uploads\/2017\/11\/licht-sonne-taktgeber.jpg?resize=700%2C400&ssl=1 2x"},"classes":[]},{"id":4536,"url":"https:\/\/www.flora-pharm.de\/blog\/mythen-rund-um-den-schlaf\/","url_meta":{"origin":8665,"position":4},"title":"Mythen rund um den Schlaf","author":"Flora Team","date":"13. Oktober 2017","format":false,"excerpt":"Nachts gleiten wir in eine andere Welt. Weil wir unseren Schlaf nicht bewusst erleben, ranken sich viele Mythen darum. Der Chefarzt der Schlossparkklinik Dirmstein, Dr. Thorsten Bracher, behandelt unter anderem Patienten mit Schlafst\u00f6rungen und wei\u00df, an welchen Volksweisheiten etwas dran ist. Im Dunklen schl\u00e4ft sich\u2019s besser. Richtig. Die Bildung des\u2026","rel":"","context":"In &quot;Wissenswert&quot;","block_context":{"text":"Wissenswert","link":"https:\/\/www.flora-pharm.de\/blog\/category\/wissenswert\/"},"img":{"alt_text":"","src":"https:\/\/i0.wp.com\/www.flora-pharm.de\/blog\/wp-content\/uploads\/2017\/10\/schlaf-mythen.jpg?resize=350%2C200&ssl=1","width":350,"height":200,"srcset":"https:\/\/i0.wp.com\/www.flora-pharm.de\/blog\/wp-content\/uploads\/2017\/10\/schlaf-mythen.jpg?resize=350%2C200&ssl=1 1x, https:\/\/i0.wp.com\/www.flora-pharm.de\/blog\/wp-content\/uploads\/2017\/10\/schlaf-mythen.jpg?resize=525%2C300&ssl=1 1.5x, https:\/\/i0.wp.com\/www.flora-pharm.de\/blog\/wp-content\/uploads\/2017\/10\/schlaf-mythen.jpg?resize=700%2C400&ssl=1 2x"},"classes":[]},{"id":6616,"url":"https:\/\/www.flora-pharm.de\/blog\/gute-nacht-mit-globuli\/","url_meta":{"origin":8665,"position":5},"title":"Gute Nacht mit Globuli","author":"Flora Team","date":"23. Dezember 2019","format":false,"excerpt":"Sch\u00e4fchen gez\u00e4hlt und trotzdem die Nacht kein Auge zugemacht? Dann versuchen Sie es doch mit Hom\u00f6opathie. PS: Hier finden Sie einen guten Einstiegsartikel zum Thema Hom\u00f6opathie. Von Stefanie Happ \u00a0 Schlechter Schlaf hat viele Gesichter. Die einen gehen m\u00fcde ins Bett und finden dennoch keine Ruhe, die anderen werden nachts\u2026","rel":"","context":"In &quot;Wissenswert&quot;","block_context":{"text":"Wissenswert","link":"https:\/\/www.flora-pharm.de\/blog\/category\/wissenswert\/"},"img":{"alt_text":"Globuli Hom\u00f6opathie bei Schlafst\u00f6rungen","src":"https:\/\/i0.wp.com\/www.flora-pharm.de\/blog\/wp-content\/uploads\/2019\/12\/gute-nacht-globuli.jpg?resize=350%2C200&ssl=1","width":350,"height":200,"srcset":"https:\/\/i0.wp.com\/www.flora-pharm.de\/blog\/wp-content\/uploads\/2019\/12\/gute-nacht-globuli.jpg?resize=350%2C200&ssl=1 1x, https:\/\/i0.wp.com\/www.flora-pharm.de\/blog\/wp-content\/uploads\/2019\/12\/gute-nacht-globuli.jpg?resize=525%2C300&ssl=1 1.5x, https:\/\/i0.wp.com\/www.flora-pharm.de\/blog\/wp-content\/uploads\/2019\/12\/gute-nacht-globuli.jpg?resize=700%2C400&ssl=1 2x"},"classes":[]}],"jetpack_sharing_enabled":true,"_links":{"self":[{"href":"https:\/\/www.flora-pharm.de\/blog\/wp-json\/wp\/v2\/posts\/8665","targetHints":{"allow":["GET"]}}],"collection":[{"href":"https:\/\/www.flora-pharm.de\/blog\/wp-json\/wp\/v2\/posts"}],"about":[{"href":"https:\/\/www.flora-pharm.de\/blog\/wp-json\/wp\/v2\/types\/post"}],"author":[{"embeddable":true,"href":"https:\/\/www.flora-pharm.de\/blog\/wp-json\/wp\/v2\/users\/1"}],"replies":[{"embeddable":true,"href":"https:\/\/www.flora-pharm.de\/blog\/wp-json\/wp\/v2\/comments?post=8665"}],"version-history":[{"count":2,"href":"https:\/\/www.flora-pharm.de\/blog\/wp-json\/wp\/v2\/posts\/8665\/revisions"}],"predecessor-version":[{"id":8700,"href":"https:\/\/www.flora-pharm.de\/blog\/wp-json\/wp\/v2\/posts\/8665\/revisions\/8700"}],"wp:featuredmedia":[{"embeddable":true,"href":"https:\/\/www.flora-pharm.de\/blog\/wp-json\/wp\/v2\/media\/8658"}],"wp:attachment":[{"href":"https:\/\/www.flora-pharm.de\/blog\/wp-json\/wp\/v2\/media?parent=8665"}],"wp:term":[{"taxonomy":"category","embeddable":true,"href":"https:\/\/www.flora-pharm.de\/blog\/wp-json\/wp\/v2\/categories?post=8665"},{"taxonomy":"post_tag","embeddable":true,"href":"https:\/\/www.flora-pharm.de\/blog\/wp-json\/wp\/v2\/tags?post=8665"}],"curies":[{"name":"wp","href":"https:\/\/api.w.org\/{rel}","templated":true}]}}