{"id":87,"date":"2013-09-09T11:00:12","date_gmt":"2013-09-09T09:00:12","guid":{"rendered":"http:\/\/www.flora-pharm.de\/blog\/?p=87"},"modified":"2013-11-20T15:46:51","modified_gmt":"2013-11-20T14:46:51","slug":"aids-sti-leider-immer-noch-ein-thema","status":"publish","type":"post","link":"https:\/\/www.flora-pharm.de\/blog\/aids-sti-leider-immer-noch-ein-thema\/","title":{"rendered":"AIDS \/ STI &#8211; Leider immer noch ein Thema"},"content":{"rendered":"<p>Unser Tipp: Die Bundeszentrale f\u00fcr gesundheitliche Aufkl\u00e4rung bringt die <strong>Wanderausstellung \u201eGRO\u00dfE FREIHEIT &#8211; liebe.lust.leben.\u201c vom 11. bis 16.09.2013 nach Hannover auf den Steintorplatz.<\/strong><\/p>\n<p>Mit der Ausstellung \u201eGRO\u00dfE FREIHEIT &#8211; liebe.lust.leben.\u201c greift die Bundeszentrale f\u00fcr gesundheitliche Aufkl\u00e4rung (BZgA) ein Thema auf, das vielen Menschen \u00fcberhaupt nicht oder noch viel zu wenig bekannt ist: Das Risiko, sich eine sexuell \u00fcbertragbare Infektion (kurz STI: sexually transmitted infections) zuzuziehen und zu erkranken. HIV\/AIDS kennen die Menschen heute, aber die wenigsten wissen, was Syphilis, Chlamydien, Gonorrhoe, Hepatitis B, Hepatitis C, Herpes genitalis, HPV\/Papillomavirus und Trichomonaden sind und dass sie zur Gruppe der STI geh\u00f6ren. Da die Zahl der sexuell \u00fcbertragbaren Infektionen auch in Deutschland seit einiger Zeit deutlich zunimmt und STI das Risiko einer HIV-Infektion um das Zwei- bis Zehnfache steigern k\u00f6nnen, informiert die BZgA im Rahmen ihrer AIDS-Pr\u00e4vention verst\u00e4rkt \u00fcber STI\u2026<\/p>\n<p><strong>*** 11. \u2013 16.09.13, Steintorplatz Hannover ***<\/strong><\/p>\n<p>Weitere Informationsquellen rund um die Ausstellung:<\/p>\n<ul>\n<li><a href=\"http:\/\/www.grosse-freiheit.de\" target=\"_blank\">Alle Informationen zur Ausstellung<\/a><\/li>\n<li><a href=\"http:\/\/www.bzga.de\/presse\/pressemitteilungen\/?nummer=831\" target=\"_blank\">Pressemitteilung der BZgA zur Ausstellung<\/a><\/li>\n<li><a href=\"https:\/\/www.facebook.com\/grossefreiheit.ausstellung\" target=\"_blank\">Die Ausstellung auf Facebook<\/a><\/li>\n<\/ul>\n<p>&nbsp;<\/p>\n<p>Sollten Sie \/ Solltest Du dar\u00fcber hinaus Beratungsbedarf haben, den Termin nicht wahrnehmen k\u00f6nnen oder sonstige Fragen (z.B. wegen im Rahmen der Erkrankung m\u00f6glicher ganzheitlicher, orthomolekularer Zusatztherapien) haben, so helfen wir &#8211; ganz vertraulich &#8211; in unserer Apotheke weiter\u2026<\/p>\n","protected":false},"excerpt":{"rendered":"<p>Unser Tipp: Die Bundeszentrale f\u00fcr gesundheitliche Aufkl\u00e4rung bringt die Wanderausstellung \u201eGRO\u00dfE FREIHEIT &#8211; liebe.lust.leben.\u201c vom 11. bis 16.09.2013 nach Hannover auf den Steintorplatz. Mit der Ausstellung \u201eGRO\u00dfE FREIHEIT &#8211; liebe.lust.leben.\u201c greift die Bundeszentrale f\u00fcr gesundheitliche Aufkl\u00e4rung (BZgA) ein Thema auf, das vielen Menschen \u00fcberhaupt nicht oder noch viel zu wenig bekannt ist: Das Risiko, sich [&hellip;]<\/p>\n","protected":false},"author":1,"featured_media":88,"comment_status":"open","ping_status":"open","sticky":false,"template":"","format":"standard","meta":{"jetpack_post_was_ever_published":false,"_jetpack_newsletter_access":"","_jetpack_dont_email_post_to_subs":false,"_jetpack_newsletter_tier_id":0,"_jetpack_memberships_contains_paywalled_content":false,"_jetpack_memberships_contains_paid_content":false,"footnotes":""},"categories":[15],"tags":[57,58,60,59],"class_list":["post-87","post","type-post","status-publish","format-standard","has-post-thumbnail","hentry","category-veranstaltungshinweis","tag-aids","tag-hiv","tag-hpv","tag-sti","has-post-title","has-post-date","has-post-category","has-post-tag","has-post-comment","has-post-author",""],"jetpack_featured_media_url":"https:\/\/www.flora-pharm.de\/blog\/wp-content\/uploads\/2013\/11\/gro\u00dfe-freiheit.jpg","jetpack-related-posts":[{"id":4287,"url":"https:\/\/www.flora-pharm.de\/blog\/laestige-mitbringsel\/","url_meta":{"origin":87,"position":0},"title":"L\u00e4stige Mitbringsel","author":"Flora Team","date":"30. Juni 2017","format":false,"excerpt":"Sexuell \u00fcbertragbare Krankheiten Mit dem Partner alles zu teilen, ist romantisch. Auf gemeinsame Krankheitserreger k\u00f6nnen wir allerdings verzichten. \u201eNicht alle Beschwerden, die nach dem Sex auftreten, sind Geschlechtskrankheiten\u201c, stellt Gyn\u00e4kologin Gabrielle St\u00f6cker klar. Dennoch r\u00e4t sie Frauen (und M\u00e4nnern) Juckreiz, ungew\u00f6hnlichen Ausfluss oder Schmerzen \u00e4rztlich abzukl\u00e4ren: \u201eBei Frauen wird das\u2026","rel":"","context":"In &quot;Wissenswert&quot;","block_context":{"text":"Wissenswert","link":"https:\/\/www.flora-pharm.de\/blog\/category\/wissenswert\/"},"img":{"alt_text":"sexuell \u00fcbertragbare Infektionen STI","src":"https:\/\/i0.wp.com\/www.flora-pharm.de\/blog\/wp-content\/uploads\/2017\/06\/mitbringsel-sexuell-uebertragbare-krankheiten.jpg?resize=350%2C200&ssl=1","width":350,"height":200,"srcset":"https:\/\/i0.wp.com\/www.flora-pharm.de\/blog\/wp-content\/uploads\/2017\/06\/mitbringsel-sexuell-uebertragbare-krankheiten.jpg?resize=350%2C200&ssl=1 1x, https:\/\/i0.wp.com\/www.flora-pharm.de\/blog\/wp-content\/uploads\/2017\/06\/mitbringsel-sexuell-uebertragbare-krankheiten.jpg?resize=525%2C300&ssl=1 1.5x, https:\/\/i0.wp.com\/www.flora-pharm.de\/blog\/wp-content\/uploads\/2017\/06\/mitbringsel-sexuell-uebertragbare-krankheiten.jpg?resize=700%2C400&ssl=1 2x"},"classes":[]},{"id":294,"url":"https:\/\/www.flora-pharm.de\/blog\/chlamydien-eine-unbekannte-und-unbemerkte-gefahr\/","url_meta":{"origin":87,"position":1},"title":"Chlamydien \u2013 eine unbekannte und unbemerkte Gefahr","author":"Flora Team","date":"5. Mai 2014","format":false,"excerpt":"Chlamydien... schon mal geh\u00f6rt? Nein? Nur mal so ein bisschen? Das geht leider vielen so. Wir wollen etwas Licht ins Dunkel bringen und auf die damit verbundenen Gefahren eingehen: Chlamydien-Infektionen geh\u00f6ren in Deutschland zu den h\u00e4ufigsten sexuell \u00fcbertragbaren Infektionen (STI). Chlamydien verursachen h\u00e4ufig keine Beschwerden, so dass Infektionen in vielen\u2026","rel":"","context":"In &quot;Wissenswert&quot;","block_context":{"text":"Wissenswert","link":"https:\/\/www.flora-pharm.de\/blog\/category\/wissenswert\/"},"img":{"alt_text":"","src":"https:\/\/i0.wp.com\/www.flora-pharm.de\/blog\/wp-content\/uploads\/2014\/05\/chlamydia-trachomatis.jpg?resize=350%2C200&ssl=1","width":350,"height":200,"srcset":"https:\/\/i0.wp.com\/www.flora-pharm.de\/blog\/wp-content\/uploads\/2014\/05\/chlamydia-trachomatis.jpg?resize=350%2C200&ssl=1 1x, https:\/\/i0.wp.com\/www.flora-pharm.de\/blog\/wp-content\/uploads\/2014\/05\/chlamydia-trachomatis.jpg?resize=525%2C300&ssl=1 1.5x, https:\/\/i0.wp.com\/www.flora-pharm.de\/blog\/wp-content\/uploads\/2014\/05\/chlamydia-trachomatis.jpg?resize=700%2C400&ssl=1 2x"},"classes":[]},{"id":3003,"url":"https:\/\/www.flora-pharm.de\/blog\/welt-aids-tag-2015-positiv-zusammen-leben\/","url_meta":{"origin":87,"position":2},"title":"Welt-AIDS-Tag 2015: &#8222;positiv zusammen leben&#8220;","author":"Flora Team","date":"1. Dezember 2015","format":false,"excerpt":"Heute, am 01. Dezember ist Welt-AIDS-Tag 2015. \u201eWas macht ihr, wenn euer St\u00fcrmer HIV hat?\u201c - \u201eHoffentlich viele Tore!\u201c Die diesj\u00e4hrige Kampagne \"positiv zusammen leben\" gegen Diskriminierung regt durch Frage-Antwort-Motive wie diese zum Nachdenken an. Der Welt-Aids-Tag findet seit 1988 jedes Jahr am 1. Dezember statt, weltweit. Er ruft zur\u2026","rel":"","context":"In &quot;Aktion&quot;","block_context":{"text":"Aktion","link":"https:\/\/www.flora-pharm.de\/blog\/category\/aktion\/"},"img":{"alt_text":"","src":"https:\/\/i0.wp.com\/www.flora-pharm.de\/blog\/wp-content\/uploads\/2013\/11\/flora-redribbon-v2b.jpg?resize=350%2C200&ssl=1","width":350,"height":200,"srcset":"https:\/\/i0.wp.com\/www.flora-pharm.de\/blog\/wp-content\/uploads\/2013\/11\/flora-redribbon-v2b.jpg?resize=350%2C200&ssl=1 1x, https:\/\/i0.wp.com\/www.flora-pharm.de\/blog\/wp-content\/uploads\/2013\/11\/flora-redribbon-v2b.jpg?resize=525%2C300&ssl=1 1.5x, https:\/\/i0.wp.com\/www.flora-pharm.de\/blog\/wp-content\/uploads\/2013\/11\/flora-redribbon-v2b.jpg?resize=700%2C400&ssl=1 2x"},"classes":[]},{"id":129,"url":"https:\/\/www.flora-pharm.de\/blog\/aids-sammeldose\/","url_meta":{"origin":87,"position":3},"title":"AIDS? Sammeldose?","author":"Flora Team","date":"25. November 2013","format":false,"excerpt":"Animiert durch unseren Beitrag zur Wanderausstellung \u201eGRO\u00dfE FREIHEIT \u2013 liebe.lust.leben.\u201c fragte die Lazaruslegion Hannover bei uns an, ob wir nicht eine Spendendose zur Unterst\u00fctzung Ihrer T\u00e4tigkeit aufstellen k\u00f6nnten. Die Lazaruslegion e.V. - Christliche AIDS-Beratungsstelle (LL) wurde 1987 als gemeinn\u00fctziger Verein gegr\u00fcndet. Eins ihrer Hauptanliegen ist es, mittels Aufkl\u00e4rung und Pr\u00e4ventionsarbeit,\u2026","rel":"","context":"In &quot;Aktion&quot;","block_context":{"text":"Aktion","link":"https:\/\/www.flora-pharm.de\/blog\/category\/aktion\/"},"img":{"alt_text":"","src":"https:\/\/i0.wp.com\/www.flora-pharm.de\/blog\/wp-content\/uploads\/2013\/11\/sammeldose-lazaruslegion-aids-hannover.jpg?resize=350%2C200&ssl=1","width":350,"height":200,"srcset":"https:\/\/i0.wp.com\/www.flora-pharm.de\/blog\/wp-content\/uploads\/2013\/11\/sammeldose-lazaruslegion-aids-hannover.jpg?resize=350%2C200&ssl=1 1x, https:\/\/i0.wp.com\/www.flora-pharm.de\/blog\/wp-content\/uploads\/2013\/11\/sammeldose-lazaruslegion-aids-hannover.jpg?resize=525%2C300&ssl=1 1.5x, https:\/\/i0.wp.com\/www.flora-pharm.de\/blog\/wp-content\/uploads\/2013\/11\/sammeldose-lazaruslegion-aids-hannover.jpg?resize=700%2C400&ssl=1 2x"},"classes":[]},{"id":134,"url":"https:\/\/www.flora-pharm.de\/blog\/1-dezember-2013-welt-aids-tag\/","url_meta":{"origin":87,"position":4},"title":"Sonntag (1. Dezember 2013) ist Welt-AIDS-Tag","author":"Flora Team","date":"29. November 2013","format":false,"excerpt":"Der Welt-Aids-Tag findet seit 1988 jedes Jahr am 1. Dezember statt, weltweit. Am Welt-Aids-Tag wird zu Solidarit\u00e4t mit Menschen mit HIV aufgerufen und der Menschen gedacht, die an den Folgen von AIDS gestorben sind. In Deutschland leben etwa 78.000 Menschen mit HIV und AIDS, weltweit mehr als 35 Millionen. Auch\u2026","rel":"","context":"In &quot;Aktion&quot;","block_context":{"text":"Aktion","link":"https:\/\/www.flora-pharm.de\/blog\/category\/aktion\/"},"img":{"alt_text":"","src":"https:\/\/i0.wp.com\/www.flora-pharm.de\/blog\/wp-content\/uploads\/2013\/11\/flora-redribbon-v2b.jpg?resize=350%2C200&ssl=1","width":350,"height":200,"srcset":"https:\/\/i0.wp.com\/www.flora-pharm.de\/blog\/wp-content\/uploads\/2013\/11\/flora-redribbon-v2b.jpg?resize=350%2C200&ssl=1 1x, https:\/\/i0.wp.com\/www.flora-pharm.de\/blog\/wp-content\/uploads\/2013\/11\/flora-redribbon-v2b.jpg?resize=525%2C300&ssl=1 1.5x, https:\/\/i0.wp.com\/www.flora-pharm.de\/blog\/wp-content\/uploads\/2013\/11\/flora-redribbon-v2b.jpg?resize=700%2C400&ssl=1 2x"},"classes":[]},{"id":3299,"url":"https:\/\/www.flora-pharm.de\/blog\/mers-coronavirus-vom-dromedar-zum-mensch-und-die-wirkung-von-glyzyrrhizinsaeure\/","url_meta":{"origin":87,"position":5},"title":"MERS Coronavirus &#8211; Vom Dromedar zum Mensch &#8211; und die Wirkung von Glycyrrhizins\u00e4ure","author":"Flora Team","date":"17. Juni 2016","format":false,"excerpt":"Sie planen eine Reise in den mittleren Osten auf die arabische Halbinsel? Wir w\u00fcnschen eine sch\u00f6ne Reise und beraten Sie gern hinsichtlich Ihrer Reiseapotheke. Dennoch ein Hinweis zum Verhalten vor Ort: versuchen Sie engen Dromedarkontakt zu vermeiden, der MERS Coronavirus ist noch lange nicht einged\u00e4mmt und vielen Europ\u00e4ern nicht gel\u00e4ufig\u2026","rel":"","context":"In &quot;Wissenswert&quot;","block_context":{"text":"Wissenswert","link":"https:\/\/www.flora-pharm.de\/blog\/category\/wissenswert\/"},"img":{"alt_text":"","src":"https:\/\/i0.wp.com\/www.flora-pharm.de\/blog\/wp-content\/uploads\/2016\/06\/mers-kamel.jpg?resize=350%2C200&ssl=1","width":350,"height":200,"srcset":"https:\/\/i0.wp.com\/www.flora-pharm.de\/blog\/wp-content\/uploads\/2016\/06\/mers-kamel.jpg?resize=350%2C200&ssl=1 1x, https:\/\/i0.wp.com\/www.flora-pharm.de\/blog\/wp-content\/uploads\/2016\/06\/mers-kamel.jpg?resize=525%2C300&ssl=1 1.5x, https:\/\/i0.wp.com\/www.flora-pharm.de\/blog\/wp-content\/uploads\/2016\/06\/mers-kamel.jpg?resize=700%2C400&ssl=1 2x"},"classes":[]}],"jetpack_sharing_enabled":true,"_links":{"self":[{"href":"https:\/\/www.flora-pharm.de\/blog\/wp-json\/wp\/v2\/posts\/87","targetHints":{"allow":["GET"]}}],"collection":[{"href":"https:\/\/www.flora-pharm.de\/blog\/wp-json\/wp\/v2\/posts"}],"about":[{"href":"https:\/\/www.flora-pharm.de\/blog\/wp-json\/wp\/v2\/types\/post"}],"author":[{"embeddable":true,"href":"https:\/\/www.flora-pharm.de\/blog\/wp-json\/wp\/v2\/users\/1"}],"replies":[{"embeddable":true,"href":"https:\/\/www.flora-pharm.de\/blog\/wp-json\/wp\/v2\/comments?post=87"}],"version-history":[{"count":2,"href":"https:\/\/www.flora-pharm.de\/blog\/wp-json\/wp\/v2\/posts\/87\/revisions"}],"predecessor-version":[{"id":90,"href":"https:\/\/www.flora-pharm.de\/blog\/wp-json\/wp\/v2\/posts\/87\/revisions\/90"}],"wp:featuredmedia":[{"embeddable":true,"href":"https:\/\/www.flora-pharm.de\/blog\/wp-json\/wp\/v2\/media\/88"}],"wp:attachment":[{"href":"https:\/\/www.flora-pharm.de\/blog\/wp-json\/wp\/v2\/media?parent=87"}],"wp:term":[{"taxonomy":"category","embeddable":true,"href":"https:\/\/www.flora-pharm.de\/blog\/wp-json\/wp\/v2\/categories?post=87"},{"taxonomy":"post_tag","embeddable":true,"href":"https:\/\/www.flora-pharm.de\/blog\/wp-json\/wp\/v2\/tags?post=87"}],"curies":[{"name":"wp","href":"https:\/\/api.w.org\/{rel}","templated":true}]}}