{"id":8924,"date":"2024-01-17T10:49:51","date_gmt":"2024-01-17T09:49:51","guid":{"rendered":"https:\/\/www.flora-pharm.de\/blog\/?p=8924"},"modified":"2024-01-17T10:49:56","modified_gmt":"2024-01-17T09:49:56","slug":"zero-waste-im-badezimmer","status":"publish","type":"post","link":"https:\/\/www.flora-pharm.de\/blog\/zero-waste-im-badezimmer\/","title":{"rendered":"Zero Waste im Badezimmer"},"content":{"rendered":"\n<p>Tuben, Tiegel, Toilettenb\u00fcrste. Das meiste davon ist aus Plastik. Muss das sein?<\/p>\n\n\n\n<p>Mit unseren Tipps gelingt es Ihnen, Wegwerfartikel zu reduzieren, ohne auf Lebensqualit\u00e4t und K\u00f6rperpflege verzichten zu m\u00fcssen.<\/p>\n\n\n\n<h2 class=\"wp-block-heading\">F\u00fcr die Bei\u00dfer: B\u00fcrsten aus Bambus<\/h2>\n\n\n\n<p>Angenommen jeder von uns wechselt alle drei Monate die Hand-Zahnb\u00fcrste. Pro Kopf kommen so im Lauf eines Lebens etwa 250 St\u00fcck zusammen. Bei 83 Millionen Menschen macht das jedes Jahr summa summarum gesch\u00e4tzte 250 Millionen Zahnb\u00fcrsten \u2013 die allermeisten davon bestehen aus Kunststoff. Was ein M\u00fcllberg! Daher sind inzwischen Alternativen aus schnell nachwachsendem Bambus oder noch besser aus regionalem Naturholz stark im Kommen. Der Griff ist kompostierbar und der B\u00fcrstenkopf immer \u00f6fter austauschf\u00e4hig. Die Borsten bestehen in der Regel aus Nylon oder Viskose und sind aus biobasiertem Rizinus\u00f6l gewonnen. Bleibt noch die Frage offen: Was kommt drauf? Statt Zahnpasta mit rot-wei\u00dfen Streifen oder blauen K\u00fcgelchen zu benutzen, versuchen Sie es doch mal mit Putztabletten. Die Dentaltabs haben deutlich weniger Inhaltsstoffe, sind frei von Parabenen und anderen bedenklichen Substanzen. Au\u00dferdem sind sie plastiklos verpackt, sparen Abfall, CO2 und Geld.<\/p>\n\n\n\n<p>PS: <a href=\"https:\/\/www.flora-pharm.de\/blog\/umweltfreundlich-zaehne-putzen\/\">Umweltfreundlich Z\u00e4hne putzen<\/a><\/p>\n\n\n\n<h2 class=\"wp-block-heading\">Fest statt fl\u00fcssig<\/h2>\n\n\n\n<p>Gr\u00fcne Shampooflasche, quietschbunter Seifenspender und blau-gestreifter Deoroller. Alles so sch\u00f6n bunt im Bad \u2013 und so voll mit unn\u00f6tigem Verpackungsm\u00fcll. Alles, was wir zur Reinigung und Pflege von Gesicht und K\u00f6rper brauchen, kommt spielend leicht auch ohne Polyethylen aus. Der Problemstoff findet sich selbst Jahre sp\u00e4ter noch als Mikroplastik in Umwelt und Gew\u00e4ssern wieder \u2013 in Fischen und letztlich auch in uns selbst. Feste Seifen sind eine sauberere Sache. Es gibt sie f\u00fcr Haut und Haare, sie stehen ihren fl\u00fcssigen Verwandten in nichts nach, nehmen aber deutlich weniger Platz weg, halten l\u00e4nger und punkten in Sachen Nachhaltigkeit: Sie brauchen weder Duft-, Farb- noch Konservierungsstoffe, sind frei von Plastik und daher biologisch abbaubar \u2013 auch Deo und Rasierschaum gibt\u2019s in fester Form.<\/p>\n\n\n\n<h2 class=\"wp-block-heading\">Rasieren ohne Reue<\/h2>\n\n\n\n<p>T\u00e4gliche <a href=\"https:\/\/www.flora-pharm.de\/blog\/rasur-nass-oder-trocken\/\">Rasur<\/a>, t\u00e4gliche Umwelts\u00fcnde. Das war mal. Inzwischen feiert n\u00e4mlich der Rasierhobel seine Renaissance. Formsch\u00f6n aus Metall oder Nussholz gefertigt, macht das Vintage-Ger\u00e4t m\u00e4chtig was her; es liegt gut in der Hand und erweist sich innerhalb k\u00fcrzester Zeit als echtes Sparwunder. In der Anschaffung ist der Hobel vielleicht etwas teurer als die Einweg- und Systemrasierer, daf\u00fcr h\u00e4lt er ein Leben lang. Auch f\u00fcr die Klingen m\u00fcssen Sie nicht mehr knietief in die Tasche greifen. Die Stahlklingen f\u00fcr den Rasierhobel kosten nur einen Bruchteil des Normalpreises f\u00fcr herk\u00f6mmliche, unrecycelbare Wegwerfklingen und Plastikaufs\u00e4tze: 9 Cent pro St\u00fcck \u2013 noch Fragen?<\/p>\n\n\n\n<h2 class=\"wp-block-heading\">Plastikfreie Periode<\/h2>\n\n\n\n<p>Rund 10.000 Binden und Tampons verbraucht jede Frau im Lauf ihres Periodenlebens. Unvorstellbar! Obendrein ist jedes dieser Einmalprodukte sauerstoffgebleicht, enth\u00e4lt Plastik und ist mit Chemikalien behaftet, die mit den intimsten Stellen des K\u00f6rpers in Ber\u00fchrung kommen. Die Umweltschutzorganisation Friends of Earth sch\u00e4tzt: Bis zu 3.000 bedenkliche Stoffe stecken in jedem synthetisch hergestellten Menstruationsartikel. Zum Gl\u00fcck geht\u2019s auch anders. Von waschbaren Binden aus Baumwolle, chlorfreien, kompostierbaren und biologisch abbaubaren Slipeinlagen bis hin zu Menstruationstassen aus Naturkautschuk oder medizinischem Silikon ist die Bandbreite an Alternativen inzwischen ellenlang. Tipp: Langlebige Monatsunterw\u00e4sche, die sich optisch kaum von \u00fcblichen Slips unterscheidet, aber eine saugf\u00e4hige und undurchl\u00e4ssige Funktionsschicht hat, gilt als eines der nachhaltigsten Periodenprodukte \u00fcberhaupt.<\/p>\n\n\n\n<p>PS: <a href=\"https:\/\/www.flora-pharm.de\/blog\/alle-tage-wieder-nachhaltige-monatshygiene\/\">Alle TAGE wieder \u2013 Nachhaltige Monatshygiene<\/a><\/p>\n\n\n\n<h2 class=\"wp-block-heading\">Blitzblank und trotzdem bio<\/h2>\n\n\n\n<p>Wer\u2019s haargenau nimmt, kann das Badezimmer sogar zur vollst\u00e4ndig plastikfreien Zone erkl\u00e4ren: Toilettenhalter m\u00fcssen nicht aus Kunststoff fabriziert sein, es gibt sie auch aus Holz, Keramik oder Edelstahl. Selbst Toilettenb\u00fcrsten, Handfeger und Kehrblech aus Vollplastik haben ausgedient. Aus Buchenholz und Naturborsten sind die neuen nachhaltigen Badezimmerartikel gemacht. Und zum Putzen selbst m\u00fcssen Sie ebenfalls keine Chemiekeulen schwingen. Drei umweltfreundliche Mittel, mehr brauchen Sie nicht: Essig, Natron und Zitronens\u00e4ure machen das Bad blitzblank, schonen die Umwelt und unsere Gesundheit.<\/p>\n\n\n\n<div style=\"height:100px\" aria-hidden=\"true\" class=\"wp-block-spacer\"><\/div>\n\n\n\n<p>PS: <a href=\"https:\/\/www.flora-pharm.de\/blog\/natuerlich-sauber-umweltfreundlicher-fruehjahrsputz\/\">Nat\u00fcrlich sauber \u2013 Umweltfreundlicher Fr\u00fchjahrsputz<\/a><\/p>\n\n\n\n<p>Weitere <a href=\"https:\/\/www.flora-pharm.de\/blog\/tag\/nachhaltigkeit\/\">Artikel rund um das Thema Nachhaltigkeit<\/a> finden Sie auch hier im Blog.<\/p>\n\n\n\n<div style=\"height:20px\" aria-hidden=\"true\" class=\"wp-block-spacer\"><\/div>\n\n\n\n<p>Plastikfreie Hygieneartikel und eine individuelle Beratung bekommen Sie auch in unserer Apotheke. Sprechen Sie uns gern darauf an.<\/p>\n\n\n\n<div style=\"height:100px\" aria-hidden=\"true\" class=\"wp-block-spacer\"><\/div>\n\n\n\n<figure class=\"wp-block-image aligncenter size-medium\"><img loading=\"lazy\" decoding=\"async\" width=\"225\" height=\"300\" data-attachment-id=\"8906\" data-permalink=\"https:\/\/www.flora-pharm.de\/blog\/naturheilkunde-und-gesundheit-cover-09-2023\/\" data-orig-file=\"https:\/\/www.flora-pharm.de\/blog\/wp-content\/uploads\/2023\/10\/naturheilkunde-und-gesundheit-cover-09-2023.jpg\" data-orig-size=\"450,600\" data-comments-opened=\"1\" data-image-meta=\"{&quot;aperture&quot;:&quot;0&quot;,&quot;credit&quot;:&quot;&quot;,&quot;camera&quot;:&quot;&quot;,&quot;caption&quot;:&quot;&quot;,&quot;created_timestamp&quot;:&quot;0&quot;,&quot;copyright&quot;:&quot;&quot;,&quot;focal_length&quot;:&quot;0&quot;,&quot;iso&quot;:&quot;0&quot;,&quot;shutter_speed&quot;:&quot;0&quot;,&quot;title&quot;:&quot;&quot;,&quot;orientation&quot;:&quot;1&quot;}\" data-image-title=\"naturheilkunde-und-gesundheit-cover-09-2023\" data-image-description=\"\" data-image-caption=\"&lt;p&gt;Text mit freundlicher Genehmigung der S &amp;#038; D Verlag GmbH. Das komplette \u201cNaturheilkunde &amp;#038; Gesundheit\u201d Heft bekommen Sie auch bei uns in der Apotheke.&lt;\/p&gt;\n\" data-large-file=\"https:\/\/www.flora-pharm.de\/blog\/wp-content\/uploads\/2023\/10\/naturheilkunde-und-gesundheit-cover-09-2023.jpg\" src=\"https:\/\/www.flora-pharm.de\/blog\/wp-content\/uploads\/2023\/10\/naturheilkunde-und-gesundheit-cover-09-2023-225x300.jpg\" alt=\"NuG 9\/23\" class=\"wp-image-8906\" srcset=\"https:\/\/www.flora-pharm.de\/blog\/wp-content\/uploads\/2023\/10\/naturheilkunde-und-gesundheit-cover-09-2023-225x300.jpg 225w, https:\/\/www.flora-pharm.de\/blog\/wp-content\/uploads\/2023\/10\/naturheilkunde-und-gesundheit-cover-09-2023.jpg 450w\" sizes=\"auto, (max-width: 225px) 100vw, 225px\" \/><figcaption class=\"wp-element-caption\">Text mit freundlicher Genehmigung der S &#038; D Verlag GmbH. Das komplette \u201cNaturheilkunde &#038; Gesundheit\u201d Heft bekommen Sie auch bei uns in der Apotheke.<\/figcaption><\/figure>\n","protected":false},"excerpt":{"rendered":"<p>Tipps, um im Badezimmer die Wegwerfartikel zu reduzieren, ohne auf Lebensqualit\u00e4t und K\u00f6rperpflege verzichten zu m\u00fcssen.<\/p>\n","protected":false},"author":1,"featured_media":8910,"comment_status":"open","ping_status":"open","sticky":false,"template":"","format":"standard","meta":{"jetpack_post_was_ever_published":false,"_jetpack_newsletter_access":"","_jetpack_dont_email_post_to_subs":false,"_jetpack_newsletter_tier_id":0,"_jetpack_memberships_contains_paywalled_content":false,"_jetpack_memberships_contains_paid_content":false,"footnotes":""},"categories":[8],"tags":[26,655,422],"class_list":["post-8924","post","type-post","status-publish","format-standard","has-post-thumbnail","hentry","category-wissenswert","tag-koerperpflege","tag-nachhaltigkeit","tag-naturheilkunde-und-gesundheit","has-post-title","has-post-date","has-post-category","has-post-tag","has-post-comment","has-post-author",""],"jetpack_featured_media_url":"https:\/\/www.flora-pharm.de\/blog\/wp-content\/uploads\/2023\/10\/zero-waste-im-badezimmer.jpg","jetpack-related-posts":[{"id":7799,"url":"https:\/\/www.flora-pharm.de\/blog\/umweltfreundlich-zaehne-putzen\/","url_meta":{"origin":8924,"position":0},"title":"Umweltfreundlich Z\u00e4hne putzen","author":"Flora Team","date":"5. August 2021","format":false,"excerpt":"168 Millionen Zahnb\u00fcrsten und 413 Millionen Tuben Zahnpasta verbrauchen die Deutschen pro Jahr \u2013 und fast alles aus Plastik. Geht Zahnpflege vielleicht auch ein bisschen nachhaltiger?","rel":"","context":"In &quot;Wissenswert&quot;","block_context":{"text":"Wissenswert","link":"https:\/\/www.flora-pharm.de\/blog\/category\/wissenswert\/"},"img":{"alt_text":"umweltfreundliche Zahnpflege nachhaltig","src":"https:\/\/i0.wp.com\/www.flora-pharm.de\/blog\/wp-content\/uploads\/2021\/06\/umweltfreundliche-Zahnpflege.jpg?resize=350%2C200&ssl=1","width":350,"height":200,"srcset":"https:\/\/i0.wp.com\/www.flora-pharm.de\/blog\/wp-content\/uploads\/2021\/06\/umweltfreundliche-Zahnpflege.jpg?resize=350%2C200&ssl=1 1x, https:\/\/i0.wp.com\/www.flora-pharm.de\/blog\/wp-content\/uploads\/2021\/06\/umweltfreundliche-Zahnpflege.jpg?resize=525%2C300&ssl=1 1.5x, https:\/\/i0.wp.com\/www.flora-pharm.de\/blog\/wp-content\/uploads\/2021\/06\/umweltfreundliche-Zahnpflege.jpg?resize=700%2C400&ssl=1 2x"},"classes":[]},{"id":6286,"url":"https:\/\/www.flora-pharm.de\/blog\/strahlendes-gesicht\/","url_meta":{"origin":8924,"position":1},"title":"Strahlendes Gesicht","author":"Flora Team","date":"16. Juli 2019","format":false,"excerpt":"Augen und Z\u00e4hne sollen strahlen, daf\u00fcr sorgen wir t\u00e4glich. Doch Nase, Ohren und Zunge geh\u00f6ren auch zum Gesicht und haben auch ein Recht auf Sauberkeit. Was wird womit sauber? Saskia Fechte sagt es Ihnen. Augen reinigen Weil sich Schmutz, Tr\u00e4nenfl\u00fcssigkeit und Schminke an Lidr\u00e4ndern und im Augenwinkel festsetzen. Oder ungeschickte\u2026","rel":"","context":"In &quot;Wissenswert&quot;","block_context":{"text":"Wissenswert","link":"https:\/\/www.flora-pharm.de\/blog\/category\/wissenswert\/"},"img":{"alt_text":"Strahlendes Gesicht","src":"https:\/\/i0.wp.com\/www.flora-pharm.de\/blog\/wp-content\/uploads\/2019\/07\/strahlendes-gesicht.jpg?resize=350%2C200&ssl=1","width":350,"height":200,"srcset":"https:\/\/i0.wp.com\/www.flora-pharm.de\/blog\/wp-content\/uploads\/2019\/07\/strahlendes-gesicht.jpg?resize=350%2C200&ssl=1 1x, https:\/\/i0.wp.com\/www.flora-pharm.de\/blog\/wp-content\/uploads\/2019\/07\/strahlendes-gesicht.jpg?resize=525%2C300&ssl=1 1.5x, https:\/\/i0.wp.com\/www.flora-pharm.de\/blog\/wp-content\/uploads\/2019\/07\/strahlendes-gesicht.jpg?resize=700%2C400&ssl=1 2x"},"classes":[]},{"id":9531,"url":"https:\/\/www.flora-pharm.de\/blog\/brauche-ich-unbedingt-einen-zungenschaber\/","url_meta":{"origin":8924,"position":2},"title":"Brauche ich unbedingt einen Zungenschaber?","author":"Flora Team","date":"20. Februar 2026","format":false,"excerpt":"Unsere Leserfrage vom Apotheker beantwortet: Brauche ich einen Zungenreiniger, auch Zungenkratzer oder Zungenschaber genannt?","rel":"","context":"In &quot;Wissenswert&quot;","block_context":{"text":"Wissenswert","link":"https:\/\/www.flora-pharm.de\/blog\/category\/wissenswert\/"},"img":{"alt_text":"Eine junge Frau l\u00e4chelt bei der Zahnpflege. Unten im Bilde sind Zahnb\u00fcrsten und Zungenschaber abgebildet. Der Text in der Mitte fragt: Brauche ich unbedingt einen Zungenschaber?","src":"https:\/\/i0.wp.com\/www.flora-pharm.de\/blog\/wp-content\/uploads\/2025\/05\/zungenschaber.jpg?resize=350%2C200&ssl=1","width":350,"height":200,"srcset":"https:\/\/i0.wp.com\/www.flora-pharm.de\/blog\/wp-content\/uploads\/2025\/05\/zungenschaber.jpg?resize=350%2C200&ssl=1 1x, https:\/\/i0.wp.com\/www.flora-pharm.de\/blog\/wp-content\/uploads\/2025\/05\/zungenschaber.jpg?resize=525%2C300&ssl=1 1.5x, https:\/\/i0.wp.com\/www.flora-pharm.de\/blog\/wp-content\/uploads\/2025\/05\/zungenschaber.jpg?resize=700%2C400&ssl=1 2x, https:\/\/i0.wp.com\/www.flora-pharm.de\/blog\/wp-content\/uploads\/2025\/05\/zungenschaber.jpg?resize=1050%2C600&ssl=1 3x"},"classes":[]},{"id":9557,"url":"https:\/\/www.flora-pharm.de\/blog\/buerste-oder-kamm\/","url_meta":{"origin":8924,"position":3},"title":"B\u00fcrste oder Kamm","author":"Flora Team","date":"9. Januar 2026","format":false,"excerpt":"Du hast die Haare sch\u00f6n - Nach den Pflegeprodukten kommen B\u00fcrste oder Kamm zum Einsatz. Doch was verwenden wir wof\u00fcr?","rel":"","context":"In &quot;Wissenswert&quot;","block_context":{"text":"Wissenswert","link":"https:\/\/www.flora-pharm.de\/blog\/category\/wissenswert\/"},"img":{"alt_text":"Eine rothaarige Frau k\u00e4mmt sich durch die Haare. Der Text im Bild stellt die Frage, ob B\u00fcrste oder Kamm.","src":"https:\/\/i0.wp.com\/www.flora-pharm.de\/blog\/wp-content\/uploads\/2025\/05\/buerste-oder-kamm.jpg?resize=350%2C200&ssl=1","width":350,"height":200,"srcset":"https:\/\/i0.wp.com\/www.flora-pharm.de\/blog\/wp-content\/uploads\/2025\/05\/buerste-oder-kamm.jpg?resize=350%2C200&ssl=1 1x, https:\/\/i0.wp.com\/www.flora-pharm.de\/blog\/wp-content\/uploads\/2025\/05\/buerste-oder-kamm.jpg?resize=525%2C300&ssl=1 1.5x, https:\/\/i0.wp.com\/www.flora-pharm.de\/blog\/wp-content\/uploads\/2025\/05\/buerste-oder-kamm.jpg?resize=700%2C400&ssl=1 2x, https:\/\/i0.wp.com\/www.flora-pharm.de\/blog\/wp-content\/uploads\/2025\/05\/buerste-oder-kamm.jpg?resize=1050%2C600&ssl=1 3x"},"classes":[]},{"id":6448,"url":"https:\/\/www.flora-pharm.de\/blog\/gesunde-zaehne-gesundes-tier\/","url_meta":{"origin":8924,"position":4},"title":"Gesunde Z\u00e4hne \u2013 gesundes Tier","author":"Flora Team","date":"2. Oktober 2019","format":false,"excerpt":"Warum regelm\u00e4\u00dfige Zahnpflege f\u00fcr Hunde und Katzen so wichtig ist. Eine effektive Gesundheitsvorsorge beginnt schon im Maul. Denn leiden Hunde oder Katzen unter Zahnproblemen, k\u00f6nnen sie ihr Futter nicht mehr richtig kleinbei\u00dfen und zerkauen. Das kann dann nachfolgend schnell zu Problemen im Verdauungstrakt f\u00fchren und sich negativ auf das Allgemeinbefinden\u2026","rel":"","context":"In &quot;Haustiere&quot;","block_context":{"text":"Haustiere","link":"https:\/\/www.flora-pharm.de\/blog\/category\/haustiere\/"},"img":{"alt_text":"Haustier Zahngesundheit","src":"https:\/\/i0.wp.com\/www.flora-pharm.de\/blog\/wp-content\/uploads\/2019\/09\/zahngesundheit-haustier.jpg?resize=350%2C200&ssl=1","width":350,"height":200,"srcset":"https:\/\/i0.wp.com\/www.flora-pharm.de\/blog\/wp-content\/uploads\/2019\/09\/zahngesundheit-haustier.jpg?resize=350%2C200&ssl=1 1x, https:\/\/i0.wp.com\/www.flora-pharm.de\/blog\/wp-content\/uploads\/2019\/09\/zahngesundheit-haustier.jpg?resize=525%2C300&ssl=1 1.5x, https:\/\/i0.wp.com\/www.flora-pharm.de\/blog\/wp-content\/uploads\/2019\/09\/zahngesundheit-haustier.jpg?resize=700%2C400&ssl=1 2x"},"classes":[]},{"id":3396,"url":"https:\/\/www.flora-pharm.de\/blog\/schoene-zaehne-zeigen\/","url_meta":{"origin":8924,"position":5},"title":"Sch\u00f6ne Z\u00e4hne zeigen","author":"Flora Team","date":"29. August 2016","format":false,"excerpt":"Nur mit einer optimalen Pflege bleiben Ihre Z\u00e4hne gesund und sch\u00f6n! Was m\u00fcssen Sie beachten? Schon jedes dritte Kind hat Karies und kaum ein Erwachsener hat noch gesunde Z\u00e4hne. Und etwa 80 Prozent der Deutschen \u00fcber 30 Jahre leiden an einer entz\u00fcndlichen Zahnfleischerkrankung. Karies entsteht durch eine Demineralisierung der Z\u00e4hne.\u2026","rel":"","context":"In &quot;Wissenswert&quot;","block_context":{"text":"Wissenswert","link":"https:\/\/www.flora-pharm.de\/blog\/category\/wissenswert\/"},"img":{"alt_text":"","src":"https:\/\/i0.wp.com\/www.flora-pharm.de\/blog\/wp-content\/uploads\/2016\/08\/schoene-zaehne.jpg?resize=350%2C200&ssl=1","width":350,"height":200,"srcset":"https:\/\/i0.wp.com\/www.flora-pharm.de\/blog\/wp-content\/uploads\/2016\/08\/schoene-zaehne.jpg?resize=350%2C200&ssl=1 1x, https:\/\/i0.wp.com\/www.flora-pharm.de\/blog\/wp-content\/uploads\/2016\/08\/schoene-zaehne.jpg?resize=525%2C300&ssl=1 1.5x, https:\/\/i0.wp.com\/www.flora-pharm.de\/blog\/wp-content\/uploads\/2016\/08\/schoene-zaehne.jpg?resize=700%2C400&ssl=1 2x"},"classes":[]}],"jetpack_sharing_enabled":true,"_links":{"self":[{"href":"https:\/\/www.flora-pharm.de\/blog\/wp-json\/wp\/v2\/posts\/8924","targetHints":{"allow":["GET"]}}],"collection":[{"href":"https:\/\/www.flora-pharm.de\/blog\/wp-json\/wp\/v2\/posts"}],"about":[{"href":"https:\/\/www.flora-pharm.de\/blog\/wp-json\/wp\/v2\/types\/post"}],"author":[{"embeddable":true,"href":"https:\/\/www.flora-pharm.de\/blog\/wp-json\/wp\/v2\/users\/1"}],"replies":[{"embeddable":true,"href":"https:\/\/www.flora-pharm.de\/blog\/wp-json\/wp\/v2\/comments?post=8924"}],"version-history":[{"count":1,"href":"https:\/\/www.flora-pharm.de\/blog\/wp-json\/wp\/v2\/posts\/8924\/revisions"}],"predecessor-version":[{"id":8925,"href":"https:\/\/www.flora-pharm.de\/blog\/wp-json\/wp\/v2\/posts\/8924\/revisions\/8925"}],"wp:featuredmedia":[{"embeddable":true,"href":"https:\/\/www.flora-pharm.de\/blog\/wp-json\/wp\/v2\/media\/8910"}],"wp:attachment":[{"href":"https:\/\/www.flora-pharm.de\/blog\/wp-json\/wp\/v2\/media?parent=8924"}],"wp:term":[{"taxonomy":"category","embeddable":true,"href":"https:\/\/www.flora-pharm.de\/blog\/wp-json\/wp\/v2\/categories?post=8924"},{"taxonomy":"post_tag","embeddable":true,"href":"https:\/\/www.flora-pharm.de\/blog\/wp-json\/wp\/v2\/tags?post=8924"}],"curies":[{"name":"wp","href":"https:\/\/api.w.org\/{rel}","templated":true}]}}