{"id":8932,"date":"2023-11-14T11:34:18","date_gmt":"2023-11-14T10:34:18","guid":{"rendered":"https:\/\/www.flora-pharm.de\/blog\/?p=8932"},"modified":"2023-11-14T11:34:22","modified_gmt":"2023-11-14T10:34:22","slug":"herbstlaub","status":"publish","type":"post","link":"https:\/\/www.flora-pharm.de\/blog\/herbstlaub\/","title":{"rendered":"Herbstlaub"},"content":{"rendered":"\n<p>Sie leuchten in den sch\u00f6nsten Farben und rascheln so herrlich unter den F\u00fc\u00dfen \u2013 bunte Bl\u00e4tter sind eine wahre Pracht und mehr als nur Bio-M\u00fcll. Schauen Sie mal, welche guten Dienste sie im Garten, f\u00fcr die Tierwelt und in Ihrem Zuhause leisten.<\/p>\n\n\n\n<p>Wenn jetzt die Bl\u00e4tter fallen, Wiesen und Wege bedecken, wird allerorten geharkt, gerecht und Laubbl\u00e4ser sind lautstark im Einsatz. Klar, auf Gehwegen kann Laub zu gef\u00e4hrlichen Rutschpartien f\u00fchren und hat dort nichts zu suchen. Auch auf dem Rasen ist eine dicke Laubschicht nicht von Vorteil, denn darunter bekommt das Gras weder gen\u00fcgend Luft noch Licht. Die Bl\u00e4tter m\u00fcssen aber nicht zwangsl\u00e4ufig in der Biotonne oder im Laubsack landen.<\/p>\n\n\n\n<div style=\"height:20px\" aria-hidden=\"true\" class=\"wp-block-spacer\"><\/div>\n\n\n\n<h2 class=\"wp-block-heading\">N\u00e4hrstoffwunder<\/h2>\n\n\n\n<p>B\u00e4ume und Str\u00e4ucher holen sich N\u00e4hrstoffe aus dem Boden, darunter Stickstoff, Phosphor, Kalium, Magnesium und Schwefel. Diese werden teilweise in den Bl\u00e4ttern gespeichert. F\u00e4llt im Herbst das Laub, gibt es die N\u00e4hrstoffe wieder an den Boden ab \u2013 ein nat\u00fcrlicher Kreislauf, den Sie nutzen und unterst\u00fctzen k\u00f6nnen. Anstatt das Laub zum Resthof zu transportieren, lieber einen Laub-Komposthaufen in einer Ecke des Gartens anlegen. In ein, zwei Jahren bildet sich dann wertvolle Anzuchterde. Wichtig: Da Laub langsamer verrottet als Bio-M\u00fcll aus der K\u00fcche, sollte es seinen eigenen Platz bekommen. Diesen am besten mit Hasen- oder Volierendraht umz\u00e4unen, damit der Herbstwind nicht alles davontr\u00e4gt.<\/p>\n\n\n\n<p>Kompostier-Tipps: Um den Rotteprozess zu beschleunigen, das Laub erst zerkleinern \u2013 einfach mit dem Rasenm\u00e4her dar\u00fcberfahren. Bl\u00e4tter von Apfel- und Kirschb\u00e4umen zersetzen sich schneller als die von Eichen, Kastanien, Platanen und Buchen, daher empfiehlt es sich, Obstbaumbl\u00e4tter als unterste Schicht zu verwenden. Je nach Sorte enth\u00e4lt Laub mehr oder weniger S\u00e4uren und Gerbstoffe. Um diese zu neutralisieren, etwas Steinmehl in den Kompost geben.<\/p>\n\n\n\n<div style=\"height:20px\" aria-hidden=\"true\" class=\"wp-block-spacer\"><\/div>\n\n\n\n<h2 class=\"wp-block-heading\">Frostschutz<\/h2>\n\n\n\n<p>Herbstlaub eignet sich auch wunderbar zum Mulchen von Beeten, Hochbeeten und Str\u00e4uchern: Es bildet eine n\u00e4hrstoffreiche Isolierschicht, die Pflanzen vor K\u00e4lte und vor dem Austrocknen sch\u00fctzt. Auch hier das Laub erst mal mit dem Rasenm\u00e4her zerkleinern, dann gleichm\u00e4\u00dfig verteilen. In den Bl\u00e4tterschichten entwickeln sich Mikroorganismen wie Bakterien und Pilze pr\u00e4chtig und verwandeln das Laub in eine D\u00fcngerschicht.<\/p>\n\n\n\n<div style=\"height:20px\" aria-hidden=\"true\" class=\"wp-block-spacer\"><\/div>\n\n\n\n<h2 class=\"wp-block-heading\">Unterschlupf<\/h2>\n\n\n\n<p>Gartenbewohner wie Igel, Kr\u00f6ten und K\u00e4fer sch\u00e4tzen das Laub als Behausung. In locker aufgeschichteten Bl\u00e4tterhaufen k\u00f6nnen sie bestens \u00fcberwintern. Idealerweise sollten die Winterquartiere gesch\u00fctzt unter B\u00e4umen, Hecken und Str\u00e4uchern angelegt und nach dem Aufschichten nicht mehr bewegt werden. Bei umz\u00e4unten Laubhaufen ein kleines Schlupfloch in den Draht schneiden. Bald richten sich Natur und Tiere dann auf die Winterruhe ein. Apropos Ruhe, dr\u00f6hnende Laubbl\u00e4ser nerven nicht nur unsere menschliche Nachbarschaft, sie st\u00f6ren auch die Tiere.<\/p>\n\n\n\n<div style=\"height:20px\" aria-hidden=\"true\" class=\"wp-block-spacer\"><\/div>\n\n\n\n<h2 class=\"wp-block-heading\">Goldener Herbst daheim<\/h2>\n\n\n\n<p>Ob feuerrot oder goldgelb \u2013 Herbstlaub aus dem Garten oder vom Waldspaziergang bringt leuchtende Farbtupfer in Ihr Zuhause. Gut erhaltene Bl\u00e4tter aller Gr\u00f6\u00dfe und Art sammeln und erst mal zwischen Zeitungs- oder Buchseiten pressen. Daraus lassen sich dann im Handumdrehen bunte Kr\u00e4nze, luftige Bl\u00e4tter-Mobiles und h\u00fcbsche Windlichter zaubern. Tipp: Herbstbl\u00e4tter mit l\u00f6sungsmittelfreiem Bio-Klarlack bespr\u00fchen, dann halten sie l\u00e4nger.<\/p>\n\n\n\n<div style=\"height:20px\" aria-hidden=\"true\" class=\"wp-block-spacer\"><\/div>\n\n\n\n<h2 class=\"wp-block-heading\">DIY-Kranz<\/h2>\n\n\n\n<p>Material: Stroh- oder Metallrohling, gepresste Herbstbl\u00e4tter (z.B. Eiche, Ahorn, Kastanie), rote Beeren (z.B. Hagebutte oder Berberitze), Sternanis, Blumendraht oder Hei\u00dfklebepistole<\/p>\n\n\n\n<p>So wird\u2019s gemacht: Bl\u00e4tter abwechselnd dicht an dicht mit Blumendraht oder Hei\u00dfklebepistole am Rohling befestigen. Mit Sternanis und Beeren erg\u00e4nzen; je nach Lust und Laune noch Getreide\u00e4hren, Kiefer zapfen und Pampasgrasb\u00fcschel zuf\u00fcgen. Den fertigen Kranz mit einem Schleifenband versehen und dieses als Aufh\u00e4nger festknoten.<\/p>\n\n\n\n<div style=\"height:40px\" aria-hidden=\"true\" class=\"wp-block-spacer\"><\/div>\n\n\n\n<h2 class=\"wp-block-heading\">Vorsicht, Schimmelpilze!<\/h2>\n\n\n\n<p>Ein <strong>Expertenrat<\/strong> von <em>Dr. Christine Reinecke<\/em>, Diplom-Biologin mit dem Schwerpunkt Naturheilkunde.<\/p>\n\n\n\n<p>\u201eHusten, Schnupfen, Niesen, tr\u00e4nende Augen \u2013 schuld daran k\u00f6nnen Schimmelpilze im Herbstlaub sein. Wer unter einer Schimmelpilzallergie leidet, hat oft auch mit M\u00fcdigkeit, Kopfschmerzen und manchmal sogar Atemnot zu k\u00e4mpfen. Die Pilze lieben totes, organisches Material und Feuchtigkeit, also bietet Herbstlaub leider ideale Bedingungen. Es bilden sich Sporen, die sich in der Luft verteilen, eingeatmet werden und zu den allergischen Beschwerden f\u00fchren. Betroffene sollten daher Waldspazierg\u00e4nge kurz nach einem Regenguss meiden, Laub nicht aufwirbeln oder daran riechen und Abstand halten, wenn jemand mit dem Laubbl\u00e4ser zugange ist. Gartenarbeiten wie das Laubharken lieber anderen \u00fcberlassen, auf eine Biotonne verzichten oder sie regelm\u00e4\u00dfig leeren lassen. Die Allergie l\u00e4sst sich mit Haut- und Bluttests nachweisen. Akut k\u00f6nnen antiallergische Mittel aus der Apotheke die Beschwerden lindern.\u201c<\/p>\n\n\n\n<div style=\"height:50px\" aria-hidden=\"true\" class=\"wp-block-spacer\"><\/div>\n\n\n\n<p>Weitere <a href=\"https:\/\/www.flora-pharm.de\/blog\/?s=herbst\">Artikel rund um den goldenen Herbst<\/a> finden Sie auch hier im Blog.<\/p>\n\n\n\n<p><strong><em>Gesundheit aus Ihrer Apotheke \u2013 die Beratung gibt es nat\u00fcrlich kostenlos, individuell und gern dazu.<\/em><\/strong><\/p>\n\n\n\n<div style=\"height:100px\" aria-hidden=\"true\" class=\"wp-block-spacer\"><\/div>\n\n\n\n<figure class=\"wp-block-image aligncenter size-medium\"><img loading=\"lazy\" decoding=\"async\" width=\"225\" height=\"300\" data-attachment-id=\"8911\" data-permalink=\"https:\/\/www.flora-pharm.de\/blog\/naturheilkunde-und-gesundheit-cover-10-2023\/\" data-orig-file=\"https:\/\/www.flora-pharm.de\/blog\/wp-content\/uploads\/2023\/10\/naturheilkunde-und-gesundheit-cover-10-2023.jpg\" data-orig-size=\"450,600\" data-comments-opened=\"1\" data-image-meta=\"{&quot;aperture&quot;:&quot;0&quot;,&quot;credit&quot;:&quot;&quot;,&quot;camera&quot;:&quot;&quot;,&quot;caption&quot;:&quot;&quot;,&quot;created_timestamp&quot;:&quot;0&quot;,&quot;copyright&quot;:&quot;&quot;,&quot;focal_length&quot;:&quot;0&quot;,&quot;iso&quot;:&quot;0&quot;,&quot;shutter_speed&quot;:&quot;0&quot;,&quot;title&quot;:&quot;&quot;,&quot;orientation&quot;:&quot;1&quot;}\" data-image-title=\"naturheilkunde-und-gesundheit-cover-10-2023\" data-image-description=\"\" data-image-caption=\"&lt;p&gt;Text mit freundlicher Genehmigung der S &amp;#038; D Verlag GmbH. Das komplette \u201cNaturheilkunde &amp;#038; Gesundheit\u201d Heft bekommen Sie auch bei uns in der Apotheke.&lt;\/p&gt;\n\" data-large-file=\"https:\/\/www.flora-pharm.de\/blog\/wp-content\/uploads\/2023\/10\/naturheilkunde-und-gesundheit-cover-10-2023.jpg\" src=\"https:\/\/www.flora-pharm.de\/blog\/wp-content\/uploads\/2023\/10\/naturheilkunde-und-gesundheit-cover-10-2023-225x300.jpg\" alt=\"NuG 10\/23\" class=\"wp-image-8911\" srcset=\"https:\/\/www.flora-pharm.de\/blog\/wp-content\/uploads\/2023\/10\/naturheilkunde-und-gesundheit-cover-10-2023-225x300.jpg 225w, https:\/\/www.flora-pharm.de\/blog\/wp-content\/uploads\/2023\/10\/naturheilkunde-und-gesundheit-cover-10-2023.jpg 450w\" sizes=\"auto, (max-width: 225px) 100vw, 225px\" \/><figcaption class=\"wp-element-caption\">Text mit freundlicher Genehmigung der S &#038; D Verlag GmbH. Das komplette \u201cNaturheilkunde &#038; Gesundheit\u201d Heft bekommen Sie auch bei uns in der Apotheke.<\/figcaption><\/figure>\n","protected":false},"excerpt":{"rendered":"<p>Herbstlaub: Sie leuchten in den sch\u00f6nsten Farben und rascheln so herrlich unter den F\u00fc\u00dfen \u2013 bunte Bl\u00e4tter. Und sie sind n\u00fctzlich!<\/p>\n","protected":false},"author":1,"featured_media":8914,"comment_status":"open","ping_status":"open","sticky":false,"template":"","format":"standard","meta":{"jetpack_post_was_ever_published":false,"_jetpack_newsletter_access":"","_jetpack_dont_email_post_to_subs":false,"_jetpack_newsletter_tier_id":0,"_jetpack_memberships_contains_paywalled_content":false,"_jetpack_memberships_contains_paid_content":false,"footnotes":""},"categories":[8],"tags":[4,422],"class_list":["post-8932","post","type-post","status-publish","format-standard","has-post-thumbnail","hentry","category-wissenswert","tag-herbst","tag-naturheilkunde-und-gesundheit","has-post-title","has-post-date","has-post-category","has-post-tag","has-post-comment","has-post-author",""],"jetpack_featured_media_url":"https:\/\/www.flora-pharm.de\/blog\/wp-content\/uploads\/2023\/10\/herbstlaub.jpg","jetpack-related-posts":[{"id":49,"url":"https:\/\/www.flora-pharm.de\/blog\/laternenspaziergang-mit-spielmannszug-im-grossen-garten\/","url_meta":{"origin":8932,"position":0},"title":"Laternenspaziergang mit Spielmannszug im Gro\u00dfen Garten","author":"Flora Team","date":"21. Oktober 2013","format":false,"excerpt":"Ein herbstlicher Tipp von uns: Laternenspaziergang mit Spielmannszug Ein herbstlicher Laternenumzug findet am 27. Oktober 2013 von 17 bis 19 Uhr im Gro\u00dfen Garten statt. Zum Herbst mit seinem goldenen Licht, farbenfrohen Bl\u00e4ttern und raschelndem Laub geh\u00f6ren auch stimmungsvolle Laternen. Ein gro\u00dfer Kinderumzug findet am 27. Oktober im illuminierten Gro\u00dfen\u2026","rel":"","context":"In &quot;Veranstaltungshinweis&quot;","block_context":{"text":"Veranstaltungshinweis","link":"https:\/\/www.flora-pharm.de\/blog\/category\/veranstaltungshinweis\/"},"img":{"alt_text":"","src":"https:\/\/i0.wp.com\/www.flora-pharm.de\/blog\/wp-content\/uploads\/2013\/10\/131027-laternenumzug-hhg.jpg?resize=350%2C200&ssl=1","width":350,"height":200,"srcset":"https:\/\/i0.wp.com\/www.flora-pharm.de\/blog\/wp-content\/uploads\/2013\/10\/131027-laternenumzug-hhg.jpg?resize=350%2C200&ssl=1 1x, https:\/\/i0.wp.com\/www.flora-pharm.de\/blog\/wp-content\/uploads\/2013\/10\/131027-laternenumzug-hhg.jpg?resize=525%2C300&ssl=1 1.5x, https:\/\/i0.wp.com\/www.flora-pharm.de\/blog\/wp-content\/uploads\/2013\/10\/131027-laternenumzug-hhg.jpg?resize=700%2C400&ssl=1 2x"},"classes":[]},{"id":8951,"url":"https:\/\/www.flora-pharm.de\/blog\/den-gelenken-zuliebe-raus-in-die-kaelte\/","url_meta":{"origin":8932,"position":1},"title":"Den Gelenken zuliebe \u2013 Raus in die K\u00e4lte","author":"Flora Team","date":"23. November 2023","format":false,"excerpt":"Mit dem Herbst beginnt f\u00fcr viele Menschen mit rheumatischen Erkrankungen eine unangenehme Zeit. Aber genau jetzt gilt es rauszugehen. Warum?","rel":"","context":"In &quot;Wissenswert&quot;","block_context":{"text":"Wissenswert","link":"https:\/\/www.flora-pharm.de\/blog\/category\/wissenswert\/"},"img":{"alt_text":"Raus in die K\u00e4lte f\u00fcr die Gelenke","src":"https:\/\/i0.wp.com\/www.flora-pharm.de\/blog\/wp-content\/uploads\/2023\/11\/gelenke-raus-in-die-kaelte.jpg?resize=350%2C200&ssl=1","width":350,"height":200,"srcset":"https:\/\/i0.wp.com\/www.flora-pharm.de\/blog\/wp-content\/uploads\/2023\/11\/gelenke-raus-in-die-kaelte.jpg?resize=350%2C200&ssl=1 1x, https:\/\/i0.wp.com\/www.flora-pharm.de\/blog\/wp-content\/uploads\/2023\/11\/gelenke-raus-in-die-kaelte.jpg?resize=525%2C300&ssl=1 1.5x, https:\/\/i0.wp.com\/www.flora-pharm.de\/blog\/wp-content\/uploads\/2023\/11\/gelenke-raus-in-die-kaelte.jpg?resize=700%2C400&ssl=1 2x, https:\/\/i0.wp.com\/www.flora-pharm.de\/blog\/wp-content\/uploads\/2023\/11\/gelenke-raus-in-die-kaelte.jpg?resize=1050%2C600&ssl=1 3x"},"classes":[]},{"id":8445,"url":"https:\/\/www.flora-pharm.de\/blog\/heilsamer-herbst\/","url_meta":{"origin":8932,"position":2},"title":"Heilsamer Herbst","author":"Flora Team","date":"10. Oktober 2022","format":false,"excerpt":"Herbst - Die dritte Jahreszeit steht in den Startl\u00f6chern und bringt ihre ganz eigenen Vorz\u00fcge und K\u00f6stlichkeiten mit. Kein Grund f\u00fcr Tr\u00fcbnis!","rel":"","context":"In &quot;Wissenswert&quot;","block_context":{"text":"Wissenswert","link":"https:\/\/www.flora-pharm.de\/blog\/category\/wissenswert\/"},"img":{"alt_text":"heilsamer herbst","src":"https:\/\/i0.wp.com\/www.flora-pharm.de\/blog\/wp-content\/uploads\/2022\/10\/heilsamer-herbst.jpg?resize=350%2C200&ssl=1","width":350,"height":200,"srcset":"https:\/\/i0.wp.com\/www.flora-pharm.de\/blog\/wp-content\/uploads\/2022\/10\/heilsamer-herbst.jpg?resize=350%2C200&ssl=1 1x, https:\/\/i0.wp.com\/www.flora-pharm.de\/blog\/wp-content\/uploads\/2022\/10\/heilsamer-herbst.jpg?resize=525%2C300&ssl=1 1.5x, https:\/\/i0.wp.com\/www.flora-pharm.de\/blog\/wp-content\/uploads\/2022\/10\/heilsamer-herbst.jpg?resize=700%2C400&ssl=1 2x, https:\/\/i0.wp.com\/www.flora-pharm.de\/blog\/wp-content\/uploads\/2022\/10\/heilsamer-herbst.jpg?resize=1050%2C600&ssl=1 3x"},"classes":[]},{"id":9468,"url":"https:\/\/www.flora-pharm.de\/blog\/baum-medizin-gesundes-gehoelz\/","url_meta":{"origin":8932,"position":3},"title":"Baum-Medizin \/ Gesundes Geh\u00f6lz","author":"Flora Team","date":"8. April 2025","format":false,"excerpt":"Zwei Stunden pro Woche unter B\u00e4umen und Sie sind gl\u00fccklicher, sagt die Forschung. Und f\u00fcr die Hausapotheke gibt es auch noch Tipps.","rel":"","context":"In &quot;Heilpflanzen \/ Arzneipflanzen&quot;","block_context":{"text":"Heilpflanzen \/ Arzneipflanzen","link":"https:\/\/www.flora-pharm.de\/blog\/category\/heilpflanzen-arzneipflanzen\/"},"img":{"alt_text":"Baum-Medizin, gesundes Geh\u00f6lz, Kraft aus dem Wald. Im Bild ist ein m\u00e4chtiger Baum zu sehen.","src":"https:\/\/i0.wp.com\/www.flora-pharm.de\/blog\/wp-content\/uploads\/2025\/02\/baum-medizin.jpg?resize=350%2C200&ssl=1","width":350,"height":200,"srcset":"https:\/\/i0.wp.com\/www.flora-pharm.de\/blog\/wp-content\/uploads\/2025\/02\/baum-medizin.jpg?resize=350%2C200&ssl=1 1x, https:\/\/i0.wp.com\/www.flora-pharm.de\/blog\/wp-content\/uploads\/2025\/02\/baum-medizin.jpg?resize=525%2C300&ssl=1 1.5x, https:\/\/i0.wp.com\/www.flora-pharm.de\/blog\/wp-content\/uploads\/2025\/02\/baum-medizin.jpg?resize=700%2C400&ssl=1 2x, https:\/\/i0.wp.com\/www.flora-pharm.de\/blog\/wp-content\/uploads\/2025\/02\/baum-medizin.jpg?resize=1050%2C600&ssl=1 3x"},"classes":[]},{"id":9325,"url":"https:\/\/www.flora-pharm.de\/blog\/hallo-herbst-2\/","url_meta":{"origin":8932,"position":4},"title":"Hallo Herbst","author":"Flora Team","date":"7. Oktober 2024","format":false,"excerpt":"Herbst, trotz k\u00fcrzerer Tage und k\u00fchlerer Temperaturen hat diese Jahreszeit jede Menge Gro\u00dfartiges zu bieten. Ein paar Anregungen gef\u00e4llig?","rel":"","context":"In &quot;Wissenswert&quot;","block_context":{"text":"Wissenswert","link":"https:\/\/www.flora-pharm.de\/blog\/category\/wissenswert\/"},"img":{"alt_text":"Der Herbst ist da","src":"https:\/\/i0.wp.com\/www.flora-pharm.de\/blog\/wp-content\/uploads\/2024\/10\/hallo-herbst.jpg?resize=350%2C200&ssl=1","width":350,"height":200,"srcset":"https:\/\/i0.wp.com\/www.flora-pharm.de\/blog\/wp-content\/uploads\/2024\/10\/hallo-herbst.jpg?resize=350%2C200&ssl=1 1x, https:\/\/i0.wp.com\/www.flora-pharm.de\/blog\/wp-content\/uploads\/2024\/10\/hallo-herbst.jpg?resize=525%2C300&ssl=1 1.5x, https:\/\/i0.wp.com\/www.flora-pharm.de\/blog\/wp-content\/uploads\/2024\/10\/hallo-herbst.jpg?resize=700%2C400&ssl=1 2x, https:\/\/i0.wp.com\/www.flora-pharm.de\/blog\/wp-content\/uploads\/2024\/10\/hallo-herbst.jpg?resize=1050%2C600&ssl=1 3x"},"classes":[]},{"id":11661,"url":"https:\/\/www.flora-pharm.de\/blog\/apfel-knackig-kerngesund\/","url_meta":{"origin":8932,"position":5},"title":"Apfel \u2013 Knackig + kerngesund","author":"Flora Team","date":"22. September 2025","format":false,"excerpt":"Der Apfel \u2013 Symbol f\u00fcr Liebe, Sinnlichkeit und nat\u00fcrliche Gesundheit. Noch dazu ist er einer unserer beliebtesten Vitalstofflieferanten.","rel":"","context":"In &quot;Wissenswert&quot;","block_context":{"text":"Wissenswert","link":"https:\/\/www.flora-pharm.de\/blog\/category\/wissenswert\/"},"img":{"alt_text":"Knackig und kerngesund - der Apfel. Knackige, rotbackige \u00c4pfel liegen neben Herbstlaub auf einem S\u00e4ckchen","src":"https:\/\/i0.wp.com\/www.flora-pharm.de\/blog\/wp-content\/uploads\/2025\/09\/apfel-knackig_und_kerngesund.jpg?resize=350%2C200&ssl=1","width":350,"height":200,"srcset":"https:\/\/i0.wp.com\/www.flora-pharm.de\/blog\/wp-content\/uploads\/2025\/09\/apfel-knackig_und_kerngesund.jpg?resize=350%2C200&ssl=1 1x, https:\/\/i0.wp.com\/www.flora-pharm.de\/blog\/wp-content\/uploads\/2025\/09\/apfel-knackig_und_kerngesund.jpg?resize=525%2C300&ssl=1 1.5x, https:\/\/i0.wp.com\/www.flora-pharm.de\/blog\/wp-content\/uploads\/2025\/09\/apfel-knackig_und_kerngesund.jpg?resize=700%2C400&ssl=1 2x, https:\/\/i0.wp.com\/www.flora-pharm.de\/blog\/wp-content\/uploads\/2025\/09\/apfel-knackig_und_kerngesund.jpg?resize=1050%2C600&ssl=1 3x"},"classes":[]}],"jetpack_sharing_enabled":true,"_links":{"self":[{"href":"https:\/\/www.flora-pharm.de\/blog\/wp-json\/wp\/v2\/posts\/8932","targetHints":{"allow":["GET"]}}],"collection":[{"href":"https:\/\/www.flora-pharm.de\/blog\/wp-json\/wp\/v2\/posts"}],"about":[{"href":"https:\/\/www.flora-pharm.de\/blog\/wp-json\/wp\/v2\/types\/post"}],"author":[{"embeddable":true,"href":"https:\/\/www.flora-pharm.de\/blog\/wp-json\/wp\/v2\/users\/1"}],"replies":[{"embeddable":true,"href":"https:\/\/www.flora-pharm.de\/blog\/wp-json\/wp\/v2\/comments?post=8932"}],"version-history":[{"count":1,"href":"https:\/\/www.flora-pharm.de\/blog\/wp-json\/wp\/v2\/posts\/8932\/revisions"}],"predecessor-version":[{"id":8933,"href":"https:\/\/www.flora-pharm.de\/blog\/wp-json\/wp\/v2\/posts\/8932\/revisions\/8933"}],"wp:featuredmedia":[{"embeddable":true,"href":"https:\/\/www.flora-pharm.de\/blog\/wp-json\/wp\/v2\/media\/8914"}],"wp:attachment":[{"href":"https:\/\/www.flora-pharm.de\/blog\/wp-json\/wp\/v2\/media?parent=8932"}],"wp:term":[{"taxonomy":"category","embeddable":true,"href":"https:\/\/www.flora-pharm.de\/blog\/wp-json\/wp\/v2\/categories?post=8932"},{"taxonomy":"post_tag","embeddable":true,"href":"https:\/\/www.flora-pharm.de\/blog\/wp-json\/wp\/v2\/tags?post=8932"}],"curies":[{"name":"wp","href":"https:\/\/api.w.org\/{rel}","templated":true}]}}