{"id":8953,"date":"2023-12-04T11:03:00","date_gmt":"2023-12-04T10:03:00","guid":{"rendered":"https:\/\/www.flora-pharm.de\/blog\/?p=8953"},"modified":"2023-12-04T11:03:04","modified_gmt":"2023-12-04T10:03:04","slug":"die-abwehr-achtsam-staerken","status":"publish","type":"post","link":"https:\/\/www.flora-pharm.de\/blog\/die-abwehr-achtsam-staerken\/","title":{"rendered":"Die Abwehr achtsam st\u00e4rken"},"content":{"rendered":"\n<p>In den nasskalten Monaten, die vor uns liegen, haben <a href=\"https:\/\/www.flora-pharm.de\/blog\/tag\/herbst\/\">Erk\u00e4ltungserreger Hochsaison<\/a>. Umso wichtiger, unser Immunsystem auf Vordermann zu bringen &#8211; und genau das tun wir jetzt auf wohltuendste Weise &#8230;<\/p>\n\n\n\n<div style=\"height:14px\" aria-hidden=\"true\" class=\"wp-block-spacer\"><\/div>\n\n\n\n<h2 class=\"wp-block-heading\">Tea for two<\/h2>\n\n\n\n<p>Der hei\u00dfe Sud schmeckt nicht nur gut und w\u00e4rmt an kalten Tagen herrlich durch, er erh\u00f6ht auch unsere Fl\u00fcssigkeitszufuhr, was die Schleimh\u00e4ute vor gef\u00e4hrlicher Trockenheit bewahrt. <a href=\"https:\/\/www.flora-pharm.de\/blog\/tee-kompositionen\/\">Arzneitees<\/a> aus der Apotheke, zum Beispiel mit Heilpflanzen wie Sonnenhut (Echinacea), Ingwer und Holunder, haben zudem antimikrobielle und das Immunsystem ankurbelnde Eigenschaften. Prost!<\/p>\n\n\n\n<div style=\"height:14px\" aria-hidden=\"true\" class=\"wp-block-spacer\"><\/div>\n\n\n\n<h2 class=\"wp-block-heading\">Kuss-Kick<\/h2>\n\n\n\n<p>Knutschen macht nicht nur gl\u00fccklich, sondern bringt auch unsere K\u00f6rperpolizei in Stellung. Denn bei den z\u00e4rtlichen Lippenbekenntnissen tauschen wir mit der oder mit dem Liebsten jede Menge Keime aus \u2013 so wird der Kuss zur angenehmen \u201eSchluck-Impfung\u201c.<\/p>\n\n\n\n<div style=\"height:14px\" aria-hidden=\"true\" class=\"wp-block-spacer\"><\/div>\n\n\n\n<h2 class=\"wp-block-heading\">Schlau Sch\u00fc\u00dflern<\/h2>\n\n\n\n<p>Die <a href=\"https:\/\/www.flora-pharm.de\/blog\/schuessler-salze-ein-ueberblick-und-einstieg\/\">Sch\u00fc\u00dfler-Salze<\/a> Nr. 3 (Ferrum phosphoricum), Nr. 6 (Kalium sulfuricum) und Nr. 7 (Magnesium phosphoricum) unterst\u00fctzen gemeinsam unser Immunsystem. Dazu jeweils zwei Tabletten einnehmen: morgens Nr. 3, mittags Nr. 6 und abends Nr. 7.<\/p>\n\n\n\n<div style=\"height:14px\" aria-hidden=\"true\" class=\"wp-block-spacer\"><\/div>\n\n\n\n<h2 class=\"wp-block-heading\">Sauna-St\u00e4rke<\/h2>\n\n\n\n<p>In der finnischen <a href=\"https:\/\/www.flora-pharm.de\/blog\/sauna-schwitzen-im-winter\/\">Schwitzbude<\/a> wird\u2019s um 90 Grad warm. Das ist so hei\u00df, dass darin unsere K\u00f6rperkerntemperatur steigt; Fachleute nennen dies Hyperthermie. Sie reduziert den Blutfluss zu den inneren Organen; daf\u00fcr steigt unsere Hautdurchblutung. Die Herzrate erh\u00f6ht sich, der Blutdruck sinkt, Entz\u00fcndungsmarker werden reduziert. Und: Das kurzzeitige k\u00fcnstliche Fieber macht auch Viren zu schaffen, denn die m\u00f6gen\u2019s gar nicht hei\u00df \u2013 sie werden zerst\u00f6rt, die Produktion von Immunabwehrstoffen wie Interferongamma hingegen wird stimuliert.<\/p>\n\n\n\n<div style=\"height:14px\" aria-hidden=\"true\" class=\"wp-block-spacer\"><\/div>\n\n\n\n<h2 class=\"wp-block-heading\">Das Salz in der Sch\u00fcssel<\/h2>\n\n\n\n<p>Mit regelm\u00e4\u00dfigen Sole-Inhalationen befeuchten wir unsere Atemwege; das kurbelt ihren Selbstreinigungsmechanismus an und reduziert so die Gefahr einer Ansteckung. Sole-Pr\u00e4parate gibt\u2019s in der Apotheke \u2013 und den Inhalator gleich dazu!<\/p>\n\n\n\n<div style=\"height:14px\" aria-hidden=\"true\" class=\"wp-block-spacer\"><\/div>\n\n\n\n<h2 class=\"wp-block-heading\">Prima Probiotika<\/h2>\n\n\n\n<p>Sie leben in unserem Darm und f\u00f6rdern nicht nur eine gesunde Mikrobiota, sondern unterst\u00fctzen auch unser Immunsystem. Denn die Bakterien und Hefepilze tragen dazu bei, die Barrierefunktion unseres Verdauungstrakts zu st\u00e4rken und Krankheitserreger in Schach zu halten. Nat\u00fcrlicherweise kommen die Mikroorganismen in milchsauren Produkten wie Joghurt und Kefir vor, sowie in Sauerkraut und Kimchi. In der Apotheke sind <a href=\"https:\/\/www.flora-pharm.de\/blog\/?s=probiotika\">Probiotika<\/a> beispielsweise als Kapseln oder in Tropfenform erh\u00e4ltlich.<\/p>\n\n\n\n<div style=\"height:14px\" aria-hidden=\"true\" class=\"wp-block-spacer\"><\/div>\n\n\n\n<h2 class=\"wp-block-heading\">Schlummer-Shot<\/h2>\n\n\n\n<p><a href=\"https:\/\/www.flora-pharm.de\/blog\/schlafen-sie-gut\/\">Schlaf<\/a> st\u00e4rkt unsere Abwehrkr\u00e4fte. Experten empfehlen rund sieben Stunden Nachtruhe. Bereits drei Stunden Schlafmangel k\u00f6nnen, so zeigte eine Studie, die Arbeit unserer Immunzellen hemmen \u2013 also g\u00f6nnen wir uns ausreichende Auszeiten in Morpheus\u2019 Armen!<\/p>\n\n\n\n<div style=\"height:14px\" aria-hidden=\"true\" class=\"wp-block-spacer\"><\/div>\n\n\n\n<h2 class=\"wp-block-heading\">Stress stoppen<\/h2>\n\n\n\n<p>Ja, es ist einfacher gesagt als getan, aber unserer Gesundheit zuliebe sollten wir \u00fcberfordernde Belastung m\u00f6glichst etwas reduzieren. Der Grund: <a href=\"https:\/\/www.flora-pharm.de\/blog\/tag\/stress\/\">Stress<\/a>hormone machen unseren K\u00f6rper angreifbar. Stehen wir st\u00e4ndig unter Strom, sinkt die Zahl der Immunzellen im Blut. Entspannungstechniken und beruhigende D\u00fcfte dagegen aktivieren die Antik\u00f6rper \u2013 wie w\u00e4r\u2019s etwa mit einer Yoga-Einheit zu \u00e4therischem Lavendel\u00f6l aus der Aromalampe?<\/p>\n\n\n\n<div style=\"height:75px\" aria-hidden=\"true\" class=\"wp-block-spacer\"><\/div>\n\n\n\n<p><strong><em>Erh\u00e4ltlich in Ihrer Apotheke: Sch\u00fc\u00dfler-Salze f\u00fcrs Immunsystem! Aber auch ein offenes Ohr und eine individuelle Beratung gibt es gern dazu.<\/em><\/strong><\/p>\n\n\n\n<div style=\"height:100px\" aria-hidden=\"true\" class=\"wp-block-spacer\"><\/div>\n\n\n\n<figure class=\"wp-block-image aligncenter size-medium\"><img loading=\"lazy\" decoding=\"async\" width=\"225\" height=\"300\" data-attachment-id=\"8943\" data-permalink=\"https:\/\/www.flora-pharm.de\/blog\/naturheilkunde-und-gesundheit-cover-11-2023\/\" data-orig-file=\"https:\/\/www.flora-pharm.de\/blog\/wp-content\/uploads\/2023\/11\/naturheilkunde-und-gesundheit-cover-11-2023.jpg\" data-orig-size=\"450,600\" data-comments-opened=\"1\" data-image-meta=\"{&quot;aperture&quot;:&quot;0&quot;,&quot;credit&quot;:&quot;&quot;,&quot;camera&quot;:&quot;&quot;,&quot;caption&quot;:&quot;&quot;,&quot;created_timestamp&quot;:&quot;0&quot;,&quot;copyright&quot;:&quot;&quot;,&quot;focal_length&quot;:&quot;0&quot;,&quot;iso&quot;:&quot;0&quot;,&quot;shutter_speed&quot;:&quot;0&quot;,&quot;title&quot;:&quot;&quot;,&quot;orientation&quot;:&quot;1&quot;}\" data-image-title=\"naturheilkunde-und-gesundheit-cover-11-2023\" data-image-description=\"\" data-image-caption=\"&lt;p&gt;Text mit freundlicher Genehmigung der S &amp;#038; D Verlag GmbH. Das komplette \u201cNaturheilkunde &amp;#038; Gesundheit\u201d Heft bekommen Sie auch bei uns in der Apotheke.&lt;\/p&gt;\n\" data-large-file=\"https:\/\/www.flora-pharm.de\/blog\/wp-content\/uploads\/2023\/11\/naturheilkunde-und-gesundheit-cover-11-2023.jpg\" src=\"https:\/\/www.flora-pharm.de\/blog\/wp-content\/uploads\/2023\/11\/naturheilkunde-und-gesundheit-cover-11-2023-225x300.jpg\" alt=\"N&amp;G Cover 11\/23\" class=\"wp-image-8943\" srcset=\"https:\/\/www.flora-pharm.de\/blog\/wp-content\/uploads\/2023\/11\/naturheilkunde-und-gesundheit-cover-11-2023-225x300.jpg 225w, https:\/\/www.flora-pharm.de\/blog\/wp-content\/uploads\/2023\/11\/naturheilkunde-und-gesundheit-cover-11-2023.jpg 450w\" sizes=\"auto, (max-width: 225px) 100vw, 225px\" \/><figcaption class=\"wp-element-caption\">Text mit freundlicher Genehmigung der S &#038; D Verlag GmbH. Das komplette \u201cNaturheilkunde &#038; Gesundheit\u201d Heft bekommen Sie auch bei uns in der Apotheke.\n<\/figcaption><\/figure>\n","protected":false},"excerpt":{"rendered":"<p>In den nasskalten Monaten, die vor uns liegen, haben Erk\u00e4ltungserreger Hochsaison. Wir bringen unser Immunsystem auf wohltuendste Weise auf Vordermann<\/p>\n","protected":false},"author":1,"featured_media":8945,"comment_status":"open","ping_status":"open","sticky":false,"template":"","format":"standard","meta":{"jetpack_post_was_ever_published":false,"_jetpack_newsletter_access":"","_jetpack_dont_email_post_to_subs":false,"_jetpack_newsletter_tier_id":0,"_jetpack_memberships_contains_paywalled_content":false,"_jetpack_memberships_contains_paid_content":false,"footnotes":""},"categories":[8],"tags":[5,4,422],"class_list":["post-8953","post","type-post","status-publish","format-standard","has-post-thumbnail","hentry","category-wissenswert","tag-erkaeltung","tag-herbst","tag-naturheilkunde-und-gesundheit","has-post-title","has-post-date","has-post-category","has-post-tag","has-post-comment","has-post-author",""],"jetpack_featured_media_url":"https:\/\/www.flora-pharm.de\/blog\/wp-content\/uploads\/2023\/11\/abwehr-achtsam-staerken.jpg","jetpack-related-posts":[{"id":7960,"url":"https:\/\/www.flora-pharm.de\/blog\/kurz-kur-fuer-die-abwehr\/","url_meta":{"origin":8953,"position":0},"title":"Kurz-Kur f\u00fcr die Abwehr","author":"Flora Team","date":"18. November 2021","format":false,"excerpt":"Erk\u00e4ltungserreger haben jetzt Hochsaison. Und Sie bestimmt keine Lust auf selbige? Aktivieren Sie Ihr Immunsystem mit einem Wellness Wochenende als Kurz-Kur","rel":"","context":"In &quot;Wissenswert&quot;","block_context":{"text":"Wissenswert","link":"https:\/\/www.flora-pharm.de\/blog\/category\/wissenswert\/"},"img":{"alt_text":"Wellness-Wochenende","src":"https:\/\/i0.wp.com\/www.flora-pharm.de\/blog\/wp-content\/uploads\/2021\/10\/kurz-kur-abwehr-wellness-wochenende.jpg?resize=350%2C200&ssl=1","width":350,"height":200,"srcset":"https:\/\/i0.wp.com\/www.flora-pharm.de\/blog\/wp-content\/uploads\/2021\/10\/kurz-kur-abwehr-wellness-wochenende.jpg?resize=350%2C200&ssl=1 1x, https:\/\/i0.wp.com\/www.flora-pharm.de\/blog\/wp-content\/uploads\/2021\/10\/kurz-kur-abwehr-wellness-wochenende.jpg?resize=525%2C300&ssl=1 1.5x, https:\/\/i0.wp.com\/www.flora-pharm.de\/blog\/wp-content\/uploads\/2021\/10\/kurz-kur-abwehr-wellness-wochenende.jpg?resize=700%2C400&ssl=1 2x"},"classes":[]},{"id":6712,"url":"https:\/\/www.flora-pharm.de\/blog\/sanftes-fuer-den-hals\/","url_meta":{"origin":8953,"position":1},"title":"Sanftes f\u00fcr den Hals","author":"Flora Team","date":"17. Februar 2020","format":false,"excerpt":"Bei Husten und Heiserkeit gibt es Heilsames aus der Natur. Den Winter haben wir fast geschafft \u2013 und jetzt das: Der Hals kratzt, die Stimme wird rau und der Husten wird wohl nicht mehr lange auf sich warten lassen. Im Februar ist die Erk\u00e4ltungszeit eben doch noch nicht vorbei. Um\u2026","rel":"","context":"In &quot;Wissenswert&quot;","block_context":{"text":"Wissenswert","link":"https:\/\/www.flora-pharm.de\/blog\/category\/wissenswert\/"},"img":{"alt_text":"Sanftes f\u00fcr den Hals","src":"https:\/\/i0.wp.com\/www.flora-pharm.de\/blog\/wp-content\/uploads\/2020\/01\/sanftes-fuer-den-hals.jpg?resize=350%2C200&ssl=1","width":350,"height":200,"srcset":"https:\/\/i0.wp.com\/www.flora-pharm.de\/blog\/wp-content\/uploads\/2020\/01\/sanftes-fuer-den-hals.jpg?resize=350%2C200&ssl=1 1x, https:\/\/i0.wp.com\/www.flora-pharm.de\/blog\/wp-content\/uploads\/2020\/01\/sanftes-fuer-den-hals.jpg?resize=525%2C300&ssl=1 1.5x, https:\/\/i0.wp.com\/www.flora-pharm.de\/blog\/wp-content\/uploads\/2020\/01\/sanftes-fuer-den-hals.jpg?resize=700%2C400&ssl=1 2x"},"classes":[]},{"id":8973,"url":"https:\/\/www.flora-pharm.de\/blog\/ab-in-die-sauna\/","url_meta":{"origin":8953,"position":2},"title":"Ab in die Sauna","author":"Flora Team","date":"8. Januar 2024","format":false,"excerpt":"Saunieren macht fit f\u00fcr kalte Wintertage. Abwehrkr\u00e4fte und auch Herz, Kreislauf sowie Haut profitieren. Und herrlich entspannend sind Saunabesuche sowieso.","rel":"","context":"In &quot;Wissenswert&quot;","block_context":{"text":"Wissenswert","link":"https:\/\/www.flora-pharm.de\/blog\/category\/wissenswert\/"},"img":{"alt_text":"ab in die sauna","src":"https:\/\/i0.wp.com\/www.flora-pharm.de\/blog\/wp-content\/uploads\/2023\/11\/ab-in-die-sauna.jpg?resize=350%2C200&ssl=1","width":350,"height":200,"srcset":"https:\/\/i0.wp.com\/www.flora-pharm.de\/blog\/wp-content\/uploads\/2023\/11\/ab-in-die-sauna.jpg?resize=350%2C200&ssl=1 1x, https:\/\/i0.wp.com\/www.flora-pharm.de\/blog\/wp-content\/uploads\/2023\/11\/ab-in-die-sauna.jpg?resize=525%2C300&ssl=1 1.5x, https:\/\/i0.wp.com\/www.flora-pharm.de\/blog\/wp-content\/uploads\/2023\/11\/ab-in-die-sauna.jpg?resize=700%2C400&ssl=1 2x, https:\/\/i0.wp.com\/www.flora-pharm.de\/blog\/wp-content\/uploads\/2023\/11\/ab-in-die-sauna.jpg?resize=1050%2C600&ssl=1 3x"},"classes":[]},{"id":6490,"url":"https:\/\/www.flora-pharm.de\/blog\/hallo-herbst\/","url_meta":{"origin":8953,"position":3},"title":"Hallo, Herbst!","author":"Flora Team","date":"11. Oktober 2019","format":false,"excerpt":"Der Sommer ist vorbei, das Schmuddelwetter naht. Zeit, f\u00fcr eine starke Abwehr, ein starkes Immunsystem zu sorgen.By the way: Am 12. Oktober ist Tag der Naturheilkunde! Jetzt werden die Tage immer k\u00fcrzer und allm\u00e4hlich auch k\u00e4lter. Das schl\u00e4gt vielen auf das Gem\u00fct und ist eine Herausforderung f\u00fcr unsere Gesundheit. Ein\u2026","rel":"","context":"In &quot;Wissenswert&quot;","block_context":{"text":"Wissenswert","link":"https:\/\/www.flora-pharm.de\/blog\/category\/wissenswert\/"},"img":{"alt_text":"Hallo Herbst","src":"https:\/\/i0.wp.com\/www.flora-pharm.de\/blog\/wp-content\/uploads\/2019\/10\/hallo-herbst.jpg?resize=350%2C200&ssl=1","width":350,"height":200,"srcset":"https:\/\/i0.wp.com\/www.flora-pharm.de\/blog\/wp-content\/uploads\/2019\/10\/hallo-herbst.jpg?resize=350%2C200&ssl=1 1x, https:\/\/i0.wp.com\/www.flora-pharm.de\/blog\/wp-content\/uploads\/2019\/10\/hallo-herbst.jpg?resize=525%2C300&ssl=1 1.5x, https:\/\/i0.wp.com\/www.flora-pharm.de\/blog\/wp-content\/uploads\/2019\/10\/hallo-herbst.jpg?resize=700%2C400&ssl=1 2x"},"classes":[]},{"id":15,"url":"https:\/\/www.flora-pharm.de\/blog\/herbst-und-halloweenzeit-ist-zeit-erkaeltungsgeister\/","url_meta":{"origin":8953,"position":4},"title":"HERBST- UND HALLOWEENZEIT IST DIE ZEIT DER ERK\u00c4LTUNGSGEISTER","author":"Flora Team","date":"7. Oktober 2013","format":false,"excerpt":"Unangenehmen Erk\u00e4ltungen entgehen Sie am besten durch eine gr\u00fcndliche Vorbeugung. Dabei ist es gar nicht n\u00f6tig, seine Gewohnheiten grundlegend zu \u00e4ndern. Es ist aber wichtig, ein paar Dinge zu wissen und konsequent umzusetzen. Ein intaktes Immunsystem schafft es in der Regel, Erk\u00e4ltungsviren und Bakterien in Schach zu halten. Bei permanentem\u2026","rel":"","context":"In &quot;Aktion&quot;","block_context":{"text":"Aktion","link":"https:\/\/www.flora-pharm.de\/blog\/category\/aktion\/"},"img":{"alt_text":"","src":"https:\/\/i0.wp.com\/www.flora-pharm.de\/blog\/wp-content\/uploads\/2013\/10\/halloween-raetsel-ab-morgen.jpg?resize=350%2C200&ssl=1","width":350,"height":200,"srcset":"https:\/\/i0.wp.com\/www.flora-pharm.de\/blog\/wp-content\/uploads\/2013\/10\/halloween-raetsel-ab-morgen.jpg?resize=350%2C200&ssl=1 1x, https:\/\/i0.wp.com\/www.flora-pharm.de\/blog\/wp-content\/uploads\/2013\/10\/halloween-raetsel-ab-morgen.jpg?resize=525%2C300&ssl=1 1.5x"},"classes":[]},{"id":5439,"url":"https:\/\/www.flora-pharm.de\/blog\/saunazeit-no-gos-und-die-5-haeufigsten-fehler\/","url_meta":{"origin":8953,"position":5},"title":"Saunazeit &#8211; No-Gos und die 5 h\u00e4ufigsten Fehler","author":"Flora Team","date":"16. November 2018","format":false,"excerpt":"Ein Gang in die Sauna st\u00e4rkt das Immunsystem und ist auch sonst sehr gesund. Im saunaerprobten Finnland gilt sogar der Satz: \u00bbWer zur Sauna gehen kann, darf auch in die Sauna gehen.\u00ab Ganz so einfach ist es aber doch nicht. Es gibt auch No-Gos sowie typische Fehler. \u00a0 Ein Artikel\u2026","rel":"","context":"In &quot;Wissenswert&quot;","block_context":{"text":"Wissenswert","link":"https:\/\/www.flora-pharm.de\/blog\/category\/wissenswert\/"},"img":{"alt_text":"Saunazeit - No-Gos und Fehler","src":"https:\/\/i0.wp.com\/www.flora-pharm.de\/blog\/wp-content\/uploads\/2018\/11\/saunafehler.jpg?resize=350%2C200&ssl=1","width":350,"height":200,"srcset":"https:\/\/i0.wp.com\/www.flora-pharm.de\/blog\/wp-content\/uploads\/2018\/11\/saunafehler.jpg?resize=350%2C200&ssl=1 1x, https:\/\/i0.wp.com\/www.flora-pharm.de\/blog\/wp-content\/uploads\/2018\/11\/saunafehler.jpg?resize=525%2C300&ssl=1 1.5x, https:\/\/i0.wp.com\/www.flora-pharm.de\/blog\/wp-content\/uploads\/2018\/11\/saunafehler.jpg?resize=700%2C400&ssl=1 2x"},"classes":[]}],"jetpack_sharing_enabled":true,"_links":{"self":[{"href":"https:\/\/www.flora-pharm.de\/blog\/wp-json\/wp\/v2\/posts\/8953","targetHints":{"allow":["GET"]}}],"collection":[{"href":"https:\/\/www.flora-pharm.de\/blog\/wp-json\/wp\/v2\/posts"}],"about":[{"href":"https:\/\/www.flora-pharm.de\/blog\/wp-json\/wp\/v2\/types\/post"}],"author":[{"embeddable":true,"href":"https:\/\/www.flora-pharm.de\/blog\/wp-json\/wp\/v2\/users\/1"}],"replies":[{"embeddable":true,"href":"https:\/\/www.flora-pharm.de\/blog\/wp-json\/wp\/v2\/comments?post=8953"}],"version-history":[{"count":1,"href":"https:\/\/www.flora-pharm.de\/blog\/wp-json\/wp\/v2\/posts\/8953\/revisions"}],"predecessor-version":[{"id":8954,"href":"https:\/\/www.flora-pharm.de\/blog\/wp-json\/wp\/v2\/posts\/8953\/revisions\/8954"}],"wp:featuredmedia":[{"embeddable":true,"href":"https:\/\/www.flora-pharm.de\/blog\/wp-json\/wp\/v2\/media\/8945"}],"wp:attachment":[{"href":"https:\/\/www.flora-pharm.de\/blog\/wp-json\/wp\/v2\/media?parent=8953"}],"wp:term":[{"taxonomy":"category","embeddable":true,"href":"https:\/\/www.flora-pharm.de\/blog\/wp-json\/wp\/v2\/categories?post=8953"},{"taxonomy":"post_tag","embeddable":true,"href":"https:\/\/www.flora-pharm.de\/blog\/wp-json\/wp\/v2\/tags?post=8953"}],"curies":[{"name":"wp","href":"https:\/\/api.w.org\/{rel}","templated":true}]}}