{"id":9046,"date":"2024-02-15T09:50:33","date_gmt":"2024-02-15T08:50:33","guid":{"rendered":"https:\/\/www.flora-pharm.de\/blog\/?p=9046"},"modified":"2024-02-15T09:50:36","modified_gmt":"2024-02-15T08:50:36","slug":"microgreens-kleines-gruen-ganz-gross","status":"publish","type":"post","link":"https:\/\/www.flora-pharm.de\/blog\/microgreens-kleines-gruen-ganz-gross\/","title":{"rendered":"Microgreens &#8211; Kleines Gr\u00fcn ganz gro\u00df"},"content":{"rendered":"\n<p>Junge Keimlinge verbreiten in der K\u00fcche erste Fr\u00fchlingsgef\u00fchle. Obendrein stecken sie voller Energie und schmecken herrlich frisch. Das Beste: F\u00fcr die eigene Ernte ist nicht mal ein gr\u00fcner Daumen n\u00f6tig.<\/p>\n\n\n\n<p>Der Klassiker ist die Brunnenkresse auf dem Quarkbrot. Essbare Sprossen \u2013 oder Microgreens, wie die Keimlinge im modernen Kochjargon hei\u00dfen \u2013 bieten aber noch viel mehr. Entdecken Sie die gro\u00dfe Welt der kleinen Gr\u00fcnen!<\/p>\n\n\n\n<h2 class=\"wp-block-heading\">Kraftpakete im Miniformat<\/h2>\n\n\n\n<p>Was da so zart aus der Erde sprie\u00dft, sind die Keimlinge verschiedener Gem\u00fcse-, Kr\u00e4uter- und Getreidepflanzen. Aus Saatgut entwickeln sich mithilfe von Licht und Wasser die kleinen Triebe. In frischem Gr\u00fcn oder h\u00fcbschem Violett und mit zwei zarten Bl\u00e4ttchen kommt das Baby-Food auf die Welt. Weil jedes Pfl\u00e4nzchen gro\u00df und stark werden will, steckt in jedem von ihnen ein geballter Vorrat aus Vitaminen, Mineralstoffen und Proteinen. Wer Microgreens nach ein bis drei Wochen erntet, gewinnt also ein echtes Superfood.<\/p>\n\n\n\n<h2 class=\"wp-block-heading\">Hier ist immer Saison<\/h2>\n\n\n\n<p>Das Mini-Kraftfutter l\u00e4sst sich leicht selbst z\u00fcchten und eignet sich auch f\u00fcr untalentierte oder faule G\u00e4rtner. Ohne intensive Pflege und \u00e4u\u00dferst platzsparend w\u00e4chst es von allein. Kennen Sie noch die kleinen Kressenester aus kindlichen Ostertagen? Diese Sprossen brauchen nicht einmal Erde zum Keimen, sie wachsen einfach in wenigen Tagen auf feuchtem K\u00fcchenpapier. Andere Microgreens wie Radieschen, Salat und Koriander brauchen dagegen eine d\u00fcnne Schicht Anzuchterde. Flache Schalen oder Pflanzenuntersetzer reichen aus, Profis besorgen sich Sprossengl\u00e4ser oder spezielle stapelbare Anzuchtboxen.<\/p>\n\n\n\n<p>Das Saatgut wird \u2013 anders als im Gem\u00fcsebeet drau\u00dfen \u2013 sehr eng ausges\u00e4t. Weil alles so klein und empfindlich ist, kommt eine Spr\u00fchflasche als Regenmacher besser als die Flut aus der Gie\u00dfkanne. Je nach Anweisung auf der Sament\u00fcte brauchen die schlummernden Kraftpakete entweder volle Sonne oder eine Kopfbedeckung aus etwas Erde. Folie \u00fcber dem Ganzen kann das Wachstum beschleunigen, dann muss aber t\u00e4glich gel\u00fcftet werden. Nun braucht es nur regelm\u00e4\u00dfig etwas Spr\u00fchnebel aus Leitungswasser \u2013 und Geduld.<\/p>\n\n\n\n<p>F\u00fcr etwas gr\u00f6\u00dfere Pflanz-Projekte wie den \u201e<a href=\"https:\/\/www.flora-pharm.de\/blog\/naschbalkon\/\">Naschbalkon<\/a>\u201c finden Sie hier im Blog auch <a href=\"https:\/\/www.flora-pharm.de\/blog\/tag\/gartenarbeit\/\">weiterf\u00fchrende Artikel<\/a>.<\/p>\n\n\n\n<h2 class=\"wp-block-heading\">Was w\u00e4chst denn da?<\/h2>\n\n\n\n<p>Am besten f\u00fcr den Eigenanbau ist unbehandeltes Saatgut in Bioqualit\u00e4t. Hier eignen sich H\u00fclsenfr\u00fcchte, beispielsweise Mungobohnen, Kichererbsen oder Linsen, aber auch Weizengras und Zwiebeln. Je gr\u00f6\u00dfer und h\u00e4rter die Samen sind, desto eher empfiehlt sich eine etwa zw\u00f6lfst\u00fcndige Einweichzeit in Leitungswasser vor dem Einpflanzen. Dann kann sogar aus Sonnenblumenkernen frisches Gr\u00fcn werden.<\/p>\n\n\n\n<h2 class=\"wp-block-heading\">Hier sind sie on top<\/h2>\n\n\n\n<p>Als frisch-w\u00fcrziges Topping, zum Beispiel f\u00fcr Salat oder Suppe, liefern die Sprossen das gewisse Extra. Denn sie sind auch optisch eine Kostbarkeit. In buntem Gem\u00fcse kurz vor dem Verzehr untergemischt, sind sie ebenfalls ein Highlight f\u00fcr Augen und Gaumen. Auf dem Brot, im Burger oder Wrap zaubern sie \u00fcberraschenden Biss. Besonderer Tipp: Wer Smoothies mag, wird Microgreens als Zutat lieben!<\/p>\n\n\n\n<h2 class=\"wp-block-heading\">Lieber nicht<\/h2>\n\n\n\n<p>Achtung: Keimlinge von Nachtschattengew\u00e4chsen, also junge Tomaten-, Gurken-, Auberginen- oder Kartoffelpflanzen, sind leicht giftig und nicht essbar! Zur\u00fcckhalten sollten sich laut Verbraucherzentrale auch kleine Kinder, Senioren, Schwangere und Personen mit geschw\u00e4chter Immunabwehr. Sie k\u00f6nnen zwar Sprossen vor dem Verzehr erhitzen, aber dabei geht leider viel Wertvolles verloren. Dass die rohen Pfl\u00e4nzchen vor dem Genuss grunds\u00e4tzlich gr\u00fcndlich gewaschen werden, versteht sich von selbst.<\/p>\n\n\n\n<h2 class=\"wp-block-heading\">Besonders schnell erntereif sind diese Samen:<\/h2>\n\n\n\n<p>Amaranth, Basilikum, Blumenkohl, Bohnen, Brokkoli, Buchweizen, Dill, Erbsen, Fenchel, Kerbel, Koriander, Kresse, Minze, Pak Choi, Rotkohl, Radieschen, Rucola, Schnittsalat, Senf.<\/p>\n\n\n\n<div style=\"height:50px\" aria-hidden=\"true\" class=\"wp-block-spacer\"><\/div>\n\n\n\n<p><strong><em>Bei Fragen helfen wir Ihnen nat\u00fcrlich gern weiter und beraten Sie.<\/em><\/strong><\/p>\n\n\n\n<div style=\"height:100px\" aria-hidden=\"true\" class=\"wp-block-spacer\"><\/div>\n\n\n\n<figure class=\"wp-block-image aligncenter size-medium\"><img loading=\"lazy\" decoding=\"async\" width=\"225\" height=\"300\" data-attachment-id=\"9036\" data-permalink=\"https:\/\/www.flora-pharm.de\/blog\/naturheilkunde-und-gesundheit-cover-02-2024\/\" data-orig-file=\"https:\/\/www.flora-pharm.de\/blog\/wp-content\/uploads\/2024\/02\/naturheilkunde-und-gesundheit-cover-02-2024.jpg\" data-orig-size=\"450,600\" data-comments-opened=\"1\" data-image-meta=\"{&quot;aperture&quot;:&quot;0&quot;,&quot;credit&quot;:&quot;&quot;,&quot;camera&quot;:&quot;&quot;,&quot;caption&quot;:&quot;&quot;,&quot;created_timestamp&quot;:&quot;0&quot;,&quot;copyright&quot;:&quot;&quot;,&quot;focal_length&quot;:&quot;0&quot;,&quot;iso&quot;:&quot;0&quot;,&quot;shutter_speed&quot;:&quot;0&quot;,&quot;title&quot;:&quot;&quot;,&quot;orientation&quot;:&quot;1&quot;}\" data-image-title=\"naturheilkunde-und-gesundheit-cover-02-2024\" data-image-description=\"\" data-image-caption=\"&lt;p&gt;Text mit freundlicher Genehmigung der S &amp;#038; D Verlag GmbH. Das komplette \u201cNaturheilkunde &amp;#038; Gesundheit\u201d Heft bekommen Sie auch bei uns in der Apotheke.&lt;\/p&gt;\n\" data-large-file=\"https:\/\/www.flora-pharm.de\/blog\/wp-content\/uploads\/2024\/02\/naturheilkunde-und-gesundheit-cover-02-2024.jpg\" src=\"https:\/\/www.flora-pharm.de\/blog\/wp-content\/uploads\/2024\/02\/naturheilkunde-und-gesundheit-cover-02-2024-225x300.jpg\" alt=\"naturheilkunde-und-gesundheit-cover-02-2024\" class=\"wp-image-9036\" srcset=\"https:\/\/www.flora-pharm.de\/blog\/wp-content\/uploads\/2024\/02\/naturheilkunde-und-gesundheit-cover-02-2024-225x300.jpg 225w, https:\/\/www.flora-pharm.de\/blog\/wp-content\/uploads\/2024\/02\/naturheilkunde-und-gesundheit-cover-02-2024.jpg 450w\" sizes=\"auto, (max-width: 225px) 100vw, 225px\" \/><figcaption class=\"wp-element-caption\">Text mit freundlicher Genehmigung der S &#038; D Verlag GmbH. Das komplette \u201cNaturheilkunde &#038; Gesundheit\u201d Heft bekommen Sie auch bei uns in der Apotheke.<\/figcaption><\/figure>\n","protected":false},"excerpt":{"rendered":"<p>Microgreens, also junge Keimlinge, verbreiten in der K\u00fcche erste Fr\u00fchlingsgef\u00fchle, stecken voller Energie und schmecken herrlich frisch<\/p>\n","protected":false},"author":1,"featured_media":9040,"comment_status":"open","ping_status":"open","sticky":false,"template":"","format":"standard","meta":{"jetpack_post_was_ever_published":false,"_jetpack_newsletter_access":"","_jetpack_dont_email_post_to_subs":false,"_jetpack_newsletter_tier_id":0,"_jetpack_memberships_contains_paywalled_content":false,"_jetpack_memberships_contains_paid_content":false,"footnotes":""},"categories":[405,8],"tags":[663,422,149],"class_list":["post-9046","post","type-post","status-publish","format-standard","has-post-thumbnail","hentry","category-kraeuter-gewuerze","category-wissenswert","tag-gartenarbeit","tag-naturheilkunde-und-gesundheit","tag-pflanzenwirkstoffe","has-post-title","has-post-date","has-post-category","has-post-tag","has-post-comment","has-post-author",""],"jetpack_featured_media_url":"https:\/\/www.flora-pharm.de\/blog\/wp-content\/uploads\/2024\/02\/microgreens-sprossen.jpg","jetpack-related-posts":[{"id":11964,"url":"https:\/\/www.flora-pharm.de\/blog\/superfood-sprossen\/","url_meta":{"origin":9046,"position":0},"title":"Superfood Sprossen","author":"Flora Team","date":"17. M\u00e4rz 2026","format":false,"excerpt":"Kleine Kraftpakete von der Fensterbank. Ziehen Sie sich Ihr gesundes, junges Gem\u00fcse doch einfach selbst \u2013 so geht\u2019s\u2026","rel":"","context":"In &quot;Wissenswert&quot;","block_context":{"text":"Wissenswert","link":"https:\/\/www.flora-pharm.de\/blog\/category\/wissenswert\/"},"img":{"alt_text":"Sprossen sind ein Superfood. Im Bild zu sehen sind Radieschensprossen","src":"https:\/\/i0.wp.com\/www.flora-pharm.de\/blog\/wp-content\/uploads\/2025\/12\/sprossen-superfood.jpg?resize=350%2C200&ssl=1","width":350,"height":200,"srcset":"https:\/\/i0.wp.com\/www.flora-pharm.de\/blog\/wp-content\/uploads\/2025\/12\/sprossen-superfood.jpg?resize=350%2C200&ssl=1 1x, https:\/\/i0.wp.com\/www.flora-pharm.de\/blog\/wp-content\/uploads\/2025\/12\/sprossen-superfood.jpg?resize=525%2C300&ssl=1 1.5x, https:\/\/i0.wp.com\/www.flora-pharm.de\/blog\/wp-content\/uploads\/2025\/12\/sprossen-superfood.jpg?resize=700%2C400&ssl=1 2x, https:\/\/i0.wp.com\/www.flora-pharm.de\/blog\/wp-content\/uploads\/2025\/12\/sprossen-superfood.jpg?resize=1050%2C600&ssl=1 3x"},"classes":[]},{"id":9495,"url":"https:\/\/www.flora-pharm.de\/blog\/alles-im-gruenen-bereich\/","url_meta":{"origin":9046,"position":1},"title":"Alles im gr\u00fcnen Bereich","author":"Flora Team","date":"24. April 2025","format":false,"excerpt":"Die Farbe GR\u00dcN steht f\u00fcr Natur, Harmonie, Hoffnung und f\u00fcr Fr\u00fchling. Allerhand Gutes verbinden wir mit dieser Farbe. Wir haben mal gesammelt\u2026","rel":"","context":"In &quot;Wissenswert&quot;","block_context":{"text":"Wissenswert","link":"https:\/\/www.flora-pharm.de\/blog\/category\/wissenswert\/"},"img":{"alt_text":"Gr\u00fcn - Alles im gr\u00fcnen Bereich. Im Bild eine gr\u00fc\u00dfe Pflanze, die in eine gr\u00fcne Wiese retuschiert wurde","src":"https:\/\/i0.wp.com\/www.flora-pharm.de\/blog\/wp-content\/uploads\/2025\/03\/Alles-im-gruenen-Bereich.jpg?resize=350%2C200&ssl=1","width":350,"height":200,"srcset":"https:\/\/i0.wp.com\/www.flora-pharm.de\/blog\/wp-content\/uploads\/2025\/03\/Alles-im-gruenen-Bereich.jpg?resize=350%2C200&ssl=1 1x, https:\/\/i0.wp.com\/www.flora-pharm.de\/blog\/wp-content\/uploads\/2025\/03\/Alles-im-gruenen-Bereich.jpg?resize=525%2C300&ssl=1 1.5x, https:\/\/i0.wp.com\/www.flora-pharm.de\/blog\/wp-content\/uploads\/2025\/03\/Alles-im-gruenen-Bereich.jpg?resize=700%2C400&ssl=1 2x, https:\/\/i0.wp.com\/www.flora-pharm.de\/blog\/wp-content\/uploads\/2025\/03\/Alles-im-gruenen-Bereich.jpg?resize=1050%2C600&ssl=1 3x"},"classes":[]},{"id":8769,"url":"https:\/\/www.flora-pharm.de\/blog\/hier-bluehen-sie-auf\/","url_meta":{"origin":9046,"position":2},"title":"Hier bl\u00fchen Sie auf","author":"Flora Team","date":"5. Mai 2023","format":false,"excerpt":"Graben, buddeln, s\u00e4en. Gartenarbeit erdet, macht gl\u00fccklich und gesund. Daf\u00fcr gibt es sogar gute, gr\u00fcne Gr\u00fcnde.","rel":"","context":"In &quot;Wissenswert&quot;","block_context":{"text":"Wissenswert","link":"https:\/\/www.flora-pharm.de\/blog\/category\/wissenswert\/"},"img":{"alt_text":"","src":"https:\/\/i0.wp.com\/www.flora-pharm.de\/blog\/wp-content\/uploads\/2023\/04\/gartenarbeit-aufbluehen.jpg?resize=350%2C200&ssl=1","width":350,"height":200,"srcset":"https:\/\/i0.wp.com\/www.flora-pharm.de\/blog\/wp-content\/uploads\/2023\/04\/gartenarbeit-aufbluehen.jpg?resize=350%2C200&ssl=1 1x, https:\/\/i0.wp.com\/www.flora-pharm.de\/blog\/wp-content\/uploads\/2023\/04\/gartenarbeit-aufbluehen.jpg?resize=525%2C300&ssl=1 1.5x, https:\/\/i0.wp.com\/www.flora-pharm.de\/blog\/wp-content\/uploads\/2023\/04\/gartenarbeit-aufbluehen.jpg?resize=700%2C400&ssl=1 2x, https:\/\/i0.wp.com\/www.flora-pharm.de\/blog\/wp-content\/uploads\/2023\/04\/gartenarbeit-aufbluehen.jpg?resize=1050%2C600&ssl=1 3x"},"classes":[]},{"id":3308,"url":"https:\/\/www.flora-pharm.de\/blog\/esst-mehr-salat\/","url_meta":{"origin":9046,"position":3},"title":"Esst mehr Salat","author":"Flora Team","date":"30. Juni 2016","format":false,"excerpt":"Zehn Tipps f\u00fcr k\u00f6stliche Salate Alle Salatzutaten sollten Sie erst putzen und waschen, wenn sie auch gleich gemischt werden. Das schont die Vitamine und hindert sch\u00e4dliche Keime am Sprie\u00dfen. Salatzutaten m\u00fcssen trocken sein, sonst wird das Dressing w\u00e4ssrig. Deshalb Gem\u00fcse f\u00fcr Rohkost nach dem Waschen abtrocknen, Blattsalat in der Salatschleuder\u2026","rel":"","context":"In &quot;Rezept&quot;","block_context":{"text":"Rezept","link":"https:\/\/www.flora-pharm.de\/blog\/category\/rezept\/"},"img":{"alt_text":"","src":"https:\/\/i0.wp.com\/www.flora-pharm.de\/blog\/wp-content\/uploads\/2016\/06\/esst%20mehr%20salat.jpg?resize=350%2C200&ssl=1","width":350,"height":200,"srcset":"https:\/\/i0.wp.com\/www.flora-pharm.de\/blog\/wp-content\/uploads\/2016\/06\/esst%20mehr%20salat.jpg?resize=350%2C200&ssl=1 1x, https:\/\/i0.wp.com\/www.flora-pharm.de\/blog\/wp-content\/uploads\/2016\/06\/esst%20mehr%20salat.jpg?resize=525%2C300&ssl=1 1.5x, https:\/\/i0.wp.com\/www.flora-pharm.de\/blog\/wp-content\/uploads\/2016\/06\/esst%20mehr%20salat.jpg?resize=700%2C400&ssl=1 2x"},"classes":[]},{"id":2541,"url":"https:\/\/www.flora-pharm.de\/blog\/ernaehrung-diaet-bei-nierensteinen-und-gallensteinen\/","url_meta":{"origin":9046,"position":4},"title":"Ern\u00e4hrung \/ Di\u00e4t bei Nierensteinen und Gallensteinen","author":"Flora Team","date":"7. Januar 2015","format":false,"excerpt":"Nach unserem Artikel zum einj\u00e4hrigen Bestehen unseres Blogs wurden wir mehrfach auf das Thema Ern\u00e4hrung bei Nieren- und Gallensteine angesprochen. Diesem Wunsch kommen wir nat\u00fcrlich gern nach. Nieren- und Gallensteine sind eine unter Umst\u00e4nden extrem schmerzhafte Erfahrung und wir w\u00fcnschen jedem, davon verschont zu bleiben. Neben den Schmerzen durch den\u2026","rel":"","context":"In &quot;Eigenrezepturen&quot;","block_context":{"text":"Eigenrezepturen","link":"https:\/\/www.flora-pharm.de\/blog\/category\/eigenrezepturen\/"},"img":{"alt_text":"","src":"https:\/\/i0.wp.com\/www.flora-pharm.de\/blog\/wp-content\/uploads\/2015\/01\/nierensteine-gallensteine-choliton-lithosol.jpg?resize=350%2C200&ssl=1","width":350,"height":200,"srcset":"https:\/\/i0.wp.com\/www.flora-pharm.de\/blog\/wp-content\/uploads\/2015\/01\/nierensteine-gallensteine-choliton-lithosol.jpg?resize=350%2C200&ssl=1 1x, https:\/\/i0.wp.com\/www.flora-pharm.de\/blog\/wp-content\/uploads\/2015\/01\/nierensteine-gallensteine-choliton-lithosol.jpg?resize=525%2C300&ssl=1 1.5x"},"classes":[]},{"id":3148,"url":"https:\/\/www.flora-pharm.de\/blog\/backideen-fuer-ostern\/","url_meta":{"origin":9046,"position":5},"title":"Backideen f\u00fcr Ostern","author":"Flora Team","date":"24. M\u00e4rz 2016","format":false,"excerpt":"Verw\u00f6hnen Sie Ihre Familie und G\u00e4ste... Orangentorte Zutaten: 5 Eier 120 g Honig 1 Messerspitze gemahlene Nelken 1 Messerspitze gemahlener Zimt 2 EL Orangenlik\u00f6r 250 g M\u00f6hren 250 g Mandeln, gemahlen 100 g Dinkel, gemahlen Saft einer Orange Saft einer Zitrone 1 Glas Orangenfruchtaufstrich 500 g Sahne zum Dekorieren 3\u20134\u2026","rel":"","context":"In &quot;Kalenderlexikon&quot;","block_context":{"text":"Kalenderlexikon","link":"https:\/\/www.flora-pharm.de\/blog\/category\/kalenderlexikon\/"},"img":{"alt_text":"Mit freundlicher Genehmigung der S & D Verlag GmbH. Das komplette Naturheilkunde und Gesundheit Heft bekommen Sie auch bei uns in der Apotheke.","src":"https:\/\/i0.wp.com\/www.flora-pharm.de\/blog\/wp-content\/uploads\/2016\/03\/naturheilkunde-und-gesundheit-cover-03-2016-225x300.jpg?resize=350%2C200&ssl=1","width":350,"height":200},"classes":[]}],"jetpack_sharing_enabled":true,"_links":{"self":[{"href":"https:\/\/www.flora-pharm.de\/blog\/wp-json\/wp\/v2\/posts\/9046","targetHints":{"allow":["GET"]}}],"collection":[{"href":"https:\/\/www.flora-pharm.de\/blog\/wp-json\/wp\/v2\/posts"}],"about":[{"href":"https:\/\/www.flora-pharm.de\/blog\/wp-json\/wp\/v2\/types\/post"}],"author":[{"embeddable":true,"href":"https:\/\/www.flora-pharm.de\/blog\/wp-json\/wp\/v2\/users\/1"}],"replies":[{"embeddable":true,"href":"https:\/\/www.flora-pharm.de\/blog\/wp-json\/wp\/v2\/comments?post=9046"}],"version-history":[{"count":1,"href":"https:\/\/www.flora-pharm.de\/blog\/wp-json\/wp\/v2\/posts\/9046\/revisions"}],"predecessor-version":[{"id":9047,"href":"https:\/\/www.flora-pharm.de\/blog\/wp-json\/wp\/v2\/posts\/9046\/revisions\/9047"}],"wp:featuredmedia":[{"embeddable":true,"href":"https:\/\/www.flora-pharm.de\/blog\/wp-json\/wp\/v2\/media\/9040"}],"wp:attachment":[{"href":"https:\/\/www.flora-pharm.de\/blog\/wp-json\/wp\/v2\/media?parent=9046"}],"wp:term":[{"taxonomy":"category","embeddable":true,"href":"https:\/\/www.flora-pharm.de\/blog\/wp-json\/wp\/v2\/categories?post=9046"},{"taxonomy":"post_tag","embeddable":true,"href":"https:\/\/www.flora-pharm.de\/blog\/wp-json\/wp\/v2\/tags?post=9046"}],"curies":[{"name":"wp","href":"https:\/\/api.w.org\/{rel}","templated":true}]}}