{"id":9075,"date":"2024-03-26T10:49:03","date_gmt":"2024-03-26T09:49:03","guid":{"rendered":"https:\/\/www.flora-pharm.de\/blog\/?p=9075"},"modified":"2024-03-26T10:49:07","modified_gmt":"2024-03-26T09:49:07","slug":"biorhythmus-in-balance","status":"publish","type":"post","link":"https:\/\/www.flora-pharm.de\/blog\/biorhythmus-in-balance\/","title":{"rendered":"Biorhythmus in Balance"},"content":{"rendered":"\n<p>Der Biorhythmus ist zwar bei jedem von uns etwas anders getaktet, doch es gibt viele Gemeinsamkeiten. Wer den Verlauf der eigenen Energiewellen kennt, kann den Tag besser nutzen \u2013 und sein Wohlbefinden f\u00f6rdern.<\/p>\n\n\n\n<p>Und halbj\u00e4hrlich gr\u00fc\u00dft das Murmeltier, vielmehr die <strong>Zeitumstellung: Am Ostersonntag, dem 31. M\u00e4rz 2024<\/strong>, wird uns wieder eine Stunde \u201egeklaut\u201c. Das kann eine Art Mini-Jetlag ausl\u00f6sen. Doch sanfte Anpassungen bringen unseren Biorhythmus wieder ins Lot \u2013 nicht nur zum Wechsel auf die Sommerzeit. (PS: <a href=\"https:\/\/www.flora-pharm.de\/blog\/schlafstoerungen-allgemein-und-speziell-zur-zeitumstellung\/\">Schlafst\u00f6rungen \u2013 allgemein und speziell zur Zeitumstellung<\/a>)<\/p>\n\n\n\n<p>Schlie\u00dflich gibt\u2019s f\u00fcr fast alles im Leben den richtigen Moment, entscheidend ist das Timing. Und das liegt uns im Blut oder vielmehr in den Genen: Die Rede ist vom <strong>zirkadianen Rhythmus<\/strong>, wie Fachleute unsere innere Uhr bezeichnen. Er sorgt daf\u00fcr, dass unser Organismus \u2013 Studien belegen es \u2013 selbst dann einen ungef\u00e4hren Tag-Nacht-Rhythmus im 24-Stunden-Takt einh\u00e4lt, wenn er von allen orientierenden Reizen wie dem Tageslicht abgeschnitten ist. Innerhalb dieses Zeitma\u00dfes geht\u2019s mit unserer Power allerdings st\u00e4ndig auf und ab&#8230;<\/p>\n\n\n\n<p>Jeder Biorhythmus ist individuell zu betrachten, lesen Sie dazu auch: <a href=\"https:\/\/www.flora-pharm.de\/blog\/chronotypen-die-lerche-wird-zum-loewen\/\"><strong>Chronotypen \u2013 Die Lerche wird zum L\u00f6wen<\/strong><\/a><strong><\/strong><\/p>\n\n\n\n<div style=\"height:20px\" aria-hidden=\"true\" class=\"wp-block-spacer\"><\/div>\n\n\n\n<h2 class=\"wp-block-heading\">Morgendliche Munterkeit<\/h2>\n\n\n\n<p><strong>Morgens<\/strong>, kurz vor dem Erwachen, steigt unsere K\u00f6rpertemperatur \u2013 und mit ihr die Konzentrationsf\u00e4higkeit. F\u00fcr T\u00e4tigkeiten, die volle Aufmerksamkeit fordern, ist der fr\u00fche Vormittag ein guter Zeitpunkt. Auch unser Kurzzeitged\u00e4chtnis l\u00e4uft auf Hochtouren.<\/p>\n\n\n\n<p>Ganz im Gegensatz zur Abwehrkraft \u2013 gegen <strong>9 Uhr<\/strong> geht die Zahl der Immunzellen im Blut gen Tiefststand. Hustende und niesende Kollegen? Besser Abstand halten!<\/p>\n\n\n\n<p><strong>Zwischen 10 und 12 Uhr<\/strong> sind wir besonders leistungsf\u00e4hig und kommunikativ: wichtige Gespr\u00e4che m\u00f6glichst bis zum Mittag einplanen. \u00dcbrigens: Damit wir in der ersten Tagesh\u00e4lfte geistig aktiv sein k\u00f6nnen, braucht unser Oberst\u00fcbchen Nahrung. Ideal ist ein Fr\u00fchst\u00fcck bis sp\u00e4testens zwei Stunden nach dem Aufstehen \u2013 mit komplexen Kohlenhydraten in Form eines Vollkornbrots oder M\u00fcslis. Auch gut: unges\u00fc\u00dfter Fr\u00fcchtequark.<\/p>\n\n\n\n<div style=\"height:20px\" aria-hidden=\"true\" class=\"wp-block-spacer\"><\/div>\n\n\n\n<h2 class=\"wp-block-heading\">Nachmittage nutzen<\/h2>\n\n\n\n<p><strong>Mittags<\/strong> ereilt uns das bekannte \u201eSchnitzelkoma&#8220;, auch wenn wir keinerlei Fleisch vertilgt haben: Unsere Leistungskurve sinkt rapide ab, wir g\u00e4hnen vermehrt. Keine Chance auf einen Powernap? Stattdessen eine Viertelstunde flott spazieren gehen. W\u00e4hrend unsere Konzentration <strong>zwischen 12 und 15 Uhr<\/strong> leidet, steigt die Kreativit\u00e4t: Unsere latente M\u00fcdigkeit sorgt daf\u00fcr, dass das Gehirn auch alternative L\u00f6sungen zul\u00e4sst.<\/p>\n\n\n\n<p>Unser Schmerzempfinden ist gegen <strong>15 Uhr<\/strong> am niedrigsten; perfekt, wenn ein Termin bei der Zahn\u00e4rztin oder dem Zahnarzt ansteht. Der K\u00f6rper produziert nun besonders viele schmerzstillende Substanzen; Bet\u00e4ubungsmittel wirken bis zu dreimal l\u00e4nger.<\/p>\n\n\n\n<p>F\u00fcr Sport eignet sich der sp\u00e4te Nachmittag bestens, denn von circa <strong>17 bis 19 Uhr<\/strong> sind Muckis und Lunge am leistungsf\u00e4higsten. Von etwa <strong>16 bis 18 Uhr<\/strong> h\u00e4lt allerdings auch unser zweites kognitives Leistungshoch an; was wir jetzt an Wissen sammeln, hat beste Chancen, ins Langzeitged\u00e4chtnis zu wandern.<\/p>\n\n\n\n<div style=\"height:20px\" aria-hidden=\"true\" class=\"wp-block-spacer\"><\/div>\n\n\n\n<h2 class=\"wp-block-heading\">Abends abschalten<\/h2>\n\n\n\n<p>Bis <strong>19 Uhr<\/strong> sollten wir die Herausforderungen des Tages, ob geistig oder k\u00f6rperlich, bew\u00e4ltigt haben, denn bei vielen ist der Gro\u00dfteil der Energie nun verbraucht.<\/p>\n\n\n\n<p>Die Nahrungsaufnahme sollten wir ebenfalls sp\u00e4testens gegen 19 Uhr abschlie\u00dfen: zu diesem Zeitpunkt sind unsere Geschmacksnerven besonders aktiv. Abends verzehren wir am besten eine eiwei\u00dfreiche Mahlzeit, denn Kohlenhydrate und Fett werden nun nicht mehr verbraucht, sondern \u201eeingelagert&#8220;.<\/p>\n\n\n\n<p>Unser Immunsystem ist abends topfit: Keime k\u00f6nnen uns wenig anhaben, wenn wir ins Kino, Theater oder auf eine Party gehen. <strong>Ab 23 Uhr<\/strong> schickt die innere Uhr allerdings die meisten von uns Richtung Schlafzimmer: Der Blutdruck sinkt, unsere Reaktionsf\u00e4higkeit auch, und klare Gedanken lassen sich jetzt kaum mehr fassen. Morpheus&#8216; Arme warten. W\u00e4hrend wir schlummern, l\u00e4uft unser k\u00f6rpereigenes Regenerationsprogramm ab. Die perfekte Erholung &#8211; damit wir morgen wieder fit durch den Tag kommen!<\/p>\n\n\n\n<div style=\"height:20px\" aria-hidden=\"true\" class=\"wp-block-spacer\"><\/div>\n\n\n\n<h2 class=\"wp-block-heading\">Sollen wir Medizin nach der Uhr nehmen?<\/h2>\n\n\n\n<p>Diese Frage beantwortet Apotheker Friedrich Appenzeller: \u201eWie gut und intensiv ein Medikament wirkt, ist von der Dosis abh\u00e4ngig, klar. Aber wussten Sie, dass auch der Zeitpunkt der Einnahme entscheidenden Einfluss auf den Effekt haben kann? Unser Stoffwechsel funktioniert schlie\u00dflich nicht rund um die Uhr gleich; so schwankt neben K\u00f6rpertemperatur und Organt\u00e4tigkeit auch die Konzentration an Hormonen und Enzymen. Das wiederum ver\u00e4ndert die Wirkung von Arzneistoffen. So sollten etwa Cholesterinsenker abends genommen werden, da die Blutfettwerte nachts h\u00f6her liegen als tags\u00fcber. Weil unsere Verdauungsorgane fr\u00fchmorgens st\u00e4rker durchblutet werden, steigt dann, beispielsweise bei der Einnahme von Schmerzmitteln, das Risiko f\u00fcr Nebenwirkungen. Abends geschluckt, verursachen Ibuprofen, Paracetamol und Co. weniger unerw\u00fcnschte Effekte. Selbst f\u00fcr Chemotherapien und Herzklappen-OPs gibt es nachweislich optimale Zeiten; finden letztere nachmittags statt, gehen sie mit geringeren Komplikationen einher.<\/p>\n\n\n\n<p>Die Chronomedizin, das Fachgebiet, das sich mit Gesundheit und Heilung im Takt der inneren Uhr besch\u00e4ftigt, ist noch eine recht junge Disziplin. Doch jeder kann von ihr profitieren, auch Sie: Ihre Vor-Ort-Apotheke ber\u00e4t Sie gern dazu, wann Ihre Medikamente am besten wirken.&#8220;<\/p>\n\n\n\n<div style=\"height:35px\" aria-hidden=\"true\" class=\"wp-block-spacer\"><\/div>\n\n\n\n<p>Lesen Sie auch: <a href=\"https:\/\/www.flora-pharm.de\/blog\/reisezeit-die-auswirkung-der-zeitverschiebung-bei-fernreisen-auf-die-richtige-dosierung-regelmaessiger-medikation\/\"><strong>Reisezeit \u2013 Die Auswirkung der Zeitverschiebung bei Fernreisen auf die richtige Dosierung regelm\u00e4\u00dfiger Medikation<\/strong><\/a><strong><\/strong><\/p>\n\n\n\n<p><strong><em>Sprechen Sie uns gern auf das Thema an und lassen Sie sich von uns ganz individuell beraten.<\/em><\/strong><\/p>\n\n\n\n<div style=\"height:100px\" aria-hidden=\"true\" class=\"wp-block-spacer\"><\/div>\n\n\n\n<figure class=\"wp-block-image aligncenter size-medium\"><img loading=\"lazy\" decoding=\"async\" width=\"225\" height=\"300\" data-attachment-id=\"9068\" data-permalink=\"https:\/\/www.flora-pharm.de\/blog\/naturheilkunde-und-gesundheit-cover-03-2024\/\" data-orig-file=\"https:\/\/www.flora-pharm.de\/blog\/wp-content\/uploads\/2024\/03\/naturheilkunde-und-gesundheit-cover-03-2024.jpg\" data-orig-size=\"450,600\" data-comments-opened=\"1\" data-image-meta=\"{&quot;aperture&quot;:&quot;0&quot;,&quot;credit&quot;:&quot;&quot;,&quot;camera&quot;:&quot;&quot;,&quot;caption&quot;:&quot;&quot;,&quot;created_timestamp&quot;:&quot;0&quot;,&quot;copyright&quot;:&quot;&quot;,&quot;focal_length&quot;:&quot;0&quot;,&quot;iso&quot;:&quot;0&quot;,&quot;shutter_speed&quot;:&quot;0&quot;,&quot;title&quot;:&quot;&quot;,&quot;orientation&quot;:&quot;1&quot;}\" data-image-title=\"naturheilkunde-und-gesundheit-cover-03-2024\" data-image-description=\"\" data-image-caption=\"&lt;p&gt;Text mit freundlicher Genehmigung der S &amp;#038; D Verlag GmbH. Das komplette \u201cNaturheilkunde &amp;#038; Gesundheit\u201d Heft bekommen Sie auch bei uns in der Apotheke.&lt;\/p&gt;\n\" data-large-file=\"https:\/\/www.flora-pharm.de\/blog\/wp-content\/uploads\/2024\/03\/naturheilkunde-und-gesundheit-cover-03-2024.jpg\" src=\"https:\/\/www.flora-pharm.de\/blog\/wp-content\/uploads\/2024\/03\/naturheilkunde-und-gesundheit-cover-03-2024-225x300.jpg\" alt=\"NuG 3\/24 cover\" class=\"wp-image-9068\" srcset=\"https:\/\/www.flora-pharm.de\/blog\/wp-content\/uploads\/2024\/03\/naturheilkunde-und-gesundheit-cover-03-2024-225x300.jpg 225w, https:\/\/www.flora-pharm.de\/blog\/wp-content\/uploads\/2024\/03\/naturheilkunde-und-gesundheit-cover-03-2024.jpg 450w\" sizes=\"auto, (max-width: 225px) 100vw, 225px\" \/><figcaption class=\"wp-element-caption\">Text mit freundlicher Genehmigung der S &amp; D Verlag GmbH. Das komplette \u201cNaturheilkunde &amp; Gesundheit\u201d Heft bekommen Sie auch bei uns in der Apotheke.<\/figcaption><\/figure>\n","protected":false},"excerpt":{"rendered":"<p>Den Biorhythmus (unsere innere Uhr) als Richtschnur nutzen, um den Tag entsprechend unseren eigenen Energiewellen zu planen&#8230;<\/p>\n","protected":false},"author":1,"featured_media":9069,"comment_status":"open","ping_status":"open","sticky":false,"template":"","format":"standard","meta":{"jetpack_post_was_ever_published":false,"_jetpack_newsletter_access":"","_jetpack_dont_email_post_to_subs":false,"_jetpack_newsletter_tier_id":0,"_jetpack_memberships_contains_paywalled_content":false,"_jetpack_memberships_contains_paid_content":false,"footnotes":""},"categories":[8],"tags":[221,422,20],"class_list":["post-9075","post","type-post","status-publish","format-standard","has-post-thumbnail","hentry","category-wissenswert","tag-innere-uhr","tag-naturheilkunde-und-gesundheit","tag-sommerzeit","has-post-title","has-post-date","has-post-category","has-post-tag","has-post-comment","has-post-author",""],"jetpack_featured_media_url":"https:\/\/www.flora-pharm.de\/blog\/wp-content\/uploads\/2024\/03\/biorhythmus-in-balance.jpg","jetpack-related-posts":[{"id":4574,"url":"https:\/\/www.flora-pharm.de\/blog\/schlafstoerungen-allgemein-und-speziell-zur-zeitumstellung\/","url_meta":{"origin":9075,"position":0},"title":"Schlafst\u00f6rungen \u2013 allgemein und speziell zur Zeitumstellung","author":"Flora Team","date":"27. Oktober 2017","format":false,"excerpt":"M\u00fcde bin ich, finde doch keine Ruh Essen, Trinken und Schlafen sind unsere Lebenspfeiler. Werden diese elementaren biologischen Funktionen gest\u00f6rt, geht es uns schlecht. W\u00e4hrend uns aber Hunger und Durst heftig darauf aufmerksam machen, dass wir unseren K\u00f6rper unterversorgt lie\u00dfen, ist das mit einem Mangel an Schlaf nicht ganz so\u2026","rel":"","context":"In &quot;Wissenswert&quot;","block_context":{"text":"Wissenswert","link":"https:\/\/www.flora-pharm.de\/blog\/category\/wissenswert\/"},"img":{"alt_text":"Schlafst\u00f6rungen Jetlag Zeitumstellung","src":"https:\/\/i0.wp.com\/www.flora-pharm.de\/blog\/wp-content\/uploads\/2017\/10\/schlafstoerungen.jpg?resize=350%2C200&ssl=1","width":350,"height":200,"srcset":"https:\/\/i0.wp.com\/www.flora-pharm.de\/blog\/wp-content\/uploads\/2017\/10\/schlafstoerungen.jpg?resize=350%2C200&ssl=1 1x, https:\/\/i0.wp.com\/www.flora-pharm.de\/blog\/wp-content\/uploads\/2017\/10\/schlafstoerungen.jpg?resize=525%2C300&ssl=1 1.5x, https:\/\/i0.wp.com\/www.flora-pharm.de\/blog\/wp-content\/uploads\/2017\/10\/schlafstoerungen.jpg?resize=700%2C400&ssl=1 2x"},"classes":[]},{"id":264,"url":"https:\/\/www.flora-pharm.de\/blog\/sommerzeitumstellung-30-03-14\/","url_meta":{"origin":9075,"position":1},"title":"Sommerzeitumstellung (am 30.03.14)","author":"Flora Team","date":"28. M\u00e4rz 2014","format":false,"excerpt":"Nicht vergessen: Dieses Wochenende beginnt die Sommerzeit. Als Folge werden in der Nacht von Samstag (29.03.14) auf Sonntag (30.03.14) die Uhren eine Stunde von 02:00 auf 03:00 Uhr VORgestellt. Die Nacht ist also eine Stunde k\u00fcrzer. Sommerzeit? Unsere, also die mitteleurop\u00e4ische Sommerzeit, beginnt \u00fcbrigens immer am letzten Sonntag im M\u00e4rz\u2026","rel":"","context":"In &quot;Kalenderlexikon&quot;","block_context":{"text":"Kalenderlexikon","link":"https:\/\/www.flora-pharm.de\/blog\/category\/kalenderlexikon\/"},"img":{"alt_text":"","src":"https:\/\/i0.wp.com\/www.flora-pharm.de\/blog\/wp-content\/uploads\/2014\/03\/becherglas-uhr-sommerzeit-beginn.jpg?resize=350%2C200&ssl=1","width":350,"height":200,"srcset":"https:\/\/i0.wp.com\/www.flora-pharm.de\/blog\/wp-content\/uploads\/2014\/03\/becherglas-uhr-sommerzeit-beginn.jpg?resize=350%2C200&ssl=1 1x, https:\/\/i0.wp.com\/www.flora-pharm.de\/blog\/wp-content\/uploads\/2014\/03\/becherglas-uhr-sommerzeit-beginn.jpg?resize=525%2C300&ssl=1 1.5x"},"classes":[]},{"id":3995,"url":"https:\/\/www.flora-pharm.de\/blog\/erholsamer-schlaf\/","url_meta":{"origin":9075,"position":2},"title":"Erholsamer Schlaf","author":"Flora Team","date":"24. M\u00e4rz 2017","format":false,"excerpt":"Guter Schlaf f\u00f6rdert Gesundheit und Wohlbefinden. Doch viele Faktoren k\u00f6nnen einen erholsamen Schlaf erheblich st\u00f6ren. PS: Sonntag (26.03.17) beginnt die Sommerzeit und Ihnen fehlt eine Stunde Schlaf. Bew\u00e4hrte Heilpflanzen verbessern das Ein- und Durchschlafen! \u00a0 Baldrian Valeriana officinalis Baldrian ist ein ideales, altbew\u00e4hrtes Beruhigungsmittel bei Stress und Nervosit\u00e4t, wirkt entspannend,\u2026","rel":"","context":"In &quot;Wissenswert&quot;","block_context":{"text":"Wissenswert","link":"https:\/\/www.flora-pharm.de\/blog\/category\/wissenswert\/"},"img":{"alt_text":"","src":"https:\/\/i0.wp.com\/www.flora-pharm.de\/blog\/wp-content\/uploads\/2017\/03\/erholsamer%20schlaf.jpg?resize=350%2C200&ssl=1","width":350,"height":200,"srcset":"https:\/\/i0.wp.com\/www.flora-pharm.de\/blog\/wp-content\/uploads\/2017\/03\/erholsamer%20schlaf.jpg?resize=350%2C200&ssl=1 1x, https:\/\/i0.wp.com\/www.flora-pharm.de\/blog\/wp-content\/uploads\/2017\/03\/erholsamer%20schlaf.jpg?resize=525%2C300&ssl=1 1.5x, https:\/\/i0.wp.com\/www.flora-pharm.de\/blog\/wp-content\/uploads\/2017\/03\/erholsamer%20schlaf.jpg?resize=700%2C400&ssl=1 2x"},"classes":[]},{"id":7180,"url":"https:\/\/www.flora-pharm.de\/blog\/laesst-sich-schlaf-nachholen-der-mythen-check\/","url_meta":{"origin":9075,"position":3},"title":"L\u00e4sst sich Schlaf nachholen? Der Mythen-Check.","author":"Flora Team","date":"23. Oktober 2020","format":false,"excerpt":"Jeder kennt sie seit Kindertagen: die alten Weisheiten, die sich um unsere Gesundheit ranken. Sind sie wahr oder falsch? Sonntags lange im Bett bleiben, herrlich! So k\u00f6nnen wir das Schlafdefizit einer ganzen Woche ausgleichen. Stimmt das? Von Stefanie Happ Jojo-Schlaf Endlich Wochenende. Kein Wecker, der gnadenlos die Tr\u00e4ume unterbricht. Ausschlafen\u2026","rel":"","context":"In &quot;Wissenswert&quot;","block_context":{"text":"Wissenswert","link":"https:\/\/www.flora-pharm.de\/blog\/category\/wissenswert\/"},"img":{"alt_text":"Mythen auf dem Pr\u00fcfstand: L\u00e4sst sich Schlaf nachholen?","src":"https:\/\/i0.wp.com\/www.flora-pharm.de\/blog\/wp-content\/uploads\/2020\/10\/mythos-schlaf-nachholen.jpg?resize=350%2C200&ssl=1","width":350,"height":200,"srcset":"https:\/\/i0.wp.com\/www.flora-pharm.de\/blog\/wp-content\/uploads\/2020\/10\/mythos-schlaf-nachholen.jpg?resize=350%2C200&ssl=1 1x, https:\/\/i0.wp.com\/www.flora-pharm.de\/blog\/wp-content\/uploads\/2020\/10\/mythos-schlaf-nachholen.jpg?resize=525%2C300&ssl=1 1.5x, https:\/\/i0.wp.com\/www.flora-pharm.de\/blog\/wp-content\/uploads\/2020\/10\/mythos-schlaf-nachholen.jpg?resize=700%2C400&ssl=1 2x"},"classes":[]},{"id":58,"url":"https:\/\/www.flora-pharm.de\/blog\/nicht-vergessen-ende-der-sommerzeit-2013\/","url_meta":{"origin":9075,"position":4},"title":"Nicht vergessen: Dieses Wochenende endet die Sommerzeit 2013","author":"Flora Team","date":"25. Oktober 2013","format":false,"excerpt":"Dieses Wochenende endet die Sommerzeit 2013. Als Folge werden in der Nacht von Samstag (26.10.13) auf Sonntag (27.10.13) die Uhren eine Stunde von 03:00 auf 02:00 Uhr zur\u00fcckgestellt. Wir bekommen also die im Fr\u00fchjahr eingesparte Stunde wieder zur\u00fcck und die Nacht ist eine Stunde l\u00e4nger. Sommerzeit? Unsere, also die mitteleurop\u00e4ische\u2026","rel":"","context":"In &quot;Kalenderlexikon&quot;","block_context":{"text":"Kalenderlexikon","link":"https:\/\/www.flora-pharm.de\/blog\/category\/kalenderlexikon\/"},"img":{"alt_text":"","src":"https:\/\/i0.wp.com\/www.flora-pharm.de\/blog\/wp-content\/uploads\/2013\/10\/becherglas-uhr-sommerzeit-ende1.jpg?resize=350%2C200&ssl=1","width":350,"height":200,"srcset":"https:\/\/i0.wp.com\/www.flora-pharm.de\/blog\/wp-content\/uploads\/2013\/10\/becherglas-uhr-sommerzeit-ende1.jpg?resize=350%2C200&ssl=1 1x, https:\/\/i0.wp.com\/www.flora-pharm.de\/blog\/wp-content\/uploads\/2013\/10\/becherglas-uhr-sommerzeit-ende1.jpg?resize=525%2C300&ssl=1 1.5x"},"classes":[]},{"id":2446,"url":"https:\/\/www.flora-pharm.de\/blog\/wer-hat-der-uhr-gedreht-heute-endet-die-sommerzeit-2014\/","url_meta":{"origin":9075,"position":5},"title":"Wer hat an der Uhr gedreht? Heute endet die Sommerzeit 2014","author":"Flora Team","date":"25. Oktober 2014","format":false,"excerpt":"Die milden Temperaturen im diesj\u00e4hrigen Oktober haben es uns bislang vergessen lassen, aber der Sommer ist nun leider auch merklich vorbei. Die immer fr\u00fcher einsetzende Dunkelheit ist ein zus\u00e4tzliches und deutliches Anzeichen. Als letztes Aufb\u00e4umen gegen die Dunkelheit werden in der Nacht von Samstag (25.10.14) auf Sonntag (26.10.14) die Uhren\u2026","rel":"","context":"In &quot;Kalenderlexikon&quot;","block_context":{"text":"Kalenderlexikon","link":"https:\/\/www.flora-pharm.de\/blog\/category\/kalenderlexikon\/"},"img":{"alt_text":"","src":"https:\/\/i0.wp.com\/www.flora-pharm.de\/blog\/wp-content\/uploads\/2013\/10\/becherglas-uhr-sommerzeit-ende.jpg?resize=350%2C200&ssl=1","width":350,"height":200,"srcset":"https:\/\/i0.wp.com\/www.flora-pharm.de\/blog\/wp-content\/uploads\/2013\/10\/becherglas-uhr-sommerzeit-ende.jpg?resize=350%2C200&ssl=1 1x, https:\/\/i0.wp.com\/www.flora-pharm.de\/blog\/wp-content\/uploads\/2013\/10\/becherglas-uhr-sommerzeit-ende.jpg?resize=525%2C300&ssl=1 1.5x"},"classes":[]}],"jetpack_sharing_enabled":true,"_links":{"self":[{"href":"https:\/\/www.flora-pharm.de\/blog\/wp-json\/wp\/v2\/posts\/9075","targetHints":{"allow":["GET"]}}],"collection":[{"href":"https:\/\/www.flora-pharm.de\/blog\/wp-json\/wp\/v2\/posts"}],"about":[{"href":"https:\/\/www.flora-pharm.de\/blog\/wp-json\/wp\/v2\/types\/post"}],"author":[{"embeddable":true,"href":"https:\/\/www.flora-pharm.de\/blog\/wp-json\/wp\/v2\/users\/1"}],"replies":[{"embeddable":true,"href":"https:\/\/www.flora-pharm.de\/blog\/wp-json\/wp\/v2\/comments?post=9075"}],"version-history":[{"count":2,"href":"https:\/\/www.flora-pharm.de\/blog\/wp-json\/wp\/v2\/posts\/9075\/revisions"}],"predecessor-version":[{"id":9125,"href":"https:\/\/www.flora-pharm.de\/blog\/wp-json\/wp\/v2\/posts\/9075\/revisions\/9125"}],"wp:featuredmedia":[{"embeddable":true,"href":"https:\/\/www.flora-pharm.de\/blog\/wp-json\/wp\/v2\/media\/9069"}],"wp:attachment":[{"href":"https:\/\/www.flora-pharm.de\/blog\/wp-json\/wp\/v2\/media?parent=9075"}],"wp:term":[{"taxonomy":"category","embeddable":true,"href":"https:\/\/www.flora-pharm.de\/blog\/wp-json\/wp\/v2\/categories?post=9075"},{"taxonomy":"post_tag","embeddable":true,"href":"https:\/\/www.flora-pharm.de\/blog\/wp-json\/wp\/v2\/tags?post=9075"}],"curies":[{"name":"wp","href":"https:\/\/api.w.org\/{rel}","templated":true}]}}