{"id":9141,"date":"2024-07-11T10:41:59","date_gmt":"2024-07-11T08:41:59","guid":{"rendered":"https:\/\/www.flora-pharm.de\/blog\/?p=9141"},"modified":"2024-07-11T10:42:03","modified_gmt":"2024-07-11T08:42:03","slug":"kleines-1x1-der-fellpflege-bei-katzen","status":"publish","type":"post","link":"https:\/\/www.flora-pharm.de\/blog\/kleines-1x1-der-fellpflege-bei-katzen\/","title":{"rendered":"Kleines 1&#215;1 der Fellpflege bei Katzen"},"content":{"rendered":"\n<p>Unsere niedlichen Stubentiger sind wahre Reinlichkeitsfanatiker: Drei bis vier Stunden t\u00e4glich widmen sie der Pflege ihres Fells. Warum Ihre Mieze das tut, wie Sie sie dabei unterst\u00fctzen k\u00f6nnen \u2013 und welches Verhalten ein Warnzeichen sein kann.<\/p>\n\n\n\n<p>Die meisten Samtpf\u00f6tchen sind ausgesprochen wasserscheu und setzen deshalb auf die sprichw\u00f6rtliche Katzenw\u00e4sche: Nur mit ihrer Zunge und ihrem Speichel reinigen sie ihr Fell jeden Tag ausgiebig, bis es flauschig weich und gl\u00e4nzend ist. Die raue Katzenzunge nimmt Schmutz und lose Haare auf.<\/p>\n\n\n\n<div style=\"height:20px\" aria-hidden=\"true\" class=\"wp-block-spacer\"><\/div>\n\n\n\n<h2 class=\"wp-block-heading\">Nat\u00fcrliche Klimaanlage<\/h2>\n\n\n\n<p>Mit dem Ablecken regen die felinen Fellnasen zudem die Talgdr\u00fcsen in ihrer Haut an, Fett abzusondern; so bleibt das Fell wasserabweisend. Auch der in den Talgdr\u00fcsen produzierte individuelle Geruch wird dabei verteilt \u2013 wichtig f\u00fcr das Markieren des Reviers und die Kommunikation mit Artgenossen. Und schlie\u00dflich regulieren Katzen bei der Fellpflege auch ihre K\u00f6rpertemperatur: An hei\u00dfen Tagen n\u00e4ssen sie das Fell mit ihrem Speichel, der verdunstet und dabei angenehm k\u00fchlt. Bei K\u00e4lte wiederum richten sie beim Lecken die Unterwolle ihres Fells auf und halten sich so kuschelig warm.<\/p>\n\n\n\n<h2 class=\"wp-block-heading\">B\u00fcrsten muss sein<\/h2>\n\n\n\n<p>Katzenbabys kommen mit dem Putz-Instinkt auf die Welt und lernen das ABC der Fellpflege zus\u00e4tzlich von ihrer Mutter; mit etwa sechs Wochen k\u00f6nnen sie den Job dann eigenst\u00e4ndig \u00fcbernehmen. Dennoch kann es sinnvoll sein, die Katze von klein auf bei der Fellpflege zu unterst\u00fctzen. Und das gilt nicht nur f\u00fcr langhaarige Rassen, deren Fell ohne Unterst\u00fctzung verfilzen kann. Alte, kranke und \u00fcbergewichtige Miezen kommen beim Putzen oft nicht mehr an alle K\u00f6rperstellen \u2013 gut, wenn sie dann schon ans B\u00fcrsten gew\u00f6hnt sind.<\/p>\n\n\n\n<h2 class=\"wp-block-heading\">Unterst\u00fctzung bei der Fellpflege<\/h2>\n\n\n\n<p>Die wichtigste Regel lautet: Niemals gegen den Strich k\u00e4mmen, das m\u00f6gen Stubentiger \u00fcberhaupt nicht. B\u00fcrsten l\u00e4sst das Fell gl\u00e4nzen, f\u00f6rdert die Durchblutung der Haut und st\u00e4rkt die Beziehung zwischen dem Menschen und seinem vierbeinigen Liebling. Und ein weiteres Plus hat die Unterst\u00fctzung bei der Fellpflege: Katzen verschlucken beim Putzen jede Menge Haare. Die k\u00f6nnen sich im Magen sammeln und Haarballen bilden, die sie dann wieder hochw\u00fcrgen und ausspucken m\u00fcssen. Wer sein Tier regelm\u00e4\u00dfig b\u00fcrstet, hilft ihm, Haarballen im Verdauungstrakt zu reduzieren.<\/p>\n\n\n\n<h2 class=\"wp-block-heading\">Erst streicheln, dann b\u00fcrsten<\/h2>\n\n\n\n<p>Viele Katzen genie\u00dfen die extra Streicheleinheiten \u2013 aber l\u00e4ngst nicht alle. Ergreift die Mieze schon beim Anblick von B\u00fcrste oder Kamm die Flucht, hilft nur liebevolle Gew\u00f6hnung: Lassen Sie die B\u00fcrste erst einmal nur ein paar Tage lang offen herumliegen, damit sie in Ruhe beschnuppert werden kann. Bei Schmuselaune ist die Gelegenheit g\u00fcnstig: Streicheln Sie Ihre Katze erst mit der Hand, dann vorsichtig mit der B\u00fcrste. Wechseln Sie zwischen Hand und B\u00fcrste ab, aber erzwingen Sie nichts. Hat Ihr Liebling keine Lust mehr, lassen Sie es gut sein und machen an einem anderen Tag weiter.<\/p>\n\n\n\n<h2 class=\"wp-block-heading\">Das richtige Werkzeug w\u00e4hlen<\/h2>\n\n\n\n<p>Bleibt nur noch die Frage nach der passenden \u201eAusr\u00fcstung\u201c: Je nach Art des Fells \u2013 Lang- oder Kurzhaar, dichte oder wenig Unterwolle \u2013 und den pers\u00f6nlichen Vorlieben Ihrer Katze eignen sich beispielsweise Zupfb\u00fcrsten und Unterfellb\u00fcrsten, jeweils mit Naturborsten, oder auch ein Fellpflegehandschuh. Ein Katzenkamm kann Verfilzungen und Kn\u00f6tchen entfernen. Am besten lassen Sie sich im Fachhandel beraten und probieren aus, bei welcher Behandlung Ihre kleine Fellnase so richtig sch\u00f6n ins Schnurren kommt.<\/p>\n\n\n\n<div style=\"height:60px\" aria-hidden=\"true\" class=\"wp-block-spacer\"><\/div>\n\n\n\n<h1 class=\"wp-block-heading\">Overgrooming<\/h1>\n\n\n\n<h2 class=\"wp-block-heading\">Hat Mieze einen Putzfimmel?<\/h2>\n\n\n\n<p>Fellpflege ist nicht zuletzt gut f\u00fcr die Seele, denn es beruhigt und setzt Gl\u00fcckshormone frei. Beobachtet eine Katze zum Beispiel ein Beutetier, kann aber ihren Jagdtrieb nicht befriedigen, putzt sie sich stattdessen vielleicht hektisch. Diese \u00dcbersprungshandlung hilft ihr, die innere Spannung abzubauen. Wenn Ihr Liebling aber mit dem Ablecken gar nicht mehr aufh\u00f6ren kann, spricht man von Overgrooming (englisch f\u00fcr \u201e\u00dcberpflege\u201c). Das Tier reagiert dann kaum mehr auf Ansprache und ignoriert zugunsten des zwanghaften Putzens alles andere, etwa das Lieblingsspielzeug oder Leckerli. Auff\u00e4llige Signale sind auch Haarausfall, kahle Stellen oder sogar Hautsch\u00e4den bis hin zu offenen Wunden.<\/p>\n\n\n\n<h2 class=\"wp-block-heading\">Die Ursachen erforschen<\/h2>\n\n\n\n<p>Tier\u00e4rztin oder Tierarzt k\u00f6nnen den Gr\u00fcnden auf die Spur kommen. M\u00f6glicherweise hat die Mieze Parasiten wie Fl\u00f6he \u2013 mit Lecken und Putzen versucht sie, den Juckreiz zu lindern. Auch Pilzinfektionen, Allergien oder Schmerzen k\u00f6nnten der Grund sein. Scheidet all das aus, leidet der Stubentiger unter einer Verhaltensst\u00f6rung. H\u00e4usliche Ver\u00e4nderungen, Stress, Angst oder Hektik k\u00f6nnen die Ursachen sein. Ein Tagebuch zum Tagesablauf hilft herauszufinden, wann das \u00fcberm\u00e4\u00dfige Putzen einsetzt und warum. Eventuell l\u00e4sst sich das Problem \u00fcber ein Training und die \u00c4nderung der Stressausl\u00f6ser beseitigen, unter Umst\u00e4nden sind auch Psychopharmaka n\u00f6tig. Wichtig: Bestrafen Sie Ihre kleine Samtpfote nicht, aber schenken Sie ihr bei den Putz-Attacken auch keine \u00fcberm\u00e4\u00dfige Beachtung. Geduld und liebevolle Unterst\u00fctzung sind jetzt das A und O.<\/p>\n\n\n\n<div style=\"height:40px\" aria-hidden=\"true\" class=\"wp-block-spacer\"><\/div>\n\n\n\n<p><strong>Tipp<\/strong><\/p>\n\n\n\n<p>Spezielle N\u00e4hrstoff-Kombinationen f\u00fcr gl\u00e4nzendes Katzenfell bekommen Sie in Ihrer Apotheke und <a href=\"https:\/\/www.flora-pharm.de\/blog\/tag\/katze\/\">weitere Artikel \u00fcber Katzen<\/a> gibt es hier im Flora-Blog.<\/p>\n\n\n\n<p><strong><em>Sprechen Sie uns an, wir beraten Sie gern.<\/em><\/strong><\/p>\n\n\n\n<div style=\"height:100px\" aria-hidden=\"true\" class=\"wp-block-spacer\"><\/div>\n\n\n\n<figure class=\"wp-block-image aligncenter size-medium\"><img loading=\"lazy\" decoding=\"async\" width=\"225\" height=\"300\" data-attachment-id=\"9127\" data-permalink=\"https:\/\/www.flora-pharm.de\/blog\/naturheilkunde-und-gesundheit-cover-04-2024\/\" data-orig-file=\"https:\/\/www.flora-pharm.de\/blog\/wp-content\/uploads\/2024\/04\/naturheilkunde-und-gesundheit-cover-04-2024.jpg\" data-orig-size=\"450,600\" data-comments-opened=\"1\" data-image-meta=\"{&quot;aperture&quot;:&quot;0&quot;,&quot;credit&quot;:&quot;&quot;,&quot;camera&quot;:&quot;&quot;,&quot;caption&quot;:&quot;&quot;,&quot;created_timestamp&quot;:&quot;0&quot;,&quot;copyright&quot;:&quot;&quot;,&quot;focal_length&quot;:&quot;0&quot;,&quot;iso&quot;:&quot;0&quot;,&quot;shutter_speed&quot;:&quot;0&quot;,&quot;title&quot;:&quot;&quot;,&quot;orientation&quot;:&quot;1&quot;}\" data-image-title=\"naturheilkunde-und-gesundheit-cover-04-2024\" data-image-description=\"\" data-image-caption=\"&lt;p&gt;Text mit freundlicher Genehmigung der S &amp;#038; D Verlag GmbH. Das komplette \u201cNaturheilkunde &amp;#038; Gesundheit\u201d Heft bekommen Sie auch bei uns in der Apotheke.&lt;\/p&gt;\n\" data-large-file=\"https:\/\/www.flora-pharm.de\/blog\/wp-content\/uploads\/2024\/04\/naturheilkunde-und-gesundheit-cover-04-2024.jpg\" src=\"https:\/\/www.flora-pharm.de\/blog\/wp-content\/uploads\/2024\/04\/naturheilkunde-und-gesundheit-cover-04-2024-225x300.jpg\" alt=\"NuG Cover 4-24\" class=\"wp-image-9127\" srcset=\"https:\/\/www.flora-pharm.de\/blog\/wp-content\/uploads\/2024\/04\/naturheilkunde-und-gesundheit-cover-04-2024-225x300.jpg 225w, https:\/\/www.flora-pharm.de\/blog\/wp-content\/uploads\/2024\/04\/naturheilkunde-und-gesundheit-cover-04-2024.jpg 450w\" sizes=\"auto, (max-width: 225px) 100vw, 225px\" \/><figcaption class=\"wp-element-caption\">Text mit freundlicher Genehmigung der S &#038; D Verlag GmbH. Das komplette \u201cNaturheilkunde &#038; Gesundheit\u201d Heft bekommen Sie auch bei uns in der Apotheke.<\/figcaption><\/figure>\n","protected":false},"excerpt":{"rendered":"<p>Katzen sind wahre Reinlichkeitsfanatiker: 3-4 Stunden t\u00e4glich pflegen sie ihr Fell. Wie k\u00f6nnen Sie sie dabei unterst\u00fctzen und welche Warnzeichen gibt es?<\/p>\n","protected":false},"author":1,"featured_media":9131,"comment_status":"open","ping_status":"open","sticky":false,"template":"","format":"standard","meta":{"jetpack_post_was_ever_published":false,"_jetpack_newsletter_access":"","_jetpack_dont_email_post_to_subs":false,"_jetpack_newsletter_tier_id":0,"_jetpack_memberships_contains_paywalled_content":false,"_jetpack_memberships_contains_paid_content":false,"footnotes":""},"categories":[33,8],"tags":[449,55,422],"class_list":["post-9141","post","type-post","status-publish","format-standard","has-post-thumbnail","hentry","category-haustiere","category-wissenswert","tag-haustier-gesundheit-kolumne","tag-katze","tag-naturheilkunde-und-gesundheit","has-post-title","has-post-date","has-post-category","has-post-tag","has-post-comment","has-post-author",""],"jetpack_featured_media_url":"https:\/\/www.flora-pharm.de\/blog\/wp-content\/uploads\/2024\/04\/1x1-der-fellpflege-katzen.jpg","jetpack-related-posts":[{"id":6495,"url":"https:\/\/www.flora-pharm.de\/blog\/miau-das-abc-der-katzensprache\/","url_meta":{"origin":9141,"position":0},"title":"Miau! &#8211; Das ABC der Katzensprache","author":"Flora Team","date":"15. Oktober 2019","format":false,"excerpt":"Schnurren, treteln, bei\u00dfen: Katzen haben viele M\u00f6glichkeiten, sich \u201eihrem\u201c Menschen mitzuteilen. Aber was will Ihnen Ihre Katze damit sagen? Katzen kommunizieren untereinander mit sehr feinen Signalen, die f\u00fcr Menschen oft nicht wahrnehmbar sind. Einige Verhaltensweisen zeigen aber sehr deutlich, was uns unsere Samtpfote mitteilen m\u00f6chte. Diese Signale aus dem ABC\u2026","rel":"","context":"In &quot;Haustiere&quot;","block_context":{"text":"Haustiere","link":"https:\/\/www.flora-pharm.de\/blog\/category\/haustiere\/"},"img":{"alt_text":"Katzensprache","src":"https:\/\/i0.wp.com\/www.flora-pharm.de\/blog\/wp-content\/uploads\/2019\/10\/abc-Katzensprache.jpg?resize=350%2C200&ssl=1","width":350,"height":200,"srcset":"https:\/\/i0.wp.com\/www.flora-pharm.de\/blog\/wp-content\/uploads\/2019\/10\/abc-Katzensprache.jpg?resize=350%2C200&ssl=1 1x, https:\/\/i0.wp.com\/www.flora-pharm.de\/blog\/wp-content\/uploads\/2019\/10\/abc-Katzensprache.jpg?resize=525%2C300&ssl=1 1.5x, https:\/\/i0.wp.com\/www.flora-pharm.de\/blog\/wp-content\/uploads\/2019\/10\/abc-Katzensprache.jpg?resize=700%2C400&ssl=1 2x"},"classes":[]},{"id":11710,"url":"https:\/\/www.flora-pharm.de\/blog\/fellwechsel-haarige-zeiten\/","url_meta":{"origin":9141,"position":1},"title":"Fellwechsel \u2013 Haarige Zeiten","author":"Flora Team","date":"8. Oktober 2025","format":false,"excerpt":"Drau\u00dfen fallen die Bl\u00e4tter, drinnen fliegt das Fell: Im Herbst verlieren Hund und Katze kr\u00e4ftig Haare und freuen sich \u00fcber Hilfe","rel":"","context":"In &quot;Haustiere&quot;","block_context":{"text":"Haustiere","link":"https:\/\/www.flora-pharm.de\/blog\/category\/haustiere\/"},"img":{"alt_text":"Fellwechsel bei den Haustieren bedeuten haarige Zeiteen. Im Bild zu sehen ist ein langhaariger Hund und symbolisch daneben ein Kamm.","src":"https:\/\/i0.wp.com\/www.flora-pharm.de\/blog\/wp-content\/uploads\/2025\/10\/fellwechsel-hund.jpg?resize=350%2C200&ssl=1","width":350,"height":200,"srcset":"https:\/\/i0.wp.com\/www.flora-pharm.de\/blog\/wp-content\/uploads\/2025\/10\/fellwechsel-hund.jpg?resize=350%2C200&ssl=1 1x, https:\/\/i0.wp.com\/www.flora-pharm.de\/blog\/wp-content\/uploads\/2025\/10\/fellwechsel-hund.jpg?resize=525%2C300&ssl=1 1.5x, https:\/\/i0.wp.com\/www.flora-pharm.de\/blog\/wp-content\/uploads\/2025\/10\/fellwechsel-hund.jpg?resize=700%2C400&ssl=1 2x, https:\/\/i0.wp.com\/www.flora-pharm.de\/blog\/wp-content\/uploads\/2025\/10\/fellwechsel-hund.jpg?resize=1050%2C600&ssl=1 3x"},"classes":[]},{"id":8330,"url":"https:\/\/www.flora-pharm.de\/blog\/reiseapotheke-fuer-hund-und-katze\/","url_meta":{"origin":9141,"position":2},"title":"Reiseapotheke f\u00fcr Hund und Katze","author":"Flora Team","date":"8. Juli 2022","format":false,"excerpt":"Urlaub mit Haustieren - Die sch\u00f6nsten Wochen des Jahres mit unseren Vierbeinern. Was, wenn sie kr\u00e4nkeln? Und was gilt es noch zu beachten?","rel":"","context":"In &quot;Haustiere&quot;","block_context":{"text":"Haustiere","link":"https:\/\/www.flora-pharm.de\/blog\/category\/haustiere\/"},"img":{"alt_text":"tierische Reiseapotheke","src":"https:\/\/i0.wp.com\/www.flora-pharm.de\/blog\/wp-content\/uploads\/2022\/07\/reiseapotheke-hund-katze.jpg?resize=350%2C200&ssl=1","width":350,"height":200,"srcset":"https:\/\/i0.wp.com\/www.flora-pharm.de\/blog\/wp-content\/uploads\/2022\/07\/reiseapotheke-hund-katze.jpg?resize=350%2C200&ssl=1 1x, https:\/\/i0.wp.com\/www.flora-pharm.de\/blog\/wp-content\/uploads\/2022\/07\/reiseapotheke-hund-katze.jpg?resize=525%2C300&ssl=1 1.5x, https:\/\/i0.wp.com\/www.flora-pharm.de\/blog\/wp-content\/uploads\/2022\/07\/reiseapotheke-hund-katze.jpg?resize=700%2C400&ssl=1 2x, https:\/\/i0.wp.com\/www.flora-pharm.de\/blog\/wp-content\/uploads\/2022\/07\/reiseapotheke-hund-katze.jpg?resize=1050%2C600&ssl=1 3x"},"classes":[]},{"id":8742,"url":"https:\/\/www.flora-pharm.de\/blog\/freigaenger-oder-wohnungskatze-wer-ist-gluecklicher\/","url_meta":{"origin":9141,"position":3},"title":"Freig\u00e4nger oder Wohnungskatze &#8211; wer ist gl\u00fccklicher?","author":"Flora Team","date":"21. April 2023","format":false,"excerpt":"Wenn auch Sie einer schnurrenden Katze ein Zuhause geben m\u00f6chten, sollten Sie die Entscheidung \u201eRein oder raus?\u201c gut \u00fcberdenken.","rel":"","context":"In &quot;Haustiere&quot;","block_context":{"text":"Haustiere","link":"https:\/\/www.flora-pharm.de\/blog\/category\/haustiere\/"},"img":{"alt_text":"freig\u00e4nger oder wohnungskatze","src":"https:\/\/i0.wp.com\/www.flora-pharm.de\/blog\/wp-content\/uploads\/2023\/03\/freigaenger-oder-wohnungskatze.jpg?resize=350%2C200&ssl=1","width":350,"height":200,"srcset":"https:\/\/i0.wp.com\/www.flora-pharm.de\/blog\/wp-content\/uploads\/2023\/03\/freigaenger-oder-wohnungskatze.jpg?resize=350%2C200&ssl=1 1x, https:\/\/i0.wp.com\/www.flora-pharm.de\/blog\/wp-content\/uploads\/2023\/03\/freigaenger-oder-wohnungskatze.jpg?resize=525%2C300&ssl=1 1.5x, https:\/\/i0.wp.com\/www.flora-pharm.de\/blog\/wp-content\/uploads\/2023\/03\/freigaenger-oder-wohnungskatze.jpg?resize=700%2C400&ssl=1 2x, https:\/\/i0.wp.com\/www.flora-pharm.de\/blog\/wp-content\/uploads\/2023\/03\/freigaenger-oder-wohnungskatze.jpg?resize=1050%2C600&ssl=1 3x"},"classes":[]},{"id":9134,"url":"https:\/\/www.flora-pharm.de\/blog\/ab-ins-freie-aber-bitte-gut-geschuetzt\/","url_meta":{"origin":9141,"position":4},"title":"Ab ins Freie &#8211; Aber bitte gut gesch\u00fctzt","author":"Flora Team","date":"5. April 2024","format":false,"excerpt":"Hunde und Katzen lockt der Fr\u00fchling ebenso ins Gr\u00fcne wie uns, dort aber warten schon Plagegeister wie Zecken, Fl\u00f6he und Milben. Was tun?","rel":"","context":"In &quot;Haustiere&quot;","block_context":{"text":"Haustiere","link":"https:\/\/www.flora-pharm.de\/blog\/category\/haustiere\/"},"img":{"alt_text":"Zecken, Fl\u00f6he und Co warten im Freien auf die Haustiere. Wie kann man das Tier sch\u00fctzen?","src":"https:\/\/i0.wp.com\/www.flora-pharm.de\/blog\/wp-content\/uploads\/2024\/04\/zecken-geschuetzt-ins-freie.jpg?resize=350%2C200&ssl=1","width":350,"height":200,"srcset":"https:\/\/i0.wp.com\/www.flora-pharm.de\/blog\/wp-content\/uploads\/2024\/04\/zecken-geschuetzt-ins-freie.jpg?resize=350%2C200&ssl=1 1x, https:\/\/i0.wp.com\/www.flora-pharm.de\/blog\/wp-content\/uploads\/2024\/04\/zecken-geschuetzt-ins-freie.jpg?resize=525%2C300&ssl=1 1.5x, https:\/\/i0.wp.com\/www.flora-pharm.de\/blog\/wp-content\/uploads\/2024\/04\/zecken-geschuetzt-ins-freie.jpg?resize=700%2C400&ssl=1 2x, https:\/\/i0.wp.com\/www.flora-pharm.de\/blog\/wp-content\/uploads\/2024\/04\/zecken-geschuetzt-ins-freie.jpg?resize=1050%2C600&ssl=1 3x"},"classes":[]},{"id":5349,"url":"https:\/\/www.flora-pharm.de\/blog\/floehe-herbstzeit-ist-parasitenzeit\/","url_meta":{"origin":9141,"position":5},"title":"Fl\u00f6he &#8211; Herbstzeit ist Parasitenzeit","author":"Flora Team","date":"11. Oktober 2018","format":false,"excerpt":"So sch\u00fctzen Sie Ihren Vierbeiner vor Flohbefall \u00dcber die kleinen Parasiten kursieren viele Irrt\u00fcmer. Diese 5 Mythen haben in der Haltung von Hunden und Katzen nichts zu suchen. Wir verraten, wie Ihr Vierbeiner Ruhe vor ungebetenen G\u00e4sten hat. PS: Lesen Sie auch unseren Artikel \u00fcber Tierparasiten. \u00a0 Ein Artikel von\u2026","rel":"","context":"In &quot;Haustiere&quot;","block_context":{"text":"Haustiere","link":"https:\/\/www.flora-pharm.de\/blog\/category\/haustiere\/"},"img":{"alt_text":"Fl\u00f6he, Parasitenzeit Herbst","src":"https:\/\/i0.wp.com\/www.flora-pharm.de\/blog\/wp-content\/uploads\/2018\/10\/herbst-parasiten-floh.jpg?resize=350%2C200&ssl=1","width":350,"height":200,"srcset":"https:\/\/i0.wp.com\/www.flora-pharm.de\/blog\/wp-content\/uploads\/2018\/10\/herbst-parasiten-floh.jpg?resize=350%2C200&ssl=1 1x, https:\/\/i0.wp.com\/www.flora-pharm.de\/blog\/wp-content\/uploads\/2018\/10\/herbst-parasiten-floh.jpg?resize=525%2C300&ssl=1 1.5x, https:\/\/i0.wp.com\/www.flora-pharm.de\/blog\/wp-content\/uploads\/2018\/10\/herbst-parasiten-floh.jpg?resize=700%2C400&ssl=1 2x"},"classes":[]}],"jetpack_sharing_enabled":true,"_links":{"self":[{"href":"https:\/\/www.flora-pharm.de\/blog\/wp-json\/wp\/v2\/posts\/9141","targetHints":{"allow":["GET"]}}],"collection":[{"href":"https:\/\/www.flora-pharm.de\/blog\/wp-json\/wp\/v2\/posts"}],"about":[{"href":"https:\/\/www.flora-pharm.de\/blog\/wp-json\/wp\/v2\/types\/post"}],"author":[{"embeddable":true,"href":"https:\/\/www.flora-pharm.de\/blog\/wp-json\/wp\/v2\/users\/1"}],"replies":[{"embeddable":true,"href":"https:\/\/www.flora-pharm.de\/blog\/wp-json\/wp\/v2\/comments?post=9141"}],"version-history":[{"count":1,"href":"https:\/\/www.flora-pharm.de\/blog\/wp-json\/wp\/v2\/posts\/9141\/revisions"}],"predecessor-version":[{"id":9142,"href":"https:\/\/www.flora-pharm.de\/blog\/wp-json\/wp\/v2\/posts\/9141\/revisions\/9142"}],"wp:featuredmedia":[{"embeddable":true,"href":"https:\/\/www.flora-pharm.de\/blog\/wp-json\/wp\/v2\/media\/9131"}],"wp:attachment":[{"href":"https:\/\/www.flora-pharm.de\/blog\/wp-json\/wp\/v2\/media?parent=9141"}],"wp:term":[{"taxonomy":"category","embeddable":true,"href":"https:\/\/www.flora-pharm.de\/blog\/wp-json\/wp\/v2\/categories?post=9141"},{"taxonomy":"post_tag","embeddable":true,"href":"https:\/\/www.flora-pharm.de\/blog\/wp-json\/wp\/v2\/tags?post=9141"}],"curies":[{"name":"wp","href":"https:\/\/api.w.org\/{rel}","templated":true}]}}