{"id":9175,"date":"2024-08-28T09:56:00","date_gmt":"2024-08-28T07:56:00","guid":{"rendered":"https:\/\/www.flora-pharm.de\/blog\/?p=9175"},"modified":"2024-08-28T10:01:32","modified_gmt":"2024-08-28T08:01:32","slug":"spermidin","status":"publish","type":"post","link":"https:\/\/www.flora-pharm.de\/blog\/spermidin\/","title":{"rendered":"Spermidin"},"content":{"rendered":"\n<h2 class=\"wp-block-heading\">Leser fragen: \u201eSpermidin als Jungbrunnen \u2013 ist da was dran?\u201c<\/h2>\n\n\n\n<p>Der Expertenrat von Apothekerin <em>Isolde Meyer<\/em>:<\/p>\n\n\n\n<p>\u201eTats\u00e4chlich schw\u00f6ren viele auf diese Substanz. Denn ges\u00fcnder oder sogar l\u00e4nger leben, wer will das nicht? Und entsprechend intensiv wurde bereits in Sachen Spermidin geforscht, erstmals vor 150 Jahren, als der Stoff entdeckt wurde \u2013 \u00fcbrigens im Sperma, daher stammt der Name.<\/p>\n\n\n\n<p>Inzwischen wei\u00df man aber, dass Spermidin als nat\u00fcrlicher Botenstoff in all unseren K\u00f6rperfl\u00fcssigkeiten vorkommt, und \u00fcberhaupt in jeder Zelle. Praktisch in allen lebenden Organismen steckt es und hat die Aufgabe, unsere Zellerneuerung anzuregen. Fachm\u00e4nnisch sagen wir dazu Autophagie. Mit einer gut funktionierenden Autophagie also laufen unsere Selbstheilungskr\u00e4fte auf Hochtouren. Je \u00e4lter wir werden, desto stetiger l\u00e4sst allerdings unsere k\u00f6rpereigene Spermidin-Produktion nach. Wir kennen das: Mit den Jahren sehen wir schlechter, h\u00f6ren nicht mehr so gut wie fr\u00fcher. Und \u00fcberhaupt schleichen sich Krankheiten ein, wenn der Zahn der Zeit an uns nagt. Mit Spermidin als Supplement l\u00e4sst sich dieser Prozess zwar nicht vollst\u00e4ndig aufhalten, aber es gibt Studien, die auf einen gewissen Anti-Aging-Effekt hinweisen, auch auf eine Steigerung der Lebensqualit\u00e4t, etwa bei Menschen mit chronischen Entz\u00fcndungen wie Rheuma oder Morbus Crohn.<\/p>\n\n\n\n<p>Selbst unter Leistungssportlern ist Spermidin als Nahrungserg\u00e4nzungsmittel beliebt; es soll die schnelle Regeneration f\u00f6rdern, beim Abnehmen helfen und zudem die Glukoseversorgung im Gehirn verbessern. Besser denken dank Spermidin? Einen Versuch ist es wert. Nebenwirkungen sind keine bekannt.<\/p>\n\n\n\n<p>Wir k\u00f6nnen uns spermidinreich ern\u00e4hren. Viel davon steckt in H\u00fclsenfr\u00fcchten, Sojaprodukten, N\u00fcssen und vor allem in Weizenkeimen. Weizenkeimextrakte bilden n\u00e4mlich die Basis der Produkte zur Nahrungserg\u00e4nzung, die Sie in der Apotheke bekommen. Das Herstellungsverfahren ist patentiert, daher sollten Sie diese Pr\u00e4parate nicht beim Nachahmer aus dem Internet bestellen, nur bei den Originalherstellern. Ihr Apothekenteam informiert Sie gerne \u00fcber Einnahme und Effekt von Spermidin.\u201c&nbsp;<\/p>\n\n\n\n<div style=\"height:20px\" aria-hidden=\"true\" class=\"wp-block-spacer\"><\/div>\n\n\n\n<p><strong>Erg\u00e4nzung von Apotheker <em>Peter Domhardt<\/em> (Flora Apotheke Hannover):<\/strong><\/p>\n\n\n\n<p>Durch die F\u00f6rderung der Autophagie und den vom K\u00f6rper gezielten Transport zur Spermienfl\u00fcssigkeit und anderen sensiblen Bereichen eignet es sich daher auch zur Verbesserung der Fertilit\u00e4t bei schlechter Spermienqualit\u00e4t bei Kinderwunsch sowie \u00fcberdies im Rahmen von Krebstherapien, wo die Zellregeneration der Immunzellen gef\u00f6rdert wird bzw. in diesem Rahmen auch generelle Reparaturfunktionen, die sich gesamtpositiv auswirken k\u00f6nnen.<\/p>\n\n\n\n<p>Indiz daf\u00fcr ist auch, dass sich den Studien zufolge die Konzentration an Spermidin im Gewebe deutlich erh\u00f6ht bei schnellerem Stoffwechsel (z.B. im Sportbereich) sowie auch bei erh\u00f6hter genereller Belastung (Stress, Lernen, Wechselschichten, Zeitzonenreisen). Kann der Bedarf hier nicht durch die Nahrung ausreichend gedeckt werden ist es also sinnvoll, eine geeignete Nahrungserg\u00e4nzung einzusetzen.<\/p>\n\n\n\n<p>Neuere Studien der Universit\u00e4t Graz belegen auch den positiven Effekt erh\u00f6hter Zufuhr bei entsprechenden Belastungen bzw. im Alter (Cell Reports 35, April 2021). Auf molekularer Ebene konnten das Forschungsteam in einer zweiten Studie, geleitet von Stephan Sigrist an der Freien Universit\u00e4t Berlin, zeigen, dass Spermidin eine spezielle Modifikation eines zentralen Proteins der Proteinherstellung, namens eIF5A, f\u00f6rdert (Cell Reports 35, April 2021). Diese sogenannte Hypusinierung ist f\u00fcr die Funktion von eIF5A essentiell und f\u00f6rdert unter anderem die Herstellung mitochondrialer Proteine, wodurch wiederum die Funktion der Mitochondrien verbessert werden kann. Die Verbesserung der mitochondrialen Funktion kann z.B. bei Diabetes, Leistungssport, Krebs und MS zu Verbesserungen f\u00fchren sowie zur Aufrechterhaltung der Gehirnfunktionen: Dass die kognitive Leistungsf\u00e4higkeit im Alter abnimmt, ist wissenschaftlich belegt und uns allen bekannt. Die zugrundeliegenden molekularen Mechanismen sind aber hochkomplex, multifaktoriell und nach wie vor weitgehend unverstanden. Die Ergebnisse eines internationalen Teams haben gezeigt, dass oral verabreichtes Spermidin in betagten M\u00e4usen und Fliegen zu einer verbesserten Funktionsweise der Mitochondrien im Hirn f\u00fchrt.<\/p>\n\n\n\n<p>Um zu \u00fcberpr\u00fcfen, ob sich die Ergebnisse aus dem Tiermodell auf den Menschen umlegen lassen, griffen die Innsbrucker Forscher auf Daten aus der prospektiven Bruneck-Studie \u2013 benannt nach dem Ort in S\u00fcdtirol \u2013 zur\u00fcck. Aus \u00fcber 800 Teilnehmenden wurde ein Kollektiv ausgew\u00e4hlt, das 1995 kognitiv normal leistungsf\u00e4hig war. Jene Probanden, die \u00fcber die folgenden f\u00fcnf Beobachtungsjahren kognitive Einbu\u00dfen entwickelt hatten, wurden mittels der neuropsychologischen Testbatterie CERAD (Consortium to Establish a Registry for Alzheimer&#8217;s Disease) identifiziert. Dabei wurden die Dom\u00e4nen Ged\u00e4chtnis, Exekutivleistungen (Planen) und Sprachkompetenz \u00fcberpr\u00fcft. In Zusammenarbeit mit der Uni Graz wurde die Spermidinaufnahme \u00fcber die Nahrung bestimmt. Das Ergebnis: Studienteilnehmende, die 1995 mehr Spermidin aufgenommen hatten, zeigten \u00fcber die folgenden f\u00fcnf Jahre deutlich weniger kognitive Einbu\u00dfen.<\/p>\n\n\n\n<p>Wir haben f\u00fcr Sie die interessantesten <strong>Studien <\/strong>einmal herausgesucht, falls Sie sich hier weitergehend informieren m\u00f6chten:<\/p>\n\n\n\n<div class=\"wp-block-group is-layout-constrained wp-block-group-is-layout-constrained\">\n<ul class=\"wp-block-list\">\n<li class=\"has-small-font-size\">Higher spermidine intake is linked to lower mortality: Prospective population-based study. Kiechl S. et al. AJCN<br><a href=\"http:\/\/dx.doi.org\/10.1093\/ajcn\/nqy102\">http:\/\/dx.doi.org\/10.1093\/ajcn\/nqy102<\/a><\/li>\n\n\n\n<li class=\"has-small-font-size\">Spermidine in health and disease. Madeo F, Eisenberg T, Pietrocola F, Kroemer G. Science. 2018 Jan 26;359(6374).<br><a href=\"http:\/\/dx.doi.org\/10.1126\/science.aan2788\">http:\/\/dx.doi.org\/10.1126\/science.aan2788<\/a><\/li>\n\n\n\n<li class=\"has-small-font-size\">Cardioprotection and lifespan extension by the natural polyamine spermidine.&nbsp; Eisenberg T. et al., Nat Med. 2016 Dec;22(12):1428-1438, Epub 2016 Nov 14.<br><a href=\"http:\/\/dx.doi.org\/10.1038\/nm.4222\">http:\/\/dx.doi.org\/10.1038\/nm.4222<\/a><\/li>\n\n\n\n<li class=\"has-small-font-size\">Schroeder, Hofer, Zimmermann, Pechlaner et al.,&nbsp;Dietary spermidine improves cognitive function.&nbsp;Cell Reports 35, April 2021.<br><a href=\"https:\/\/doi.org\/10.1016\/j.celrep.2021.108985\" target=\"_blank\" rel=\"noreferrer noopener\">https:\/\/doi.org\/10.1016\/j.celrep.2021.108985<\/a><\/li>\n\n\n\n<li class=\"has-small-font-size\">YongTian Liang et al., eIF5A hypusination, boosted by dietary spermidine, protects from premature brain aging and mitochondrial dysfunction. Cell Reports 35, April 2021.<br><a href=\"https:\/\/doi.org\/10.1016\/j.celrep.2021.108941\" target=\"_blank\" rel=\"noreferrer noopener\">https:\/\/doi.org\/10.1016\/j.celrep.2021.108941<\/a><\/li>\n<\/ul>\n<\/div>\n\n\n\n<div style=\"height:50px\" aria-hidden=\"true\" class=\"wp-block-spacer\"><\/div>\n\n\n\n<p><strong><em>Sprechen Sie uns gern auf das Thema an und lassen Sie sich von uns ganz individuell beraten.<\/em><\/strong><\/p>\n\n\n\n<div style=\"height:100px\" aria-hidden=\"true\" class=\"wp-block-spacer\"><\/div>\n\n\n\n<figure class=\"wp-block-image aligncenter size-medium\"><img loading=\"lazy\" decoding=\"async\" width=\"225\" height=\"300\" data-attachment-id=\"9152\" data-permalink=\"https:\/\/www.flora-pharm.de\/blog\/naturheilkunde-und-gesundheit-cover-05-2024\/\" data-orig-file=\"https:\/\/www.flora-pharm.de\/blog\/wp-content\/uploads\/2024\/04\/naturheilkunde-und-gesundheit-cover-05-2024.jpg\" data-orig-size=\"450,600\" data-comments-opened=\"1\" data-image-meta=\"{&quot;aperture&quot;:&quot;0&quot;,&quot;credit&quot;:&quot;&quot;,&quot;camera&quot;:&quot;&quot;,&quot;caption&quot;:&quot;&quot;,&quot;created_timestamp&quot;:&quot;0&quot;,&quot;copyright&quot;:&quot;&quot;,&quot;focal_length&quot;:&quot;0&quot;,&quot;iso&quot;:&quot;0&quot;,&quot;shutter_speed&quot;:&quot;0&quot;,&quot;title&quot;:&quot;&quot;,&quot;orientation&quot;:&quot;1&quot;}\" data-image-title=\"naturheilkunde-und-gesundheit-cover-05-2024\" data-image-description=\"\" data-image-caption=\"&lt;p&gt;Text mit freundlicher Genehmigung der S &amp;#038; D Verlag GmbH. Das komplette \u201cNaturheilkunde &amp;#038; Gesundheit\u201d Heft bekommen Sie auch bei uns in der Apotheke.&lt;\/p&gt;\n\" data-large-file=\"https:\/\/www.flora-pharm.de\/blog\/wp-content\/uploads\/2024\/04\/naturheilkunde-und-gesundheit-cover-05-2024.jpg\" src=\"https:\/\/www.flora-pharm.de\/blog\/wp-content\/uploads\/2024\/04\/naturheilkunde-und-gesundheit-cover-05-2024-225x300.jpg\" alt=\"NuG 5\/24\" class=\"wp-image-9152\" srcset=\"https:\/\/www.flora-pharm.de\/blog\/wp-content\/uploads\/2024\/04\/naturheilkunde-und-gesundheit-cover-05-2024-225x300.jpg 225w, https:\/\/www.flora-pharm.de\/blog\/wp-content\/uploads\/2024\/04\/naturheilkunde-und-gesundheit-cover-05-2024.jpg 450w\" sizes=\"auto, (max-width: 225px) 100vw, 225px\" \/><figcaption class=\"wp-element-caption\">Text mit freundlicher Genehmigung der S &amp; D Verlag GmbH. Das komplette \u201cNaturheilkunde &amp; Gesundheit\u201d Heft bekommen Sie auch bei uns in der Apotheke.<\/figcaption><\/figure>\n","protected":false},"excerpt":{"rendered":"<p>Spermidin wird als Jungbrunnen gehyped, Studien scheinen zumindest einen gewissen Anti-Aging-Effekt zu belegen. Wir fragen nach: Was ist da dran? <\/p>\n","protected":false},"author":1,"featured_media":9159,"comment_status":"open","ping_status":"open","sticky":false,"template":"","format":"standard","meta":{"jetpack_post_was_ever_published":false,"_jetpack_newsletter_access":"","_jetpack_dont_email_post_to_subs":false,"_jetpack_newsletter_tier_id":0,"_jetpack_memberships_contains_paywalled_content":false,"_jetpack_memberships_contains_paid_content":false,"footnotes":""},"categories":[8],"tags":[239,422,714],"class_list":["post-9175","post","type-post","status-publish","format-standard","has-post-thumbnail","hentry","category-wissenswert","tag-ernaehrung","tag-naturheilkunde-und-gesundheit","tag-spermidin","has-post-title","has-post-date","has-post-category","has-post-tag","has-post-comment","has-post-author",""],"jetpack_featured_media_url":"https:\/\/www.flora-pharm.de\/blog\/wp-content\/uploads\/2024\/04\/spermidin-jungbrunnen.jpg","jetpack-related-posts":[{"id":9222,"url":"https:\/\/www.flora-pharm.de\/blog\/wie-schaedlich-ist-nanoplastik\/","url_meta":{"origin":9175,"position":0},"title":"Wie sch\u00e4dlich ist Nanoplastik","author":"Flora Team","date":"4. November 2024","format":false,"excerpt":"Nanoplastik, kleinste Kunststoffteilchen gelangen aus Trinkwasser, Luft und Lebensmitteln in unseren K\u00f6rper. Eine Gefahr f\u00fcr die Gesundheit?","rel":"","context":"In &quot;Wissenswert&quot;","block_context":{"text":"Wissenswert","link":"https:\/\/www.flora-pharm.de\/blog\/category\/wissenswert\/"},"img":{"alt_text":"Wie sch\u00e4dlich ist Nanoplastik?","src":"https:\/\/i0.wp.com\/www.flora-pharm.de\/blog\/wp-content\/uploads\/2024\/05\/nanoplastik-schaedlich.jpg?resize=350%2C200&ssl=1","width":350,"height":200,"srcset":"https:\/\/i0.wp.com\/www.flora-pharm.de\/blog\/wp-content\/uploads\/2024\/05\/nanoplastik-schaedlich.jpg?resize=350%2C200&ssl=1 1x, https:\/\/i0.wp.com\/www.flora-pharm.de\/blog\/wp-content\/uploads\/2024\/05\/nanoplastik-schaedlich.jpg?resize=525%2C300&ssl=1 1.5x, https:\/\/i0.wp.com\/www.flora-pharm.de\/blog\/wp-content\/uploads\/2024\/05\/nanoplastik-schaedlich.jpg?resize=700%2C400&ssl=1 2x, https:\/\/i0.wp.com\/www.flora-pharm.de\/blog\/wp-content\/uploads\/2024\/05\/nanoplastik-schaedlich.jpg?resize=1050%2C600&ssl=1 3x"},"classes":[]},{"id":3185,"url":"https:\/\/www.flora-pharm.de\/blog\/wenn-kinder-schlecht-hoeren\/","url_meta":{"origin":9175,"position":1},"title":"Wenn Kinder schlecht h\u00f6ren","author":"Flora Team","date":"15. April 2016","format":false,"excerpt":"Durch ein H\u00f6rscreening in den ersten drei Lebenstagen k\u00f6nnen H\u00f6rst\u00f6rungen bei Neugeborenen fr\u00fchzeitig erkannt und behandelt werden. Zwei bis drei von 1.000 Kindern werden in Deutschland mit H\u00f6rst\u00f6rungen geboren. Sie h\u00f6ren schlecht oder sind sogar taub. Ein Teil der H\u00f6rst\u00f6rungen ist genetisch bedingt. Infektionen wie Mumps oder Masern sowie Alkoholmissbrauch\u2026","rel":"","context":"In &quot;Wissenswert&quot;","block_context":{"text":"Wissenswert","link":"https:\/\/www.flora-pharm.de\/blog\/category\/wissenswert\/"},"img":{"alt_text":"Mit freundlicher Genehmigung der S & D Verlag GmbH. Das komplette Naturheilkunde und Gesundheit Heft bekommen Sie auch bei uns in der Apotheke.","src":"https:\/\/i0.wp.com\/www.flora-pharm.de\/blog\/wp-content\/uploads\/2016\/04\/naturheilkunde-und-gesundheit-cover-04-2016-225x300.jpg?resize=350%2C200&ssl=1","width":350,"height":200},"classes":[]},{"id":3940,"url":"https:\/\/www.flora-pharm.de\/blog\/natuerlich-gesund-mit-nosoden\/","url_meta":{"origin":9175,"position":2},"title":"Nat\u00fcrlich gesund mit Nosoden","author":"Flora Team","date":"9. M\u00e4rz 2017","format":false,"excerpt":"Vor allem bei Infektionen und chronisch verlaufenden Krankheiten kann der Einsatz von Nosoden \u00e4u\u00dferst wirksam sein. Nach den Vorschriften des Hom\u00f6opathischen Arzneimittelbuches (HAB) sind Nosoden hergestellte Arzneien aus gesundem Gewebe oder K\u00f6rperfl\u00fcssigkeiten, aus Stoffwechselprodukten von Mensch oder Tier, von Mikroorganismen einschlie\u00dflich Viren sowie deren Bestandteile oder Stoffwechselprodukte. Au\u00dferdem werden sie\u2026","rel":"","context":"In &quot;Wissenswert&quot;","block_context":{"text":"Wissenswert","link":"https:\/\/www.flora-pharm.de\/blog\/category\/wissenswert\/"},"img":{"alt_text":"","src":"https:\/\/i0.wp.com\/www.flora-pharm.de\/blog\/wp-content\/uploads\/2017\/03\/Nosoden.jpg?resize=350%2C200&ssl=1","width":350,"height":200,"srcset":"https:\/\/i0.wp.com\/www.flora-pharm.de\/blog\/wp-content\/uploads\/2017\/03\/Nosoden.jpg?resize=350%2C200&ssl=1 1x, https:\/\/i0.wp.com\/www.flora-pharm.de\/blog\/wp-content\/uploads\/2017\/03\/Nosoden.jpg?resize=525%2C300&ssl=1 1.5x, https:\/\/i0.wp.com\/www.flora-pharm.de\/blog\/wp-content\/uploads\/2017\/03\/Nosoden.jpg?resize=700%2C400&ssl=1 2x"},"classes":[]},{"id":5509,"url":"https:\/\/www.flora-pharm.de\/blog\/mesotherapie\/","url_meta":{"origin":9175,"position":3},"title":"Mesotherapie","author":"Flora Team","date":"11. Dezember 2018","format":false,"excerpt":"Es ist noch nicht lange her, dass wir einen Blogpost \u00fcber Glatzenbildung und Haarausfall f\u00fcr unsere Patienten ver\u00f6ffentlich haben, der eine gro\u00dfe Nachfrage nach den dort genannten Therapieans\u00e4tzen erzeugt hat. Aufgrund eines Kommentars der Heilpraktikerin Frau Dr. Annette Pitzer gab es auch viele Fragen zu der von ihr erg\u00e4nzten Mesotherapie.\u2026","rel":"","context":"In &quot;Flora Apotheke&quot;","block_context":{"text":"Flora Apotheke","link":"https:\/\/www.flora-pharm.de\/blog\/category\/flora-apotheke\/"},"img":{"alt_text":"Mesotherapie","src":"https:\/\/i0.wp.com\/www.flora-pharm.de\/blog\/wp-content\/uploads\/2018\/12\/Mesotherapie.jpg?resize=350%2C200&ssl=1","width":350,"height":200,"srcset":"https:\/\/i0.wp.com\/www.flora-pharm.de\/blog\/wp-content\/uploads\/2018\/12\/Mesotherapie.jpg?resize=350%2C200&ssl=1 1x, https:\/\/i0.wp.com\/www.flora-pharm.de\/blog\/wp-content\/uploads\/2018\/12\/Mesotherapie.jpg?resize=525%2C300&ssl=1 1.5x, https:\/\/i0.wp.com\/www.flora-pharm.de\/blog\/wp-content\/uploads\/2018\/12\/Mesotherapie.jpg?resize=700%2C400&ssl=1 2x"},"classes":[]},{"id":8712,"url":"https:\/\/www.flora-pharm.de\/blog\/straffe-beine\/","url_meta":{"origin":9175,"position":4},"title":"Straffe Beine","author":"Flora Team","date":"17. April 2023","format":false,"excerpt":"Die Tage werden l\u00e4nger, die R\u00f6cke k\u00fcrzer. W\u00e4re da nicht Cellulite (Orangenhaut)... Jede hat sie, keine will sie. Was gl\u00e4ttet die Haut?","rel":"","context":"In &quot;Wissenswert&quot;","block_context":{"text":"Wissenswert","link":"https:\/\/www.flora-pharm.de\/blog\/category\/wissenswert\/"},"img":{"alt_text":"straffe beine - cellulite vorbeugen","src":"https:\/\/i0.wp.com\/www.flora-pharm.de\/blog\/wp-content\/uploads\/2023\/03\/straffe-beine-cellulite.jpg?resize=350%2C200&ssl=1","width":350,"height":200,"srcset":"https:\/\/i0.wp.com\/www.flora-pharm.de\/blog\/wp-content\/uploads\/2023\/03\/straffe-beine-cellulite.jpg?resize=350%2C200&ssl=1 1x, https:\/\/i0.wp.com\/www.flora-pharm.de\/blog\/wp-content\/uploads\/2023\/03\/straffe-beine-cellulite.jpg?resize=525%2C300&ssl=1 1.5x, https:\/\/i0.wp.com\/www.flora-pharm.de\/blog\/wp-content\/uploads\/2023\/03\/straffe-beine-cellulite.jpg?resize=700%2C400&ssl=1 2x, https:\/\/i0.wp.com\/www.flora-pharm.de\/blog\/wp-content\/uploads\/2023\/03\/straffe-beine-cellulite.jpg?resize=1050%2C600&ssl=1 3x"},"classes":[]},{"id":3772,"url":"https:\/\/www.flora-pharm.de\/blog\/laserdrucker-emissionen-gesundheitsgefahr\/","url_meta":{"origin":9175,"position":5},"title":"Laserdrucker Emissionen \u2013 Gesundheitsgefahr?","author":"Flora Team","date":"23. Januar 2017","format":false,"excerpt":"Erst mal Luft holen. Aber das Allgemeingut Luft wird hier und da nicht unerheblich belastet. Drau\u00dfen, in unserer Umgebung Wir kennen das Thema Feinstaub im Stra\u00dfenverkehr und die Diskussion um die gesundheitlichen Folgen aus so ziemlich allen Medien. Unter dem Begriff Feinstaub werden der prim\u00e4r emittierte und sekund\u00e4r gebildete Feinstaub\u2026","rel":"","context":"In &quot;Wissenswert&quot;","block_context":{"text":"Wissenswert","link":"https:\/\/www.flora-pharm.de\/blog\/category\/wissenswert\/"},"img":{"alt_text":"","src":"https:\/\/i0.wp.com\/www.flora-pharm.de\/blog\/wp-content\/uploads\/2017\/08\/filtervergleich-alt-neu.jpg?resize=350%2C200&ssl=1","width":350,"height":200,"srcset":"https:\/\/i0.wp.com\/www.flora-pharm.de\/blog\/wp-content\/uploads\/2017\/08\/filtervergleich-alt-neu.jpg?resize=350%2C200&ssl=1 1x, https:\/\/i0.wp.com\/www.flora-pharm.de\/blog\/wp-content\/uploads\/2017\/08\/filtervergleich-alt-neu.jpg?resize=525%2C300&ssl=1 1.5x, https:\/\/i0.wp.com\/www.flora-pharm.de\/blog\/wp-content\/uploads\/2017\/08\/filtervergleich-alt-neu.jpg?resize=700%2C400&ssl=1 2x"},"classes":[]}],"jetpack_sharing_enabled":true,"_links":{"self":[{"href":"https:\/\/www.flora-pharm.de\/blog\/wp-json\/wp\/v2\/posts\/9175","targetHints":{"allow":["GET"]}}],"collection":[{"href":"https:\/\/www.flora-pharm.de\/blog\/wp-json\/wp\/v2\/posts"}],"about":[{"href":"https:\/\/www.flora-pharm.de\/blog\/wp-json\/wp\/v2\/types\/post"}],"author":[{"embeddable":true,"href":"https:\/\/www.flora-pharm.de\/blog\/wp-json\/wp\/v2\/users\/1"}],"replies":[{"embeddable":true,"href":"https:\/\/www.flora-pharm.de\/blog\/wp-json\/wp\/v2\/comments?post=9175"}],"version-history":[{"count":4,"href":"https:\/\/www.flora-pharm.de\/blog\/wp-json\/wp\/v2\/posts\/9175\/revisions"}],"predecessor-version":[{"id":9292,"href":"https:\/\/www.flora-pharm.de\/blog\/wp-json\/wp\/v2\/posts\/9175\/revisions\/9292"}],"wp:featuredmedia":[{"embeddable":true,"href":"https:\/\/www.flora-pharm.de\/blog\/wp-json\/wp\/v2\/media\/9159"}],"wp:attachment":[{"href":"https:\/\/www.flora-pharm.de\/blog\/wp-json\/wp\/v2\/media?parent=9175"}],"wp:term":[{"taxonomy":"category","embeddable":true,"href":"https:\/\/www.flora-pharm.de\/blog\/wp-json\/wp\/v2\/categories?post=9175"},{"taxonomy":"post_tag","embeddable":true,"href":"https:\/\/www.flora-pharm.de\/blog\/wp-json\/wp\/v2\/tags?post=9175"}],"curies":[{"name":"wp","href":"https:\/\/api.w.org\/{rel}","templated":true}]}}