{"id":9235,"date":"2024-06-28T09:55:24","date_gmt":"2024-06-28T07:55:24","guid":{"rendered":"https:\/\/www.flora-pharm.de\/blog\/?p=9235"},"modified":"2024-06-28T09:55:27","modified_gmt":"2024-06-28T07:55:27","slug":"der-sonne-entgegen","status":"publish","type":"post","link":"https:\/\/www.flora-pharm.de\/blog\/der-sonne-entgegen\/","title":{"rendered":"Der Sonne entgegen"},"content":{"rendered":"\n<p>Wir brauchen ihre w\u00e4rmenden Strahlen f\u00fcr starke Knochen, die <a href=\"https:\/\/www.flora-pharm.de\/blog\/tag\/vitamin-d\/\">Vitamin-D<\/a>-Bildung und schlicht f\u00fcrs Gem\u00fct. Doch Helios bringt bekannterma\u00dfen nicht nur Licht, sondern auch gesundheitliche Schatten. Mit diesen 10 Tipps bleiben Sie auf der sicheren Seite der UV-Macht.<\/p>\n\n\n\n<h2 class=\"wp-block-heading\">1. Warnung vor Wechselwirkungen<\/h2>\n\n\n\n<p>Nicht nur Kosmetika, auch viele Arzneistoffe verst\u00e4rken unsere UV-Licht-Empfindlichkeit, etwa einige Antibiotika und Antidepressiva. Gleichsam k\u00f6nnen uns Substanzen gegen Allergien, wie Cetirizin und Loratadin, die Strahlen vermiesen. Sie greifen \u00f6fter zu Schmerzmitteln wie Ibuprofen oder nehmen Cholesterinsenker (u.a. Simvastatin) ein? Dann die Sonne bitte ebenfalls mit Vorsicht und Abstand genie\u00dfen. Selbst pflanzliche Pr\u00e4parate k\u00f6nnen nach Sonnenexposition unerw\u00fcnschte (Haut-)Reaktionen hervorrufen. Zwar reagiert nicht jeder Mensch gleich sensibel. Doch wer auf Medikamente angewiesen ist, sollte dennoch grunds\u00e4tzlich in der Apotheke um Rat fragen \u2013 und zwar bevor es in den Liegestuhl geht.<\/p>\n\n\n\n<h2 class=\"wp-block-heading\">2. Don\u2019t do: Duft &amp; Deo<\/h2>\n\n\n\n<p>Nahtlos leichte Br\u00e4une w\u00fcnschen sich viele von uns. Doch leider wird\u2019s stattdessen oftmals leopardenartig gefleckt, und zwar eher auf die unsch\u00f6ne, als auf die wilde Art. Verantwortlich f\u00fcr dunklere Stellen und den unerw\u00fcnschten Camouflage-Look sind h\u00e4ufig Parf\u00fcms und Deodorants; auch andere Kosmetika k\u00f6nnen zur sogenannten Hyperpigmentierung f\u00fchren. Hierbei reagieren unsere Melanozyten, pigmentbildende Zellen, auf Reize wie \u00e4therische \u00d6le, indem sie vermehrt braunen Farbstoff bilden. Zitronen- und vor allem Bergamotte-\u00d6l geh\u00f6ren etwa zu den \u201e\u00dcbelt\u00e4tern\u201c. Kosmetik- und Parf\u00fcmhersteller setzen heute zwar \u00fcberwiegend auf Inhaltsstoffe, die nicht zu einer sogenannten <a href=\"https:\/\/www.flora-pharm.de\/blog\/photosensibilitaet-ploetzlich-lichtscheu\/\">Photosensibilisierung<\/a> f\u00fchren, doch wer auf Nummer sicher gehen m\u00f6chte, sollte beim Sonnen auf Duft und Make-up verzichten.<\/p>\n\n\n\n<h2 class=\"wp-block-heading\">3. Appsolut sicher<\/h2>\n\n\n\n<p>Technik, die begeistert und sch\u00fctzt: UV-Warn-Apps f\u00fcrs Smartphone, etwa die von der World Health Organization WHO mitentwickelte \u201eSunSmart Global UV App\u201c, verraten uns schon vor dem Sonnenbaden, ob und welche Schutzma\u00dfnahmen f\u00fcr unseren Aufenthaltsort erforderlich sind. Neben dem UV-Index zeigen die Apps auch aktuelle Wetterdaten und solche f\u00fcr die n\u00e4chsten Tage an und empfehlen geeignete Vorkehrungen zur Sonnenpr\u00e4vention.<\/p>\n\n\n\n<h2 class=\"wp-block-heading\">4. Creme auf Repeat<\/h2>\n\n\n\n<p>Damit uns UV-Strahlen nichts anhaben k\u00f6nnen, verwenden wir ein Sonnenschutzpr\u00e4parat. Creme, Spray und Co. gibt\u2019s in der Apotheke auch statt mit chemischen mit mineralischen Filtern \u2013 diese sollten aber aus gesundheitlichen wie \u00f6kologischen Gr\u00fcnden nicht in Nano-Form vorliegen. Wichtig: Der Lichtschutzfaktor entscheidet \u00fcber die Zeit, die wir gesch\u00fctzt in der Sonne verbringen k\u00f6nnen \u2013 er multipliziert die Eigenschutzzeit unserer Haut je nach Hauttyp. Sind das ohne Sunlotion zehn Minuten, verl\u00e4ngert ein LSF von 30 die Frist auf 300 Minuten (10 \u00d7 30). Zumindest theoretisch; Fachleute empfehlen, maximal 60 Prozent dieser Zeit in der Sonne zu verbringen.<\/p>\n\n\n\n<h2 class=\"wp-block-heading\">5. Die richtige Zeitzone<\/h2>\n\n\n\n<p>Die Intensit\u00e4t der UV-Strahlung ist nicht nur abh\u00e4ngig davon, wo wir uns befinden \u2013 Meer und Schnee erh\u00f6hen die Reflexion, in der H\u00f6he steigt sie ebenfalls an \u2013, sondern auch von der Tageszeit. In den meisten Regionen der Welt gilt die gef\u00e4hrliche UVB-Strahlung zwischen 11 und 15 Uhr als am st\u00e4rksten, da die Sonne zu dem Zeitpunkt am h\u00f6chsten steht. Wer einem Sonnenbrand aus dem Weg gehen m\u00f6chte, sollte daher die Mittagshitze meiden und Outdoor-Aktivit\u00e4ten m\u00f6glichst auf die Morgen- und Sp\u00e4tnachmittags- sowie Abendstunden verlegen.<\/p>\n\n\n\n<h2 class=\"wp-block-heading\">6. Iss was?!<\/h2>\n\n\n\n<p>Einen gewissen Sonnenschutz von innen verschaffen uns bestimmte Obst- und Gem\u00fcsesorten, die einen hohen Anteil an Beta-Carotin haben (z. B. Karotten, K\u00fcrbis, Aprikosen, gr\u00fcnes Gem\u00fcse), Lycopin (z.B. Tomaten und Wassermelone) sowie Anthocyane (z. B. Beeren, Kirschen, Trauben) und Flavonoide (z. B. in gr\u00fcnem und schwarzem Tee). Zugegeben, ihre Wirkung ersetzt nat\u00fcrlich keine Sonnencreme, aber zum LSF von 2 bis 3 bei regelm\u00e4\u00dfigem Verzehr kommt auch noch der antioxidative Effekt. Hei\u00dft im Klartext: F\u00e4ltchen durch vorzeitige Hautalterung haben weniger Chancen. Auf Zitrusfr\u00fcchte, Feigen, Pastinaken, Sellerie und Petersilie sollten lichtempfindliche Menschen vor dem Sonnenbad hingegen besser verzichten: Sie k\u00f6nnen das Risiko f\u00fcr eine Dermatitis solaris (Sonnenbrand) erh\u00f6hen.<\/p>\n\n\n\n<h2 class=\"wp-block-heading\">7. Viel hilft viel<\/h2>\n\n\n\n<p>Ja, in puncto Sonnencreme ist dieser Grundsatz tats\u00e4chlich mal zutreffend. Doch die meisten von uns, so zeigten Untersuchungen, verwenden mit nur einem Viertel der empfohlenen Menge viel zu wenig davon. Als Faustregel gilt, f\u00fcrs Gesicht etwa einen Teel\u00f6ffel und auf dem K\u00f6rper ganze drei Essl\u00f6ffel zu verteilen. Beherzigen wir diese Menge, er\u00fcbrigt sich auch meist die Frage, ob eine angebrochene Creme aus dem letzten Sommer noch verwendet werden sollte. Falls Sie aber noch einen Tiegel oder eine Flasche herumstehen haben: Meist betr\u00e4gt die Haltbarkeit zw\u00f6lf Monate, ein Symbol in Form einer Cremedose und die Angabe von z. B. \u201e12 M\u201c gibt dar\u00fcber Aufschluss. Allerdings muss das Produkt hierf\u00fcr ordnungsgem\u00e4\u00df gelagert werden, darf weder Hitze ausgesetzt gewesen sein, noch l\u00e4nger ge\u00f6ffnet gestanden haben. Im Zweifelsfall daher besser entsorgen \u2013 und die aktuelle Lotion einfach in diesem Sommer verbrauchen!<\/p>\n\n\n\n<h2 class=\"wp-block-heading\">8. Brille, bitte<\/h2>\n\n\n\n<p>Intensive Sonne macht nicht nur unserer Haut zu schaffen, auch die Augen leiden unter glei\u00dfendem UV-Licht. Eincremen k\u00f6nnen wir sie nicht, aber schlau bedeckt halten: Mit einer geeigneten Brille l\u00e4sst sich tempor\u00e4ren Sonnensch\u00e4den wie Schwellungen und Bindehautentz\u00fcndung ebenso vorbeugen wie dauerhafter Sehminderung und Netzhautdefekten. Hierzu sollte das Modell alle UV-Strahlen bis zu einer Wellenl\u00e4nge von 400 Nanometern herausfiltern, erkennbar an der Aufschrift \u201eUV400\u201c oder \u201e100 Prozent UV-Schutz\u201c. Ein optimales Gestell deckt die Augen komplett ab und vermeidet Seiteneinstrahlung.<\/p>\n\n\n\n<h2 class=\"wp-block-heading\">9. Verzicht aufs Vorbr\u00e4unen<\/h2>\n\n\n\n<p>Dass das \u201eBraten\u201c im Solarium den Eigenschutz der Haut verbessert, ist leider ein Mythos: Tats\u00e4chlich l\u00e4sst die UVA-Strahlung aus der R\u00f6hre unsere sensible H\u00fclle schneller altern und kann Langzeitsch\u00e4den verursachen. Und \u2013 sorry \u2013 noch mehr Realit\u00e4t: Auch bei der \u201egesunden Sonnenbr\u00e4une\u201c handelt es sich um ein M\u00e4rchen. Die Verf\u00e4rbung stellt vielmehr eine Strategie unserer Haut dar, die dazu dient, sich vor weiteren sch\u00e4dlichen UV-Strahlen zu sch\u00fctzen. Jede Pigmentierung ist daher das Zeichen einer bereits erfolgten Sonnensch\u00e4digung.<\/p>\n\n\n\n<h2 class=\"wp-block-heading\">10. Schatten sch\u00fctzt \u2013 aber&#8230;<\/h2>\n\n\n\n<p>Keine Frage, sich im Hochsommer au\u00dferhalb direkter Sonne aufzuhalten, ist eine gute Idee f\u00fcr die Haut und unseren ganzen Organismus. Vor UV-Sch\u00e4den gefeit sind wir im Schatten aber nicht: Bis zu 70 Prozent der Strahlen erreichen uns auch hier, weshalb unterm Sonnenschirm und selbst bei bedecktem Sommerhimmel Sonnenschutz \u201ePflicht\u201c ist. \u00dcbrigens piesacken uns UVA-Strahlen auch unbemerkt durch Glas: Steht Ihr Schreibtisch vor dem B\u00fcrofenster oder klemmen Sie h\u00e4ufig hinter der Windschutzscheibe Ihres Autos, ebenfalls vorsichtshalber eincremen.<\/p>\n\n\n\n<div style=\"height:50px\" aria-hidden=\"true\" class=\"wp-block-spacer\"><\/div>\n\n\n\n<p>Lesen Sie auch weitere <a href=\"https:\/\/www.flora-pharm.de\/blog\/tag\/sonne\/\">Artikel zum Thema Sommer, Sonne, Sonnenschein<\/a>.<\/p>\n\n\n\n<p><strong><em>Gesundheit aus Ihrer Apotheke \u2013 die Beratung gibt es nat\u00fcrlich kostenlos, individuell und gern dazu.<\/em><\/strong><\/p>\n\n\n\n<div style=\"height:100px\" aria-hidden=\"true\" class=\"wp-block-spacer\"><\/div>\n\n\n\n<figure class=\"wp-block-image aligncenter size-medium\"><img loading=\"lazy\" decoding=\"async\" width=\"225\" height=\"300\" data-attachment-id=\"9229\" data-permalink=\"https:\/\/www.flora-pharm.de\/blog\/naturheilkunde-und-gesundheit-cover-07-2024\/\" data-orig-file=\"https:\/\/www.flora-pharm.de\/blog\/wp-content\/uploads\/2024\/06\/naturheilkunde-und-gesundheit-cover-07-2024.jpg\" data-orig-size=\"450,600\" data-comments-opened=\"1\" data-image-meta=\"{&quot;aperture&quot;:&quot;0&quot;,&quot;credit&quot;:&quot;&quot;,&quot;camera&quot;:&quot;&quot;,&quot;caption&quot;:&quot;&quot;,&quot;created_timestamp&quot;:&quot;0&quot;,&quot;copyright&quot;:&quot;&quot;,&quot;focal_length&quot;:&quot;0&quot;,&quot;iso&quot;:&quot;0&quot;,&quot;shutter_speed&quot;:&quot;0&quot;,&quot;title&quot;:&quot;&quot;,&quot;orientation&quot;:&quot;1&quot;}\" data-image-title=\"naturheilkunde-und-gesundheit-cover-07-2024\" data-image-description=\"\" data-image-caption=\"&lt;p&gt;Text mit freundlicher Genehmigung der S &amp;#038; D Verlag GmbH. Das komplette \u201cNaturheilkunde &amp;#038; Gesundheit\u201d Heft bekommen Sie auch bei uns in der Apotheke.&lt;\/p&gt;\n\" data-large-file=\"https:\/\/www.flora-pharm.de\/blog\/wp-content\/uploads\/2024\/06\/naturheilkunde-und-gesundheit-cover-07-2024.jpg\" src=\"https:\/\/www.flora-pharm.de\/blog\/wp-content\/uploads\/2024\/06\/naturheilkunde-und-gesundheit-cover-07-2024-225x300.jpg\" alt=\"Naturheilkunde &amp; Gesundheit 7\/24\" class=\"wp-image-9229\" srcset=\"https:\/\/www.flora-pharm.de\/blog\/wp-content\/uploads\/2024\/06\/naturheilkunde-und-gesundheit-cover-07-2024-225x300.jpg 225w, https:\/\/www.flora-pharm.de\/blog\/wp-content\/uploads\/2024\/06\/naturheilkunde-und-gesundheit-cover-07-2024.jpg 450w\" sizes=\"auto, (max-width: 225px) 100vw, 225px\" \/><figcaption class=\"wp-element-caption\">Text mit freundlicher Genehmigung der S &#038; D Verlag GmbH. Das komplette \u201cNaturheilkunde &#038; Gesundheit\u201d Heft bekommen Sie auch bei uns in der Apotheke.<\/figcaption><\/figure>\n","protected":false},"excerpt":{"rendered":"<p>Wir sehnen uns nach der Sonne, endlich ist sie da und mit diesen 10 Tipps bleiben Sie sogar auf der sicheren Seite der UV-Macht.<\/p>\n","protected":false},"author":1,"featured_media":9230,"comment_status":"open","ping_status":"open","sticky":false,"template":"","format":"standard","meta":{"jetpack_post_was_ever_published":false,"_jetpack_newsletter_access":"","_jetpack_dont_email_post_to_subs":false,"_jetpack_newsletter_tier_id":0,"_jetpack_memberships_contains_paywalled_content":false,"_jetpack_memberships_contains_paid_content":false,"footnotes":""},"categories":[8],"tags":[422,205,190],"class_list":["post-9235","post","type-post","status-publish","format-standard","has-post-thumbnail","hentry","category-wissenswert","tag-naturheilkunde-und-gesundheit","tag-sonne","tag-urlaub","has-post-title","has-post-date","has-post-category","has-post-tag","has-post-comment","has-post-author",""],"jetpack_featured_media_url":"https:\/\/www.flora-pharm.de\/blog\/wp-content\/uploads\/2024\/06\/der-sonne-entgegen.jpg","jetpack-related-posts":[{"id":11538,"url":"https:\/\/www.flora-pharm.de\/blog\/sunny\/","url_meta":{"origin":9235,"position":0},"title":"Sunny","author":"Flora Team","date":"8. August 2025","format":false,"excerpt":"Sonne ist Licht f\u00fcr die Seele. Aber: UV-Schutz ist wichtig. Welche Sonnencreme ist die richtige und wie viel davon? Antworten auf Fragen \u2026","rel":"","context":"In &quot;Wissenswert&quot;","block_context":{"text":"Wissenswert","link":"https:\/\/www.flora-pharm.de\/blog\/category\/wissenswert\/"},"img":{"alt_text":"Ein Arm wird mit Sonnencreme eingerieben, gro\u00df der Text SUNNY und links oben eine stilisierte Sonne","src":"https:\/\/i0.wp.com\/www.flora-pharm.de\/blog\/wp-content\/uploads\/2025\/08\/sunny-sonnencreme.jpg?resize=350%2C200&ssl=1","width":350,"height":200,"srcset":"https:\/\/i0.wp.com\/www.flora-pharm.de\/blog\/wp-content\/uploads\/2025\/08\/sunny-sonnencreme.jpg?resize=350%2C200&ssl=1 1x, https:\/\/i0.wp.com\/www.flora-pharm.de\/blog\/wp-content\/uploads\/2025\/08\/sunny-sonnencreme.jpg?resize=525%2C300&ssl=1 1.5x, https:\/\/i0.wp.com\/www.flora-pharm.de\/blog\/wp-content\/uploads\/2025\/08\/sunny-sonnencreme.jpg?resize=700%2C400&ssl=1 2x, https:\/\/i0.wp.com\/www.flora-pharm.de\/blog\/wp-content\/uploads\/2025\/08\/sunny-sonnencreme.jpg?resize=1050%2C600&ssl=1 3x"},"classes":[]},{"id":6835,"url":"https:\/\/www.flora-pharm.de\/blog\/photosensibilitaet-ploetzlich-lichtscheu\/","url_meta":{"origin":9235,"position":1},"title":"Photosensibilit\u00e4t &#8211; Pl\u00f6tzlich lichtscheu","author":"Flora Team","date":"21. April 2020","format":false,"excerpt":"Manche Medikamente machen die Haut au\u00dfergew\u00f6hnlich empfindlich gegen\u00fcber Sonnenlicht. Was bedeutet das f\u00fcr den Alltag? Die meisten Menschen wissen, wie viel Sonne sie vertragen. Diese Erfahrungswerte k\u00f6nnen sich mit der Einnahme bestimmter Arzneimittel jedoch verschieben. Dann werden aus Lichtportionen, die bisher problemlos vertragen wurden, pl\u00f6tzlich Gefahren f\u00fcr die Haut. Photosensibilit\u00e4t\u2026","rel":"","context":"In &quot;Wissenswert&quot;","block_context":{"text":"Wissenswert","link":"https:\/\/www.flora-pharm.de\/blog\/category\/wissenswert\/"},"img":{"alt_text":"Photosensibilit\u00e4t - Pl\u00f6tzlich lichtscheu","src":"https:\/\/i0.wp.com\/www.flora-pharm.de\/blog\/wp-content\/uploads\/2020\/04\/photosensibilitaet-lichtscheu.jpg?resize=350%2C200&ssl=1","width":350,"height":200,"srcset":"https:\/\/i0.wp.com\/www.flora-pharm.de\/blog\/wp-content\/uploads\/2020\/04\/photosensibilitaet-lichtscheu.jpg?resize=350%2C200&ssl=1 1x, https:\/\/i0.wp.com\/www.flora-pharm.de\/blog\/wp-content\/uploads\/2020\/04\/photosensibilitaet-lichtscheu.jpg?resize=525%2C300&ssl=1 1.5x, https:\/\/i0.wp.com\/www.flora-pharm.de\/blog\/wp-content\/uploads\/2020\/04\/photosensibilitaet-lichtscheu.jpg?resize=700%2C400&ssl=1 2x"},"classes":[]},{"id":3275,"url":"https:\/\/www.flora-pharm.de\/blog\/sonne-geniessen-ohne-sonnenbrand\/","url_meta":{"origin":9235,"position":2},"title":"Sonne genie\u00dfen \u2013 ohne Sonnenbrand!","author":"Flora Team","date":"6. Juni 2016","format":false,"excerpt":"Die Sonne strahlt, w\u00e4rmt und macht gl\u00fccklich! Doch wer zu viel Sonne abbekommt, erh\u00f6ht sein Risiko f\u00fcr Hautkrebs! \u00a0 Wie k\u00f6nnen Sie sich sch\u00fctzen? Sonnenlicht tut gut! Es regt den Stoffwechsel an und hilft bei der Bildung von Vitamin D. Doch zu viel Sonne kann die Haut sch\u00e4digen und l\u00e4sst\u2026","rel":"","context":"In &quot;Wissenswert&quot;","block_context":{"text":"Wissenswert","link":"https:\/\/www.flora-pharm.de\/blog\/category\/wissenswert\/"},"img":{"alt_text":"","src":"https:\/\/i0.wp.com\/www.flora-pharm.de\/blog\/wp-content\/uploads\/2016\/05\/sonne__copyright-joerg-buetehorn.jpg?resize=350%2C200&ssl=1","width":350,"height":200,"srcset":"https:\/\/i0.wp.com\/www.flora-pharm.de\/blog\/wp-content\/uploads\/2016\/05\/sonne__copyright-joerg-buetehorn.jpg?resize=350%2C200&ssl=1 1x, https:\/\/i0.wp.com\/www.flora-pharm.de\/blog\/wp-content\/uploads\/2016\/05\/sonne__copyright-joerg-buetehorn.jpg?resize=525%2C300&ssl=1 1.5x"},"classes":[]},{"id":8326,"url":"https:\/\/www.flora-pharm.de\/blog\/gut-fuer-haut-und-koralle-sonnencreme\/","url_meta":{"origin":9235,"position":3},"title":"Gut f\u00fcr Haut und Koralle &#8211; Sonnencreme","author":"Flora Team","date":"12. Juli 2022","format":false,"excerpt":"Bestimmte chemische Lichtschutzfilter schaden Korallenriffen. Nun werben Sonnencremes teilweise mit \u201eKorallenfreundlichkeit\u201c. Was bedeutet das?","rel":"","context":"In &quot;Wissenswert&quot;","block_context":{"text":"Wissenswert","link":"https:\/\/www.flora-pharm.de\/blog\/category\/wissenswert\/"},"img":{"alt_text":"Korallenfreundliche Sonnencreme","src":"https:\/\/i0.wp.com\/www.flora-pharm.de\/blog\/wp-content\/uploads\/2022\/07\/haut-und-korallen.jpg?resize=350%2C200&ssl=1","width":350,"height":200,"srcset":"https:\/\/i0.wp.com\/www.flora-pharm.de\/blog\/wp-content\/uploads\/2022\/07\/haut-und-korallen.jpg?resize=350%2C200&ssl=1 1x, https:\/\/i0.wp.com\/www.flora-pharm.de\/blog\/wp-content\/uploads\/2022\/07\/haut-und-korallen.jpg?resize=525%2C300&ssl=1 1.5x, https:\/\/i0.wp.com\/www.flora-pharm.de\/blog\/wp-content\/uploads\/2022\/07\/haut-und-korallen.jpg?resize=700%2C400&ssl=1 2x, https:\/\/i0.wp.com\/www.flora-pharm.de\/blog\/wp-content\/uploads\/2022\/07\/haut-und-korallen.jpg?resize=1050%2C600&ssl=1 3x"},"classes":[]},{"id":4338,"url":"https:\/\/www.flora-pharm.de\/blog\/strahlend-schoene-sommerhaut\/","url_meta":{"origin":9235,"position":4},"title":"Strahlend sch\u00f6ne Sommerhaut","author":"Flora Team","date":"14. August 2017","format":false,"excerpt":"Die Sonne w\u00e4rmt die Seele. F\u00fcr Haut und Haare ist sie eine Strapaze. Mit der richtigen Gesichts- und K\u00f6rperpflege behalten Sie einen k\u00fchlen Kopf. Im Sommer wird alles leichter: die Kleidung, das Essen \u2013 die Hautpflege auch. Ihre fetthaltige Wintercreme hat nun ausgedient. Satteln Sie um auf eine leichte Textur\u2026","rel":"","context":"In &quot;Wissenswert&quot;","block_context":{"text":"Wissenswert","link":"https:\/\/www.flora-pharm.de\/blog\/category\/wissenswert\/"},"img":{"alt_text":"Sommerhaut","src":"https:\/\/i0.wp.com\/www.flora-pharm.de\/blog\/wp-content\/uploads\/2017\/07\/sommerhaut.jpg?resize=350%2C200&ssl=1","width":350,"height":200,"srcset":"https:\/\/i0.wp.com\/www.flora-pharm.de\/blog\/wp-content\/uploads\/2017\/07\/sommerhaut.jpg?resize=350%2C200&ssl=1 1x, https:\/\/i0.wp.com\/www.flora-pharm.de\/blog\/wp-content\/uploads\/2017\/07\/sommerhaut.jpg?resize=525%2C300&ssl=1 1.5x, https:\/\/i0.wp.com\/www.flora-pharm.de\/blog\/wp-content\/uploads\/2017\/07\/sommerhaut.jpg?resize=700%2C400&ssl=1 2x"},"classes":[]},{"id":4601,"url":"https:\/\/www.flora-pharm.de\/blog\/heilende-licht-farben\/","url_meta":{"origin":9235,"position":5},"title":"Heilende Licht-Farben","author":"Flora Team","date":"10. November 2017","format":false,"excerpt":"Licht kann helfen wie ein Medikament - eingesetzt zur richtigen Zeit mit dem richtigen Spektrum und der geeigneten Beleuchtungsst\u00e4rke. Unterschiedliche Wellenl\u00e4ngen werden durch Lichtbrechung in einzelne Bereiche aufgef\u00e4chert. Wir k\u00f6nnen zwar einige Lichtfarben des Spektrums nicht sehen, aber therapeutisch nutzen. Infrarotlicht macht etwa die H\u00e4lfte des Sonnenlichts aus \u2013 unsichtbar,\u2026","rel":"","context":"In &quot;Wissenswert&quot;","block_context":{"text":"Wissenswert","link":"https:\/\/www.flora-pharm.de\/blog\/category\/wissenswert\/"},"img":{"alt_text":"Licht-Farben - Licht-Therapie","src":"https:\/\/i0.wp.com\/www.flora-pharm.de\/blog\/wp-content\/uploads\/2017\/11\/lichttherapie-farben.jpg?resize=350%2C200&ssl=1","width":350,"height":200,"srcset":"https:\/\/i0.wp.com\/www.flora-pharm.de\/blog\/wp-content\/uploads\/2017\/11\/lichttherapie-farben.jpg?resize=350%2C200&ssl=1 1x, https:\/\/i0.wp.com\/www.flora-pharm.de\/blog\/wp-content\/uploads\/2017\/11\/lichttherapie-farben.jpg?resize=525%2C300&ssl=1 1.5x, https:\/\/i0.wp.com\/www.flora-pharm.de\/blog\/wp-content\/uploads\/2017\/11\/lichttherapie-farben.jpg?resize=700%2C400&ssl=1 2x"},"classes":[]}],"jetpack_sharing_enabled":true,"_links":{"self":[{"href":"https:\/\/www.flora-pharm.de\/blog\/wp-json\/wp\/v2\/posts\/9235","targetHints":{"allow":["GET"]}}],"collection":[{"href":"https:\/\/www.flora-pharm.de\/blog\/wp-json\/wp\/v2\/posts"}],"about":[{"href":"https:\/\/www.flora-pharm.de\/blog\/wp-json\/wp\/v2\/types\/post"}],"author":[{"embeddable":true,"href":"https:\/\/www.flora-pharm.de\/blog\/wp-json\/wp\/v2\/users\/1"}],"replies":[{"embeddable":true,"href":"https:\/\/www.flora-pharm.de\/blog\/wp-json\/wp\/v2\/comments?post=9235"}],"version-history":[{"count":1,"href":"https:\/\/www.flora-pharm.de\/blog\/wp-json\/wp\/v2\/posts\/9235\/revisions"}],"predecessor-version":[{"id":9236,"href":"https:\/\/www.flora-pharm.de\/blog\/wp-json\/wp\/v2\/posts\/9235\/revisions\/9236"}],"wp:featuredmedia":[{"embeddable":true,"href":"https:\/\/www.flora-pharm.de\/blog\/wp-json\/wp\/v2\/media\/9230"}],"wp:attachment":[{"href":"https:\/\/www.flora-pharm.de\/blog\/wp-json\/wp\/v2\/media?parent=9235"}],"wp:term":[{"taxonomy":"category","embeddable":true,"href":"https:\/\/www.flora-pharm.de\/blog\/wp-json\/wp\/v2\/categories?post=9235"},{"taxonomy":"post_tag","embeddable":true,"href":"https:\/\/www.flora-pharm.de\/blog\/wp-json\/wp\/v2\/tags?post=9235"}],"curies":[{"name":"wp","href":"https:\/\/api.w.org\/{rel}","templated":true}]}}