{"id":9239,"date":"2024-07-29T09:21:46","date_gmt":"2024-07-29T07:21:46","guid":{"rendered":"https:\/\/www.flora-pharm.de\/blog\/?p=9239"},"modified":"2024-07-29T09:21:49","modified_gmt":"2024-07-29T07:21:49","slug":"keine-angst-vor-ki","status":"publish","type":"post","link":"https:\/\/www.flora-pharm.de\/blog\/keine-angst-vor-ki\/","title":{"rendered":"Keine Angst vor KI"},"content":{"rendered":"\n<p>K\u00fcnstliche Intelligenz \u2013 KI \u2013 Von Weltverbesserer bis Jobkiller: ChatGPT und Co. wird vieles nachgesagt. Tats\u00e4chlich sind sie heute bereits eine Bereicherung unseres Alltags \u2013 oft ohne, dass wir uns dessen bewusst w\u00e4ren&#8230;<\/p>\n\n\n\n<p>Siri, wie komme ich am schnellsten vom Hauptbahnhof in die City? Alexa, weck mich morgen um 6:30 Uhr! Hallo Google, wann hat Deutschland zuletzt die Fu\u00dfball-EM gewonnen? ChatGPT, schreib mir eine Rede zu Onkel Werners 80. Geburtstag \u2026 Unsere kleinen pers\u00f6nlichen Alltags-Assistenzen machen vieles leichter: Vom bequemen \u201eLicht an\u201c, ohne vom Sofa aufzustehen, bis zum Hinweis unseres smarten K\u00fchlschranks, dass das Mindesthaltbarkeitsdatum der Hafermilch morgen abl\u00e4uft. Die K\u00fchlschrank-Kamera scannt dazu das MHD und schickt uns \u00fcber die zugeh\u00f6rige App eine Nachricht aufs Smartphone. Das uns wiederum bei der Terminplanung unterst\u00fctzt, aus unseren miesesten Foto-Gurken perfekte Pics zaubert und als Echtzeit-Navi fungiert: KI macht\u2019s m\u00f6glich!<\/p>\n\n\n\n<p>Das clevere Routing durchs Stra\u00dfendickicht funktioniert \u00fcbrigens nicht nur zu Fu\u00df und f\u00fcr unseren Pkw: Dank \u201eArtificial Intelligence\u201c, kurz AI, kurven allein in San Francisco bereits 250 Robo-Taxis herum, auch in Las Vegas ist ein Trip im selbstfahrenden Auto l\u00e4ngst Wirklichkeit. Hierzulande bringen zahlreiche E-Buslinien von Hamburg bis M\u00fcnchen Menschen in autonomen Fahrzeugen von A nach B.<\/p>\n\n\n\n<div style=\"height:20px\" aria-hidden=\"true\" class=\"wp-block-spacer\"><\/div>\n\n\n\n<h2 class=\"wp-block-heading\">Gesellschaft in Gefahr<\/h2>\n\n\n\n<p>Nat\u00fcrlich hat solche Technologie neben hilfreichen Effekten auch unleugbare Schattenseiten. Mangelnder Datensicherheit, Manipulation von Informationen, sinkender Privatsph\u00e4re sowie Diskriminierung l\u00e4sst sich nur mit klaren Richtlinien zum Einsatz der k\u00fcnstlichen Intelligenz Einhalt gebieten. Die gute Nachricht: Hierzu verabschiedete das EU-Parlament im M\u00e4rz 2024 ein umfangreiches KI-Gesetz. Sogenannte \u201eDeepfakes\u201c \u2013 t\u00e4uschend echt wirkende, aber k\u00fcnstlich erstellte oder ver\u00e4nderte Foto-, Video- oder Sprachaufzeichnungen realer oder virtuell generierter Personen \u2013, zu illegalen Zwecken wie dem \u201eEnkel-Trick\u201c eingesetzt, wird wohl auch das nicht stoppen. Schlie\u00dflich finden Kriminelle immer neue Wege.<\/p>\n\n\n\n<p>Andererseits bietet KI auch umfangreiche M\u00f6glichkeiten, um Verbrechern das Handwerk zu legen. So kann etwa \u201eFace Recognition\u201c mithilfe biometrischer Daten dabei helfen, untergetauchte Straft\u00e4ter ausfindig zu machen. Die Analyse von Daten- und Bildmaterial per Algorithmus ist ebenfalls m\u00f6glich und kann die von Personalmangel geplagte Polizei unterst\u00fctzen.<\/p>\n\n\n\n<p>Doch apropos Personal: Viele Menschen treibt die Sorge um, dass durch k\u00fcnstliche Intelligenz sehr bald zahlreiche Besch\u00e4ftigte ihre Arbeitsstelle verlieren, vor allem am Schreibtisch T\u00e4tige. Laut einer im April 2024 ver\u00f6ffentlichten Umfrage von YouGov im Auftrag des Technologieunternehmens Slack versp\u00fcren 28 Prozent der B\u00fcroangestellten \u00c4ngste, durch die neue Technik bald ohne Job dazustehen. Immerhin 62 Prozent der Befragten hatten diesbez\u00fcglich jedoch keine Bedenken. Ver\u00e4ndern wird sich unsere Arbeitswelt durch den Einfluss von KI auf jeden Fall: F\u00fcr Berufst\u00e4tige gilt daher mehr denn je, sich an neue Arbeitsbedingungen und Technologien anzupassen. Und neben den eigenen Hard auch Soft Skills wie emotionale Intelligenz und kreatives Denken zu verbessern \u2013 also Kompetenzen, die sich nur schwer automatisieren lassen.<\/p>\n\n\n\n<div style=\"height:20px\" aria-hidden=\"true\" class=\"wp-block-spacer\"><\/div>\n\n\n\n<h2 class=\"wp-block-heading\">Gesund auf intelligente Art<\/h2>\n\n\n\n<p>In vielen Arbeitsgebieten ist der Blick auf KI vielmehr hoffnungsvoll als besorgt, etwa im medizinisch-pflegerischen Bereich. Denn neben organisatorischen und analytischen Aufgaben erleichtert intelligente Robotik die Pflegedokumentation und kann zudem Arbeiten erledigen, die viel Zeit in Anspruch nehmen: etwa Spritzen automatisiert aufziehen, Arzneimittel fehlerlos bereitstellen und den Medikationsplan \u00fcberwachen. Auch in der Diagnostik und Therapie ist die moderne Technik nicht mehr wegzudenken. St\u00e4ndig erreicht die Wissenschaft dank Deep-Learning-Algorithmen neue Meilensteine. Die M\u00f6glichkeiten sind enorm \u2013 und wir alle profitieren.<\/p>\n\n\n\n<div style=\"height:20px\" aria-hidden=\"true\" class=\"wp-block-spacer\"><\/div>\n\n\n\n<h2 class=\"wp-block-heading\">K\u00fcnstlich und nat\u00fcrlich n\u00fctzlich<\/h2>\n\n\n\n<p>KI nutzt aber nicht nur uns Menschen. Auch f\u00fcr die Natur kommt sie zum Einsatz, etwa um Wilderei zu bek\u00e4mpfen. KI-\u00fcberwachte Kameras helfen beispielsweise im Naturschutzgebiet Grumeti in Tansania dabei, illegale Aktivit\u00e4ten in Echtzeit aufzudecken. Das System analysiert die Videostreams und erkennt Menschen, Fahrzeuge und Tiere. Im Verdachtsfall, etwa wenn sich Personen unerlaubt in dem Gebiet aufhalten, erhalten die lokalen Ranger eine Warn-SMS.<\/p>\n\n\n\n<p>In der Landwirtschaft kann KI Ernteertr\u00e4ge verbessern und f\u00fcr eine schonendere Anwendung von Chemikalien sorgen. Roboter, die Unkraut von Nutzpflanzen unterscheiden, erm\u00f6glichen gezieltes \u201eSpritzen\u201c, sodass 90 Prozent der Pflanzenschutzmittel eingespart werden k\u00f6nnen.<\/p>\n\n\n\n<p>Auch die genaue Berechnung und Vorhersage von Naturkatastrophen ist durch KI m\u00f6glich, ebenso die Simulation von Erdbeben, Hochwasser und anderen Notf\u00e4llen. Dies erm\u00f6glicht unseren St\u00e4dten und Gemeinden eine bessere Vorbereitung auf solches Unheil und damit eine schnellere Reaktion im Fall des Falles. Leben retten per KI ist also keine Zukunftsvision mehr \u2013 sondern Realit\u00e4t.<\/p>\n\n\n\n<div style=\"height:50px\" aria-hidden=\"true\" class=\"wp-block-spacer\"><\/div>\n\n\n\n<p><strong><em>Wunderbare Welt der Zukunft\u2026 ABER, die Beratung zu Ihren Fragen erfolgt in unserer Flora Apotheke immer noch pers\u00f6nlich durch fachgeschultes und empathisches Personal. Und das wollen wir auch noch gaaaaaanz lange so beibehalten!<\/em><\/strong><\/p>\n\n\n\n<div style=\"height:100px\" aria-hidden=\"true\" class=\"wp-block-spacer\"><\/div>\n\n\n\n<figure class=\"wp-block-image aligncenter size-medium\"><img loading=\"lazy\" decoding=\"async\" width=\"225\" height=\"300\" data-attachment-id=\"9229\" data-permalink=\"https:\/\/www.flora-pharm.de\/blog\/naturheilkunde-und-gesundheit-cover-07-2024\/\" data-orig-file=\"https:\/\/www.flora-pharm.de\/blog\/wp-content\/uploads\/2024\/06\/naturheilkunde-und-gesundheit-cover-07-2024.jpg\" data-orig-size=\"450,600\" data-comments-opened=\"1\" data-image-meta=\"{&quot;aperture&quot;:&quot;0&quot;,&quot;credit&quot;:&quot;&quot;,&quot;camera&quot;:&quot;&quot;,&quot;caption&quot;:&quot;&quot;,&quot;created_timestamp&quot;:&quot;0&quot;,&quot;copyright&quot;:&quot;&quot;,&quot;focal_length&quot;:&quot;0&quot;,&quot;iso&quot;:&quot;0&quot;,&quot;shutter_speed&quot;:&quot;0&quot;,&quot;title&quot;:&quot;&quot;,&quot;orientation&quot;:&quot;1&quot;}\" data-image-title=\"naturheilkunde-und-gesundheit-cover-07-2024\" data-image-description=\"\" data-image-caption=\"&lt;p&gt;Text mit freundlicher Genehmigung der S &amp;#038; D Verlag GmbH. Das komplette \u201cNaturheilkunde &amp;#038; Gesundheit\u201d Heft bekommen Sie auch bei uns in der Apotheke.&lt;\/p&gt;\n\" data-large-file=\"https:\/\/www.flora-pharm.de\/blog\/wp-content\/uploads\/2024\/06\/naturheilkunde-und-gesundheit-cover-07-2024.jpg\" src=\"https:\/\/www.flora-pharm.de\/blog\/wp-content\/uploads\/2024\/06\/naturheilkunde-und-gesundheit-cover-07-2024-225x300.jpg\" alt=\"Naturheilkunde &amp; Gesundheit 7\/24\" class=\"wp-image-9229\" srcset=\"https:\/\/www.flora-pharm.de\/blog\/wp-content\/uploads\/2024\/06\/naturheilkunde-und-gesundheit-cover-07-2024-225x300.jpg 225w, https:\/\/www.flora-pharm.de\/blog\/wp-content\/uploads\/2024\/06\/naturheilkunde-und-gesundheit-cover-07-2024.jpg 450w\" sizes=\"auto, (max-width: 225px) 100vw, 225px\" \/><figcaption class=\"wp-element-caption\">Text mit freundlicher Genehmigung der S &#038; D Verlag GmbH. Das komplette \u201cNaturheilkunde &#038; Gesundheit\u201d Heft bekommen Sie auch bei uns in der Apotheke.<\/figcaption><\/figure>\n","protected":false},"excerpt":{"rendered":"<p>K\u00fcnstliche Intelligenz \u2013 KI \u2013 Von Weltverbesserer bis Jobkiller: ChatGPT und Co. wird vieles nachgesagt, wir schauen uns das mal an.<\/p>\n","protected":false},"author":1,"featured_media":9232,"comment_status":"open","ping_status":"open","sticky":false,"template":"","format":"standard","meta":{"jetpack_post_was_ever_published":false,"_jetpack_newsletter_access":"","_jetpack_dont_email_post_to_subs":false,"_jetpack_newsletter_tier_id":0,"_jetpack_memberships_contains_paywalled_content":false,"_jetpack_memberships_contains_paid_content":false,"footnotes":""},"categories":[8],"tags":[717,422],"class_list":["post-9239","post","type-post","status-publish","format-standard","has-post-thumbnail","hentry","category-wissenswert","tag-kuenstliche-intelligenz","tag-naturheilkunde-und-gesundheit","has-post-title","has-post-date","has-post-category","has-post-tag","has-post-comment","has-post-author",""],"jetpack_featured_media_url":"https:\/\/www.flora-pharm.de\/blog\/wp-content\/uploads\/2024\/06\/keine-angst-vor-ki.jpg","jetpack-related-posts":[{"id":9282,"url":"https:\/\/www.flora-pharm.de\/blog\/gesund-mit-ki\/","url_meta":{"origin":9239,"position":0},"title":"Gesund mit KI","author":"Flora Team","date":"6. Februar 2025","format":false,"excerpt":"Von der Prophylaxe \u00fcber die Diagnose bis hin zur Therapie: K\u00fcnstliche Intelligenz spielt eine immer gr\u00f6\u00dfere und sinnvolle Rolle in der Medizin","rel":"","context":"In &quot;Wissenswert&quot;","block_context":{"text":"Wissenswert","link":"https:\/\/www.flora-pharm.de\/blog\/category\/wissenswert\/"},"img":{"alt_text":"Gesund mit KI \/ AI","src":"https:\/\/i0.wp.com\/www.flora-pharm.de\/blog\/wp-content\/uploads\/2024\/08\/gesund-mit-KI.jpg?resize=350%2C200&ssl=1","width":350,"height":200,"srcset":"https:\/\/i0.wp.com\/www.flora-pharm.de\/blog\/wp-content\/uploads\/2024\/08\/gesund-mit-KI.jpg?resize=350%2C200&ssl=1 1x, https:\/\/i0.wp.com\/www.flora-pharm.de\/blog\/wp-content\/uploads\/2024\/08\/gesund-mit-KI.jpg?resize=525%2C300&ssl=1 1.5x, https:\/\/i0.wp.com\/www.flora-pharm.de\/blog\/wp-content\/uploads\/2024\/08\/gesund-mit-KI.jpg?resize=700%2C400&ssl=1 2x, https:\/\/i0.wp.com\/www.flora-pharm.de\/blog\/wp-content\/uploads\/2024\/08\/gesund-mit-KI.jpg?resize=1050%2C600&ssl=1 3x"},"classes":[]},{"id":6332,"url":"https:\/\/www.flora-pharm.de\/blog\/frische-kicks-fuer-heisse-tage\/","url_meta":{"origin":9239,"position":1},"title":"Frische-Kicks f\u00fcr hei\u00dfe Tage","author":"Flora Team","date":"22. August 2019","format":false,"excerpt":"Ihnen ist hei\u00df? Saskia Fechte hat f\u00fcr Sie Tipps zum Abk\u00fchlen. Warmduscher Klingt unlogisch, ist aber wahr: Warmes Wasser erfrischt mehr als kaltes. Trifft der Organismus auf eine Umgebung unter 20 Grad, f\u00fchlt er sich verpflichtet, die K\u00f6rpertemperatur mit allen Kr\u00e4ften aufrechtzuerhalten. Blutgef\u00e4\u00dfe ziehen sich zusammen, der Kreislauf f\u00e4hrt hoch.\u2026","rel":"","context":"In &quot;Wissenswert&quot;","block_context":{"text":"Wissenswert","link":"https:\/\/www.flora-pharm.de\/blog\/category\/wissenswert\/"},"img":{"alt_text":"Frische-Kicks","src":"https:\/\/i0.wp.com\/www.flora-pharm.de\/blog\/wp-content\/uploads\/2019\/08\/frische-kicks.jpg?resize=350%2C200&ssl=1","width":350,"height":200,"srcset":"https:\/\/i0.wp.com\/www.flora-pharm.de\/blog\/wp-content\/uploads\/2019\/08\/frische-kicks.jpg?resize=350%2C200&ssl=1 1x, https:\/\/i0.wp.com\/www.flora-pharm.de\/blog\/wp-content\/uploads\/2019\/08\/frische-kicks.jpg?resize=525%2C300&ssl=1 1.5x, https:\/\/i0.wp.com\/www.flora-pharm.de\/blog\/wp-content\/uploads\/2019\/08\/frische-kicks.jpg?resize=700%2C400&ssl=1 2x"},"classes":[]},{"id":7359,"url":"https:\/\/www.flora-pharm.de\/blog\/teller-statt-tonne\/","url_meta":{"origin":9239,"position":2},"title":"Teller statt Tonne","author":"Flora Team","date":"1. M\u00e4rz 2021","format":false,"excerpt":"Welke Salatk\u00f6pfe, schrumpelige \u00c4pfel, altbackene Brote, Mahlzeitenreste und sogar unge\u00f6ffnete Milchpackungen und Joghurts\u2026 Jedes Jahr landen allein in Privathaushalten rund sechs Millionen Tonnen Lebensmittel im M\u00fcll, das macht auf den Durchschnittsdeutschen runtergerechnet rund 75 Kilogramm Lebensmittel. Anders ausgedr\u00fcckt: Zwei vollgepackte Einkaufswagen mit Essen wirft jeder Bundesb\u00fcrger weg \u2013 im Wert\u2026","rel":"","context":"In &quot;Wissenswert&quot;","block_context":{"text":"Wissenswert","link":"https:\/\/www.flora-pharm.de\/blog\/category\/wissenswert\/"},"img":{"alt_text":"Teller statt Tonne - Nachhaltig und bewusst einkaufen","src":"https:\/\/i0.wp.com\/www.flora-pharm.de\/blog\/wp-content\/uploads\/2021\/01\/teller-statt-tonne.jpg?resize=350%2C200&ssl=1","width":350,"height":200,"srcset":"https:\/\/i0.wp.com\/www.flora-pharm.de\/blog\/wp-content\/uploads\/2021\/01\/teller-statt-tonne.jpg?resize=350%2C200&ssl=1 1x, https:\/\/i0.wp.com\/www.flora-pharm.de\/blog\/wp-content\/uploads\/2021\/01\/teller-statt-tonne.jpg?resize=525%2C300&ssl=1 1.5x, https:\/\/i0.wp.com\/www.flora-pharm.de\/blog\/wp-content\/uploads\/2021\/01\/teller-statt-tonne.jpg?resize=700%2C400&ssl=1 2x"},"classes":[]},{"id":8318,"url":"https:\/\/www.flora-pharm.de\/blog\/muss-ich-medikamente-im-sommer-im-kuehlschrank-lagern\/","url_meta":{"origin":9239,"position":3},"title":"Muss ich Medikamente im Sommer im K\u00fchlschrank lagern?","author":"Flora Team","date":"4. Juli 2022","format":false,"excerpt":"\u201eMuss ich Medikamente im Sommer im K\u00fchlschrank lagern?\u201c Auf diese Frage antwortet unsere Expertin\/Apothekerin:","rel":"","context":"In &quot;Wissenswert&quot;","block_context":{"text":"Wissenswert","link":"https:\/\/www.flora-pharm.de\/blog\/category\/wissenswert\/"},"img":{"alt_text":"Medikamente im Sommer in den K\u00fchlschrank?","src":"https:\/\/i0.wp.com\/www.flora-pharm.de\/blog\/wp-content\/uploads\/2022\/07\/medikamente-sommer-kuehlschrank.jpg?resize=350%2C200&ssl=1","width":350,"height":200,"srcset":"https:\/\/i0.wp.com\/www.flora-pharm.de\/blog\/wp-content\/uploads\/2022\/07\/medikamente-sommer-kuehlschrank.jpg?resize=350%2C200&ssl=1 1x, https:\/\/i0.wp.com\/www.flora-pharm.de\/blog\/wp-content\/uploads\/2022\/07\/medikamente-sommer-kuehlschrank.jpg?resize=525%2C300&ssl=1 1.5x, https:\/\/i0.wp.com\/www.flora-pharm.de\/blog\/wp-content\/uploads\/2022\/07\/medikamente-sommer-kuehlschrank.jpg?resize=700%2C400&ssl=1 2x, https:\/\/i0.wp.com\/www.flora-pharm.de\/blog\/wp-content\/uploads\/2022\/07\/medikamente-sommer-kuehlschrank.jpg?resize=1050%2C600&ssl=1 3x"},"classes":[]},{"id":5032,"url":"https:\/\/www.flora-pharm.de\/blog\/alles-selbst-gemacht-rezepturen-aus-der-apotheke\/","url_meta":{"origin":9239,"position":4},"title":"Alles selbst gemacht, Rezepturen aus der Apotheke","author":"Flora Team","date":"31. Mai 2018","format":false,"excerpt":"Wer es selbst macht, wei\u00df, was drin ist. Manche Menschen lassen an ihre Haut nur Produkte, die sie ohne Bedenken auch essen w\u00fcrden. Unsere Apotheken-Rezepturen w\u00e4ren theoretisch dazu geeignet, machen aber \u00e4u\u00dferlich mehr Spa\u00df. Wichtigste Zutat: Hygiene Wie beim Kochen ist Sauberkeit bei der Verarbeitung entscheidend. H\u00e4nde, Arbeitsfl\u00e4chen sowie alle\u2026","rel":"","context":"In &quot;Wissenswert&quot;","block_context":{"text":"Wissenswert","link":"https:\/\/www.flora-pharm.de\/blog\/category\/wissenswert\/"},"img":{"alt_text":"DIY Rezepturen Pflegemittel","src":"https:\/\/i0.wp.com\/www.flora-pharm.de\/blog\/wp-content\/uploads\/2018\/05\/Rezepturen-selbst-gemacht.jpg?resize=350%2C200&ssl=1","width":350,"height":200,"srcset":"https:\/\/i0.wp.com\/www.flora-pharm.de\/blog\/wp-content\/uploads\/2018\/05\/Rezepturen-selbst-gemacht.jpg?resize=350%2C200&ssl=1 1x, https:\/\/i0.wp.com\/www.flora-pharm.de\/blog\/wp-content\/uploads\/2018\/05\/Rezepturen-selbst-gemacht.jpg?resize=525%2C300&ssl=1 1.5x, https:\/\/i0.wp.com\/www.flora-pharm.de\/blog\/wp-content\/uploads\/2018\/05\/Rezepturen-selbst-gemacht.jpg?resize=700%2C400&ssl=1 2x"},"classes":[]},{"id":8999,"url":"https:\/\/www.flora-pharm.de\/blog\/adieu-zucker-mit-rezept-zuckerfreier-maulwurfkuchen\/","url_meta":{"origin":9239,"position":5},"title":"Adieu Zucker (mit Rezept: zuckerfreier Maulwurfkuchen)","author":"Flora Team","date":"11. Januar 2024","format":false,"excerpt":"Zucker! Macht er wirklich s\u00fcchtig? Sind die s\u00fc\u00dfen Kristalle der Ursprung aller Zivilisationskrankheiten? Weniger Zucker ist in jedem Fall eine gute Idee.","rel":"","context":"In &quot;Rezept&quot;","block_context":{"text":"Rezept","link":"https:\/\/www.flora-pharm.de\/blog\/category\/rezept\/"},"img":{"alt_text":"Raus aus der Zuckersucht","src":"https:\/\/i0.wp.com\/www.flora-pharm.de\/blog\/wp-content\/uploads\/2024\/01\/endlich-zuckerfrei.jpg?resize=350%2C200&ssl=1","width":350,"height":200,"srcset":"https:\/\/i0.wp.com\/www.flora-pharm.de\/blog\/wp-content\/uploads\/2024\/01\/endlich-zuckerfrei.jpg?resize=350%2C200&ssl=1 1x, https:\/\/i0.wp.com\/www.flora-pharm.de\/blog\/wp-content\/uploads\/2024\/01\/endlich-zuckerfrei.jpg?resize=525%2C300&ssl=1 1.5x, https:\/\/i0.wp.com\/www.flora-pharm.de\/blog\/wp-content\/uploads\/2024\/01\/endlich-zuckerfrei.jpg?resize=700%2C400&ssl=1 2x, https:\/\/i0.wp.com\/www.flora-pharm.de\/blog\/wp-content\/uploads\/2024\/01\/endlich-zuckerfrei.jpg?resize=1050%2C600&ssl=1 3x"},"classes":[]}],"jetpack_sharing_enabled":true,"_links":{"self":[{"href":"https:\/\/www.flora-pharm.de\/blog\/wp-json\/wp\/v2\/posts\/9239","targetHints":{"allow":["GET"]}}],"collection":[{"href":"https:\/\/www.flora-pharm.de\/blog\/wp-json\/wp\/v2\/posts"}],"about":[{"href":"https:\/\/www.flora-pharm.de\/blog\/wp-json\/wp\/v2\/types\/post"}],"author":[{"embeddable":true,"href":"https:\/\/www.flora-pharm.de\/blog\/wp-json\/wp\/v2\/users\/1"}],"replies":[{"embeddable":true,"href":"https:\/\/www.flora-pharm.de\/blog\/wp-json\/wp\/v2\/comments?post=9239"}],"version-history":[{"count":1,"href":"https:\/\/www.flora-pharm.de\/blog\/wp-json\/wp\/v2\/posts\/9239\/revisions"}],"predecessor-version":[{"id":9240,"href":"https:\/\/www.flora-pharm.de\/blog\/wp-json\/wp\/v2\/posts\/9239\/revisions\/9240"}],"wp:featuredmedia":[{"embeddable":true,"href":"https:\/\/www.flora-pharm.de\/blog\/wp-json\/wp\/v2\/media\/9232"}],"wp:attachment":[{"href":"https:\/\/www.flora-pharm.de\/blog\/wp-json\/wp\/v2\/media?parent=9239"}],"wp:term":[{"taxonomy":"category","embeddable":true,"href":"https:\/\/www.flora-pharm.de\/blog\/wp-json\/wp\/v2\/categories?post=9239"},{"taxonomy":"post_tag","embeddable":true,"href":"https:\/\/www.flora-pharm.de\/blog\/wp-json\/wp\/v2\/tags?post=9239"}],"curies":[{"name":"wp","href":"https:\/\/api.w.org\/{rel}","templated":true}]}}