{"id":9243,"date":"2024-08-30T11:16:54","date_gmt":"2024-08-30T09:16:54","guid":{"rendered":"https:\/\/www.flora-pharm.de\/blog\/?p=9243"},"modified":"2024-08-30T11:16:58","modified_gmt":"2024-08-30T09:16:58","slug":"vegan-auf-probe-rezept-quinoa-salat","status":"publish","type":"post","link":"https:\/\/www.flora-pharm.de\/blog\/vegan-auf-probe-rezept-quinoa-salat\/","title":{"rendered":"Vegan auf Probe (+Rezept Quinoa-Salat)"},"content":{"rendered":"\n<p>Sie sind neugierig auf den Fleischlos-Trend? M\u00f6chten ausprobieren, wie Ihnen tierfreies Essen schmeckt? Dann los \u2013 wir helfen beim Vegan-Start.<\/p>\n\n\n\n<p>Eigentlich ist ja der \u201eVeganuary\u201c zum Jahresanfang der allseits propagierte Zeitpunkt f\u00fcr eine fleischlose Testphase. Aber hey, wann locken mehr knackfrische Salate und buntes Gem\u00fcse, vielleicht sogar aus dem eigenen Hochbeet? Genau: <strong>Jetzt!<\/strong> Und deswegen finden wir: Der Sommer ist die ideale Saison, um mit der veganen Lebensweise auf Tuchf\u00fchlung zu gehen. Zudem versp\u00fcren wir bei warmen Temperaturen sowieso mehr Lust auf leichte und gesunde Kost. Im Winter hungern wir dagegen eher nach w\u00e4rmenden Kalorien und fettreichen Seelenschmeichlern. Egal zu welcher Jahreszeit, Gr\u00fcnde gibt\u2019s genug: Tierwohl, Klimaschutz und die eigene Gesundheit. Genug der Vorworte, los geht\u2019s!<br>PS: <a href=\"https:\/\/www.flora-pharm.de\/blog\/vegan-leben-warum-eigentlich\/\"><strong>Vegan leben \u2013 warum eigentlich?<\/strong><\/a><\/p>\n\n\n\n<h2 class=\"wp-block-heading\">Was geht nicht?<\/h2>\n\n\n\n<p>Auf alle Produkte tierischer Herkunft zu verzichten, klingt simpel, erweist sich in der Praxis jedoch als knifflig. Nat\u00fcrlich fallen Fleisch, Fisch, Milchprodukte und Eier aus dem Speiseplan. Damit auch Wurst, K\u00e4se, Joghurt, Butter, Sahne und Honig. Im Kleingedruckten weiterhin Laktose, tierisches Lab und Gelatine. Keine Panik: Machen Sie sich nicht verr\u00fcckt, falls Sie aus Versehen doch mal das Molkepulver in der Zutatenliste \u00fcbersehen haben! Nach ein paar Tagen \u00dcbung sp\u00fcren Sie auch verd\u00e4chtige Details mit Profiblick auf.<\/p>\n\n\n\n<h2 class=\"wp-block-heading\">Kein Verzicht, sondern Gewinn<\/h2>\n\n\n\n<p>Da bleibt ja nichts mehr \u00fcbrig, denken Sie? Mitnichten! Erlaubt ist ALLES andere. Und die Welt der pflanzlichen K\u00f6stlichkeiten ist gro\u00df und bunt, s\u00e4ttigend und abwechslungsreich. Viele verlieben sich w\u00e4hrend ihrer veganen Probezeit in bislang unbekannte Leckereien: Amaranth und Quinoa, Polenta und Bulgur, Portobellopilze und Jackfrucht, Seidentofu und Sesammus. Was den tierfreien Teller bereichert, sind vor allem Getreide, H\u00fclsenfr\u00fcchte, N\u00fcsse und Kerne. Sie liefern wertvolles Eiwei\u00df, gesunde Fette und machen richtig sch\u00f6n satt.<\/p>\n\n\n\n<h2 class=\"wp-block-heading\">Fleischeslust austricksen<\/h2>\n\n\n\n<p>Es f\u00e4llt Ihnen schwer, auf Schnitzel und Leberwurst zu verzichten? Probieren Sie sich durch die riesige Auswahl der Alternativprodukte! Sie werden erstaunt sein, was es alles gibt: veganen \u201eThunfisch\u201c, \u201eMortadella\u201c, \u201eKebab\u201c und \u201eEiersalat\u201c &#8230; Geschmack und Mundgef\u00fchl liegen oft beeindruckend nah am Original. Die Doppelg\u00e4nger bestehen meist aus Weizen, Soja, Erbsen oder Linsen. Kleiner Wermutstropfen: Im Pseudofleisch stecken teilweise etliche Zusatzstoffe, Aromen, viel Salz und hohe Fettgehalte. Hier lohnt der aufmerksame Blick auf die Zutatenliste und N\u00e4hrwertangaben. Vollwertiger und gar nicht so kompliziert ist es, Aufstriche und Burgerpattys selbst zu zaubern. Versuchen Sie, nach und nach weniger Fertigprodukte zu verwenden.<\/p>\n\n\n\n<h2 class=\"wp-block-heading\">Austauschen f\u00fcr Einsteiger<\/h2>\n\n\n\n<p>Was kommt nun ganz konkret auf den Teller? Zum Fr\u00fchst\u00fcck schmeckt M\u00fcsli mit Vollkornflocken, Obst und Mandeldrink, alternativ \u00fcberzeugen Gem\u00fcseaufstriche und Hummus auf dem Brot. Warme Mahlzeiten mit Suchtfaktor sind Gem\u00fcsecurrys, Bratlinge mit Dips, Chili sin carne und Ofengem\u00fcse. Sowieso muss nicht alles neu gedacht werden! Pasta, Pizza, Aufl\u00e4ufe und andere Lieblingsessen schmecken ohne tierische Zutaten fantastisch. Vegane Rezeptvorlagen sind vor allem anfangs motivierende Appetizer mit Gelingsicherheit. Spezielle Kochb\u00fccher und Foren f\u00fcr vegane Ern\u00e4hrung bieten dar\u00fcber hinaus grundlegende Alternativen f\u00fcr So\u00dfen, Mayo, Bindemittel und Co. Etwas anspruchsvoller sind vegane Desserts und Kuchen, aber auch das ist mit einem bew\u00e4hrten Rezept und sp\u00e4ter mit Erfahrung kein Problem.<\/p>\n\n\n\n<h2 class=\"wp-block-heading\">N\u00e4hrstoffe en masse<\/h2>\n\n\n\n<p>F\u00fcr Veganer gilt wie bei jeder anderen Ern\u00e4hrungsweise: Wer abwechslungsreich und m\u00f6glichst unverarbeitete Lebensmittel isst, kriegt alle wichtigen N\u00e4hrstoffe. Studien zeigen, dass Menschen mehr Vitamine, Mineral- und Ballaststoffe aufnehmen, wenn sie pflanzenbetont essen. Eine Ausnahme ist <a href=\"https:\/\/www.flora-pharm.de\/blog\/vitamin-b12-mangel\/\">Vitamin B12<\/a>: Es kommt nur in tierischen Produkten vor und muss bei langfristiger veganer Lebensweise erg\u00e4nzt werden. F\u00fcr eine vierw\u00f6chige Testphase reichen die B12-Speicher aber problemlos aus. Wenn Sie schwanger sind, stillen oder wenn Kinder mitessen, geben \u00c4rzte und zertifizierte Ern\u00e4hrungsberater wichtige Tipps.<br>PS: <a href=\"https:\/\/www.flora-pharm.de\/blog\/veganerin-das-sollten-sie-beachten\/\"><strong>Veganer\/in? Das sollten Sie beachten\u2026<\/strong><\/a><\/p>\n\n\n\n<h2 class=\"wp-block-heading\">Starter-Tipps<\/h2>\n\n\n\n<ul class=\"wp-block-list\">\n<li>Checken Sie Ihre Schr\u00e4nke und Zutaten: Vieles ist vermutlich schon vegan.<\/li>\n\n\n\n<li>Legen Sie sich einen Grundvorrat an: Pflanzen\u00f6le, pflanzliche Milch- und Butteralternativen, N\u00fcsse, H\u00fclsenfr\u00fcchte wie Kichererbsen oder Linsen, Tofu oder Seitan, Reis, Kartoffeln und eifreie Pasta.<\/li>\n\n\n\n<li>Planen Sie, was Sie in den n\u00e4chsten Tagen essen m\u00f6chten, und kaufen Sie hierf\u00fcr gezielt ein.<\/li>\n\n\n\n<li>Legen Sie eine Notration an, falls der Hei\u00dfhunger kommt oder es mal schnell gehen muss. Da darf es auch mal ein Fertiggericht aus der Tiefk\u00fchltruhe sein.<\/li>\n<\/ul>\n\n\n\n<div style=\"height:25px\" aria-hidden=\"true\" class=\"wp-block-spacer\"><\/div>\n\n\n\n<p>Viele weitere Artikel rund um das <a href=\"https:\/\/www.flora-pharm.de\/blog\/tag\/vegan\/\">Thema vegane Ern\u00e4hrung finden Sie hier im Blog<\/a>.<\/p>\n\n\n\n<p><strong><em>Bei Fragen helfen wir Ihnen nat\u00fcrlich gern weiter und beraten Sie.<\/em><\/strong><\/p>\n\n\n\n<div style=\"height:100px\" aria-hidden=\"true\" class=\"wp-block-spacer\"><\/div>\n\n\n\n<p><strong><em>Hmm, lecker! Appetit auf vegane Kost macht das folgende Rezept von K\u00f6chin und Ern\u00e4hrungswissenschaftlerin Anne-Katrin Weber:<\/em><\/strong><\/p>\n\n\n\n<h1 class=\"wp-block-heading\">Quinoa-Salat mit Feigen, Feta und gr\u00fcnen Bohnen<\/h1>\n\n\n\n<p>Quinoa punktet als gesunde Eiwei\u00dfquelle und \u00fcberzeugt obendrein mit einem nussigen Geschmack. Die kleinen K\u00f6rnchen sind au\u00dferdem ruckzuck gar \u2013 perfekt f\u00fcr die schnelle Sommerk\u00fcche!<\/p>\n\n\n\n<h3 class=\"wp-block-heading\">Zutaten f\u00fcr 2 Portionen<\/h3>\n\n\n\n<p><em>F\u00fcr den Salat:<\/em><br>125 g Quinoa<br>200 g gr\u00fcne Bohnen<br>150 g Kirschtomaten<br>2 Feigen<br>75 g veganer Feta<br>4\u20135 St\u00e4ngel Minze<br>Salz<\/p>\n\n\n\n<p><em>F\u00fcr die Sauce:<\/em><br>1 Biozitrone<br>3 EL Oliven\u00f6l<br>1 TL Agavensirup<br>1 TL Chiliflocken<br>Salz<\/p>\n\n\n\n<h3 class=\"wp-block-heading\"><strong>Zubereitung<\/strong><\/h3>\n\n\n\n<ol class=\"wp-block-list\">\n<li>F\u00fcr den Salat die Quinoa in ein feines Sieb geben, unter flie\u00dfendem Wasser gr\u00fcndlich abbrausen und in einen Topf geben. Mit Wasser bedecken, salzen und insgesamt 15 Minuten kochen.<\/li>\n\n\n\n<li>W\u00e4hrenddessen die Bohnen putzen, waschen, in kurze St\u00fccke schneiden, nach 8 Minuten Kochzeit zur Quinoa geben und noch etwa 7 Minuten mitkochen. Quinoa und Bohnen in ein Sieb abgie\u00dfen, kalt abschrecken und abtropfen lassen.<\/li>\n\n\n\n<li>Inzwischen die Tomaten waschen und in Scheiben schneiden. Feigen waschen und in Spalten schneiden. Den Feta w\u00fcrfeln. Minze waschen und die Bl\u00e4tter zerzupfen. Alles in eine Sch\u00fcssel geben und die Quinoa-Bohnen-Mischung unterheben.<\/li>\n\n\n\n<li>F\u00fcr die Sauce die Zitrone hei\u00df waschen, trocken tupfen, die Schale fein abreiben und den Saft auspressen. Zitronenschale, 3 EL Zitronensaft, Oliven\u00f6l, Agavensirup, Chiliflocken und etwas Salz verquirlen. \u00dcber den Salat tr\u00e4ufeln, mischen und einige Minuten ziehen lassen. Dann abschmecken, in zwei Schalen f\u00fcllen und genie\u00dfen.<\/li>\n<\/ol>\n\n\n\n<div style=\"height:20px\" aria-hidden=\"true\" class=\"wp-block-spacer\"><\/div>\n\n\n\n<p><strong><em>Team Flora w\u00fcnscht viel Spa\u00df beim Ausprobieren\u2026<\/em><\/strong><\/p>\n\n\n\n<div style=\"height:100px\" aria-hidden=\"true\" class=\"wp-block-spacer\"><\/div>\n\n\n\n<figure class=\"wp-block-image aligncenter size-medium\"><img loading=\"lazy\" decoding=\"async\" width=\"225\" height=\"300\" data-attachment-id=\"9229\" data-permalink=\"https:\/\/www.flora-pharm.de\/blog\/naturheilkunde-und-gesundheit-cover-07-2024\/\" data-orig-file=\"https:\/\/www.flora-pharm.de\/blog\/wp-content\/uploads\/2024\/06\/naturheilkunde-und-gesundheit-cover-07-2024.jpg\" data-orig-size=\"450,600\" data-comments-opened=\"1\" data-image-meta=\"{&quot;aperture&quot;:&quot;0&quot;,&quot;credit&quot;:&quot;&quot;,&quot;camera&quot;:&quot;&quot;,&quot;caption&quot;:&quot;&quot;,&quot;created_timestamp&quot;:&quot;0&quot;,&quot;copyright&quot;:&quot;&quot;,&quot;focal_length&quot;:&quot;0&quot;,&quot;iso&quot;:&quot;0&quot;,&quot;shutter_speed&quot;:&quot;0&quot;,&quot;title&quot;:&quot;&quot;,&quot;orientation&quot;:&quot;1&quot;}\" data-image-title=\"naturheilkunde-und-gesundheit-cover-07-2024\" data-image-description=\"\" data-image-caption=\"&lt;p&gt;Text mit freundlicher Genehmigung der S &amp;#038; D Verlag GmbH. Das komplette \u201cNaturheilkunde &amp;#038; Gesundheit\u201d Heft bekommen Sie auch bei uns in der Apotheke.&lt;\/p&gt;\n\" data-large-file=\"https:\/\/www.flora-pharm.de\/blog\/wp-content\/uploads\/2024\/06\/naturheilkunde-und-gesundheit-cover-07-2024.jpg\" src=\"https:\/\/www.flora-pharm.de\/blog\/wp-content\/uploads\/2024\/06\/naturheilkunde-und-gesundheit-cover-07-2024-225x300.jpg\" alt=\"Naturheilkunde &amp; Gesundheit 7\/24\" class=\"wp-image-9229\" srcset=\"https:\/\/www.flora-pharm.de\/blog\/wp-content\/uploads\/2024\/06\/naturheilkunde-und-gesundheit-cover-07-2024-225x300.jpg 225w, https:\/\/www.flora-pharm.de\/blog\/wp-content\/uploads\/2024\/06\/naturheilkunde-und-gesundheit-cover-07-2024.jpg 450w\" sizes=\"auto, (max-width: 225px) 100vw, 225px\" \/><figcaption class=\"wp-element-caption\">Text mit freundlicher Genehmigung der S &#038; D Verlag GmbH. Das komplette \u201cNaturheilkunde &#038; Gesundheit\u201d Heft bekommen Sie auch bei uns in der Apotheke.<\/figcaption><\/figure>\n","protected":false},"excerpt":{"rendered":"<p>Vegan? Tierfreie Ern\u00e4hren?? Neugierig??? Einfach mal ausprobieren! Jetzt ist der beste Zeitpunkt, da Salate und frische Gem\u00fcse Hochsaison haben.<\/p>\n","protected":false},"author":1,"featured_media":9234,"comment_status":"open","ping_status":"open","sticky":false,"template":"","format":"standard","meta":{"jetpack_post_was_ever_published":false,"_jetpack_newsletter_access":"","_jetpack_dont_email_post_to_subs":false,"_jetpack_newsletter_tier_id":0,"_jetpack_memberships_contains_paywalled_content":false,"_jetpack_memberships_contains_paid_content":false,"footnotes":""},"categories":[360,8],"tags":[239,422,451],"class_list":["post-9243","post","type-post","status-publish","format-standard","has-post-thumbnail","hentry","category-rezept","category-wissenswert","tag-ernaehrung","tag-naturheilkunde-und-gesundheit","tag-vegan","has-post-title","has-post-date","has-post-category","has-post-tag","has-post-comment","has-post-author",""],"jetpack_featured_media_url":"https:\/\/www.flora-pharm.de\/blog\/wp-content\/uploads\/2024\/06\/vegan-auf-probe.jpg","jetpack-related-posts":[{"id":9286,"url":"https:\/\/www.flora-pharm.de\/blog\/veggie-fuer-den-wauzi\/","url_meta":{"origin":9243,"position":0},"title":"Veggie f\u00fcr den Wauzi","author":"Flora Team","date":"17. Oktober 2024","format":false,"excerpt":"Die Zukunft isst fleischlos \u2013 dahin geht der Trend. Frauchen und Herrchen machen es schon mehr oder weniger. Und was ist mit dem Hund?","rel":"","context":"In &quot;Haustiere&quot;","block_context":{"text":"Haustiere","link":"https:\/\/www.flora-pharm.de\/blog\/category\/haustiere\/"},"img":{"alt_text":"Fleischlose Ern\u00e4hrung f\u00fcr den Hund","src":"https:\/\/i0.wp.com\/www.flora-pharm.de\/blog\/wp-content\/uploads\/2024\/08\/veggie-fuer-wauzi.jpg?resize=350%2C200&ssl=1","width":350,"height":200,"srcset":"https:\/\/i0.wp.com\/www.flora-pharm.de\/blog\/wp-content\/uploads\/2024\/08\/veggie-fuer-wauzi.jpg?resize=350%2C200&ssl=1 1x, https:\/\/i0.wp.com\/www.flora-pharm.de\/blog\/wp-content\/uploads\/2024\/08\/veggie-fuer-wauzi.jpg?resize=525%2C300&ssl=1 1.5x, https:\/\/i0.wp.com\/www.flora-pharm.de\/blog\/wp-content\/uploads\/2024\/08\/veggie-fuer-wauzi.jpg?resize=700%2C400&ssl=1 2x, https:\/\/i0.wp.com\/www.flora-pharm.de\/blog\/wp-content\/uploads\/2024\/08\/veggie-fuer-wauzi.jpg?resize=1050%2C600&ssl=1 3x"},"classes":[]},{"id":8737,"url":"https:\/\/www.flora-pharm.de\/blog\/ostern-geht-auch-ei-frei\/","url_meta":{"origin":9243,"position":1},"title":"Ostern geht auch Ei-frei","author":"Flora Team","date":"4. April 2023","format":false,"excerpt":"Ostern ohne Eier? Gr\u00fcnde gibt es viele. Aber wie verwendet man vegane Ei-Alternativen wie Samen, Fruchtmus, Mehl oder St\u00e4rke f\u00fcr S\u00fc\u00dfes und Herzhaftes?","rel":"","context":"In &quot;Wissenswert&quot;","block_context":{"text":"Wissenswert","link":"https:\/\/www.flora-pharm.de\/blog\/category\/wissenswert\/"},"img":{"alt_text":"vegane Ostern - ohne Eier","src":"https:\/\/i0.wp.com\/www.flora-pharm.de\/blog\/wp-content\/uploads\/2023\/03\/ostern-ei-frei-vegan.jpg?resize=350%2C200&ssl=1","width":350,"height":200,"srcset":"https:\/\/i0.wp.com\/www.flora-pharm.de\/blog\/wp-content\/uploads\/2023\/03\/ostern-ei-frei-vegan.jpg?resize=350%2C200&ssl=1 1x, https:\/\/i0.wp.com\/www.flora-pharm.de\/blog\/wp-content\/uploads\/2023\/03\/ostern-ei-frei-vegan.jpg?resize=525%2C300&ssl=1 1.5x, https:\/\/i0.wp.com\/www.flora-pharm.de\/blog\/wp-content\/uploads\/2023\/03\/ostern-ei-frei-vegan.jpg?resize=700%2C400&ssl=1 2x, https:\/\/i0.wp.com\/www.flora-pharm.de\/blog\/wp-content\/uploads\/2023\/03\/ostern-ei-frei-vegan.jpg?resize=1050%2C600&ssl=1 3x"},"classes":[]},{"id":7132,"url":"https:\/\/www.flora-pharm.de\/blog\/heute-esse-ich-gesuender\/","url_meta":{"origin":9243,"position":2},"title":"\u201eHeute esse ich ges\u00fcnder!\u201c","author":"Flora Team","date":"30. September 2020","format":false,"excerpt":"Nat\u00fcrlich, frisch und einfach lecker: F\u00fcr Sternekoch Johann Lafer ist Essen eine Leidenschaft. Mit nachhaltigen, regionalen, pflanzlichen Lebensmitteln bringt er Schmackhaftes ohne Schnickschnack auf den Teller. Im Interview mit Andrea Neuen spricht der beliebte Fernsehkoch \u00fcber Gesundheit und Genuss. Herr Lafer, 2019 haben Sie Ihr Sterne-Restaurant geschlossen. Sind Sie manchmal\u2026","rel":"","context":"In &quot;Wissenswert&quot;","block_context":{"text":"Wissenswert","link":"https:\/\/www.flora-pharm.de\/blog\/category\/wissenswert\/"},"img":{"alt_text":"Johann Lafer im Interview","src":"https:\/\/i0.wp.com\/www.flora-pharm.de\/blog\/wp-content\/uploads\/2020\/09\/gesuender-essen-lafer.jpg?resize=350%2C200&ssl=1","width":350,"height":200,"srcset":"https:\/\/i0.wp.com\/www.flora-pharm.de\/blog\/wp-content\/uploads\/2020\/09\/gesuender-essen-lafer.jpg?resize=350%2C200&ssl=1 1x, https:\/\/i0.wp.com\/www.flora-pharm.de\/blog\/wp-content\/uploads\/2020\/09\/gesuender-essen-lafer.jpg?resize=525%2C300&ssl=1 1.5x, https:\/\/i0.wp.com\/www.flora-pharm.de\/blog\/wp-content\/uploads\/2020\/09\/gesuender-essen-lafer.jpg?resize=700%2C400&ssl=1 2x"},"classes":[]},{"id":4274,"url":"https:\/\/www.flora-pharm.de\/blog\/vegan-leben-warum-eigentlich\/","url_meta":{"origin":9243,"position":3},"title":"Vegan leben \u2013 warum eigentlich?","author":"Flora Team","date":"23. Juni 2017","format":false,"excerpt":"Diese Frage stellen sich viele Menschen, die auf Tierfrei-Produkte und deren Fans sto\u00dfen. Wer Veganer nach ihren Gr\u00fcnden fragt, erh\u00e4lt unterschiedliche Antworten. Meist ist die pers\u00f6nliche Vegan-Philosophie ein Mix aus mehreren Beweggr\u00fcnden! Die Tiere Allein in Deutschland werden j\u00e4hrlich etwa 7,9 Millionen Schweine, H\u00fchner und andere Tiere geschlachtet, weltweit mehr\u2026","rel":"","context":"In &quot;Wissenswert&quot;","block_context":{"text":"Wissenswert","link":"https:\/\/www.flora-pharm.de\/blog\/category\/wissenswert\/"},"img":{"alt_text":"Vegan - Warum - Gr\u00fcnde","src":"https:\/\/i0.wp.com\/www.flora-pharm.de\/blog\/wp-content\/uploads\/2017\/06\/vegan-warum-eigentlich.jpg?resize=350%2C200&ssl=1","width":350,"height":200,"srcset":"https:\/\/i0.wp.com\/www.flora-pharm.de\/blog\/wp-content\/uploads\/2017\/06\/vegan-warum-eigentlich.jpg?resize=350%2C200&ssl=1 1x, https:\/\/i0.wp.com\/www.flora-pharm.de\/blog\/wp-content\/uploads\/2017\/06\/vegan-warum-eigentlich.jpg?resize=525%2C300&ssl=1 1.5x, https:\/\/i0.wp.com\/www.flora-pharm.de\/blog\/wp-content\/uploads\/2017\/06\/vegan-warum-eigentlich.jpg?resize=700%2C400&ssl=1 2x"},"classes":[]},{"id":3631,"url":"https:\/\/www.flora-pharm.de\/blog\/alles-rein-pflanzlich-vegane-ernaehrung\/","url_meta":{"origin":9243,"position":4},"title":"Alles rein pflanzlich &#8211; Vegane Ern\u00e4hrung","author":"Flora Team","date":"24. November 2016","format":false,"excerpt":"Vegane Ern\u00e4hrung liegt im Trend. W\u00e4hrend Vegetarier auf Lebensmittel verzichten, f\u00fcr die Tiere direkt get\u00f6tet wurden, essen Veganer aus den unterschiedlichsten Gr\u00fcnden gar keine tierischen Lebensmittel und verzichten auch auf Milch und Milchprodukte, Eier und Honig. Gesundheitsplus! Studien mit vegan lebenden Menschen zeigen, dass Veganer deutlich ges\u00fcnder sind als die\u2026","rel":"","context":"In &quot;Rezept&quot;","block_context":{"text":"Rezept","link":"https:\/\/www.flora-pharm.de\/blog\/category\/rezept\/"},"img":{"alt_text":"","src":"https:\/\/i0.wp.com\/www.flora-pharm.de\/blog\/wp-content\/uploads\/2016\/11\/alles-rein-pflanzlich.jpg?resize=350%2C200&ssl=1","width":350,"height":200,"srcset":"https:\/\/i0.wp.com\/www.flora-pharm.de\/blog\/wp-content\/uploads\/2016\/11\/alles-rein-pflanzlich.jpg?resize=350%2C200&ssl=1 1x, https:\/\/i0.wp.com\/www.flora-pharm.de\/blog\/wp-content\/uploads\/2016\/11\/alles-rein-pflanzlich.jpg?resize=525%2C300&ssl=1 1.5x, https:\/\/i0.wp.com\/www.flora-pharm.de\/blog\/wp-content\/uploads\/2016\/11\/alles-rein-pflanzlich.jpg?resize=700%2C400&ssl=1 2x"},"classes":[]},{"id":6765,"url":"https:\/\/www.flora-pharm.de\/blog\/gesundes-essen-ist-lebensfreude\/","url_meta":{"origin":9243,"position":5},"title":"Gesundes Essen ist Lebensfreude","author":"Flora Team","date":"6. M\u00e4rz 2020","format":false,"excerpt":"Am 7. M\u00e4rz ist \u201eTag der gesunden Ern\u00e4hrung\u201cRegional, naturnah, vielseitig: Wer \u201eartgerecht\u201c isst, kann Krankheiten vorbeugen und Beschwerden loswerden. Das wei\u00df TV-Ern\u00e4hrungs-Doc Matthias Riedl aus Erfahrung. Im Interview spricht der Arzt und Buchautor \u00fcber Gem\u00fcse, Gesundheit und Genuss: \u201eArtgerechte Ern\u00e4hrung sch\u00f6pft aus dem Vollen und ist extrem vielseitig.\u201c St\u00f6bern Sie\u2026","rel":"","context":"In &quot;Wissenswert&quot;","block_context":{"text":"Wissenswert","link":"https:\/\/www.flora-pharm.de\/blog\/category\/wissenswert\/"},"img":{"alt_text":"gesundes Essen","src":"https:\/\/i0.wp.com\/www.flora-pharm.de\/blog\/wp-content\/uploads\/2020\/03\/gesundes-essen-lebensfreude.jpg?resize=350%2C200&ssl=1","width":350,"height":200,"srcset":"https:\/\/i0.wp.com\/www.flora-pharm.de\/blog\/wp-content\/uploads\/2020\/03\/gesundes-essen-lebensfreude.jpg?resize=350%2C200&ssl=1 1x, https:\/\/i0.wp.com\/www.flora-pharm.de\/blog\/wp-content\/uploads\/2020\/03\/gesundes-essen-lebensfreude.jpg?resize=525%2C300&ssl=1 1.5x, https:\/\/i0.wp.com\/www.flora-pharm.de\/blog\/wp-content\/uploads\/2020\/03\/gesundes-essen-lebensfreude.jpg?resize=700%2C400&ssl=1 2x"},"classes":[]}],"jetpack_sharing_enabled":true,"_links":{"self":[{"href":"https:\/\/www.flora-pharm.de\/blog\/wp-json\/wp\/v2\/posts\/9243","targetHints":{"allow":["GET"]}}],"collection":[{"href":"https:\/\/www.flora-pharm.de\/blog\/wp-json\/wp\/v2\/posts"}],"about":[{"href":"https:\/\/www.flora-pharm.de\/blog\/wp-json\/wp\/v2\/types\/post"}],"author":[{"embeddable":true,"href":"https:\/\/www.flora-pharm.de\/blog\/wp-json\/wp\/v2\/users\/1"}],"replies":[{"embeddable":true,"href":"https:\/\/www.flora-pharm.de\/blog\/wp-json\/wp\/v2\/comments?post=9243"}],"version-history":[{"count":1,"href":"https:\/\/www.flora-pharm.de\/blog\/wp-json\/wp\/v2\/posts\/9243\/revisions"}],"predecessor-version":[{"id":9244,"href":"https:\/\/www.flora-pharm.de\/blog\/wp-json\/wp\/v2\/posts\/9243\/revisions\/9244"}],"wp:featuredmedia":[{"embeddable":true,"href":"https:\/\/www.flora-pharm.de\/blog\/wp-json\/wp\/v2\/media\/9234"}],"wp:attachment":[{"href":"https:\/\/www.flora-pharm.de\/blog\/wp-json\/wp\/v2\/media?parent=9243"}],"wp:term":[{"taxonomy":"category","embeddable":true,"href":"https:\/\/www.flora-pharm.de\/blog\/wp-json\/wp\/v2\/categories?post=9243"},{"taxonomy":"post_tag","embeddable":true,"href":"https:\/\/www.flora-pharm.de\/blog\/wp-json\/wp\/v2\/tags?post=9243"}],"curies":[{"name":"wp","href":"https:\/\/api.w.org\/{rel}","templated":true}]}}