{"id":9329,"date":"2024-10-28T09:10:27","date_gmt":"2024-10-28T08:10:27","guid":{"rendered":"https:\/\/www.flora-pharm.de\/blog\/?p=9329"},"modified":"2024-10-28T09:10:29","modified_gmt":"2024-10-28T08:10:29","slug":"kuess-mich","status":"publish","type":"post","link":"https:\/\/www.flora-pharm.de\/blog\/kuess-mich\/","title":{"rendered":"K\u00fcss mich"},"content":{"rendered":"\n<p>Rauer Wind, rissige Lippen? Autsch! Im schmuddeligen Herbst braucht Ihr zarter Kussmund eine besondere Pflege. Wir zeigen Ihnen, worauf es ankommt.<\/p>\n\n\n\n<p>Nutzen Sie auch die <a href=\"https:\/\/www.flora-pharm.de\/blog\/?s=lippen\">Suchfunktion f\u00fcr weitere Artikel<\/a>.<\/p>\n\n\n\n<h2 class=\"wp-block-heading\">Hauchfein ist unsere Lippenhaut<\/h2>\n\n\n\n<p>Sie hat nur eine d\u00fcnne Schutzschicht, und im Vergleich zum Rest des K\u00f6rpers fehlen ihr g\u00e4nzlich Talg- und Schwei\u00dfdr\u00fcsen. Das ist der Grund, warum sie keinen sch\u00fctzenden Film aus Fetten und Feuchtigkeit bilden kann. Witterungseinfl\u00fcssen wie K\u00e4lte, Wind und nat\u00fcrlich auch Sonne ist sie wehrlos ausgeliefert. Noch dazu nimmt sie uns in der k\u00fchleren Jahreszeit den st\u00e4ndigen Wechsel von frisch-feuchter Au\u00dfenluft zu beheizten Innenr\u00e4umen schnell \u00fcbel. Spr\u00f6de, rissige Lippen, die sich anf\u00fchlen wie Schmirgelpapier, sind besonders jetzt im Herbst ein l\u00e4stiges und manchmal schmerzhaftes Problem. Was hilft?<\/p>\n\n\n\n<h2 class=\"wp-block-heading\">Auf die Inhaltsstoffe kommt es an<\/h2>\n\n\n\n<p>Oft h\u00f6ren wir die Warnung: \u201eBenutz den Lippenbalsam nicht so oft.\u201c Angeblich gew\u00f6hnt sich sonst die Haut an die Pflegestoffe und verlernt, sich selbst zu heilen. Aber das ist falsch. Dieser Mythos hat nur dann einen wahren Kern, wenn wir ein Produkt benutzen, das Mineral\u00f6le enth\u00e4lt \u2013 erkennbar an Inhaltsstoffen wie Paraffin oder Petrolatum. Solche Zus\u00e4tze pflegen nicht, sie trocknen die Lippen sogar aus. Das merken wir daran, dass der Balsameffekt nur kurze Zeit anh\u00e4lt und wir schnell das Bed\u00fcrfnis haben, nachlegen zu wollen. In diesem Zusammenhang sprechen Experten tats\u00e4chlich von einer sogenannten \u201eLipbalmsucht\u201c. Mit Lippenpflegeprodukten, die aus rein nat\u00fcrlichen Zutaten bestehen, kann uns das nicht passieren.<\/p>\n\n\n\n<p>Zertifizierte Naturkosmetik aus Ihrer Apotheke verzichtet bewusst auf sch\u00e4dliche Zusatzstoffe, vielmehr verwendet sie wertvolle Pflanzen\u00f6le wie die folgenden:<\/p>\n\n\n\n<h3 class=\"wp-block-heading\">Aprikosenkern\u00f6l<\/h3>\n\n\n\n<p>ist ein Feuchtigkeitsspender par excellence. Es beruhigt und macht die feine Lippenhaut weich und geschmeidig.<\/p>\n\n\n\n<h3 class=\"wp-block-heading\">Argan\u00f6l<\/h3>\n\n\n\n<p>n\u00e4hrt die \u201edurstigen\u201c Lippen intensiv. Dieses reichhaltige \u00d6l ist ideal zum Befeuchten und Beruhigen. Noch dazu zaubert es einen verf\u00fchrerischen Glanz.<\/p>\n\n\n\n<h3 class=\"wp-block-heading\">Bienenwachs<\/h3>\n\n\n\n<p>ist ein h\u00e4ufiger Bestandteil in Lippenpflegeprodukten, weil es eine Schutzbarriere aufbaut und die Feuchtigkeit fest einschlie\u00dft. Vegan ist Bienenwachs zwar nicht, wegen seiner leicht antiseptischen Wirkung aber \u00e4u\u00dferst beliebt, besonders bei empfindlichen Lippen.<\/p>\n\n\n\n<h3 class=\"wp-block-heading\">Hyalurons\u00e4ure<\/h3>\n\n\n\n<p>gilt als Lippenbooster. Sie bindet die Feuchtigkeit an sich, speichert sie in den Lippen und sch\u00fctzt daher vor Austrocknung. Perfekt f\u00fcr pralle, prachtvolle Lippen.<\/p>\n\n\n\n<h3 class=\"wp-block-heading\">Jojoba\u00f6l<\/h3>\n\n\n\n<p>hydratisiert ebenfalls und hilft, die Lippen glatt und geschmeidig zu halten.<\/p>\n\n\n\n<h3 class=\"wp-block-heading\">Kokosnuss\u00f6l<\/h3>\n\n\n\n<p>dringt tief ins feine Lippengewebe ein, versorgt es nachhaltig mit Feuchtigkeit und f\u00f6rdert die Wundheilung. Oberfl\u00e4chlich schenkt das \u00d6l einen sch\u00f6nen Schimmer, noch dazu hinterl\u00e4sst es einen unwiderstehlichen Duft.<\/p>\n\n\n\n<h3 class=\"wp-block-heading\">Sheabutter<\/h3>\n\n\n\n<p>hat mit ihren vielen Vitaminen und wertvollen Fetts\u00e4uren eine regenerierende Wirkung auf trockene, spr\u00f6de Lippen. F\u00fcr mehr Glanz und Glow mit einem verf\u00fchrerischen Schokoduft.<\/p>\n\n\n\n<h3 class=\"wp-block-heading\">Vitamin E<\/h3>\n\n\n\n<p>ist ein Super-Antioxidans, das vor \u00e4u\u00dferen Einfl\u00fcssen wie Wind und Wetter sch\u00fctzt. Es kittet sogar feine Risse und macht aus spr\u00f6den Lippen wieder einen koketten Kussmund.<\/p>\n\n\n\n<div style=\"height:20px\" aria-hidden=\"true\" class=\"wp-block-spacer\"><\/div>\n\n\n\n<h2 class=\"wp-block-heading\">Stift oder Tiegel?<\/h2>\n\n\n\n<p>Lippenpflegestifte mit all diesen nat\u00fcrlichen Inhaltsstoffen sind \u00e4u\u00dferst praktisch, weil sie in jede Jackentasche passen und auch unterwegs schnell zur Hand sind. Doch es muss nicht immer der Drehstick sein. Lippencreme und -balsam gibt es auch im Tiegel oder in der Tube. Sie pflegen meist noch intensiver als die Stiftvariante und bieten einen st\u00e4rkeren Schutz. Mit Propolis, Manukahonig, Kamille oder Ringelblume angereichert, wirken sie zugleich antiseptisch, entz\u00fcndungshemmend und wundheilend. Wichtig zu wissen, falls Sie zu Lippenherpes oder trockenen Mundwinkeln neigen: Wirkstoffe wie Dexpanthenol und Bisabolol beugen rauen, rissigen Lippen vor. Idealerweise ist all Ihre Lippenpflege mit einem Lichtschutzfaktor ausgestattet. Denn selbst im Herbst und bei bedecktem Himmel kann die Sonne der sensiblen Lippenhaut schaden. Au\u00dferdem: Immer genug trinken, das ist Lippenschutz von innen.<\/p>\n\n\n\n<div style=\"height:50px\" aria-hidden=\"true\" class=\"wp-block-spacer\"><\/div>\n\n\n\n<p><strong><em>Passende Produkte und kompetente Beratung erhalten Sie individuell auf Sie abgestimmt auch bei uns, in Ihrer Flora Apotheke Hannover. Sprechen Sie uns gern an.<\/em><\/strong><\/p>\n\n\n\n<div style=\"height:100px\" aria-hidden=\"true\" class=\"wp-block-spacer\"><\/div>\n\n\n\n<figure class=\"wp-block-image aligncenter size-medium\"><img loading=\"lazy\" decoding=\"async\" width=\"225\" height=\"300\" data-attachment-id=\"9318\" data-permalink=\"https:\/\/www.flora-pharm.de\/blog\/naturheilkunde-und-gesundheit-cover-10-2024\/\" data-orig-file=\"https:\/\/www.flora-pharm.de\/blog\/wp-content\/uploads\/2024\/10\/naturheilkunde-und-gesundheit-cover-10-2024.jpg\" data-orig-size=\"450,600\" data-comments-opened=\"1\" data-image-meta=\"{&quot;aperture&quot;:&quot;0&quot;,&quot;credit&quot;:&quot;&quot;,&quot;camera&quot;:&quot;&quot;,&quot;caption&quot;:&quot;&quot;,&quot;created_timestamp&quot;:&quot;0&quot;,&quot;copyright&quot;:&quot;&quot;,&quot;focal_length&quot;:&quot;0&quot;,&quot;iso&quot;:&quot;0&quot;,&quot;shutter_speed&quot;:&quot;0&quot;,&quot;title&quot;:&quot;&quot;,&quot;orientation&quot;:&quot;1&quot;}\" data-image-title=\"naturheilkunde-und-gesundheit-cover-10-2024\" data-image-description=\"\" data-image-caption=\"&lt;p&gt;Text mit freundlicher Genehmigung der S &amp;#038; D Verlag GmbH. Das komplette \u201cNaturheilkunde &amp;#038; Gesundheit\u201d Heft bekommen Sie auch bei uns in der Apotheke.&lt;\/p&gt;\n\" data-large-file=\"https:\/\/www.flora-pharm.de\/blog\/wp-content\/uploads\/2024\/10\/naturheilkunde-und-gesundheit-cover-10-2024.jpg\" src=\"https:\/\/www.flora-pharm.de\/blog\/wp-content\/uploads\/2024\/10\/naturheilkunde-und-gesundheit-cover-10-2024-225x300.jpg\" alt=\"Naturheilkunde &amp; Gesundheit 10\/24\" class=\"wp-image-9318\" srcset=\"https:\/\/www.flora-pharm.de\/blog\/wp-content\/uploads\/2024\/10\/naturheilkunde-und-gesundheit-cover-10-2024-225x300.jpg 225w, https:\/\/www.flora-pharm.de\/blog\/wp-content\/uploads\/2024\/10\/naturheilkunde-und-gesundheit-cover-10-2024.jpg 450w\" sizes=\"auto, (max-width: 225px) 100vw, 225px\" \/><figcaption class=\"wp-element-caption\">Text mit freundlicher Genehmigung der S &amp; D Verlag GmbH. Das komplette \u201cNaturheilkunde &amp; Gesundheit\u201d Heft bekommen Sie auch bei uns in der Apotheke.<\/figcaption><\/figure>\n","protected":false},"excerpt":{"rendered":"<p>Auch im schmuddeligen Herbst braucht Ihr zarter Kussmund eine besondere Pflege. Wir zeigen Ihnen, worauf es ankommt.<\/p>\n","protected":false},"author":1,"featured_media":9321,"comment_status":"open","ping_status":"open","sticky":false,"template":"","format":"standard","meta":{"jetpack_post_was_ever_published":false,"_jetpack_newsletter_access":"","_jetpack_dont_email_post_to_subs":false,"_jetpack_newsletter_tier_id":0,"_jetpack_memberships_contains_paywalled_content":false,"_jetpack_memberships_contains_paid_content":false,"footnotes":""},"categories":[8],"tags":[4,26,457,422],"class_list":["post-9329","post","type-post","status-publish","format-standard","has-post-thumbnail","hentry","category-wissenswert","tag-herbst","tag-koerperpflege","tag-mund","tag-naturheilkunde-und-gesundheit","has-post-title","has-post-date","has-post-category","has-post-tag","has-post-comment","has-post-author",""],"jetpack_featured_media_url":"https:\/\/www.flora-pharm.de\/blog\/wp-content\/uploads\/2024\/10\/kuess-mich-lippenpflege.jpg","jetpack-related-posts":[{"id":6666,"url":"https:\/\/www.flora-pharm.de\/blog\/gepflegt-durch-den-winter\/","url_meta":{"origin":9329,"position":0},"title":"Gepflegt durch den Winter","author":"Flora Team","date":"20. Januar 2020","format":false,"excerpt":"Balsam, Butter und \u00d6l. Was Haut und Haare bei Minusgraden dringend brauchen. Drau\u00dfen weht ein eisiger Wind, drinnen flirrt die trockene Heizungsluft. F\u00fcr Haut und Haare sind die winterlichen Bedingungen der pure Stress. Sie werden trocken und spr\u00f6de. Das liegt daran, dass die Talgdr\u00fcsen in der Haut ihre Arbeit drastisch\u2026","rel":"","context":"In &quot;Wissenswert&quot;","block_context":{"text":"Wissenswert","link":"https:\/\/www.flora-pharm.de\/blog\/category\/wissenswert\/"},"img":{"alt_text":"gepflegt durch den winter","src":"https:\/\/i0.wp.com\/www.flora-pharm.de\/blog\/wp-content\/uploads\/2020\/01\/gepflegt-durch-den-winter.jpg?resize=350%2C200&ssl=1","width":350,"height":200,"srcset":"https:\/\/i0.wp.com\/www.flora-pharm.de\/blog\/wp-content\/uploads\/2020\/01\/gepflegt-durch-den-winter.jpg?resize=350%2C200&ssl=1 1x, https:\/\/i0.wp.com\/www.flora-pharm.de\/blog\/wp-content\/uploads\/2020\/01\/gepflegt-durch-den-winter.jpg?resize=525%2C300&ssl=1 1.5x, https:\/\/i0.wp.com\/www.flora-pharm.de\/blog\/wp-content\/uploads\/2020\/01\/gepflegt-durch-den-winter.jpg?resize=700%2C400&ssl=1 2x"},"classes":[]},{"id":6587,"url":"https:\/\/www.flora-pharm.de\/blog\/herbstliche-hautpflege-gut-gewappnet-gegen-kaelte\/","url_meta":{"origin":9329,"position":1},"title":"Herbstliche Hautpflege \u2013 Gut gewappnet gegen K\u00e4lte","author":"Flora Team","date":"2. Dezember 2019","format":false,"excerpt":"Die Saison der leichten Sommertexturen ist vorbei. Jetzt ist Zeit f\u00fcr n\u00e4hrende \u00d6le und reichhaltige Cremes. Von Saskia Fechte \u00a0 Typisch Herbst: Heizung, Regen und Wind fordern unsere Haut heraus. Grunds\u00e4tzlich reagiert unser gr\u00f6\u00dftes Organ sehr intelligent auf K\u00e4lte. Poren und Blutgef\u00e4\u00dfe ziehen sich zusammen, die Produktion von Schwei\u00df und\u2026","rel":"","context":"In &quot;Wissenswert&quot;","block_context":{"text":"Wissenswert","link":"https:\/\/www.flora-pharm.de\/blog\/category\/wissenswert\/"},"img":{"alt_text":"Hautpflege Herbst Winter","src":"https:\/\/i0.wp.com\/www.flora-pharm.de\/blog\/wp-content\/uploads\/2019\/11\/hautpflege-winter.jpg?resize=350%2C200&ssl=1","width":350,"height":200,"srcset":"https:\/\/i0.wp.com\/www.flora-pharm.de\/blog\/wp-content\/uploads\/2019\/11\/hautpflege-winter.jpg?resize=350%2C200&ssl=1 1x, https:\/\/i0.wp.com\/www.flora-pharm.de\/blog\/wp-content\/uploads\/2019\/11\/hautpflege-winter.jpg?resize=525%2C300&ssl=1 1.5x, https:\/\/i0.wp.com\/www.flora-pharm.de\/blog\/wp-content\/uploads\/2019\/11\/hautpflege-winter.jpg?resize=700%2C400&ssl=1 2x"},"classes":[]},{"id":7313,"url":"https:\/\/www.flora-pharm.de\/blog\/im-kaeltestress-typische-winter-hautprobleme\/","url_meta":{"origin":9329,"position":2},"title":"Im K\u00e4ltestress \u2013 typische Winter-Hautprobleme","author":"Flora Team","date":"11. Januar 2021","format":false,"excerpt":"Trotz guter Haut-Pflege spannt und juckt es? Wir verraten Ihnen, wie Sie typische Winter-Hautprobleme in den Griff bekommen.","rel":"","context":"In &quot;Wissenswert&quot;","block_context":{"text":"Wissenswert","link":"https:\/\/www.flora-pharm.de\/blog\/category\/wissenswert\/"},"img":{"alt_text":"K\u00e4ltestress, typische Winter-Hautprobleme","src":"https:\/\/i0.wp.com\/www.flora-pharm.de\/blog\/wp-content\/uploads\/1607\/86\/kaeltestress-haut-winter.jpg?resize=350%2C200&ssl=1","width":350,"height":200,"srcset":"https:\/\/i0.wp.com\/www.flora-pharm.de\/blog\/wp-content\/uploads\/1607\/86\/kaeltestress-haut-winter.jpg?resize=350%2C200&ssl=1 1x, https:\/\/i0.wp.com\/www.flora-pharm.de\/blog\/wp-content\/uploads\/1607\/86\/kaeltestress-haut-winter.jpg?resize=525%2C300&ssl=1 1.5x, https:\/\/i0.wp.com\/www.flora-pharm.de\/blog\/wp-content\/uploads\/1607\/86\/kaeltestress-haut-winter.jpg?resize=700%2C400&ssl=1 2x"},"classes":[]},{"id":4669,"url":"https:\/\/www.flora-pharm.de\/blog\/haut-winterpflege\/","url_meta":{"origin":9329,"position":3},"title":"Haut Winterpflege","author":"Flora Team","date":"5. Dezember 2017","format":false,"excerpt":"Was braucht meine Haut jetzt? Eisiger Wind drau\u00dfen, trockene Heizungsluft drinnen: Zu dieser Jahreszeit w\u00fcnscht sich unsere Haut etwas Unterst\u00fctzung. Normalerweise h\u00e4lt unsere angeborene Schutzh\u00fclle durch einen eigenen Fettfilm ihre Feuchtigkeit aufrecht und schirmt \u00e4u\u00dfere Einfl\u00fcsse gut ab. Halten wir uns jedoch dauerhaft in einer Umgebung mit geringer Luftfeuchte auf\u2026","rel":"","context":"In &quot;Wissenswert&quot;","block_context":{"text":"Wissenswert","link":"https:\/\/www.flora-pharm.de\/blog\/category\/wissenswert\/"},"img":{"alt_text":"Haut Winter Pflege","src":"https:\/\/i0.wp.com\/www.flora-pharm.de\/blog\/wp-content\/uploads\/2017\/12\/haut-winter.jpg?resize=350%2C200&ssl=1","width":350,"height":200,"srcset":"https:\/\/i0.wp.com\/www.flora-pharm.de\/blog\/wp-content\/uploads\/2017\/12\/haut-winter.jpg?resize=350%2C200&ssl=1 1x, https:\/\/i0.wp.com\/www.flora-pharm.de\/blog\/wp-content\/uploads\/2017\/12\/haut-winter.jpg?resize=525%2C300&ssl=1 1.5x, https:\/\/i0.wp.com\/www.flora-pharm.de\/blog\/wp-content\/uploads\/2017\/12\/haut-winter.jpg?resize=700%2C400&ssl=1 2x"},"classes":[]},{"id":8147,"url":"https:\/\/www.flora-pharm.de\/blog\/frisch-in-den-fruehling\/","url_meta":{"origin":9329,"position":4},"title":"Frisch in den Fr\u00fchling","author":"Flora Team","date":"8. M\u00e4rz 2022","format":false,"excerpt":"Winter ade! Wenn die Natur zu neuem Leben erwacht, sollten wir auch unsere Haut in Fr\u00fchlingsstimmung bringen \u2013 von Kopf bis Fu\u00df","rel":"","context":"In &quot;Wissenswert&quot;","block_context":{"text":"Wissenswert","link":"https:\/\/www.flora-pharm.de\/blog\/category\/wissenswert\/"},"img":{"alt_text":"Frisch in den Fr\u00fchling","src":"https:\/\/i0.wp.com\/www.flora-pharm.de\/blog\/wp-content\/uploads\/2022\/03\/frisch-in-den-fruehling.jpg?resize=350%2C200&ssl=1","width":350,"height":200,"srcset":"https:\/\/i0.wp.com\/www.flora-pharm.de\/blog\/wp-content\/uploads\/2022\/03\/frisch-in-den-fruehling.jpg?resize=350%2C200&ssl=1 1x, https:\/\/i0.wp.com\/www.flora-pharm.de\/blog\/wp-content\/uploads\/2022\/03\/frisch-in-den-fruehling.jpg?resize=525%2C300&ssl=1 1.5x, https:\/\/i0.wp.com\/www.flora-pharm.de\/blog\/wp-content\/uploads\/2022\/03\/frisch-in-den-fruehling.jpg?resize=700%2C400&ssl=1 2x"},"classes":[]},{"id":4642,"url":"https:\/\/www.flora-pharm.de\/blog\/herpes-lippenblaeschen-schnell-behandeln\/","url_meta":{"origin":9329,"position":5},"title":"Herpes-Lippenbl\u00e4schen schnell behandeln","author":"Flora Team","date":"28. November 2017","format":false,"excerpt":"Bunte Herbst- und Weihnachtsm\u00e4rkte sind eine willkommene Abwechslung in der tristen Jahreszeit. Wir tummeln uns in Menschenmengen und schlemmen uns durch die kulinarischen Angebote. \u201eDoch wo Gl\u00e4ser und Tassen nicht richtig gesp\u00fclt werden\u201c, wei\u00df Silke Megens, \u201ekann es zu einer Infektion mit Herpes-Simplex-Viren kommen.\u201c Die pharmazeutisch- technische Assistentin ber\u00e4t h\u00e4ufig\u2026","rel":"","context":"In &quot;Wissenswert&quot;","block_context":{"text":"Wissenswert","link":"https:\/\/www.flora-pharm.de\/blog\/category\/wissenswert\/"},"img":{"alt_text":"Herpes Lippenbl\u00e4schen","src":"https:\/\/i0.wp.com\/www.flora-pharm.de\/blog\/wp-content\/uploads\/2017\/11\/Lippenblaeschen-herpes.jpg?resize=350%2C200&ssl=1","width":350,"height":200,"srcset":"https:\/\/i0.wp.com\/www.flora-pharm.de\/blog\/wp-content\/uploads\/2017\/11\/Lippenblaeschen-herpes.jpg?resize=350%2C200&ssl=1 1x, https:\/\/i0.wp.com\/www.flora-pharm.de\/blog\/wp-content\/uploads\/2017\/11\/Lippenblaeschen-herpes.jpg?resize=525%2C300&ssl=1 1.5x, https:\/\/i0.wp.com\/www.flora-pharm.de\/blog\/wp-content\/uploads\/2017\/11\/Lippenblaeschen-herpes.jpg?resize=700%2C400&ssl=1 2x"},"classes":[]}],"jetpack_sharing_enabled":true,"_links":{"self":[{"href":"https:\/\/www.flora-pharm.de\/blog\/wp-json\/wp\/v2\/posts\/9329","targetHints":{"allow":["GET"]}}],"collection":[{"href":"https:\/\/www.flora-pharm.de\/blog\/wp-json\/wp\/v2\/posts"}],"about":[{"href":"https:\/\/www.flora-pharm.de\/blog\/wp-json\/wp\/v2\/types\/post"}],"author":[{"embeddable":true,"href":"https:\/\/www.flora-pharm.de\/blog\/wp-json\/wp\/v2\/users\/1"}],"replies":[{"embeddable":true,"href":"https:\/\/www.flora-pharm.de\/blog\/wp-json\/wp\/v2\/comments?post=9329"}],"version-history":[{"count":2,"href":"https:\/\/www.flora-pharm.de\/blog\/wp-json\/wp\/v2\/posts\/9329\/revisions"}],"predecessor-version":[{"id":9331,"href":"https:\/\/www.flora-pharm.de\/blog\/wp-json\/wp\/v2\/posts\/9329\/revisions\/9331"}],"wp:featuredmedia":[{"embeddable":true,"href":"https:\/\/www.flora-pharm.de\/blog\/wp-json\/wp\/v2\/media\/9321"}],"wp:attachment":[{"href":"https:\/\/www.flora-pharm.de\/blog\/wp-json\/wp\/v2\/media?parent=9329"}],"wp:term":[{"taxonomy":"category","embeddable":true,"href":"https:\/\/www.flora-pharm.de\/blog\/wp-json\/wp\/v2\/categories?post=9329"},{"taxonomy":"post_tag","embeddable":true,"href":"https:\/\/www.flora-pharm.de\/blog\/wp-json\/wp\/v2\/tags?post=9329"}],"curies":[{"name":"wp","href":"https:\/\/api.w.org\/{rel}","templated":true}]}}