{"id":9390,"date":"2024-12-20T10:41:24","date_gmt":"2024-12-20T09:41:24","guid":{"rendered":"https:\/\/www.flora-pharm.de\/blog\/?p=9390"},"modified":"2024-12-20T10:41:26","modified_gmt":"2024-12-20T09:41:26","slug":"stille-nacht-vor-ort-apotheken-sind-fuer-sie-da","status":"publish","type":"post","link":"https:\/\/www.flora-pharm.de\/blog\/stille-nacht-vor-ort-apotheken-sind-fuer-sie-da\/","title":{"rendered":"Stille Nacht \u2013 Vor-Ort-Apotheken sind f\u00fcr Sie da"},"content":{"rendered":"\n<p>Wenn die meisten von uns rund um den Weihnachtsbaum sitzen, beginnt f\u00fcr viele Apotheker hierzulande eine lange Nachtschicht.<\/p>\n\n\n\n<p>Alle Jahre wieder kann Manfred Eyll von einem besinnlichen Fest nur tr\u00e4umen. Statt mit seiner Frau und den vier Kindern an der festlich gedeckten Tafel zu sitzen, verbringt er den Heiligabend in seiner Apotheke \u2013 so wie 1.200 seiner Kollegen in ganz Deutschland \u00fcbrigens auch. \u201eRegelm\u00e4\u00dfig Notdienste zu leisten, geh\u00f6rt seit mehr als 30 Jahren zu meinem Leben \u2013 und zu meinen Pflichten als Apotheker\u201c, sagt er.<\/p>\n\n\n\n<h2 class=\"wp-block-heading\">Dienstbereite Apotheken \u2013 ein Muss!<\/h2>\n\n\n\n<p>Krankheiten halten sich nun einmal nicht an Terminkalender und Laden\u00f6ffnungszeiten. Oft werden Arzneimittel ausgerechnet am Wochenende oder mitten in der Nacht dringend ben\u00f6tigt. Etwa, weil das Kind fiebert, ein Zahn heftig pocht oder Husten den Schlaf raubt. \u201eDamit alle Menschen an 365 Tagen im Jahr rund um die Uhr mit Medikamenten versorgt werden k\u00f6nnen, ist es unerl\u00e4sslich, dass es fl\u00e4chendeckend dienstbereite Apotheken gibt.\u201c<\/p>\n\n\n\n<h2 class=\"wp-block-heading\">20.000 Menschen kommen zum Notdienst<\/h2>\n\n\n\n<p>Pro Nacht nehmen bundesweit etwa 20.000 Menschen den Apotheken-Notdienst in Anspruch, um Rezepte einzul\u00f6sen oder Arzneimittel f\u00fcr die Selbstbehandlung zu kaufen. Sieben Millionen Medikamente geben Vor-Ort-Apotheken pro Jahr allein im Notdienst ab. \u201eBesonders h\u00e4ufig klagen Notdienst-Kunden \u00fcber akute Schmerzen oder grippale Infekte, und speziell an den Weihnachtstagen auch \u00fcber Magenverstimmungen\u201c. Zeit zum Luftholen bleibt ihm oft kaum. \u201eIn einem strengen Winter kamen am zweiten Weihnachtsfeiertag einmal \u00fcber 200 Patienten mit Erk\u00e4ltungssymptomen in meine Apotheke \u2013 das war der Wahnsinn\u201c, erinnert er sich.<\/p>\n\n\n\n<h2 class=\"wp-block-heading\">Sorge wegen Apothekensterben<\/h2>\n\n\n\n<p>Eyll ist Pharmazeut aus Leidenschaft. Anfang der 1990er-Jahre er\u00f6ffnete er seine erste Apotheke im Wallfahrtsort Kevelaer am Niederrhein. \u201eFr\u00fcher hatte ich etwa 70 Notdienste im Jahr\u201c, sagt er. Mittlerweile hat der Unternehmer seinen Standort in die Stadt Geldern verlegt \u2013 und muss nun nachts seltener raus. Mit Sorge blickt er auf die seit Jahren sinkende Zahl an \u00f6ffentlichen Apotheken. Inzwischen hat das Apothekensterben ein Rekordniveau erreicht. \u201eVor allem in l\u00e4ndlichen Regionen, in denen die Apothekendichte erheblich geringer ist als in der Stadt, m\u00fcssen die Kollegen sehr viele Nacht- und Feiertagsdienste leisten. Und kranke Menschen haben hier oft weite Anfahrtswege, wenn sie au\u00dferhalb der regul\u00e4ren \u00d6ffnungszeiten Arzneimittel brauchen, teilweise unzumutbar.\u201c<\/p>\n\n\n\n<h2 class=\"wp-block-heading\">Notdienst gibt\u2019s nur in Vor-Ort-Apotheken<\/h2>\n\n\n\n<p>Nacht- und Notdienste \u00fcbernehmen lediglich die Apotheker vor Ort, Versandapotheken beteiligen sich nicht. \u201eDie meisten Patienten wissen unseren Service sehr zu sch\u00e4tzen und sind dankbar, wenn sie jederzeit wichtige Medikamente und pharmazeutischen Rat bekommen. Und weil wir in Notsituationen ganz selbstverst\u00e4ndlich f\u00fcr die Kunden auch nachts, am Wochenende oder an Feiertagen da sind, bleiben sie den wohnortnahen Apotheken meist auch das ganze Jahr \u00fcber treu. Das macht mich froh, sodass ich selbstverst\u00e4ndlich auch an Weihnachten gerne f\u00fcr andere da bin\u201c, sagt er. \u201eHelfen, wenn man gebraucht wird, geh\u00f6rt schlie\u00dflich zum Fest der Liebe dazu.\u201c<\/p>\n\n\n\n<div style=\"height:45px\" aria-hidden=\"true\" class=\"wp-block-spacer\"><\/div>\n\n\n\n<h2 class=\"wp-block-heading\">So finden Sie dienstbereite Apotheken in Ihrer N\u00e4he:<\/h2>\n\n\n\n<ul class=\"wp-block-list\">\n<li><a href=\"https:\/\/www.flora-pharm.de\/notdienst\/start.htm\">F\u00fcr Hannover nutzen Sie gern den Notdienstkalender auf unserer Flora-Website<\/a>.<\/li>\n\n\n\n<li>Vom Handy 22833 (69 ct\/Min.) w\u00e4hlen, vom Festnetz 0800 00 22833 (kostenlos).<\/li>\n\n\n\n<li>SMS mit der 5-stelligen Postleitzahl an 22833 schicken (69 ct\/SMS).<\/li>\n\n\n\n<li>Im mobilen Internet unter: <a href=\"http:\/\/apothekenfinder.mobi\/\" target=\"_blank\" rel=\"noreferrer noopener\">apothekenfinder.mobi<\/a> .<\/li>\n\n\n\n<li>Mit der kostenlosen Apothekenfinder-App f\u00fcr Android, Apple und Windows.<\/li>\n\n\n\n<li>Im Schaufenster Ihrer Apotheke nachsehen.<\/li>\n<\/ul>\n\n\n\n<div style=\"height:100px\" aria-hidden=\"true\" class=\"wp-block-spacer\"><\/div>\n\n\n\n<figure class=\"wp-block-image aligncenter size-medium\"><img loading=\"lazy\" decoding=\"async\" width=\"225\" height=\"300\" data-attachment-id=\"9384\" data-permalink=\"https:\/\/www.flora-pharm.de\/blog\/naturheilkunde-und-gesundheit-cover-12-2024\/\" data-orig-file=\"https:\/\/www.flora-pharm.de\/blog\/wp-content\/uploads\/2024\/12\/naturheilkunde-und-gesundheit-cover-12-2024.jpg\" data-orig-size=\"450,600\" data-comments-opened=\"1\" data-image-meta=\"{&quot;aperture&quot;:&quot;0&quot;,&quot;credit&quot;:&quot;&quot;,&quot;camera&quot;:&quot;&quot;,&quot;caption&quot;:&quot;&quot;,&quot;created_timestamp&quot;:&quot;0&quot;,&quot;copyright&quot;:&quot;&quot;,&quot;focal_length&quot;:&quot;0&quot;,&quot;iso&quot;:&quot;0&quot;,&quot;shutter_speed&quot;:&quot;0&quot;,&quot;title&quot;:&quot;&quot;,&quot;orientation&quot;:&quot;1&quot;}\" data-image-title=\"naturheilkunde-und-gesundheit-cover-12-2024\" data-image-description=\"\" data-image-caption=\"&lt;p&gt;Text mit freundlicher Genehmigung der S &amp;#038; D Verlag GmbH. Das komplette \u201cNaturheilkunde &amp;#038; Gesundheit\u201d Heft bekommen Sie auch bei uns in der Apotheke.&lt;\/p&gt;\n\" data-large-file=\"https:\/\/www.flora-pharm.de\/blog\/wp-content\/uploads\/2024\/12\/naturheilkunde-und-gesundheit-cover-12-2024.jpg\" src=\"https:\/\/www.flora-pharm.de\/blog\/wp-content\/uploads\/2024\/12\/naturheilkunde-und-gesundheit-cover-12-2024-225x300.jpg\" alt=\"N&amp;G Cover Dez24\" class=\"wp-image-9384\" srcset=\"https:\/\/www.flora-pharm.de\/blog\/wp-content\/uploads\/2024\/12\/naturheilkunde-und-gesundheit-cover-12-2024-225x300.jpg 225w, https:\/\/www.flora-pharm.de\/blog\/wp-content\/uploads\/2024\/12\/naturheilkunde-und-gesundheit-cover-12-2024.jpg 450w\" sizes=\"auto, (max-width: 225px) 100vw, 225px\" \/><figcaption class=\"wp-element-caption\">Text mit freundlicher Genehmigung der S &amp; D Verlag GmbH. Das komplette \u201cNaturheilkunde &amp; Gesundheit\u201d Heft bekommen Sie auch bei uns in der Apotheke.<\/figcaption><\/figure>\n","protected":false},"excerpt":{"rendered":"<p>Wenn die meisten von uns rund um den Weihnachtsbaum sitzen, beginnt f\u00fcr viele Vor-Ort Apotheker hierzulande eine lange Nachtschicht.<\/p>\n","protected":false},"author":1,"featured_media":9386,"comment_status":"open","ping_status":"open","sticky":false,"template":"","format":"standard","meta":{"jetpack_post_was_ever_published":false,"_jetpack_newsletter_access":"","_jetpack_dont_email_post_to_subs":false,"_jetpack_newsletter_tier_id":0,"_jetpack_memberships_contains_paywalled_content":false,"_jetpack_memberships_contains_paid_content":false,"footnotes":""},"categories":[8],"tags":[422,93],"class_list":["post-9390","post","type-post","status-publish","format-standard","has-post-thumbnail","hentry","category-wissenswert","tag-naturheilkunde-und-gesundheit","tag-notdienst","has-post-title","has-post-date","has-post-category","has-post-tag","has-post-comment","has-post-author",""],"jetpack_featured_media_url":"https:\/\/www.flora-pharm.de\/blog\/wp-content\/uploads\/2024\/12\/stille-nacht-weihnachten-apotheke-notdienst.jpg","jetpack-related-posts":[{"id":8011,"url":"https:\/\/www.flora-pharm.de\/blog\/notdienst-alles-schlaeft-einer-wacht\/","url_meta":{"origin":9390,"position":0},"title":"Notdienst &#8211; Alles schl\u00e4ft, Einer wacht","author":"Flora Team","date":"23. Dezember 2021","format":false,"excerpt":"Apotheken-Notdienst auch zu Weihnachten: Wenn wir Heiligabend feiern, beginnt f\u00fcr viele Apotheker im Land eine lange, arbeitsreiche Nacht.","rel":"","context":"In &quot;Wissenswert&quot;","block_context":{"text":"Wissenswert","link":"https:\/\/www.flora-pharm.de\/blog\/category\/wissenswert\/"},"img":{"alt_text":"Apotheken Notdienst - Alles schl\u00e4ft, einer wacht","src":"https:\/\/i0.wp.com\/www.flora-pharm.de\/blog\/wp-content\/uploads\/2021\/12\/notdienst-weihnachten.jpg?resize=350%2C200&ssl=1","width":350,"height":200,"srcset":"https:\/\/i0.wp.com\/www.flora-pharm.de\/blog\/wp-content\/uploads\/2021\/12\/notdienst-weihnachten.jpg?resize=350%2C200&ssl=1 1x, https:\/\/i0.wp.com\/www.flora-pharm.de\/blog\/wp-content\/uploads\/2021\/12\/notdienst-weihnachten.jpg?resize=525%2C300&ssl=1 1.5x, https:\/\/i0.wp.com\/www.flora-pharm.de\/blog\/wp-content\/uploads\/2021\/12\/notdienst-weihnachten.jpg?resize=700%2C400&ssl=1 2x"},"classes":[]},{"id":2600,"url":"https:\/\/www.flora-pharm.de\/blog\/apotheken-notdienst\/","url_meta":{"origin":9390,"position":1},"title":"Apotheken Notdienst","author":"Flora Team","date":"26. Februar 2015","format":false,"excerpt":"Heute (26.02.2015) ist es wieder soweit: wir haben Notdienstbereitschaft. Aber was bedeutet das? Speziell f\u00fcr uns bedeutet dies, dass wir heute auch w\u00e4hrend der Mittagspause und dar\u00fcber hinaus nach Feierabend bis morgen fr\u00fch um 8:30 Uhr ge\u00f6ffnet haben. Und darauf folgt der morgige Normalbetrieb. Die Apotheken-Notdienstbereitschaft ist gesetzlich geregelt und\u2026","rel":"","context":"In &quot;Flora Apotheke&quot;","block_context":{"text":"Flora Apotheke","link":"https:\/\/www.flora-pharm.de\/blog\/category\/flora-apotheke\/"},"img":{"alt_text":"","src":"https:\/\/i0.wp.com\/www.flora-pharm.de\/blog\/wp-content\/uploads\/2015\/02\/n8-glocke__jb.jpg?resize=350%2C200&ssl=1","width":350,"height":200,"srcset":"https:\/\/i0.wp.com\/www.flora-pharm.de\/blog\/wp-content\/uploads\/2015\/02\/n8-glocke__jb.jpg?resize=350%2C200&ssl=1 1x, https:\/\/i0.wp.com\/www.flora-pharm.de\/blog\/wp-content\/uploads\/2015\/02\/n8-glocke__jb.jpg?resize=525%2C300&ssl=1 1.5x"},"classes":[]},{"id":8701,"url":"https:\/\/www.flora-pharm.de\/blog\/das-1x1-der-zuzahlung\/","url_meta":{"origin":9390,"position":2},"title":"Das 1&#215;1 der Zuzahlung","author":"Flora Team","date":"2. Mai 2023","format":false,"excerpt":"Eigenanteil, Festbetrag, Zuzahlungsbefreiung \u2026 Wir helfen Ihnen, sich im Dschungel der Arzneimittelgeb\u00fchren zurechtzufinden.","rel":"","context":"In &quot;Wissenswert&quot;","block_context":{"text":"Wissenswert","link":"https:\/\/www.flora-pharm.de\/blog\/category\/wissenswert\/"},"img":{"alt_text":"Zuzahlungen","src":"https:\/\/i0.wp.com\/www.flora-pharm.de\/blog\/wp-content\/uploads\/2023\/03\/zuzahlungen.jpg?resize=350%2C200&ssl=1","width":350,"height":200,"srcset":"https:\/\/i0.wp.com\/www.flora-pharm.de\/blog\/wp-content\/uploads\/2023\/03\/zuzahlungen.jpg?resize=350%2C200&ssl=1 1x, https:\/\/i0.wp.com\/www.flora-pharm.de\/blog\/wp-content\/uploads\/2023\/03\/zuzahlungen.jpg?resize=525%2C300&ssl=1 1.5x, https:\/\/i0.wp.com\/www.flora-pharm.de\/blog\/wp-content\/uploads\/2023\/03\/zuzahlungen.jpg?resize=700%2C400&ssl=1 2x, https:\/\/i0.wp.com\/www.flora-pharm.de\/blog\/wp-content\/uploads\/2023\/03\/zuzahlungen.jpg?resize=1050%2C600&ssl=1 3x"},"classes":[]},{"id":178,"url":"https:\/\/www.flora-pharm.de\/blog\/guten-rutsch\/","url_meta":{"origin":9390,"position":3},"title":"Guten Rutsch","author":"Flora Team","date":"31. Dezember 2013","format":false,"excerpt":"Wir w\u00fcnschen Ihnen, unseren Patienten, den verschreibenden \u00c4rzten sowie Freunden, Partnern und unserem Team einen guten Rutsch in ein gesundes Jahr 2014. Heute, am 31.12.13 haben wir noch bis 13.00 Uhr f\u00fcr Sie ge\u00f6ffnet. Sollten Sie danach, in der Nacht oder am Neujahrstag medikament\u00f6se Versorgung ben\u00f6tigen, so finden Sie u.a.\u2026","rel":"","context":"In &quot;Flora Apotheke&quot;","block_context":{"text":"Flora Apotheke","link":"https:\/\/www.flora-pharm.de\/blog\/category\/flora-apotheke\/"},"img":{"alt_text":"","src":"https:\/\/i0.wp.com\/www.flora-pharm.de\/blog\/wp-content\/uploads\/2013\/12\/frohes-jahr-2014.jpg?resize=350%2C200&ssl=1","width":350,"height":200,"srcset":"https:\/\/i0.wp.com\/www.flora-pharm.de\/blog\/wp-content\/uploads\/2013\/12\/frohes-jahr-2014.jpg?resize=350%2C200&ssl=1 1x, https:\/\/i0.wp.com\/www.flora-pharm.de\/blog\/wp-content\/uploads\/2013\/12\/frohes-jahr-2014.jpg?resize=525%2C300&ssl=1 1.5x, https:\/\/i0.wp.com\/www.flora-pharm.de\/blog\/wp-content\/uploads\/2013\/12\/frohes-jahr-2014.jpg?resize=700%2C400&ssl=1 2x"},"classes":[]},{"id":9048,"url":"https:\/\/www.flora-pharm.de\/blog\/kompetente-kinderapotheke\/","url_meta":{"origin":9390,"position":4},"title":"Kompetente Kinderapotheke","author":"Flora Team","date":"27. Februar 2024","format":false,"excerpt":"Ihr Kind ist krank? In der Vor-Ort-Apotheke bekommen Eltern passgenaue Medikamente und auch gesunde Tipps aus erster Hand.","rel":"","context":"In &quot;Wissenswert&quot;","block_context":{"text":"Wissenswert","link":"https:\/\/www.flora-pharm.de\/blog\/category\/wissenswert\/"},"img":{"alt_text":"Kompetente Kinderapotheke","src":"https:\/\/i0.wp.com\/www.flora-pharm.de\/blog\/wp-content\/uploads\/2024\/02\/kompetente-kinderapotheke.jpg?resize=350%2C200&ssl=1","width":350,"height":200,"srcset":"https:\/\/i0.wp.com\/www.flora-pharm.de\/blog\/wp-content\/uploads\/2024\/02\/kompetente-kinderapotheke.jpg?resize=350%2C200&ssl=1 1x, https:\/\/i0.wp.com\/www.flora-pharm.de\/blog\/wp-content\/uploads\/2024\/02\/kompetente-kinderapotheke.jpg?resize=525%2C300&ssl=1 1.5x, https:\/\/i0.wp.com\/www.flora-pharm.de\/blog\/wp-content\/uploads\/2024\/02\/kompetente-kinderapotheke.jpg?resize=700%2C400&ssl=1 2x, https:\/\/i0.wp.com\/www.flora-pharm.de\/blog\/wp-content\/uploads\/2024\/02\/kompetente-kinderapotheke.jpg?resize=1050%2C600&ssl=1 3x"},"classes":[]},{"id":8543,"url":"https:\/\/www.flora-pharm.de\/blog\/der-besinnlichste-advent-ihres-lebens\/","url_meta":{"origin":9390,"position":5},"title":"Der besinnlichste Advent Ihres Lebens","author":"Flora Team","date":"30. November 2022","format":false,"excerpt":"Die Wochen bis Weihnachten sind gez\u00e4hlt! Zeitdruck? Diesmal nicht. Mit unserem 4-Wochen-Plan wird es eine entspannte Adventszeit - f\u00fcr alle","rel":"","context":"In &quot;Wissenswert&quot;","block_context":{"text":"Wissenswert","link":"https:\/\/www.flora-pharm.de\/blog\/category\/wissenswert\/"},"img":{"alt_text":"besinnlicher advent - planung - entspannung - stressfrei","src":"https:\/\/i0.wp.com\/www.flora-pharm.de\/blog\/wp-content\/uploads\/2022\/11\/besinnlicher-advent.jpg?resize=350%2C200&ssl=1","width":350,"height":200,"srcset":"https:\/\/i0.wp.com\/www.flora-pharm.de\/blog\/wp-content\/uploads\/2022\/11\/besinnlicher-advent.jpg?resize=350%2C200&ssl=1 1x, https:\/\/i0.wp.com\/www.flora-pharm.de\/blog\/wp-content\/uploads\/2022\/11\/besinnlicher-advent.jpg?resize=525%2C300&ssl=1 1.5x, https:\/\/i0.wp.com\/www.flora-pharm.de\/blog\/wp-content\/uploads\/2022\/11\/besinnlicher-advent.jpg?resize=700%2C400&ssl=1 2x, https:\/\/i0.wp.com\/www.flora-pharm.de\/blog\/wp-content\/uploads\/2022\/11\/besinnlicher-advent.jpg?resize=1050%2C600&ssl=1 3x"},"classes":[]}],"jetpack_sharing_enabled":true,"_links":{"self":[{"href":"https:\/\/www.flora-pharm.de\/blog\/wp-json\/wp\/v2\/posts\/9390","targetHints":{"allow":["GET"]}}],"collection":[{"href":"https:\/\/www.flora-pharm.de\/blog\/wp-json\/wp\/v2\/posts"}],"about":[{"href":"https:\/\/www.flora-pharm.de\/blog\/wp-json\/wp\/v2\/types\/post"}],"author":[{"embeddable":true,"href":"https:\/\/www.flora-pharm.de\/blog\/wp-json\/wp\/v2\/users\/1"}],"replies":[{"embeddable":true,"href":"https:\/\/www.flora-pharm.de\/blog\/wp-json\/wp\/v2\/comments?post=9390"}],"version-history":[{"count":2,"href":"https:\/\/www.flora-pharm.de\/blog\/wp-json\/wp\/v2\/posts\/9390\/revisions"}],"predecessor-version":[{"id":9393,"href":"https:\/\/www.flora-pharm.de\/blog\/wp-json\/wp\/v2\/posts\/9390\/revisions\/9393"}],"wp:featuredmedia":[{"embeddable":true,"href":"https:\/\/www.flora-pharm.de\/blog\/wp-json\/wp\/v2\/media\/9386"}],"wp:attachment":[{"href":"https:\/\/www.flora-pharm.de\/blog\/wp-json\/wp\/v2\/media?parent=9390"}],"wp:term":[{"taxonomy":"category","embeddable":true,"href":"https:\/\/www.flora-pharm.de\/blog\/wp-json\/wp\/v2\/categories?post=9390"},{"taxonomy":"post_tag","embeddable":true,"href":"https:\/\/www.flora-pharm.de\/blog\/wp-json\/wp\/v2\/tags?post=9390"}],"curies":[{"name":"wp","href":"https:\/\/api.w.org\/{rel}","templated":true}]}}