{"id":9409,"date":"2025-01-16T09:59:53","date_gmt":"2025-01-16T08:59:53","guid":{"rendered":"https:\/\/www.flora-pharm.de\/blog\/?p=9409"},"modified":"2025-01-17T11:57:20","modified_gmt":"2025-01-17T10:57:20","slug":"efeu-und-mehr-heilpflanzen-fuer-die-atemwege","status":"publish","type":"post","link":"https:\/\/www.flora-pharm.de\/blog\/efeu-und-mehr-heilpflanzen-fuer-die-atemwege\/","title":{"rendered":"Efeu und mehr Heilpflanzen f\u00fcr die Atemwege"},"content":{"rendered":"\n<p>Hat es Sie auch erwischt? Kein Wunder bei diesem Schietwetter. Wie gut, dass die Natur einen gro\u00dfen Strau\u00df voller <a href=\"https:\/\/www.flora-pharm.de\/blog\/category\/heilpflanzen-arzneipflanzen\/\">Arzneikr\u00e4uter<\/a> bereith\u00e4lt, der Sie wirksam durch die Erk\u00e4ltungszeit bringt.<\/p>\n\n\n\n<p>So sch\u00f6n der Winter mit seiner frostklaren Luft und dem puderzucker\u00e4hnlichen Raureif in der Landschaft auch ist \u2013 er legt leider unser Immunsystem auf Eis. Daher gilt gemeinhin die Formel: Kalte Jahreszeit gleich <a href=\"https:\/\/www.flora-pharm.de\/blog\/tag\/erkaeltung\/\">Erk\u00e4ltungszeit<\/a>. Eine aktuelle Studie der Harvard Universit\u00e4t zeigt nun, warum das so ist.<\/p>\n\n\n\n<h2 class=\"wp-block-heading\">Abwehrkr\u00e4fte schw\u00e4cheln<\/h2>\n\n\n\n<p>Sinken die Temperaturen gegen Null, schw\u00e4chelt unsere k\u00f6rpereigene Abwehrkraft. Vor allem die Verteidigungsmechanismen in der Nase \u2013 dazu z\u00e4hlen auch die Flimmerh\u00e4rchen \u2013 erstarren bei K\u00e4lte. Die Immunantwort auf eindringende Erreger ist laut Forschern nahezu halbiert. Noch dazu f\u00fchlen sich Schnupfenviren bei Minusgraden besonders wohl und tummeln sich zu etlichen in der k\u00fchlen Winterluft. Die rasant steigende Zahl an krank machenden \u00dcbelt\u00e4tern bei einem hinterherhinkenden Immunsystem kurbelt die Ansteckungsgefahr enorm an. Wer schon erk\u00e4ltet ist und Zuflucht in beheizten Innenr\u00e4umen sucht, verteilt dort seine \u201eBazillen\u201c in alle Himmelsrichtungen. Mit einem einzigen kr\u00e4ftigen Niesen schleudern wir mit Tempo 100 bis zu eine Million Tr\u00f6pfchen in die Umgebung. Diese Wolke hat eine Reichweite von etwa drei Metern. Schlecht f\u00fcr all die (noch) Gesunden, die sich in der N\u00e4he aufhalten. Bei ihnen finden die Erk\u00e4ltungserreger schnell ein neues Zuhause.<\/p>\n\n\n\n<h2 class=\"wp-block-heading\">Nat\u00fcrliche Helfer st\u00e4rken<\/h2>\n\n\n\n<p>Haben sich die unsichtbaren Fieslinge erst in unseren Atemwegen eingenistet, kommt recht bald ein Symptom zum anderen. Die Nase l\u00e4uft, der Hals kratzt und auch der Husten l\u00e4sst nicht lange auf sich warten. Zuerst schwellen die Schleimh\u00e4ute an, weil viele Immunzellen nun an den Orten des Entz\u00fcndungsgeschehens anfangen, ihren Job zu machen. Sogenannte Becherzellen produzieren reichlich Sekret mit dem Ziel, die Krankheitserreger m\u00f6glichst schnell wieder aus dem K\u00f6rper zu werfen. Mit anderen Worten: Wir niesen, schniefen und husten, was das Zeug h\u00e4lt. Tats\u00e4chlich sind dies gesunde Abwehrreaktionen, die wir nicht mit chemisch-synthetischen Medikamenten zu unterdr\u00fccken versuchen sollten. Neben Geduld, Fl\u00fcssigkeit und Ruhe sind Arzneipflanzen die Mittel der Wahl. Sie unterst\u00fctzen den Organismus in jedem Erk\u00e4ltungsstadium sanft und trotzdem zuverl\u00e4ssig. Nat\u00fcrliche Helfer gibt es in Form von Tabletten, Tee und Sirup, aber auch als Bronchialbalsam oder Dampfinhalation. Welche Kr\u00e4uterzubereitung passt zu Ihren Beschwerden?<\/p>\n\n\n\n<div style=\"height:20px\" aria-hidden=\"true\" class=\"wp-block-spacer\"><\/div>\n\n\n\n<h3 class=\"wp-block-heading\">Efeu<\/h3>\n\n\n\n<p>Eine Pflanze f\u00fcr die Ewigkeit. Efeu (Hedera helix) krallt sich ins Gem\u00e4uer und \u00fcberwuchert ganze Hausw\u00e4nde. In seiner Funktion als heilendes Gew\u00e4chs l\u00f6st er festsitzenden Husten f\u00f6rmlich auf. Saponine sind im Efeu-Extrakt enthalten, die den z\u00e4hen Bronchialschleim verfl\u00fcssigen, damit er sich leichter abhusten l\u00e4sst. Au\u00dferdem dehnen sich mit den Inhaltsstoffen des Immergr\u00fcns die Lungenbl\u00e4schen aus, sodass wir tiefer und befreiter atmen k\u00f6nnen. In urspr\u00fcnglicher Form sind Efeu-Bl\u00e4tter giftig, daher gibt es sie nicht als Tee, sondern nur als Fertigpr\u00e4parate in der Apotheke, etwa in Form von Hustensaft, -tropfen oder Lutschpastillen.<\/p>\n\n\n\n<p>Laut Studien hilft Efeu bei einer Bronchitis im Einzelmittel aus Ihrer Apotheke sogar noch besser als in Kombination mit anderen Hustenl\u00f6sern.<\/p>\n\n\n\n<div style=\"height:20px\" aria-hidden=\"true\" class=\"wp-block-spacer\"><\/div>\n\n\n\n<h3 class=\"wp-block-heading\">Holunder<\/h3>\n\n\n\n<p>Schwei\u00dftreibend, schleiml\u00f6send und abwehrst\u00e4rkend. Holunder (Sambucus nigra) ist das Anti-Erk\u00e4ltungsmittel par excellence. Aus den wei\u00dfen, lieblich-s\u00fc\u00df duftenden Bl\u00fcten l\u00e4sst sich ein Tee aufbr\u00fchen, der im Anfangsstadium einer Erk\u00e4ltung helfen soll, den Infekt sozusagen \u201eauszuschwitzen\u201c \u2013 \u00e4hnlich wie ein Lindenbl\u00fcten-Aufguss. Glykoside sind f\u00fcr diesen Effekt verantwortlich; sie heizen der Durchblutung kr\u00e4ftig ein und regen die Nierent\u00e4tigkeit an. Auch die schwarzen Holunderbeeren sind zum Aufkochen da, um aus ihnen einen immunstimulierenden Saft zu zaubern. Dunkle Pflanzenfarbstoffe, sogenannte Anthocyane, gelten als Entz\u00fcndungskiller, haben eine antibakterielle und antivirale Wirkung. Viel Eisen ist zudem enthalten, das zur Blutbildung beitr\u00e4gt \u2013 also zum Gesundwerden und -bleiben.<\/p>\n\n\n\n<p>PS: <a href=\"https:\/\/www.flora-pharm.de\/blog\/holunder-holda-die-heilfee\/\">Holunder \u2013 Holda, die Heilfee<\/a><\/p>\n\n\n\n<div style=\"height:20px\" aria-hidden=\"true\" class=\"wp-block-spacer\"><\/div>\n\n\n\n<h3 class=\"wp-block-heading\">Thymian<\/h3>\n\n\n\n<p>Neben Efeu eine der besten hustenl\u00f6senden Arzneipflanzen, die die Natur zu bieten hat: Thymian (Thymus vulgaris) entkrampft und beruhigt die Bronchien, gleichzeitig regen seine Wirkstoffe die T\u00e4tigkeit der Flimmerh\u00e4rchen in den Atemwegen an, sodass sie das Hustensekret flugs dorthin bef\u00f6rdern, wo es hin soll \u2013 raus aus dem K\u00f6rper. Mit seinen \u00e4therischen \u00d6len bek\u00e4mpft Thymian au\u00dferdem die h\u00e4ufigsten Erk\u00e4ltungserreger und hilft daher bei nahezu allen entz\u00fcndlichen Atemwegserkrankungen. Besonders bew\u00e4hrt hat sich die Fl\u00fcssigarznei. Thymian gibt es als Tropfen, Saft oder Sirup in Ihrer Apotheke, wahlweise auch in Kapselform.<\/p>\n\n\n\n<div style=\"height:20px\" aria-hidden=\"true\" class=\"wp-block-spacer\"><\/div>\n\n\n\n<h3 class=\"wp-block-heading\">Kapuzinerkresse<\/h3>\n\n\n\n<p>Krasse Kresse! Ob ihre feuerroten und glut-orangefarbenen Bl\u00fcten oder ihre Schutzschild-\u00e4hnlichen Bl\u00e4tter \u2013 alle Pflanzenteile schmecken extrem scharf. Aufgrund ihrer Senf\u00f6lglykoside spitzt Kapuzinerkresse (Tropaeolum majus) das Immunsystem an und bek\u00e4mpft zielsicher Krankheitserreger, vor allem in den Atem- und Harnwegen. Besonders Bakterien haben keine Chance bei ihr, daher gilt sie als nat\u00fcrliches Antibiotikum. Im Gegensatz zu den synthetischen Pendants aber sch\u00e4digt die pflanzliche Variante nicht die Darmflora. Studien haben ergeben: Kapuzinerkresse, vor allem in Kombination mit Meerrettichwurzel, ist genauso wirksam bei Nasennebenh\u00f6hlenentz\u00fcndung, bakterieller Bronchitis oder Blasenentz\u00fcndung wie eine Standard-Antibiotikatherapie.<\/p>\n\n\n\n<p>PS: <a href=\"https:\/\/www.flora-pharm.de\/blog\/senfoele-aus-grosser-kapuzinerkresse-und-meerrettich-ein-natuerliches-antibiotikum\/\">Senf\u00f6le aus Gro\u00dfer Kapuzinerkresse und Meerrettich, ein nat\u00fcrliches Antibiotikum<\/a><strong><\/strong><\/p>\n\n\n\n<div style=\"height:20px\" aria-hidden=\"true\" class=\"wp-block-spacer\"><\/div>\n\n\n\n<h3 class=\"wp-block-heading\">Spitzwegerich<\/h3>\n\n\n\n<p>Bei Halsschmerzen, also am Anfang einer Erk\u00e4ltung, und wenn zum Ende noch ein l\u00e4stiger Reizhusten qu\u00e4lt, ist Zeit f\u00fcr Spitzwegerich (Plantago lanceolata). Seine Schleimstoffe legen sich wie Balsam auf die gereizten Schleimh\u00e4ute, Gerbstoffe hemmen die Entz\u00fcndung und f\u00f6rdern die Heilung. Die wichtigste Substanz dieses unscheinbaren Wiesengew\u00e4chses aber ist Aucubin, das antiseptisch und antibakteriell zugleich wirkt. Als nat\u00fcrlicher Hustenstiller ist Spitzwegerich in vielen phytotherapeutischen Erk\u00e4ltungsmitteln enthalten. Sie bekommen dieses wirksame Halskraut aber auch als Arzneitee oder als Frischpflanzen-Presssaft.<\/p>\n\n\n\n<p>PS: <a href=\"https:\/\/www.flora-pharm.de\/blog\/spitzwegerich\/\">Spitzwegerich<\/a><strong><\/strong><\/p>\n\n\n\n<div style=\"height:50px\" aria-hidden=\"true\" class=\"wp-block-spacer\"><\/div>\n\n\n\n<h2 class=\"wp-block-heading\">Kann ich pflanzliche Erk\u00e4ltungsmittel bedenkenlos nehmen?<\/h2>\n\n\n\n<p>Ein <em>Expertenrat von Apothekerin Anna Westphal<\/em>:<\/p>\n\n\n\n<p>\u201eAlles, was wirkt, kann auch Neben- und Wechselwirkungen haben. Pflanzliche Arzneimittel sind also keinesfalls nur sanft; sie k\u00f6nnen Magen-Darm-Beschwerden und \u00dcbelkeit ausl\u00f6sen oder in selteneren F\u00e4llen auch zu \u00dcberempfindlichkeitsreaktionen mit Schwellungen, Atemnot oder Hautausschl\u00e4gen f\u00fchren. Eine Beratung in Ihrer Vor-Ort-Apotheke ist daher wichtig, bevor Sie Husten und Schnupfen auf eigene Faust rein pflanzlich behandeln. Das Gleiche gilt, wenn Sie regelm\u00e4\u00dfig Medikamente einnehmen. Beispielsweise befreit Eukalyptus die Atemwege von l\u00e4stigem Schleim, kann aber den Abbau bestimmter Arzneimittel beschleunigen und damit ihre Wirkdauer verk\u00fcrzen. Vorsicht geboten ist ebenso bei Kleinkindern, alten Menschen, Schwangeren und Stillenden. Bei diesen Patientengruppen sind pflanzliche Erk\u00e4ltungsmittel in der Selbstmedikation nicht immer Mittel der Wahl, mitunter sogar kontraindiziert. Eine R\u00fccksprache mit der behandelnen \u00c4rztin oder dem Arzt und eine fundierte Beratung in Ihrer Stammapotheke sind dann essenziell.\u201c<\/p>\n\n\n\n<div style=\"height:50px\" aria-hidden=\"true\" class=\"wp-block-spacer\"><\/div>\n\n\n\n<p><strong><em>Gesundheit aus Ihrer Apotheke \u2013 die Beratung gibt es nat\u00fcrlich kostenlos, individuell und gern dazu.<\/em><\/strong><\/p>\n\n\n\n<div style=\"height:100px\" aria-hidden=\"true\" class=\"wp-block-spacer\"><\/div>\n\n\n\n<figure class=\"wp-block-image aligncenter size-medium\"><img loading=\"lazy\" decoding=\"async\" width=\"225\" height=\"300\" data-attachment-id=\"9395\" data-permalink=\"https:\/\/www.flora-pharm.de\/blog\/naturheilkunde-und-gesundheit-cover-01-2025\/\" data-orig-file=\"https:\/\/www.flora-pharm.de\/blog\/wp-content\/uploads\/2024\/12\/naturheilkunde-und-gesundheit-cover-01-2025.jpg\" data-orig-size=\"450,600\" data-comments-opened=\"1\" data-image-meta=\"{&quot;aperture&quot;:&quot;0&quot;,&quot;credit&quot;:&quot;&quot;,&quot;camera&quot;:&quot;&quot;,&quot;caption&quot;:&quot;&quot;,&quot;created_timestamp&quot;:&quot;0&quot;,&quot;copyright&quot;:&quot;&quot;,&quot;focal_length&quot;:&quot;0&quot;,&quot;iso&quot;:&quot;0&quot;,&quot;shutter_speed&quot;:&quot;0&quot;,&quot;title&quot;:&quot;&quot;,&quot;orientation&quot;:&quot;1&quot;}\" data-image-title=\"naturheilkunde-und-gesundheit-cover-01-2025\" data-image-description=\"\" data-image-caption=\"&lt;p&gt;Text mit freundlicher Genehmigung der S &amp;#038; D Verlag GmbH. Das komplette \u201cNaturheilkunde &amp;#038; Gesundheit\u201d Heft bekommen Sie auch bei uns in der Apotheke.&lt;\/p&gt;\n\" data-large-file=\"https:\/\/www.flora-pharm.de\/blog\/wp-content\/uploads\/2024\/12\/naturheilkunde-und-gesundheit-cover-01-2025.jpg\" src=\"https:\/\/www.flora-pharm.de\/blog\/wp-content\/uploads\/2024\/12\/naturheilkunde-und-gesundheit-cover-01-2025-225x300.jpg\" alt=\"Cover N&amp;G 1\/25\" class=\"wp-image-9395\" srcset=\"https:\/\/www.flora-pharm.de\/blog\/wp-content\/uploads\/2024\/12\/naturheilkunde-und-gesundheit-cover-01-2025-225x300.jpg 225w, https:\/\/www.flora-pharm.de\/blog\/wp-content\/uploads\/2024\/12\/naturheilkunde-und-gesundheit-cover-01-2025.jpg 450w\" sizes=\"auto, (max-width: 225px) 100vw, 225px\" \/><figcaption class=\"wp-element-caption\">Text mit freundlicher Genehmigung der S &amp; D Verlag GmbH. Das komplette \u201cNaturheilkunde &amp; Gesundheit\u201d Heft bekommen Sie auch bei uns in der Apotheke.<\/figcaption><\/figure>\n","protected":false},"excerpt":{"rendered":"<p>Hat es Sie bei diesem Schietwetter erwischt? Die Natur h\u00e4lt einen gro\u00dfen Strau\u00df Arzneikr\u00e4uter bereit, der Sie wirksam durch die Erk\u00e4ltungszeit bringt.<\/p>\n","protected":false},"author":1,"featured_media":9398,"comment_status":"open","ping_status":"open","sticky":false,"template":"","format":"standard","meta":{"jetpack_post_was_ever_published":false,"_jetpack_newsletter_access":"","_jetpack_dont_email_post_to_subs":false,"_jetpack_newsletter_tier_id":0,"_jetpack_memberships_contains_paywalled_content":false,"_jetpack_memberships_contains_paid_content":false,"footnotes":""},"categories":[676,8],"tags":[5,422,149,431],"class_list":["post-9409","post","type-post","status-publish","format-standard","has-post-thumbnail","hentry","category-heilpflanzen-arzneipflanzen","category-wissenswert","tag-erkaeltung","tag-naturheilkunde-und-gesundheit","tag-pflanzenwirkstoffe","tag-phytotherapie","has-post-title","has-post-date","has-post-category","has-post-tag","has-post-comment","has-post-author",""],"jetpack_featured_media_url":"https:\/\/www.flora-pharm.de\/blog\/wp-content\/uploads\/2024\/12\/efeu.jpg","jetpack-related-posts":[{"id":12083,"url":"https:\/\/www.flora-pharm.de\/blog\/was-steckt-in-der-pflanze\/","url_meta":{"origin":9409,"position":0},"title":"Was steckt in der Pflanze","author":"Flora Team","date":"12. M\u00e4rz 2026","format":false,"excerpt":"Ob Flavonoide, Bitterstoffe oder \u00e4therische \u00d6le \u2013 Heilpflanzen sind kleine Chemielabore. Ihre nat\u00fcrlichen Wirkstoffe k\u00f6nnen auch uns helfen.","rel":"","context":"In &quot;Heilpflanzen \/ Arzneipflanzen&quot;","block_context":{"text":"Heilpflanzen \/ Arzneipflanzen","link":"https:\/\/www.flora-pharm.de\/blog\/category\/heilpflanzen-arzneipflanzen\/"},"img":{"alt_text":"Ein durchleutetes Blatt zeigt Struktur, der Text beschreibt die Frage: Was steckt in der Pflanze. Erg\u00e4nzend ist noch ein kleines Mikroskop abgebildet, es geht um Pflanzenwirkstoffe","src":"https:\/\/i0.wp.com\/www.flora-pharm.de\/blog\/wp-content\/uploads\/2026\/01\/was-steckt-in-der-pflanze.jpg?resize=350%2C200&ssl=1","width":350,"height":200,"srcset":"https:\/\/i0.wp.com\/www.flora-pharm.de\/blog\/wp-content\/uploads\/2026\/01\/was-steckt-in-der-pflanze.jpg?resize=350%2C200&ssl=1 1x, https:\/\/i0.wp.com\/www.flora-pharm.de\/blog\/wp-content\/uploads\/2026\/01\/was-steckt-in-der-pflanze.jpg?resize=525%2C300&ssl=1 1.5x, https:\/\/i0.wp.com\/www.flora-pharm.de\/blog\/wp-content\/uploads\/2026\/01\/was-steckt-in-der-pflanze.jpg?resize=700%2C400&ssl=1 2x, https:\/\/i0.wp.com\/www.flora-pharm.de\/blog\/wp-content\/uploads\/2026\/01\/was-steckt-in-der-pflanze.jpg?resize=1050%2C600&ssl=1 3x"},"classes":[]},{"id":7793,"url":"https:\/\/www.flora-pharm.de\/blog\/purpur-sonnenhut\/","url_meta":{"origin":9409,"position":1},"title":"Purpur &#8211; Sonnenhut","author":"Flora Team","date":"16. Juli 2021","format":false,"excerpt":"Der purpurfarbene Sonnenhut (Echinacea Purpurea) ist Blickfang in jedem Garten, Insektenmagnet und vielseitige Heilpflanze: er bringt das Immunsystem auf Trab.","rel":"","context":"In &quot;Heilpflanzen \/ Arzneipflanzen&quot;","block_context":{"text":"Heilpflanzen \/ Arzneipflanzen","link":"https:\/\/www.flora-pharm.de\/blog\/category\/heilpflanzen-arzneipflanzen\/"},"img":{"alt_text":"Purpur Sonnenhut Echinacea","src":"https:\/\/i0.wp.com\/www.flora-pharm.de\/blog\/wp-content\/uploads\/2021\/06\/purpur-sonnenhut.jpg?resize=350%2C200&ssl=1","width":350,"height":200,"srcset":"https:\/\/i0.wp.com\/www.flora-pharm.de\/blog\/wp-content\/uploads\/2021\/06\/purpur-sonnenhut.jpg?resize=350%2C200&ssl=1 1x, https:\/\/i0.wp.com\/www.flora-pharm.de\/blog\/wp-content\/uploads\/2021\/06\/purpur-sonnenhut.jpg?resize=525%2C300&ssl=1 1.5x, https:\/\/i0.wp.com\/www.flora-pharm.de\/blog\/wp-content\/uploads\/2021\/06\/purpur-sonnenhut.jpg?resize=700%2C400&ssl=1 2x"},"classes":[]},{"id":8953,"url":"https:\/\/www.flora-pharm.de\/blog\/die-abwehr-achtsam-staerken\/","url_meta":{"origin":9409,"position":2},"title":"Die Abwehr achtsam st\u00e4rken","author":"Flora Team","date":"4. Dezember 2023","format":false,"excerpt":"In den nasskalten Monaten, die vor uns liegen, haben Erk\u00e4ltungserreger Hochsaison. Wir bringen unser Immunsystem auf wohltuendste Weise auf Vordermann","rel":"","context":"In &quot;Wissenswert&quot;","block_context":{"text":"Wissenswert","link":"https:\/\/www.flora-pharm.de\/blog\/category\/wissenswert\/"},"img":{"alt_text":"Die Abwehr achtsam st\u00e4rken","src":"https:\/\/i0.wp.com\/www.flora-pharm.de\/blog\/wp-content\/uploads\/2023\/11\/abwehr-achtsam-staerken.jpg?resize=350%2C200&ssl=1","width":350,"height":200,"srcset":"https:\/\/i0.wp.com\/www.flora-pharm.de\/blog\/wp-content\/uploads\/2023\/11\/abwehr-achtsam-staerken.jpg?resize=350%2C200&ssl=1 1x, https:\/\/i0.wp.com\/www.flora-pharm.de\/blog\/wp-content\/uploads\/2023\/11\/abwehr-achtsam-staerken.jpg?resize=525%2C300&ssl=1 1.5x, https:\/\/i0.wp.com\/www.flora-pharm.de\/blog\/wp-content\/uploads\/2023\/11\/abwehr-achtsam-staerken.jpg?resize=700%2C400&ssl=1 2x, https:\/\/i0.wp.com\/www.flora-pharm.de\/blog\/wp-content\/uploads\/2023\/11\/abwehr-achtsam-staerken.jpg?resize=1050%2C600&ssl=1 3x"},"classes":[]},{"id":4739,"url":"https:\/\/www.flora-pharm.de\/blog\/denken-sie-sich-gesund\/","url_meta":{"origin":9409,"position":3},"title":"Denken Sie sich gesund","author":"Flora Team","date":"16. Januar 2018","format":false,"excerpt":"Psychologische Tipps f\u00fcr die Erk\u00e4ltungszeit Schon wieder erk\u00e4ltet? Das liegt vielleicht auch an Ihren Gedanken. Je gr\u00f6\u00dfer Ihre Angst vor Ansteckung ist, desto schneller werden Sie krank. Jemand niest und schnieft beschwerlich in sein Taschentuch. Sie denken: \u201eOh nein, bestimmt erwischt es mich auch wieder.\u201c Und tats\u00e4chlich: Schon bald kribbelt\u2026","rel":"","context":"In &quot;Wissenswert&quot;","block_context":{"text":"Wissenswert","link":"https:\/\/www.flora-pharm.de\/blog\/category\/wissenswert\/"},"img":{"alt_text":"","src":"https:\/\/i0.wp.com\/www.flora-pharm.de\/blog\/wp-content\/uploads\/2017\/12\/gesund-denken.jpg?resize=350%2C200&ssl=1","width":350,"height":200,"srcset":"https:\/\/i0.wp.com\/www.flora-pharm.de\/blog\/wp-content\/uploads\/2017\/12\/gesund-denken.jpg?resize=350%2C200&ssl=1 1x, https:\/\/i0.wp.com\/www.flora-pharm.de\/blog\/wp-content\/uploads\/2017\/12\/gesund-denken.jpg?resize=525%2C300&ssl=1 1.5x, https:\/\/i0.wp.com\/www.flora-pharm.de\/blog\/wp-content\/uploads\/2017\/12\/gesund-denken.jpg?resize=700%2C400&ssl=1 2x"},"classes":[]},{"id":6490,"url":"https:\/\/www.flora-pharm.de\/blog\/hallo-herbst\/","url_meta":{"origin":9409,"position":4},"title":"Hallo, Herbst!","author":"Flora Team","date":"11. Oktober 2019","format":false,"excerpt":"Der Sommer ist vorbei, das Schmuddelwetter naht. Zeit, f\u00fcr eine starke Abwehr, ein starkes Immunsystem zu sorgen.By the way: Am 12. Oktober ist Tag der Naturheilkunde! Jetzt werden die Tage immer k\u00fcrzer und allm\u00e4hlich auch k\u00e4lter. Das schl\u00e4gt vielen auf das Gem\u00fct und ist eine Herausforderung f\u00fcr unsere Gesundheit. Ein\u2026","rel":"","context":"In &quot;Wissenswert&quot;","block_context":{"text":"Wissenswert","link":"https:\/\/www.flora-pharm.de\/blog\/category\/wissenswert\/"},"img":{"alt_text":"Hallo Herbst","src":"https:\/\/i0.wp.com\/www.flora-pharm.de\/blog\/wp-content\/uploads\/2019\/10\/hallo-herbst.jpg?resize=350%2C200&ssl=1","width":350,"height":200,"srcset":"https:\/\/i0.wp.com\/www.flora-pharm.de\/blog\/wp-content\/uploads\/2019\/10\/hallo-herbst.jpg?resize=350%2C200&ssl=1 1x, https:\/\/i0.wp.com\/www.flora-pharm.de\/blog\/wp-content\/uploads\/2019\/10\/hallo-herbst.jpg?resize=525%2C300&ssl=1 1.5x, https:\/\/i0.wp.com\/www.flora-pharm.de\/blog\/wp-content\/uploads\/2019\/10\/hallo-herbst.jpg?resize=700%2C400&ssl=1 2x"},"classes":[]},{"id":7243,"url":"https:\/\/www.flora-pharm.de\/blog\/abwehrkraefte-staerken-tipps-von-a-bis-z\/","url_meta":{"origin":9409,"position":5},"title":"Abwehrkr\u00e4fte st\u00e4rken &#8211; Tipps von A bis Z","author":"Flora Team","date":"20. November 2020","format":false,"excerpt":"Die Abwehrkr\u00e4fte st\u00e4rken und m\u00f6glichst schnupfenfrei durch den Herbst kommen. Gesunde Gewohnheiten helfen dabei. Andrea Neuen erkl\u00e4rt, was Sie selbst tun k\u00f6nnen. Abschalten \u2013 nicht nur Tablet, Smartphone und TV sollten Sie regelm\u00e4\u00dfig ausschalten, sondern auch Ihrem K\u00f6rper die wohlverdienten Ruhepausen g\u00f6nnen. Stress und Alltagshektik k\u00f6nnen die Abwehrkr\u00e4fte auf Dauer\u2026","rel":"","context":"In &quot;Wissenswert&quot;","block_context":{"text":"Wissenswert","link":"https:\/\/www.flora-pharm.de\/blog\/category\/wissenswert\/"},"img":{"alt_text":"Abwehrkr\u00e4fte st\u00e4rken - Tipps","src":"https:\/\/i0.wp.com\/www.flora-pharm.de\/blog\/wp-content\/uploads\/2020\/10\/abwehrkraefte-staerken-tipps.jpg?resize=350%2C200&ssl=1","width":350,"height":200,"srcset":"https:\/\/i0.wp.com\/www.flora-pharm.de\/blog\/wp-content\/uploads\/2020\/10\/abwehrkraefte-staerken-tipps.jpg?resize=350%2C200&ssl=1 1x, https:\/\/i0.wp.com\/www.flora-pharm.de\/blog\/wp-content\/uploads\/2020\/10\/abwehrkraefte-staerken-tipps.jpg?resize=525%2C300&ssl=1 1.5x, https:\/\/i0.wp.com\/www.flora-pharm.de\/blog\/wp-content\/uploads\/2020\/10\/abwehrkraefte-staerken-tipps.jpg?resize=700%2C400&ssl=1 2x"},"classes":[]}],"jetpack_sharing_enabled":true,"_links":{"self":[{"href":"https:\/\/www.flora-pharm.de\/blog\/wp-json\/wp\/v2\/posts\/9409","targetHints":{"allow":["GET"]}}],"collection":[{"href":"https:\/\/www.flora-pharm.de\/blog\/wp-json\/wp\/v2\/posts"}],"about":[{"href":"https:\/\/www.flora-pharm.de\/blog\/wp-json\/wp\/v2\/types\/post"}],"author":[{"embeddable":true,"href":"https:\/\/www.flora-pharm.de\/blog\/wp-json\/wp\/v2\/users\/1"}],"replies":[{"embeddable":true,"href":"https:\/\/www.flora-pharm.de\/blog\/wp-json\/wp\/v2\/comments?post=9409"}],"version-history":[{"count":3,"href":"https:\/\/www.flora-pharm.de\/blog\/wp-json\/wp\/v2\/posts\/9409\/revisions"}],"predecessor-version":[{"id":9432,"href":"https:\/\/www.flora-pharm.de\/blog\/wp-json\/wp\/v2\/posts\/9409\/revisions\/9432"}],"wp:featuredmedia":[{"embeddable":true,"href":"https:\/\/www.flora-pharm.de\/blog\/wp-json\/wp\/v2\/media\/9398"}],"wp:attachment":[{"href":"https:\/\/www.flora-pharm.de\/blog\/wp-json\/wp\/v2\/media?parent=9409"}],"wp:term":[{"taxonomy":"category","embeddable":true,"href":"https:\/\/www.flora-pharm.de\/blog\/wp-json\/wp\/v2\/categories?post=9409"},{"taxonomy":"post_tag","embeddable":true,"href":"https:\/\/www.flora-pharm.de\/blog\/wp-json\/wp\/v2\/tags?post=9409"}],"curies":[{"name":"wp","href":"https:\/\/api.w.org\/{rel}","templated":true}]}}