{"id":9448,"date":"2025-02-27T09:26:28","date_gmt":"2025-02-27T08:26:28","guid":{"rendered":"https:\/\/www.flora-pharm.de\/blog\/?p=9448"},"modified":"2025-02-27T09:26:29","modified_gmt":"2025-02-27T08:26:29","slug":"sind-sie-ein-border-collie","status":"publish","type":"post","link":"https:\/\/www.flora-pharm.de\/blog\/sind-sie-ein-border-collie\/","title":{"rendered":"Sind Sie ein Border Collie"},"content":{"rendered":"\n<p>Der Terminkalender platzt aus allen N\u00e4hten, dazu klingelt st\u00e4ndig das Telefon, und auf Social Media sind wir auch aktiv. Hand aufs Herz: Macht uns das Freude \u2013 oder ist es eher eine Taktik, um unerw\u00fcnschten Gedanken und Emotionen auszuweichen?<\/p>\n\n\n\n<p>Regelm\u00e4\u00dfig greift unsere Hand zum n\u00e4chsten Bildschirm; ein kurzer Blick auf die Nachrichten, zielloses Scrollen durch TikTok oder Instagram, ein fl\u00fcchtiger Austausch im Chat. Was f\u00fcr viele kurze Ablenkung bedeutet, wird f\u00fcr andere zur t\u00e4glichen Strategie, die innere Leere zu vertreiben. Wenn jede freie Minute ohne Besch\u00e4ftigung eine Herausforderung ist und der Gedanke ans Alleinsein Unbehagen ausl\u00f6st, sprechen Experten vom <strong>Border-Collie-Syndrom<\/strong>. \u201eDer Begriff, der an den gleichnamigen, stets arbeitsfreudigen, unruhigen H\u00fctehund erinnert, beschreibt Menschen, die ein intensives Bed\u00fcrfnis nach Besch\u00e4ftigung und sozialer Interaktion versp\u00fcren, um sich sicher und erf\u00fcllt zu f\u00fchlen\u201c, erkl\u00e4rt Dr. med. Steffen H\u00e4fner, Facharzt f\u00fcr Psychosomatische Medizin und Psychotherapie in der Klinik am sch\u00f6nen Moos. Ein Ph\u00e4nomen, hinter dem ernsthafte psychische Probleme liegen k\u00f6nnen.<\/p>\n\n\n\n<p>Finden Sie auch <a href=\"https:\/\/www.flora-pharm.de\/blog\/tag\/stress\/\">weitere Artikel zum Thema Stress<\/a> und dessen Vermeidung.<\/p>\n\n\n\n<div style=\"height:20px\" aria-hidden=\"true\" class=\"wp-block-spacer\"><\/div>\n\n\n\n<h2 class=\"wp-block-heading\">Pausenlos auf Power<\/h2>\n\n\n\n<p>Kulturell gesehen ist \u201eBusy-sein\u201c mittlerweile zum Statussymbol geworden: Haben wir wenig zu tun oder verbringen Zeit allein, meldet sich bei vielen von uns oft automatisch das schlechte Gewissen, unproduktiv zu sein. Doch was, wenn die Erholung komplett ausbleibt? \u201eDas Border-Collie-Syndrom ist zwar keine medizinische Diagnose, aber ein hilfreiches Bild, um die st\u00e4ndige Rastlosigkeit zu verdeutlichen. Oft geht es den Betroffenen weniger um konkrete Erledigungen, sondern um die Vermeidung belastender Gef\u00fchle wie Unsicherheit oder Einsamkeit\u201c, sagt Dr. H\u00e4fner. Stets auf der Suche nach Ablenkung kreisen wir dann um die Frage \u201eWas k\u00f6nnte ich noch machen?\u201c und wirken dabei wie der arbeitsame Border Collie. Steckt dieser auch in uns, f\u00fcllen wir unsere To-do-Listen bis zum Rand, treffen st\u00e4ndig Freunden, treiben uns durch die Aufgaben. Der Mediziner warnt jedoch: \u201eDieses Verhalten birgt die Gefahr, dass echte Erholung sowie innerer Frieden auf der Strecke bleiben und die wahren Bed\u00fcrfnisse dahinter \u00fcbersehen werden.\u201c<\/p>\n\n\n\n<div style=\"height:20px\" aria-hidden=\"true\" class=\"wp-block-spacer\"><\/div>\n\n\n\n<h2 class=\"wp-block-heading\">Besch\u00e4ftigung statt Balance<\/h2>\n\n\n\n<p>Mitunter deutet das Border-Collie-Syndrom auf ungel\u00f6ste Probleme aus der Vergangenheit hin, etwa famili\u00e4re Konflikte, emotionale Vernachl\u00e4ssigung oder fr\u00fch erfahrene Ablehnung. Doch anstatt uns mit diesen Erlebnissen auseinanderzusetzen, versuchen wir, uns durch st\u00e4ndige Ablenkung zu stabilisieren. Ein Man\u00f6ver mit Folgen; wer stets fr\u00fch zur Arbeit erscheint, durchgehend \u00dcberstunden macht, in der Mittagspause noch E-Mails beantwortet und sich auch nach dem Job keine Ruhe g\u00f6nnt, dem fehlt schlie\u00dflich eine gesunde Balance. Warum machen wir unser Wohlbefinden und unseren Selbstwert denn \u00fcberhaupt so oft abh\u00e4ngig von \u00e4u\u00dferer Best\u00e4tigung und dem Trieb, st\u00e4ndig busy sein zu m\u00fcssen? \u201eEs gibt nicht die eine Antwort auf diese Frage \u2013 die Ursachen sind vielf\u00e4ltig und h\u00e4ufig reichen sie bis weit in die Kindheit zur\u00fcck\u201c, erl\u00e4utert der Therapeut und f\u00fchrt aus: \u201eDa auf Social Media soziale Best\u00e4tigung besonders leicht erreichbar ist, kann ein <a href=\"https:\/\/www.flora-pharm.de\/blog\/gesundheitliche-folgewirkungen-der-smartphone-nutzung\/\">\u00fcberm\u00e4\u00dfiger Konsum<\/a> die psychische Gesundheit zus\u00e4tzlich belasten und die Rastlosigkeit verst\u00e4rken.\u201c<\/p>\n\n\n\n<div style=\"height:20px\" aria-hidden=\"true\" class=\"wp-block-spacer\"><\/div>\n\n\n\n<h2 class=\"wp-block-heading\">Ruhe und Reflexion<\/h2>\n\n\n\n<p>Die gute Nachricht: Wir k\u00f6nnen etwas tun, um dem Hamsterrad der best\u00e4rkenden Belastung zu entkommen. Wer bei sich Parallelen zum Border-Collie-Syndrom entdeckt, sollte zun\u00e4chst mit bewussten Ruhephasen gegensteuern. \u201eSie sind unersetzlich f\u00fcr unser Wohlbefinden\u201c, betont der Facharzt und erg\u00e4nzt: \u201eAchtsamkeitstechniken oder <a href=\"https:\/\/www.flora-pharm.de\/blog\/tag\/entspannung\/\">Entspannungs\u00fcbungen<\/a> wie <a href=\"https:\/\/www.flora-pharm.de\/blog\/meditation\/\">Meditation<\/a> k\u00f6nnen helfen, das Alleinsein als Chance zur Selbstreflexion und Entspannung zu begreifen.\u201c F\u00fcr Menschen, bei denen das \u201eBorder-Collie-Syndrom\u201c st\u00e4rkere Ausma\u00dfe annimmt und zu einer echten Belastung im Alltag wird, empfiehlt Dr. H\u00e4fner eine psychotherapeutische Begleitung: \u201eDurch eine Therapie l\u00e4sst sich herausfinden, wo die Ursachen liegen, und langfristig ein gesunder Umgang mit den eigenen Emotionen finden.\u201c<\/p>\n\n\n\n<div style=\"height:50px\" aria-hidden=\"true\" class=\"wp-block-spacer\"><\/div>\n\n\n\n<p><strong><em>Selbstverst\u00e4ndlich haben wir f\u00fcr Ihre Fragen ein offenes Ohr und beraten Sie gern sowie individuell abgestimmt. Sprechen Sie uns einfach auf das Thema an.<\/em><\/strong><\/p>\n\n\n\n<div style=\"height:100px\" aria-hidden=\"true\" class=\"wp-block-spacer\"><\/div>\n\n\n\n<figure class=\"wp-block-image aligncenter size-medium\"><img loading=\"lazy\" decoding=\"async\" width=\"225\" height=\"300\" data-attachment-id=\"9434\" data-permalink=\"https:\/\/www.flora-pharm.de\/blog\/naturheilkunde-und-gesundheit-cover-02-2025\/\" data-orig-file=\"https:\/\/www.flora-pharm.de\/blog\/wp-content\/uploads\/2025\/02\/naturheilkunde-und-gesundheit-cover-02-2025.jpg\" data-orig-size=\"450,600\" data-comments-opened=\"1\" data-image-meta=\"{&quot;aperture&quot;:&quot;0&quot;,&quot;credit&quot;:&quot;&quot;,&quot;camera&quot;:&quot;&quot;,&quot;caption&quot;:&quot;&quot;,&quot;created_timestamp&quot;:&quot;0&quot;,&quot;copyright&quot;:&quot;&quot;,&quot;focal_length&quot;:&quot;0&quot;,&quot;iso&quot;:&quot;0&quot;,&quot;shutter_speed&quot;:&quot;0&quot;,&quot;title&quot;:&quot;&quot;,&quot;orientation&quot;:&quot;1&quot;}\" data-image-title=\"naturheilkunde-und-gesundheit-cover-02-2025\" data-image-description=\"\" data-image-caption=\"&lt;p&gt;Text mit freundlicher Genehmigung der S &amp;#038; D Verlag GmbH. Das komplette \u201cNaturheilkunde &amp;#038; Gesundheit\u201d Heft bekommen Sie auch bei uns in der Apotheke.&lt;\/p&gt;\n\" data-large-file=\"https:\/\/www.flora-pharm.de\/blog\/wp-content\/uploads\/2025\/02\/naturheilkunde-und-gesundheit-cover-02-2025.jpg\" src=\"https:\/\/www.flora-pharm.de\/blog\/wp-content\/uploads\/2025\/02\/naturheilkunde-und-gesundheit-cover-02-2025-225x300.jpg\" alt=\"Naturheilkunde &amp; Gesundheit 2-25\" class=\"wp-image-9434\" srcset=\"https:\/\/www.flora-pharm.de\/blog\/wp-content\/uploads\/2025\/02\/naturheilkunde-und-gesundheit-cover-02-2025-225x300.jpg 225w, https:\/\/www.flora-pharm.de\/blog\/wp-content\/uploads\/2025\/02\/naturheilkunde-und-gesundheit-cover-02-2025.jpg 450w\" sizes=\"auto, (max-width: 225px) 100vw, 225px\" \/><figcaption class=\"wp-element-caption\">Text mit freundlicher Genehmigung der S &amp; D Verlag GmbH. Das komplette \u201cNaturheilkunde &amp; Gesundheit\u201d Heft bekommen Sie auch bei uns in der Apotheke.<\/figcaption><\/figure>\n","protected":false},"excerpt":{"rendered":"<p>Border-Collie-Syndrom beschreibt Menschen, die ein intensives Bed\u00fcrfnis nach Besch\u00e4ftigung und sozialer Interaktion versp\u00fcren<\/p>\n","protected":false},"author":1,"featured_media":9438,"comment_status":"open","ping_status":"open","sticky":false,"template":"","format":"standard","meta":{"jetpack_post_was_ever_published":false,"_jetpack_newsletter_access":"","_jetpack_dont_email_post_to_subs":false,"_jetpack_newsletter_tier_id":0,"_jetpack_memberships_contains_paywalled_content":false,"_jetpack_memberships_contains_paid_content":false,"footnotes":""},"categories":[8],"tags":[420,422,268],"class_list":["post-9448","post","type-post","status-publish","format-standard","has-post-thumbnail","hentry","category-wissenswert","tag-entspannung","tag-naturheilkunde-und-gesundheit","tag-stress","has-post-title","has-post-date","has-post-category","has-post-tag","has-post-comment","has-post-author",""],"jetpack_featured_media_url":"https:\/\/www.flora-pharm.de\/blog\/wp-content\/uploads\/2025\/02\/sind-sie-ein-border-collie.jpg","jetpack-related-posts":[{"id":8839,"url":"https:\/\/www.flora-pharm.de\/blog\/seekrank\/","url_meta":{"origin":9448,"position":0},"title":"Seekrank","author":"Flora Team","date":"7. Juli 2023","format":false,"excerpt":"Seekrank \u2013 Schiffstouren & Kreuzfahrten sind beliebt. Doch nicht selten spielen Magen und Kreislauf auf dem Boot verr\u00fcckt. Was kann dagegen helfen?","rel":"","context":"In &quot;Wissenswert&quot;","block_context":{"text":"Wissenswert","link":"https:\/\/www.flora-pharm.de\/blog\/category\/wissenswert\/"},"img":{"alt_text":"Seekrank - wenn es zu sehr schaukelt","src":"https:\/\/i0.wp.com\/www.flora-pharm.de\/blog\/wp-content\/uploads\/2023\/07\/seekrank.jpg?resize=350%2C200&ssl=1","width":350,"height":200,"srcset":"https:\/\/i0.wp.com\/www.flora-pharm.de\/blog\/wp-content\/uploads\/2023\/07\/seekrank.jpg?resize=350%2C200&ssl=1 1x, https:\/\/i0.wp.com\/www.flora-pharm.de\/blog\/wp-content\/uploads\/2023\/07\/seekrank.jpg?resize=525%2C300&ssl=1 1.5x, https:\/\/i0.wp.com\/www.flora-pharm.de\/blog\/wp-content\/uploads\/2023\/07\/seekrank.jpg?resize=700%2C400&ssl=1 2x, https:\/\/i0.wp.com\/www.flora-pharm.de\/blog\/wp-content\/uploads\/2023\/07\/seekrank.jpg?resize=1050%2C600&ssl=1 3x"},"classes":[]},{"id":6567,"url":"https:\/\/www.flora-pharm.de\/blog\/heilpflanzen-fuer-die-seele\/","url_meta":{"origin":9448,"position":1},"title":"Heilpflanzen f\u00fcr die Seele","author":"Flora Team","date":"22. November 2019","format":false,"excerpt":"M\u00fcde, lustlos, traurig - Herbstblues? Mit unseren Tipps und mit der Unterst\u00fctzung durch diese drei Arzneipflanzen k\u00f6nnen Sie dar\u00fcber hinwegkommen.","rel":"","context":"In &quot;Heilpflanzen \/ Arzneipflanzen&quot;","block_context":{"text":"Heilpflanzen \/ Arzneipflanzen","link":"https:\/\/www.flora-pharm.de\/blog\/category\/heilpflanzen-arzneipflanzen\/"},"img":{"alt_text":"Heilpflanzen f\u00fcr die Seele","src":"https:\/\/i0.wp.com\/www.flora-pharm.de\/blog\/wp-content\/uploads\/2019\/11\/heilpflanzen-seele.jpg?resize=350%2C200&ssl=1","width":350,"height":200,"srcset":"https:\/\/i0.wp.com\/www.flora-pharm.de\/blog\/wp-content\/uploads\/2019\/11\/heilpflanzen-seele.jpg?resize=350%2C200&ssl=1 1x, https:\/\/i0.wp.com\/www.flora-pharm.de\/blog\/wp-content\/uploads\/2019\/11\/heilpflanzen-seele.jpg?resize=525%2C300&ssl=1 1.5x, https:\/\/i0.wp.com\/www.flora-pharm.de\/blog\/wp-content\/uploads\/2019\/11\/heilpflanzen-seele.jpg?resize=700%2C400&ssl=1 2x"},"classes":[]},{"id":4820,"url":"https:\/\/www.flora-pharm.de\/blog\/fibromyalgie-ein-schmerz-mit-1000-gesichtern\/","url_meta":{"origin":9448,"position":2},"title":"Fibromyalgie &#8211; Ein Schmerz mit 1000 Gesichtern","author":"Flora Team","date":"19. Februar 2018","format":false,"excerpt":"Fibromyalgie ganzheitlich behandeln Nach der jahrelangen Odyssee von einem Arzt zum anderen ist eines geblieben: der unertr\u00e4gliche Schmerz. Nicht nur die Erkrankung selbst belastet die Patienten, sondern auch die Prognose. Denn Fibromyalgie gilt in der Schulmedizin als unheilbar. Aus naturheilkundlicher Sicht kann die Sache anders aussehen. Schmerzen \u2013 immer und\u2026","rel":"","context":"In &quot;Wissenswert&quot;","block_context":{"text":"Wissenswert","link":"https:\/\/www.flora-pharm.de\/blog\/category\/wissenswert\/"},"img":{"alt_text":"","src":"https:\/\/i0.wp.com\/www.flora-pharm.de\/blog\/wp-content\/uploads\/2018\/02\/fms-schmerz-ganzheitlich.jpg?resize=350%2C200&ssl=1","width":350,"height":200,"srcset":"https:\/\/i0.wp.com\/www.flora-pharm.de\/blog\/wp-content\/uploads\/2018\/02\/fms-schmerz-ganzheitlich.jpg?resize=350%2C200&ssl=1 1x, https:\/\/i0.wp.com\/www.flora-pharm.de\/blog\/wp-content\/uploads\/2018\/02\/fms-schmerz-ganzheitlich.jpg?resize=525%2C300&ssl=1 1.5x, https:\/\/i0.wp.com\/www.flora-pharm.de\/blog\/wp-content\/uploads\/2018\/02\/fms-schmerz-ganzheitlich.jpg?resize=700%2C400&ssl=1 2x"},"classes":[]},{"id":2617,"url":"https:\/\/www.flora-pharm.de\/blog\/hormonelle-probleme-bei-hunden\/","url_meta":{"origin":9448,"position":3},"title":"Hormonelle Probleme bei Hunden","author":"Flora Team","date":"13. M\u00e4rz 2015","format":false,"excerpt":"Der Hund, des Menschen bester Freund\u2026 Viel zu oft vergisst man, dass auch er einmal einen Arzt braucht. Und da auch er wie wir ein S\u00e4ugetier ist, gibt es auch in seinem K\u00f6rper \u00e4hnliche Organe und Vorg\u00e4nge wie bei uns Menschen. Zur z.B. Initiierung bestimmter Reaktionen und Zellteilungsprozesse bedient sich\u2026","rel":"","context":"In &quot;Haustiere&quot;","block_context":{"text":"Haustiere","link":"https:\/\/www.flora-pharm.de\/blog\/category\/haustiere\/"},"img":{"alt_text":"","src":"https:\/\/i0.wp.com\/www.flora-pharm.de\/blog\/wp-content\/uploads\/2015\/03\/Hund-Hormonprobleme.jpg?resize=350%2C200&ssl=1","width":350,"height":200,"srcset":"https:\/\/i0.wp.com\/www.flora-pharm.de\/blog\/wp-content\/uploads\/2015\/03\/Hund-Hormonprobleme.jpg?resize=350%2C200&ssl=1 1x, https:\/\/i0.wp.com\/www.flora-pharm.de\/blog\/wp-content\/uploads\/2015\/03\/Hund-Hormonprobleme.jpg?resize=525%2C300&ssl=1 1.5x, https:\/\/i0.wp.com\/www.flora-pharm.de\/blog\/wp-content\/uploads\/2015\/03\/Hund-Hormonprobleme.jpg?resize=700%2C400&ssl=1 2x"},"classes":[]},{"id":3669,"url":"https:\/\/www.flora-pharm.de\/blog\/adventszeit-lassen-sie-sich-nicht-stressen\/","url_meta":{"origin":9448,"position":4},"title":"Adventszeit &#8211; Lassen Sie sich nicht stressen!","author":"Flora Team","date":"6. Dezember 2016","format":false,"excerpt":"Wir w\u00fcnschen einen frohen Nikolaus! Entspannen Sie sich! Es ist jedes Jahr das Gleiche \u2013 die Zeit l\u00e4uft im Dezember davon! Eigentlich sollte die Adventszeit besinnlich, ruhig und voller Vorfreude sein. Doch die Realit\u00e4t sieht oft anders aus! Die meisten von uns hetzen von Termin zu Termin. Und neben den\u2026","rel":"","context":"In &quot;Wissenswert&quot;","block_context":{"text":"Wissenswert","link":"https:\/\/www.flora-pharm.de\/blog\/category\/wissenswert\/"},"img":{"alt_text":"","src":"https:\/\/i0.wp.com\/www.flora-pharm.de\/blog\/wp-content\/uploads\/2016\/12\/nicht%20stressen%20lassen.jpg?resize=350%2C200&ssl=1","width":350,"height":200,"srcset":"https:\/\/i0.wp.com\/www.flora-pharm.de\/blog\/wp-content\/uploads\/2016\/12\/nicht%20stressen%20lassen.jpg?resize=350%2C200&ssl=1 1x, https:\/\/i0.wp.com\/www.flora-pharm.de\/blog\/wp-content\/uploads\/2016\/12\/nicht%20stressen%20lassen.jpg?resize=525%2C300&ssl=1 1.5x, https:\/\/i0.wp.com\/www.flora-pharm.de\/blog\/wp-content\/uploads\/2016\/12\/nicht%20stressen%20lassen.jpg?resize=700%2C400&ssl=1 2x"},"classes":[]},{"id":8240,"url":"https:\/\/www.flora-pharm.de\/blog\/zukunftsangst-klarkommen-mit-krisen\/","url_meta":{"origin":9448,"position":5},"title":"Zukunftsangst \u2013 Klarkommen mit Krisen","author":"Flora Team","date":"8. Februar 2023","format":false,"excerpt":"Zukunftsangst: Wenn schlechte Nachrichten nicht abrei\u00dfen und die Sorgen immer gr\u00f6\u00dfer werden, dann brauchen wir einen starken Halt \u2013 wo finden wir den?","rel":"","context":"In &quot;Wissenswert&quot;","block_context":{"text":"Wissenswert","link":"https:\/\/www.flora-pharm.de\/blog\/category\/wissenswert\/"},"img":{"alt_text":"Klarkommen mit Krisen","src":"https:\/\/i0.wp.com\/www.flora-pharm.de\/blog\/wp-content\/uploads\/2022\/05\/Zukunftsangst-%E2%80%93-Klarkommen-mit-Krisen.jpg?resize=350%2C200&ssl=1","width":350,"height":200,"srcset":"https:\/\/i0.wp.com\/www.flora-pharm.de\/blog\/wp-content\/uploads\/2022\/05\/Zukunftsangst-%E2%80%93-Klarkommen-mit-Krisen.jpg?resize=350%2C200&ssl=1 1x, https:\/\/i0.wp.com\/www.flora-pharm.de\/blog\/wp-content\/uploads\/2022\/05\/Zukunftsangst-%E2%80%93-Klarkommen-mit-Krisen.jpg?resize=525%2C300&ssl=1 1.5x, https:\/\/i0.wp.com\/www.flora-pharm.de\/blog\/wp-content\/uploads\/2022\/05\/Zukunftsangst-%E2%80%93-Klarkommen-mit-Krisen.jpg?resize=700%2C400&ssl=1 2x"},"classes":[]}],"jetpack_sharing_enabled":true,"_links":{"self":[{"href":"https:\/\/www.flora-pharm.de\/blog\/wp-json\/wp\/v2\/posts\/9448","targetHints":{"allow":["GET"]}}],"collection":[{"href":"https:\/\/www.flora-pharm.de\/blog\/wp-json\/wp\/v2\/posts"}],"about":[{"href":"https:\/\/www.flora-pharm.de\/blog\/wp-json\/wp\/v2\/types\/post"}],"author":[{"embeddable":true,"href":"https:\/\/www.flora-pharm.de\/blog\/wp-json\/wp\/v2\/users\/1"}],"replies":[{"embeddable":true,"href":"https:\/\/www.flora-pharm.de\/blog\/wp-json\/wp\/v2\/comments?post=9448"}],"version-history":[{"count":2,"href":"https:\/\/www.flora-pharm.de\/blog\/wp-json\/wp\/v2\/posts\/9448\/revisions"}],"predecessor-version":[{"id":9450,"href":"https:\/\/www.flora-pharm.de\/blog\/wp-json\/wp\/v2\/posts\/9448\/revisions\/9450"}],"wp:featuredmedia":[{"embeddable":true,"href":"https:\/\/www.flora-pharm.de\/blog\/wp-json\/wp\/v2\/media\/9438"}],"wp:attachment":[{"href":"https:\/\/www.flora-pharm.de\/blog\/wp-json\/wp\/v2\/media?parent=9448"}],"wp:term":[{"taxonomy":"category","embeddable":true,"href":"https:\/\/www.flora-pharm.de\/blog\/wp-json\/wp\/v2\/categories?post=9448"},{"taxonomy":"post_tag","embeddable":true,"href":"https:\/\/www.flora-pharm.de\/blog\/wp-json\/wp\/v2\/tags?post=9448"}],"curies":[{"name":"wp","href":"https:\/\/api.w.org\/{rel}","templated":true}]}}